{"id":8414,"date":"2022-11-12T17:06:52","date_gmt":"2022-11-12T17:06:52","guid":{"rendered":"https:\/\/www.public.sn\/?p=8414"},"modified":"2022-11-12T17:06:54","modified_gmt":"2022-11-12T17:06:54","slug":"senegal-baisse-des-prix-des-denrees-de-premiere-necessite-les-senegalais-pas-satisfaits","status":"publish","type":"post","link":"https:\/\/www.public.sn\/index.php\/2022\/11\/12\/senegal-baisse-des-prix-des-denrees-de-premiere-necessite-les-senegalais-pas-satisfaits\/","title":{"rendered":"S\u00e9n\u00e9gal\u00a0: Baisse des prix des denr\u00e9es de premi\u00e8re n\u00e9cessit\u00e9, les S\u00e9n\u00e9galais pas satisfaits."},"content":{"rendered":"<p>Le Pr\u00e9sident Macky Sall a annonc\u00e9 la baisse des prix du loyer et des denr\u00e9es alimentaires. Une d\u00e9cision prise pour soulager les m\u00e9nages qui sont dans des difficult\u00e9s. Il a aussi pris des mesures sur les produits \u00e0 r\u00e9duire comme l\u2019huile, le riz, le sucre et les fournitures scolaires. Au micro de Publicsn TV, certains pensent que c\u2019est une bonne chose mais d\u2019autres pensent le contraire.<\/p><div class=\"publi-paragraphe1\" style=\"margin-top: 10px;margin-bottom: 10px;margin-left: auto;margin-right: auto;text-align: center;\" id=\"publi-3601184080\"><div class=\"publi-adlabel\">Publicit\u00e9<\/div><script async src=\"\/\/pagead2.googlesyndication.com\/pagead\/js\/adsbygoogle.js?client=ca-pub-4089586018074219\" crossorigin=\"anonymous\"><\/script><ins class=\"adsbygoogle\" style=\"display:block;\" data-ad-client=\"ca-pub-4089586018074219\" \ndata-ad-slot=\"2087940154\" \ndata-ad-format=\"auto\"><\/ins>\n<script> \n(adsbygoogle = window.adsbygoogle || []).push({}); \n<\/script>\n<\/div>\n<p>Maimouna Niang.<\/p>\n\n\n<p><\/p>\n\n\n<p><iframe width=\"875\" height=\"492\" src=\"https:\/\/www.youtube.com\/embed\/ehzd3WDSx58\" title=\"Baisse des prix des denr\u00e9es alimentaires : d\u00e9couvrez la r\u00e9action \u00e9tonnante des s\u00e9n\u00e9galais.\" frameborder=\"0\" allow=\"accelerometer; autoplay; clipboard-write; encrypted-media; gyroscope; picture-in-picture\" allowfullscreen=\"\"><\/iframe><\/p><div class=\"publi-apres-le-contenu\" style=\"margin-top: 10px;margin-bottom: 10px;margin-left: auto;margin-right: auto;text-align: center;\" id=\"publi-2684888395\"><div class=\"publi-adlabel\">Publicit\u00e9<\/div><script async src=\"\/\/pagead2.googlesyndication.com\/pagead\/js\/adsbygoogle.js?client=ca-pub-4089586018074219\" crossorigin=\"anonymous\"><\/script><ins class=\"adsbygoogle\" style=\"display:block;\" data-ad-client=\"ca-pub-4089586018074219\" \ndata-ad-slot=\"2087940154\" \ndata-ad-format=\"auto\"><\/ins>\n<script> \n(adsbygoogle = window.adsbygoogle || []).push({}); \n<\/script>\n<\/div>","protected":false},"excerpt":{"rendered":"<p>Le Pr\u00e9sident Macky Sall a annonc\u00e9 la baisse des prix du loyer et des denr\u00e9es alimentaires. Une d\u00e9cision prise pour soulager les m\u00e9nages qui sont dans des difficult\u00e9s. Il a aussi pris des mesures sur les produits \u00e0 r\u00e9duire comme l\u2019huile, le riz, le sucre et les fournitures scolaires. Au micro de Publicsn TV, certains pensent que c\u2019est une bonne chose mais d\u2019autres pensent le contraire. Maimouna Niang.<\/p>\n","protected":false},"author":7,"featured_media":8435,"comment_status":"open","ping_status":"open","sticky":false,"template":"","format":"standard","meta":{"_jetpack_memberships_contains_paid_content":false,"footnotes":""},"categories":[375,8,1,4,6],"tags":[2569,11,1404],"class_list":["post-8414","post","type-post","status-publish","format-standard","has-post-thumbnail","hentry","category-actualites","category-public-tv","category-non-classe","category-societe","category-videos","tag-baisse","tag-macky-sall","tag-senegal-2","entry","has-media","owp-thumbs-layout-horizontal","owp-btn-normal","owp-tabs-layout-horizontal","has-no-thumbnails","has-product-nav"],"yoast_head":"<!-- This site is optimized with the Yoast SEO plugin v25.5 - https:\/\/yoast.com\/wordpress\/plugins\/seo\/ -->\n<title>S\u00e9n\u00e9gal\u00a0: Baisse des prix des denr\u00e9es de premi\u00e8re n\u00e9cessit\u00e9, les S\u00e9n\u00e9galais pas satisfaits. - LE PUBLIC<\/title>\n<meta name=\"robots\" content=\"index, follow, max-snippet:-1, max-image-preview:large, max-video-preview:-1\" \/>\n<link rel=\"canonical\" href=\"https:\/\/www.public.sn\/index.php\/2022\/11\/12\/senegal-baisse-des-prix-des-denrees-de-premiere-necessite-les-senegalais-pas-satisfaits\/\" \/>\n<meta property=\"og:locale\" content=\"fr_FR\" \/>\n<meta property=\"og:type\" content=\"article\" \/>\n<meta property=\"og:title\" content=\"S\u00e9n\u00e9gal\u00a0: Baisse des prix des denr\u00e9es de premi\u00e8re n\u00e9cessit\u00e9, les S\u00e9n\u00e9galais pas satisfaits. - LE PUBLIC\" \/>\n<meta property=\"og:description\" content=\"Le Pr\u00e9sident Macky Sall a annonc\u00e9 la baisse des prix du loyer et des denr\u00e9es alimentaires. Une d\u00e9cision prise pour soulager les m\u00e9nages qui sont dans des difficult\u00e9s. Il a aussi pris des mesures sur les produits \u00e0 r\u00e9duire comme l\u2019huile, le riz, le sucre et les fournitures scolaires. Au micro de Publicsn TV, certains pensent que c\u2019est une bonne chose mais d\u2019autres pensent le contraire. Maimouna Niang.\" \/>\n<meta property=\"og:url\" content=\"https:\/\/www.public.sn\/index.php\/2022\/11\/12\/senegal-baisse-des-prix-des-denrees-de-premiere-necessite-les-senegalais-pas-satisfaits\/\" \/>\n<meta property=\"og:site_name\" content=\"LE PUBLIC\" \/>\n<meta property=\"article:published_time\" content=\"2022-11-12T17:06:52+00:00\" \/>\n<meta property=\"article:modified_time\" content=\"2022-11-12T17:06:54+00:00\" \/>\n<meta property=\"og:image\" content=\"https:\/\/www.public.sn\/wp-content\/uploads\/2022\/11\/Sans-titre-1.jpg\" \/>\n\t<meta property=\"og:image:width\" content=\"1920\" \/>\n\t<meta property=\"og:image:height\" content=\"1080\" \/>\n\t<meta property=\"og:image:type\" content=\"image\/jpeg\" \/>\n<meta name=\"author\" content=\"LA REDACTION\" \/>\n<meta name=\"twitter:card\" content=\"summary_large_image\" \/>\n<meta name=\"twitter:label1\" content=\"\u00c9crit par\" \/>\n\t<meta name=\"twitter:data1\" content=\"LA REDACTION\" \/>\n\t<meta name=\"twitter:label2\" content=\"Dur\u00e9e de lecture estim\u00e9e\" \/>\n\t<meta name=\"twitter:data2\" content=\"1 minute\" \/>\n<script type=\"application\/ld+json\" class=\"yoast-schema-graph\">{\"@context\":\"https:\/\/schema.org\",\"@graph\":[{\"@type\":\"Article\",\"@id\":\"https:\/\/www.public.sn\/index.php\/2022\/11\/12\/senegal-baisse-des-prix-des-denrees-de-premiere-necessite-les-senegalais-pas-satisfaits\/#article\",\"isPartOf\":{\"@id\":\"https:\/\/www.public.sn\/index.php\/2022\/11\/12\/senegal-baisse-des-prix-des-denrees-de-premiere-necessite-les-senegalais-pas-satisfaits\/\"},\"author\":{\"name\":\"LA REDACTION\",\"@id\":\"https:\/\/www.public.sn\/#\/schema\/person\/cb76c8e1b8becc6be61fb5e92d6d0224\"},\"headline\":\"S\u00e9n\u00e9gal\u00a0: Baisse des prix des denr\u00e9es de premi\u00e8re n\u00e9cessit\u00e9, les S\u00e9n\u00e9galais pas satisfaits.\",\"datePublished\":\"2022-11-12T17:06:52+00:00\",\"dateModified\":\"2022-11-12T17:06:54+00:00\",\"mainEntityOfPage\":{\"@id\":\"https:\/\/www.public.sn\/index.php\/2022\/11\/12\/senegal-baisse-des-prix-des-denrees-de-premiere-necessite-les-senegalais-pas-satisfaits\/\"},\"wordCount\":96,\"commentCount\":0,\"publisher\":{\"@id\":\"https:\/\/www.public.sn\/#organization\"},\"image\":{\"@id\":\"https:\/\/www.public.sn\/index.php\/2022\/11\/12\/senegal-baisse-des-prix-des-denrees-de-premiere-necessite-les-senegalais-pas-satisfaits\/#primaryimage\"},\"thumbnailUrl\":\"https:\/\/www.public.sn\/wp-content\/uploads\/2022\/11\/Sans-titre-1.jpg\",\"keywords\":[\"baisse\",\"Macky Sall\",\"senegal\"],\"articleSection\":[\"ACTUALIT\u00c9S\",\"PUBLIC TV\",\"S\u00c9N\u00c9GAL\",\"SOCIETE\",\"VIDEOS\"],\"inLanguage\":\"fr-FR\",\"potentialAction\":[{\"@type\":\"CommentAction\",\"name\":\"Comment\",\"target\":[\"https:\/\/www.public.sn\/index.php\/2022\/11\/12\/senegal-baisse-des-prix-des-denrees-de-premiere-necessite-les-senegalais-pas-satisfaits\/#respond\"]}]},{\"@type\":\"WebPage\",\"@id\":\"https:\/\/www.public.sn\/index.php\/2022\/11\/12\/senegal-baisse-des-prix-des-denrees-de-premiere-necessite-les-senegalais-pas-satisfaits\/\",\"url\":\"https:\/\/www.public.sn\/index.php\/2022\/11\/12\/senegal-baisse-des-prix-des-denrees-de-premiere-necessite-les-senegalais-pas-satisfaits\/\",\"name\":\"S\u00e9n\u00e9gal\u00a0: Baisse des prix des denr\u00e9es de premi\u00e8re n\u00e9cessit\u00e9, les S\u00e9n\u00e9galais pas satisfaits. - LE PUBLIC\",\"isPartOf\":{\"@id\":\"https:\/\/www.public.sn\/#website\"},\"primaryImageOfPage\":{\"@id\":\"https:\/\/www.public.sn\/index.php\/2022\/11\/12\/senegal-baisse-des-prix-des-denrees-de-premiere-necessite-les-senegalais-pas-satisfaits\/#primaryimage\"},\"image\":{\"@id\":\"https:\/\/www.public.sn\/index.php\/2022\/11\/12\/senegal-baisse-des-prix-des-denrees-de-premiere-necessite-les-senegalais-pas-satisfaits\/#primaryimage\"},\"thumbnailUrl\":\"https:\/\/www.public.sn\/wp-content\/uploads\/2022\/11\/Sans-titre-1.jpg\",\"datePublished\":\"2022-11-12T17:06:52+00:00\",\"dateModified\":\"2022-11-12T17:06:54+00:00\",\"breadcrumb\":{\"@id\":\"https:\/\/www.public.sn\/index.php\/2022\/11\/12\/senegal-baisse-des-prix-des-denrees-de-premiere-necessite-les-senegalais-pas-satisfaits\/#breadcrumb\"},\"inLanguage\":\"fr-FR\",\"potentialAction\":[{\"@type\":\"ReadAction\",\"target\":[\"https:\/\/www.public.sn\/index.php\/2022\/11\/12\/senegal-baisse-des-prix-des-denrees-de-premiere-necessite-les-senegalais-pas-satisfaits\/\"]}]},{\"@type\":\"ImageObject\",\"inLanguage\":\"fr-FR\",\"@id\":\"https:\/\/www.public.sn\/index.php\/2022\/11\/12\/senegal-baisse-des-prix-des-denrees-de-premiere-necessite-les-senegalais-pas-satisfaits\/#primaryimage\",\"url\":\"https:\/\/www.public.sn\/wp-content\/uploads\/2022\/11\/Sans-titre-1.jpg\",\"contentUrl\":\"https:\/\/www.public.sn\/wp-content\/uploads\/2022\/11\/Sans-titre-1.jpg\",\"width\":1920,\"height\":1080,\"caption\":\"Publicsn\"},{\"@type\":\"BreadcrumbList\",\"@id\":\"https:\/\/www.public.sn\/index.php\/2022\/11\/12\/senegal-baisse-des-prix-des-denrees-de-premiere-necessite-les-senegalais-pas-satisfaits\/#breadcrumb\",\"itemListElement\":[{\"@type\":\"ListItem\",\"position\":1,\"name\":\"Accueil\",\"item\":\"https:\/\/www.public.sn\/\"},{\"@type\":\"ListItem\",\"position\":2,\"name\":\"S\u00e9n\u00e9gal\u00a0: Baisse des prix des denr\u00e9es de premi\u00e8re n\u00e9cessit\u00e9, les S\u00e9n\u00e9galais pas satisfaits.\"}]},{\"@type\":\"WebSite\",\"@id\":\"https:\/\/www.public.sn\/#website\",\"url\":\"https:\/\/www.public.sn\/\",\"name\":\"LE PUBLIC\",\"description\":\"\",\"publisher\":{\"@id\":\"https:\/\/www.public.sn\/#organization\"},\"potentialAction\":[{\"@type\":\"SearchAction\",\"target\":{\"@type\":\"EntryPoint\",\"urlTemplate\":\"https:\/\/www.public.sn\/?s={search_term_string}\"},\"query-input\":{\"@type\":\"PropertyValueSpecification\",\"valueRequired\":true,\"valueName\":\"search_term_string\"}}],\"inLanguage\":\"fr-FR\"},{\"@type\":\"Organization\",\"@id\":\"https:\/\/www.public.sn\/#organization\",\"name\":\"LE PUBLIC\",\"url\":\"https:\/\/www.public.sn\/\",\"logo\":{\"@type\":\"ImageObject\",\"inLanguage\":\"fr-FR\",\"@id\":\"https:\/\/www.public.sn\/#\/schema\/logo\/image\/\",\"url\":\"https:\/\/www.public.sn\/wp-content\/uploads\/2024\/05\/cropped-LOGO-PUBLIC.SN_.png\",\"contentUrl\":\"https:\/\/www.public.sn\/wp-content\/uploads\/2024\/05\/cropped-LOGO-PUBLIC.SN_.png\",\"width\":682,\"height\":192,\"caption\":\"LE PUBLIC\"},\"image\":{\"@id\":\"https:\/\/www.public.sn\/#\/schema\/logo\/image\/\"}},{\"@type\":\"Person\",\"@id\":\"https:\/\/www.public.sn\/#\/schema\/person\/cb76c8e1b8becc6be61fb5e92d6d0224\",\"name\":\"LA REDACTION\",\"image\":{\"@type\":\"ImageObject\",\"inLanguage\":\"fr-FR\",\"@id\":\"https:\/\/www.public.sn\/#\/schema\/person\/image\/\",\"url\":\"https:\/\/secure.gravatar.com\/avatar\/2dce5ddd34b8fef0180efe03aa2a9bee7d953856048f9a16b298190a3178407c?s=96&d=mm&r=g\",\"contentUrl\":\"https:\/\/secure.gravatar.com\/avatar\/2dce5ddd34b8fef0180efe03aa2a9bee7d953856048f9a16b298190a3178407c?s=96&d=mm&r=g\",\"caption\":\"LA REDACTION\"},\"url\":\"https:\/\/www.public.sn\/index.php\/author\/editeurpsn\/\"}]}<\/script>\n<!-- \/ Yoast SEO plugin. -->","yoast_head_json":{"title":"S\u00e9n\u00e9gal\u00a0: Baisse des prix des denr\u00e9es de premi\u00e8re n\u00e9cessit\u00e9, les S\u00e9n\u00e9galais pas satisfaits. - LE PUBLIC","robots":{"index":"index","follow":"follow","max-snippet":"max-snippet:-1","max-image-preview":"max-image-preview:large","max-video-preview":"max-video-preview:-1"},"canonical":"https:\/\/www.public.sn\/index.php\/2022\/11\/12\/senegal-baisse-des-prix-des-denrees-de-premiere-necessite-les-senegalais-pas-satisfaits\/","og_locale":"fr_FR","og_type":"article","og_title":"S\u00e9n\u00e9gal\u00a0: Baisse des prix des denr\u00e9es de premi\u00e8re n\u00e9cessit\u00e9, les S\u00e9n\u00e9galais pas satisfaits. - LE PUBLIC","og_description":"Le Pr\u00e9sident Macky Sall a annonc\u00e9 la baisse des prix du loyer et des denr\u00e9es alimentaires. Une d\u00e9cision prise pour soulager les m\u00e9nages qui sont dans des difficult\u00e9s. Il a aussi pris des mesures sur les produits \u00e0 r\u00e9duire comme l\u2019huile, le riz, le sucre et les fournitures scolaires. Au micro de Publicsn TV, certains pensent que c\u2019est une bonne chose mais d\u2019autres pensent le contraire. Maimouna Niang.","og_url":"https:\/\/www.public.sn\/index.php\/2022\/11\/12\/senegal-baisse-des-prix-des-denrees-de-premiere-necessite-les-senegalais-pas-satisfaits\/","og_site_name":"LE PUBLIC","article_published_time":"2022-11-12T17:06:52+00:00","article_modified_time":"2022-11-12T17:06:54+00:00","og_image":[{"width":1920,"height":1080,"url":"https:\/\/www.public.sn\/wp-content\/uploads\/2022\/11\/Sans-titre-1.jpg","type":"image\/jpeg"}],"author":"LA REDACTION","twitter_card":"summary_large_image","twitter_misc":{"\u00c9crit par":"LA REDACTION","Dur\u00e9e de lecture estim\u00e9e":"1 minute"},"schema":{"@context":"https:\/\/schema.org","@graph":[{"@type":"Article","@id":"https:\/\/www.public.sn\/index.php\/2022\/11\/12\/senegal-baisse-des-prix-des-denrees-de-premiere-necessite-les-senegalais-pas-satisfaits\/#article","isPartOf":{"@id":"https:\/\/www.public.sn\/index.php\/2022\/11\/12\/senegal-baisse-des-prix-des-denrees-de-premiere-necessite-les-senegalais-pas-satisfaits\/"},"author":{"name":"LA REDACTION","@id":"https:\/\/www.public.sn\/#\/schema\/person\/cb76c8e1b8becc6be61fb5e92d6d0224"},"headline":"S\u00e9n\u00e9gal\u00a0: Baisse des prix des denr\u00e9es de premi\u00e8re n\u00e9cessit\u00e9, les S\u00e9n\u00e9galais pas satisfaits.","datePublished":"2022-11-12T17:06:52+00:00","dateModified":"2022-11-12T17:06:54+00:00","mainEntityOfPage":{"@id":"https:\/\/www.public.sn\/index.php\/2022\/11\/12\/senegal-baisse-des-prix-des-denrees-de-premiere-necessite-les-senegalais-pas-satisfaits\/"},"wordCount":96,"commentCount":0,"publisher":{"@id":"https:\/\/www.public.sn\/#organization"},"image":{"@id":"https:\/\/www.public.sn\/index.php\/2022\/11\/12\/senegal-baisse-des-prix-des-denrees-de-premiere-necessite-les-senegalais-pas-satisfaits\/#primaryimage"},"thumbnailUrl":"https:\/\/www.public.sn\/wp-content\/uploads\/2022\/11\/Sans-titre-1.jpg","keywords":["baisse","Macky Sall","senegal"],"articleSection":["ACTUALIT\u00c9S","PUBLIC TV","S\u00c9N\u00c9GAL","SOCIETE","VIDEOS"],"inLanguage":"fr-FR","potentialAction":[{"@type":"CommentAction","name":"Comment","target":["https:\/\/www.public.sn\/index.php\/2022\/11\/12\/senegal-baisse-des-prix-des-denrees-de-premiere-necessite-les-senegalais-pas-satisfaits\/#respond"]}]},{"@type":"WebPage","@id":"https:\/\/www.public.sn\/index.php\/2022\/11\/12\/senegal-baisse-des-prix-des-denrees-de-premiere-necessite-les-senegalais-pas-satisfaits\/","url":"https:\/\/www.public.sn\/index.php\/2022\/11\/12\/senegal-baisse-des-prix-des-denrees-de-premiere-necessite-les-senegalais-pas-satisfaits\/","name":"S\u00e9n\u00e9gal\u00a0: Baisse des prix des denr\u00e9es de premi\u00e8re n\u00e9cessit\u00e9, les S\u00e9n\u00e9galais pas satisfaits. - LE PUBLIC","isPartOf":{"@id":"https:\/\/www.public.sn\/#website"},"primaryImageOfPage":{"@id":"https:\/\/www.public.sn\/index.php\/2022\/11\/12\/senegal-baisse-des-prix-des-denrees-de-premiere-necessite-les-senegalais-pas-satisfaits\/#primaryimage"},"image":{"@id":"https:\/\/www.public.sn\/index.php\/2022\/11\/12\/senegal-baisse-des-prix-des-denrees-de-premiere-necessite-les-senegalais-pas-satisfaits\/#primaryimage"},"thumbnailUrl":"https:\/\/www.public.sn\/wp-content\/uploads\/2022\/11\/Sans-titre-1.jpg","datePublished":"2022-11-12T17:06:52+00:00","dateModified":"2022-11-12T17:06:54+00:00","breadcrumb":{"@id":"https:\/\/www.public.sn\/index.php\/2022\/11\/12\/senegal-baisse-des-prix-des-denrees-de-premiere-necessite-les-senegalais-pas-satisfaits\/#breadcrumb"},"inLanguage":"fr-FR","potentialAction":[{"@type":"ReadAction","target":["https:\/\/www.public.sn\/index.php\/2022\/11\/12\/senegal-baisse-des-prix-des-denrees-de-premiere-necessite-les-senegalais-pas-satisfaits\/"]}]},{"@type":"ImageObject","inLanguage":"fr-FR","@id":"https:\/\/www.public.sn\/index.php\/2022\/11\/12\/senegal-baisse-des-prix-des-denrees-de-premiere-necessite-les-senegalais-pas-satisfaits\/#primaryimage","url":"https:\/\/www.public.sn\/wp-content\/uploads\/2022\/11\/Sans-titre-1.jpg","contentUrl":"https:\/\/www.public.sn\/wp-content\/uploads\/2022\/11\/Sans-titre-1.jpg","width":1920,"height":1080,"caption":"Publicsn"},{"@type":"BreadcrumbList","@id":"https:\/\/www.public.sn\/index.php\/2022\/11\/12\/senegal-baisse-des-prix-des-denrees-de-premiere-necessite-les-senegalais-pas-satisfaits\/#breadcrumb","itemListElement":[{"@type":"ListItem","position":1,"name":"Accueil","item":"https:\/\/www.public.sn\/"},{"@type":"ListItem","position":2,"name":"S\u00e9n\u00e9gal\u00a0: Baisse des prix des denr\u00e9es de premi\u00e8re n\u00e9cessit\u00e9, les S\u00e9n\u00e9galais pas satisfaits."}]},{"@type":"WebSite","@id":"https:\/\/www.public.sn\/#website","url":"https:\/\/www.public.sn\/","name":"LE PUBLIC","description":"","publisher":{"@id":"https:\/\/www.public.sn\/#organization"},"potentialAction":[{"@type":"SearchAction","target":{"@type":"EntryPoint","urlTemplate":"https:\/\/www.public.sn\/?s={search_term_string}"},"query-input":{"@type":"PropertyValueSpecification","valueRequired":true,"valueName":"search_term_string"}}],"inLanguage":"fr-FR"},{"@type":"Organization","@id":"https:\/\/www.public.sn\/#organization","name":"LE PUBLIC","url":"https:\/\/www.public.sn\/","logo":{"@type":"ImageObject","inLanguage":"fr-FR","@id":"https:\/\/www.public.sn\/#\/schema\/logo\/image\/","url":"https:\/\/www.public.sn\/wp-content\/uploads\/2024\/05\/cropped-LOGO-PUBLIC.SN_.png","contentUrl":"https:\/\/www.public.sn\/wp-content\/uploads\/2024\/05\/cropped-LOGO-PUBLIC.SN_.png","width":682,"height":192,"caption":"LE PUBLIC"},"image":{"@id":"https:\/\/www.public.sn\/#\/schema\/logo\/image\/"}},{"@type":"Person","@id":"https:\/\/www.public.sn\/#\/schema\/person\/cb76c8e1b8becc6be61fb5e92d6d0224","name":"LA REDACTION","image":{"@type":"ImageObject","inLanguage":"fr-FR","@id":"https:\/\/www.public.sn\/#\/schema\/person\/image\/","url":"https:\/\/secure.gravatar.com\/avatar\/2dce5ddd34b8fef0180efe03aa2a9bee7d953856048f9a16b298190a3178407c?s=96&d=mm&r=g","contentUrl":"https:\/\/secure.gravatar.com\/avatar\/2dce5ddd34b8fef0180efe03aa2a9bee7d953856048f9a16b298190a3178407c?s=96&d=mm&r=g","caption":"LA REDACTION"},"url":"https:\/\/www.public.sn\/index.php\/author\/editeurpsn\/"}]}},"jetpack_featured_media_url":"https:\/\/www.public.sn\/wp-content\/uploads\/2022\/11\/Sans-titre-1.jpg","jetpack_sharing_enabled":true,"_links":{"self":[{"href":"https:\/\/www.public.sn\/index.php\/wp-json\/wp\/v2\/posts\/8414","targetHints":{"allow":["GET"]}}],"collection":[{"href":"https:\/\/www.public.sn\/index.php\/wp-json\/wp\/v2\/posts"}],"about":[{"href":"https:\/\/www.public.sn\/index.php\/wp-json\/wp\/v2\/types\/post"}],"author":[{"embeddable":true,"href":"https:\/\/www.public.sn\/index.php\/wp-json\/wp\/v2\/users\/7"}],"replies":[{"embeddable":true,"href":"https:\/\/www.public.sn\/index.php\/wp-json\/wp\/v2\/comments?post=8414"}],"version-history":[{"count":5,"href":"https:\/\/www.public.sn\/index.php\/wp-json\/wp\/v2\/posts\/8414\/revisions"}],"predecessor-version":[{"id":8437,"href":"https:\/\/www.public.sn\/index.php\/wp-json\/wp\/v2\/posts\/8414\/revisions\/8437"}],"wp:featuredmedia":[{"embeddable":true,"href":"https:\/\/www.public.sn\/index.php\/wp-json\/wp\/v2\/media\/8435"}],"wp:attachment":[{"href":"https:\/\/www.public.sn\/index.php\/wp-json\/wp\/v2\/media?parent=8414"}],"wp:term":[{"taxonomy":"category","embeddable":true,"href":"https:\/\/www.public.sn\/index.php\/wp-json\/wp\/v2\/categories?post=8414"},{"taxonomy":"post_tag","embeddable":true,"href":"https:\/\/www.public.sn\/index.php\/wp-json\/wp\/v2\/tags?post=8414"}],"curies":[{"name":"wp","href":"https:\/\/api.w.org\/{rel}","templated":true}]}}