{"id":8438,"date":"2022-11-12T17:21:38","date_gmt":"2022-11-12T17:21:38","guid":{"rendered":"https:\/\/www.public.sn\/?p=8438"},"modified":"2022-11-12T17:21:41","modified_gmt":"2022-11-12T17:21:41","slug":"arrestation-de-pape-a-niang-la-cap-passe-a-la-vitesse-superieure","status":"publish","type":"post","link":"https:\/\/www.public.sn\/index.php\/2022\/11\/12\/arrestation-de-pape-a-niang-la-cap-passe-a-la-vitesse-superieure\/","title":{"rendered":"Arrestation de Pape A. Niang\u00a0: La CAP passe \u00e0 la vitesse sup\u00e9rieure."},"content":{"rendered":"\n<p>Arrestation de Pape Al\u00e9 Niang&nbsp;: La CAP passe \u00e0 la vitesse sup\u00e9rieure.<\/p><div class=\"publi-paragraphe1\" style=\"margin-top: 10px;margin-bottom: 10px;margin-left: auto;margin-right: auto;text-align: center;\" id=\"publi-3589564510\"><div class=\"publi-adlabel\">Publicit\u00e9<\/div><script async src=\"\/\/pagead2.googlesyndication.com\/pagead\/js\/adsbygoogle.js?client=ca-pub-4089586018074219\" crossorigin=\"anonymous\"><\/script><ins class=\"adsbygoogle\" style=\"display:block;\" data-ad-client=\"ca-pub-4089586018074219\" \ndata-ad-slot=\"2087940154\" \ndata-ad-format=\"auto\"><\/ins>\n<script> \n(adsbygoogle = window.adsbygoogle || []).push({}); \n<\/script>\n<\/div>\n\n\n\n<p>Depuis l\u2019arrestation du journaliste Pape Al\u00e9 Niang, la presse \u00e0 travers la coordination des associations de presse(CAP) est en ordre de bataille. Au sortir de leur rencontre avec les avocats du journaliste, Mamadou Thior et Cie ont tenu \u00e0 \u00e9clairer l\u2019opinion sur les v\u00e9ritables chefs d\u2019accusation en l\u2019encontre de Pape A Niang. Selon les avocats, il est poursuivit pour recel de documents administratifs, l\u2019affaire Mancabou, l\u2019affaire de l\u2019immeuble \u00e0 6 milliards, le message radio de la police et diffusion de fausses nouvelles.<\/p>\n\n\n\n<p>La CAP exige la lib\u00e9ration sans condition de Pape Al\u00e9 Niang. Dans le cadre de leur plan d\u2019action, un Sit-in est pr\u00e9vu &nbsp;le mercredi prochain et une marche vendredi 18 Novembre.<\/p>\n\n\n\n<p>Falil Gadio &nbsp;&nbsp;<\/p>\n\n\n<p><iframe width=\"875\" height=\"492\" src=\"https:\/\/www.youtube.com\/embed\/OlbieXXqde4\" title=\"Arrestation de Pape Al\u00e9 Niang : La CAP passe \u00e0 la vitesse superi\u00e9ure.\" frameborder=\"0\" allow=\"accelerometer; autoplay; clipboard-write; encrypted-media; gyroscope; picture-in-picture\" allowfullscreen=\"\"><\/iframe><\/p><div class=\"publi-apres-le-contenu\" style=\"margin-top: 10px;margin-bottom: 10px;margin-left: auto;margin-right: auto;text-align: center;\" id=\"publi-2087961064\"><div class=\"publi-adlabel\">Publicit\u00e9<\/div><script async src=\"\/\/pagead2.googlesyndication.com\/pagead\/js\/adsbygoogle.js?client=ca-pub-4089586018074219\" crossorigin=\"anonymous\"><\/script><ins class=\"adsbygoogle\" style=\"display:block;\" data-ad-client=\"ca-pub-4089586018074219\" \ndata-ad-slot=\"2087940154\" \ndata-ad-format=\"auto\"><\/ins>\n<script> \n(adsbygoogle = window.adsbygoogle || []).push({}); \n<\/script>\n<\/div>","protected":false},"excerpt":{"rendered":"<p>Arrestation de Pape Al\u00e9 Niang&nbsp;: La CAP passe \u00e0 la vitesse sup\u00e9rieure. Depuis l\u2019arrestation du journaliste Pape Al\u00e9 Niang, la presse \u00e0 travers la coordination des associations de presse(CAP) est en ordre de bataille. Au sortir de leur rencontre avec les avocats du journaliste, Mamadou Thior et Cie ont tenu \u00e0 \u00e9clairer l\u2019opinion sur les v\u00e9ritables chefs d\u2019accusation en l\u2019encontre de Pape A Niang. Selon les avocats, il est poursuivit pour recel de documents administratifs, l\u2019affaire Mancabou, l\u2019affaire de l\u2019immeuble \u00e0 6 milliards, le message radio de la police et diffusion de fausses nouvelles. La CAP exige la lib\u00e9ration sans condition de Pape Al\u00e9 Niang. Dans le cadre de leur plan d\u2019action, un Sit-in est pr\u00e9vu &nbsp;le mercredi prochain et une marche vendredi 18 Novembre. Falil Gadio &nbsp;&nbsp;<\/p>\n","protected":false},"author":7,"featured_media":8439,"comment_status":"open","ping_status":"open","sticky":false,"template":"","format":"standard","meta":{"_jetpack_memberships_contains_paid_content":false,"footnotes":""},"categories":[375,961,8,1,6],"tags":[1473,1281,2489],"class_list":["post-8438","post","type-post","status-publish","format-standard","has-post-thumbnail","hentry","category-actualites","category-medias","category-public-tv","category-non-classe","category-videos","tag-arrestation","tag-cap","tag-pape-ale-niang","entry","has-media","owp-thumbs-layout-horizontal","owp-btn-normal","owp-tabs-layout-horizontal","has-no-thumbnails","has-product-nav"],"yoast_head":"<!-- This site is optimized with the Yoast SEO plugin v25.5 - https:\/\/yoast.com\/wordpress\/plugins\/seo\/ -->\n<title>Arrestation de Pape A. Niang\u00a0: La CAP passe \u00e0 la vitesse sup\u00e9rieure. - LE PUBLIC<\/title>\n<meta name=\"robots\" content=\"index, follow, max-snippet:-1, max-image-preview:large, max-video-preview:-1\" \/>\n<link rel=\"canonical\" href=\"https:\/\/www.public.sn\/index.php\/2022\/11\/12\/arrestation-de-pape-a-niang-la-cap-passe-a-la-vitesse-superieure\/\" \/>\n<meta property=\"og:locale\" content=\"fr_FR\" \/>\n<meta property=\"og:type\" content=\"article\" \/>\n<meta property=\"og:title\" content=\"Arrestation de Pape A. Niang\u00a0: La CAP passe \u00e0 la vitesse sup\u00e9rieure. - LE PUBLIC\" \/>\n<meta property=\"og:description\" content=\"Arrestation de Pape Al\u00e9 Niang&nbsp;: La CAP passe \u00e0 la vitesse sup\u00e9rieure. Depuis l\u2019arrestation du journaliste Pape Al\u00e9 Niang, la presse \u00e0 travers la coordination des associations de presse(CAP) est en ordre de bataille. Au sortir de leur rencontre avec les avocats du journaliste, Mamadou Thior et Cie ont tenu \u00e0 \u00e9clairer l\u2019opinion sur les v\u00e9ritables chefs d\u2019accusation en l\u2019encontre de Pape A Niang. Selon les avocats, il est poursuivit pour recel de documents administratifs, l\u2019affaire Mancabou, l\u2019affaire de l\u2019immeuble \u00e0 6 milliards, le message radio de la police et diffusion de fausses nouvelles. La CAP exige la lib\u00e9ration sans condition de Pape Al\u00e9 Niang. Dans le cadre de leur plan d\u2019action, un Sit-in est pr\u00e9vu &nbsp;le mercredi prochain et une marche vendredi 18 Novembre. Falil Gadio &nbsp;&nbsp;\" \/>\n<meta property=\"og:url\" content=\"https:\/\/www.public.sn\/index.php\/2022\/11\/12\/arrestation-de-pape-a-niang-la-cap-passe-a-la-vitesse-superieure\/\" \/>\n<meta property=\"og:site_name\" content=\"LE PUBLIC\" \/>\n<meta property=\"article:published_time\" content=\"2022-11-12T17:21:38+00:00\" \/>\n<meta property=\"article:modified_time\" content=\"2022-11-12T17:21:41+00:00\" \/>\n<meta property=\"og:image\" content=\"https:\/\/www.public.sn\/wp-content\/uploads\/2022\/11\/miniature-maison-de-presse.jpg\" \/>\n\t<meta property=\"og:image:width\" content=\"1920\" \/>\n\t<meta property=\"og:image:height\" content=\"1080\" \/>\n\t<meta property=\"og:image:type\" content=\"image\/jpeg\" \/>\n<meta name=\"author\" content=\"LA REDACTION\" \/>\n<meta name=\"twitter:card\" content=\"summary_large_image\" \/>\n<meta name=\"twitter:label1\" content=\"\u00c9crit par\" \/>\n\t<meta name=\"twitter:data1\" content=\"LA REDACTION\" \/>\n\t<meta name=\"twitter:label2\" content=\"Dur\u00e9e de lecture estim\u00e9e\" \/>\n\t<meta name=\"twitter:data2\" content=\"1 minute\" \/>\n<script type=\"application\/ld+json\" class=\"yoast-schema-graph\">{\"@context\":\"https:\/\/schema.org\",\"@graph\":[{\"@type\":\"Article\",\"@id\":\"https:\/\/www.public.sn\/index.php\/2022\/11\/12\/arrestation-de-pape-a-niang-la-cap-passe-a-la-vitesse-superieure\/#article\",\"isPartOf\":{\"@id\":\"https:\/\/www.public.sn\/index.php\/2022\/11\/12\/arrestation-de-pape-a-niang-la-cap-passe-a-la-vitesse-superieure\/\"},\"author\":{\"name\":\"LA REDACTION\",\"@id\":\"https:\/\/www.public.sn\/#\/schema\/person\/cb76c8e1b8becc6be61fb5e92d6d0224\"},\"headline\":\"Arrestation de Pape A. Niang\u00a0: La CAP passe \u00e0 la vitesse sup\u00e9rieure.\",\"datePublished\":\"2022-11-12T17:21:38+00:00\",\"dateModified\":\"2022-11-12T17:21:41+00:00\",\"mainEntityOfPage\":{\"@id\":\"https:\/\/www.public.sn\/index.php\/2022\/11\/12\/arrestation-de-pape-a-niang-la-cap-passe-a-la-vitesse-superieure\/\"},\"wordCount\":150,\"commentCount\":0,\"publisher\":{\"@id\":\"https:\/\/www.public.sn\/#organization\"},\"image\":{\"@id\":\"https:\/\/www.public.sn\/index.php\/2022\/11\/12\/arrestation-de-pape-a-niang-la-cap-passe-a-la-vitesse-superieure\/#primaryimage\"},\"thumbnailUrl\":\"https:\/\/www.public.sn\/wp-content\/uploads\/2022\/11\/miniature-maison-de-presse.jpg\",\"keywords\":[\"arrestation\",\"cap\",\"Pape Al\u00e9 Niang\"],\"articleSection\":[\"ACTUALIT\u00c9S\",\"M\u00c9DIAS\",\"PUBLIC TV\",\"S\u00c9N\u00c9GAL\",\"VIDEOS\"],\"inLanguage\":\"fr-FR\",\"potentialAction\":[{\"@type\":\"CommentAction\",\"name\":\"Comment\",\"target\":[\"https:\/\/www.public.sn\/index.php\/2022\/11\/12\/arrestation-de-pape-a-niang-la-cap-passe-a-la-vitesse-superieure\/#respond\"]}]},{\"@type\":\"WebPage\",\"@id\":\"https:\/\/www.public.sn\/index.php\/2022\/11\/12\/arrestation-de-pape-a-niang-la-cap-passe-a-la-vitesse-superieure\/\",\"url\":\"https:\/\/www.public.sn\/index.php\/2022\/11\/12\/arrestation-de-pape-a-niang-la-cap-passe-a-la-vitesse-superieure\/\",\"name\":\"Arrestation de Pape A. Niang\u00a0: La CAP passe \u00e0 la vitesse sup\u00e9rieure. - LE PUBLIC\",\"isPartOf\":{\"@id\":\"https:\/\/www.public.sn\/#website\"},\"primaryImageOfPage\":{\"@id\":\"https:\/\/www.public.sn\/index.php\/2022\/11\/12\/arrestation-de-pape-a-niang-la-cap-passe-a-la-vitesse-superieure\/#primaryimage\"},\"image\":{\"@id\":\"https:\/\/www.public.sn\/index.php\/2022\/11\/12\/arrestation-de-pape-a-niang-la-cap-passe-a-la-vitesse-superieure\/#primaryimage\"},\"thumbnailUrl\":\"https:\/\/www.public.sn\/wp-content\/uploads\/2022\/11\/miniature-maison-de-presse.jpg\",\"datePublished\":\"2022-11-12T17:21:38+00:00\",\"dateModified\":\"2022-11-12T17:21:41+00:00\",\"breadcrumb\":{\"@id\":\"https:\/\/www.public.sn\/index.php\/2022\/11\/12\/arrestation-de-pape-a-niang-la-cap-passe-a-la-vitesse-superieure\/#breadcrumb\"},\"inLanguage\":\"fr-FR\",\"potentialAction\":[{\"@type\":\"ReadAction\",\"target\":[\"https:\/\/www.public.sn\/index.php\/2022\/11\/12\/arrestation-de-pape-a-niang-la-cap-passe-a-la-vitesse-superieure\/\"]}]},{\"@type\":\"ImageObject\",\"inLanguage\":\"fr-FR\",\"@id\":\"https:\/\/www.public.sn\/index.php\/2022\/11\/12\/arrestation-de-pape-a-niang-la-cap-passe-a-la-vitesse-superieure\/#primaryimage\",\"url\":\"https:\/\/www.public.sn\/wp-content\/uploads\/2022\/11\/miniature-maison-de-presse.jpg\",\"contentUrl\":\"https:\/\/www.public.sn\/wp-content\/uploads\/2022\/11\/miniature-maison-de-presse.jpg\",\"width\":1920,\"height\":1080,\"caption\":\"PublicSn\"},{\"@type\":\"BreadcrumbList\",\"@id\":\"https:\/\/www.public.sn\/index.php\/2022\/11\/12\/arrestation-de-pape-a-niang-la-cap-passe-a-la-vitesse-superieure\/#breadcrumb\",\"itemListElement\":[{\"@type\":\"ListItem\",\"position\":1,\"name\":\"Accueil\",\"item\":\"https:\/\/www.public.sn\/\"},{\"@type\":\"ListItem\",\"position\":2,\"name\":\"Arrestation de Pape A. Niang\u00a0: La CAP passe \u00e0 la vitesse sup\u00e9rieure.\"}]},{\"@type\":\"WebSite\",\"@id\":\"https:\/\/www.public.sn\/#website\",\"url\":\"https:\/\/www.public.sn\/\",\"name\":\"LE PUBLIC\",\"description\":\"\",\"publisher\":{\"@id\":\"https:\/\/www.public.sn\/#organization\"},\"potentialAction\":[{\"@type\":\"SearchAction\",\"target\":{\"@type\":\"EntryPoint\",\"urlTemplate\":\"https:\/\/www.public.sn\/?s={search_term_string}\"},\"query-input\":{\"@type\":\"PropertyValueSpecification\",\"valueRequired\":true,\"valueName\":\"search_term_string\"}}],\"inLanguage\":\"fr-FR\"},{\"@type\":\"Organization\",\"@id\":\"https:\/\/www.public.sn\/#organization\",\"name\":\"LE PUBLIC\",\"url\":\"https:\/\/www.public.sn\/\",\"logo\":{\"@type\":\"ImageObject\",\"inLanguage\":\"fr-FR\",\"@id\":\"https:\/\/www.public.sn\/#\/schema\/logo\/image\/\",\"url\":\"https:\/\/www.public.sn\/wp-content\/uploads\/2024\/05\/cropped-LOGO-PUBLIC.SN_.png\",\"contentUrl\":\"https:\/\/www.public.sn\/wp-content\/uploads\/2024\/05\/cropped-LOGO-PUBLIC.SN_.png\",\"width\":682,\"height\":192,\"caption\":\"LE PUBLIC\"},\"image\":{\"@id\":\"https:\/\/www.public.sn\/#\/schema\/logo\/image\/\"}},{\"@type\":\"Person\",\"@id\":\"https:\/\/www.public.sn\/#\/schema\/person\/cb76c8e1b8becc6be61fb5e92d6d0224\",\"name\":\"LA REDACTION\",\"image\":{\"@type\":\"ImageObject\",\"inLanguage\":\"fr-FR\",\"@id\":\"https:\/\/www.public.sn\/#\/schema\/person\/image\/\",\"url\":\"https:\/\/secure.gravatar.com\/avatar\/2dce5ddd34b8fef0180efe03aa2a9bee7d953856048f9a16b298190a3178407c?s=96&d=mm&r=g\",\"contentUrl\":\"https:\/\/secure.gravatar.com\/avatar\/2dce5ddd34b8fef0180efe03aa2a9bee7d953856048f9a16b298190a3178407c?s=96&d=mm&r=g\",\"caption\":\"LA REDACTION\"},\"url\":\"https:\/\/www.public.sn\/index.php\/author\/editeurpsn\/\"}]}<\/script>\n<!-- \/ Yoast SEO plugin. -->","yoast_head_json":{"title":"Arrestation de Pape A. Niang\u00a0: La CAP passe \u00e0 la vitesse sup\u00e9rieure. - LE PUBLIC","robots":{"index":"index","follow":"follow","max-snippet":"max-snippet:-1","max-image-preview":"max-image-preview:large","max-video-preview":"max-video-preview:-1"},"canonical":"https:\/\/www.public.sn\/index.php\/2022\/11\/12\/arrestation-de-pape-a-niang-la-cap-passe-a-la-vitesse-superieure\/","og_locale":"fr_FR","og_type":"article","og_title":"Arrestation de Pape A. Niang\u00a0: La CAP passe \u00e0 la vitesse sup\u00e9rieure. - LE PUBLIC","og_description":"Arrestation de Pape Al\u00e9 Niang&nbsp;: La CAP passe \u00e0 la vitesse sup\u00e9rieure. Depuis l\u2019arrestation du journaliste Pape Al\u00e9 Niang, la presse \u00e0 travers la coordination des associations de presse(CAP) est en ordre de bataille. Au sortir de leur rencontre avec les avocats du journaliste, Mamadou Thior et Cie ont tenu \u00e0 \u00e9clairer l\u2019opinion sur les v\u00e9ritables chefs d\u2019accusation en l\u2019encontre de Pape A Niang. Selon les avocats, il est poursuivit pour recel de documents administratifs, l\u2019affaire Mancabou, l\u2019affaire de l\u2019immeuble \u00e0 6 milliards, le message radio de la police et diffusion de fausses nouvelles. La CAP exige la lib\u00e9ration sans condition de Pape Al\u00e9 Niang. Dans le cadre de leur plan d\u2019action, un Sit-in est pr\u00e9vu &nbsp;le mercredi prochain et une marche vendredi 18 Novembre. Falil Gadio &nbsp;&nbsp;","og_url":"https:\/\/www.public.sn\/index.php\/2022\/11\/12\/arrestation-de-pape-a-niang-la-cap-passe-a-la-vitesse-superieure\/","og_site_name":"LE PUBLIC","article_published_time":"2022-11-12T17:21:38+00:00","article_modified_time":"2022-11-12T17:21:41+00:00","og_image":[{"width":1920,"height":1080,"url":"https:\/\/www.public.sn\/wp-content\/uploads\/2022\/11\/miniature-maison-de-presse.jpg","type":"image\/jpeg"}],"author":"LA REDACTION","twitter_card":"summary_large_image","twitter_misc":{"\u00c9crit par":"LA REDACTION","Dur\u00e9e de lecture estim\u00e9e":"1 minute"},"schema":{"@context":"https:\/\/schema.org","@graph":[{"@type":"Article","@id":"https:\/\/www.public.sn\/index.php\/2022\/11\/12\/arrestation-de-pape-a-niang-la-cap-passe-a-la-vitesse-superieure\/#article","isPartOf":{"@id":"https:\/\/www.public.sn\/index.php\/2022\/11\/12\/arrestation-de-pape-a-niang-la-cap-passe-a-la-vitesse-superieure\/"},"author":{"name":"LA REDACTION","@id":"https:\/\/www.public.sn\/#\/schema\/person\/cb76c8e1b8becc6be61fb5e92d6d0224"},"headline":"Arrestation de Pape A. Niang\u00a0: La CAP passe \u00e0 la vitesse sup\u00e9rieure.","datePublished":"2022-11-12T17:21:38+00:00","dateModified":"2022-11-12T17:21:41+00:00","mainEntityOfPage":{"@id":"https:\/\/www.public.sn\/index.php\/2022\/11\/12\/arrestation-de-pape-a-niang-la-cap-passe-a-la-vitesse-superieure\/"},"wordCount":150,"commentCount":0,"publisher":{"@id":"https:\/\/www.public.sn\/#organization"},"image":{"@id":"https:\/\/www.public.sn\/index.php\/2022\/11\/12\/arrestation-de-pape-a-niang-la-cap-passe-a-la-vitesse-superieure\/#primaryimage"},"thumbnailUrl":"https:\/\/www.public.sn\/wp-content\/uploads\/2022\/11\/miniature-maison-de-presse.jpg","keywords":["arrestation","cap","Pape Al\u00e9 Niang"],"articleSection":["ACTUALIT\u00c9S","M\u00c9DIAS","PUBLIC TV","S\u00c9N\u00c9GAL","VIDEOS"],"inLanguage":"fr-FR","potentialAction":[{"@type":"CommentAction","name":"Comment","target":["https:\/\/www.public.sn\/index.php\/2022\/11\/12\/arrestation-de-pape-a-niang-la-cap-passe-a-la-vitesse-superieure\/#respond"]}]},{"@type":"WebPage","@id":"https:\/\/www.public.sn\/index.php\/2022\/11\/12\/arrestation-de-pape-a-niang-la-cap-passe-a-la-vitesse-superieure\/","url":"https:\/\/www.public.sn\/index.php\/2022\/11\/12\/arrestation-de-pape-a-niang-la-cap-passe-a-la-vitesse-superieure\/","name":"Arrestation de Pape A. Niang\u00a0: La CAP passe \u00e0 la vitesse sup\u00e9rieure. - LE PUBLIC","isPartOf":{"@id":"https:\/\/www.public.sn\/#website"},"primaryImageOfPage":{"@id":"https:\/\/www.public.sn\/index.php\/2022\/11\/12\/arrestation-de-pape-a-niang-la-cap-passe-a-la-vitesse-superieure\/#primaryimage"},"image":{"@id":"https:\/\/www.public.sn\/index.php\/2022\/11\/12\/arrestation-de-pape-a-niang-la-cap-passe-a-la-vitesse-superieure\/#primaryimage"},"thumbnailUrl":"https:\/\/www.public.sn\/wp-content\/uploads\/2022\/11\/miniature-maison-de-presse.jpg","datePublished":"2022-11-12T17:21:38+00:00","dateModified":"2022-11-12T17:21:41+00:00","breadcrumb":{"@id":"https:\/\/www.public.sn\/index.php\/2022\/11\/12\/arrestation-de-pape-a-niang-la-cap-passe-a-la-vitesse-superieure\/#breadcrumb"},"inLanguage":"fr-FR","potentialAction":[{"@type":"ReadAction","target":["https:\/\/www.public.sn\/index.php\/2022\/11\/12\/arrestation-de-pape-a-niang-la-cap-passe-a-la-vitesse-superieure\/"]}]},{"@type":"ImageObject","inLanguage":"fr-FR","@id":"https:\/\/www.public.sn\/index.php\/2022\/11\/12\/arrestation-de-pape-a-niang-la-cap-passe-a-la-vitesse-superieure\/#primaryimage","url":"https:\/\/www.public.sn\/wp-content\/uploads\/2022\/11\/miniature-maison-de-presse.jpg","contentUrl":"https:\/\/www.public.sn\/wp-content\/uploads\/2022\/11\/miniature-maison-de-presse.jpg","width":1920,"height":1080,"caption":"PublicSn"},{"@type":"BreadcrumbList","@id":"https:\/\/www.public.sn\/index.php\/2022\/11\/12\/arrestation-de-pape-a-niang-la-cap-passe-a-la-vitesse-superieure\/#breadcrumb","itemListElement":[{"@type":"ListItem","position":1,"name":"Accueil","item":"https:\/\/www.public.sn\/"},{"@type":"ListItem","position":2,"name":"Arrestation de Pape A. Niang\u00a0: La CAP passe \u00e0 la vitesse sup\u00e9rieure."}]},{"@type":"WebSite","@id":"https:\/\/www.public.sn\/#website","url":"https:\/\/www.public.sn\/","name":"LE PUBLIC","description":"","publisher":{"@id":"https:\/\/www.public.sn\/#organization"},"potentialAction":[{"@type":"SearchAction","target":{"@type":"EntryPoint","urlTemplate":"https:\/\/www.public.sn\/?s={search_term_string}"},"query-input":{"@type":"PropertyValueSpecification","valueRequired":true,"valueName":"search_term_string"}}],"inLanguage":"fr-FR"},{"@type":"Organization","@id":"https:\/\/www.public.sn\/#organization","name":"LE PUBLIC","url":"https:\/\/www.public.sn\/","logo":{"@type":"ImageObject","inLanguage":"fr-FR","@id":"https:\/\/www.public.sn\/#\/schema\/logo\/image\/","url":"https:\/\/www.public.sn\/wp-content\/uploads\/2024\/05\/cropped-LOGO-PUBLIC.SN_.png","contentUrl":"https:\/\/www.public.sn\/wp-content\/uploads\/2024\/05\/cropped-LOGO-PUBLIC.SN_.png","width":682,"height":192,"caption":"LE PUBLIC"},"image":{"@id":"https:\/\/www.public.sn\/#\/schema\/logo\/image\/"}},{"@type":"Person","@id":"https:\/\/www.public.sn\/#\/schema\/person\/cb76c8e1b8becc6be61fb5e92d6d0224","name":"LA REDACTION","image":{"@type":"ImageObject","inLanguage":"fr-FR","@id":"https:\/\/www.public.sn\/#\/schema\/person\/image\/","url":"https:\/\/secure.gravatar.com\/avatar\/2dce5ddd34b8fef0180efe03aa2a9bee7d953856048f9a16b298190a3178407c?s=96&d=mm&r=g","contentUrl":"https:\/\/secure.gravatar.com\/avatar\/2dce5ddd34b8fef0180efe03aa2a9bee7d953856048f9a16b298190a3178407c?s=96&d=mm&r=g","caption":"LA REDACTION"},"url":"https:\/\/www.public.sn\/index.php\/author\/editeurpsn\/"}]}},"jetpack_featured_media_url":"https:\/\/www.public.sn\/wp-content\/uploads\/2022\/11\/miniature-maison-de-presse.jpg","jetpack_sharing_enabled":true,"_links":{"self":[{"href":"https:\/\/www.public.sn\/index.php\/wp-json\/wp\/v2\/posts\/8438","targetHints":{"allow":["GET"]}}],"collection":[{"href":"https:\/\/www.public.sn\/index.php\/wp-json\/wp\/v2\/posts"}],"about":[{"href":"https:\/\/www.public.sn\/index.php\/wp-json\/wp\/v2\/types\/post"}],"author":[{"embeddable":true,"href":"https:\/\/www.public.sn\/index.php\/wp-json\/wp\/v2\/users\/7"}],"replies":[{"embeddable":true,"href":"https:\/\/www.public.sn\/index.php\/wp-json\/wp\/v2\/comments?post=8438"}],"version-history":[{"count":2,"href":"https:\/\/www.public.sn\/index.php\/wp-json\/wp\/v2\/posts\/8438\/revisions"}],"predecessor-version":[{"id":8441,"href":"https:\/\/www.public.sn\/index.php\/wp-json\/wp\/v2\/posts\/8438\/revisions\/8441"}],"wp:featuredmedia":[{"embeddable":true,"href":"https:\/\/www.public.sn\/index.php\/wp-json\/wp\/v2\/media\/8439"}],"wp:attachment":[{"href":"https:\/\/www.public.sn\/index.php\/wp-json\/wp\/v2\/media?parent=8438"}],"wp:term":[{"taxonomy":"category","embeddable":true,"href":"https:\/\/www.public.sn\/index.php\/wp-json\/wp\/v2\/categories?post=8438"},{"taxonomy":"post_tag","embeddable":true,"href":"https:\/\/www.public.sn\/index.php\/wp-json\/wp\/v2\/tags?post=8438"}],"curies":[{"name":"wp","href":"https:\/\/api.w.org\/{rel}","templated":true}]}}