{"id":8457,"date":"2022-11-13T14:09:27","date_gmt":"2022-11-13T14:09:27","guid":{"rendered":"https:\/\/www.public.sn\/?p=8457"},"modified":"2022-11-13T14:09:29","modified_gmt":"2022-11-13T14:09:29","slug":"kaliphone-gabrielle-kane-senrichit-sur-le-dos-d-adji-sarr-et-la-violente-video","status":"publish","type":"post","link":"https:\/\/www.public.sn\/index.php\/2022\/11\/13\/kaliphone-gabrielle-kane-senrichit-sur-le-dos-d-adji-sarr-et-la-violente-video\/","title":{"rendered":"\u00a0Kaliphone\u00a0: \u00ab\u00a0Gabrielle Kane s&rsquo;enrichit sur le dos d&rsquo; Adji Sarr\u00a0et la violente\u00bb.(Vid\u00e9o)"},"content":{"rendered":"\n<p><\/p>\n\n\n\n<p>R\u00e9cemment \u00e9largie de prison pour coups et blessures sur la jeune fille Adja Thiar\u00e9.&nbsp;Kaliphone Sall continu ses sorties explosives, hier, il \u00e9tait l\u2019invit\u00e9 de Bijou Ngon\u00e9 sur la 2STV. L\u2019influenceur, n\u2019a pas&nbsp; rat\u00e9 la f\u00e9ministe Gabrielle Kane une des principaux soutiens d\u2019Adji Sarr. Les d\u00e9fenseurs de l\u2019accusatrice de Sonko&nbsp;ont eu \u00e9change houleux.<\/p><div class=\"publi-paragraphe1\" style=\"margin-top: 10px;margin-bottom: 10px;margin-left: auto;margin-right: auto;text-align: center;\" id=\"publi-1561175401\"><div class=\"publi-adlabel\">Publicit\u00e9<\/div><script async src=\"\/\/pagead2.googlesyndication.com\/pagead\/js\/adsbygoogle.js?client=ca-pub-4089586018074219\" crossorigin=\"anonymous\"><\/script><ins class=\"adsbygoogle\" style=\"display:block;\" data-ad-client=\"ca-pub-4089586018074219\" \ndata-ad-slot=\"2087940154\" \ndata-ad-format=\"auto\"><\/ins>\n<script> \n(adsbygoogle = window.adsbygoogle || []).push({}); \n<\/script>\n<\/div>\n\n\n\n<p>En effet Kaliphone accuse la f\u00e9ministe de mener la vie dure \u00e0 Adji Sarr, \u00e9galement aussi, il reproche \u00e0 Gabrielle Kane de s\u2019accaparer d\u2019Adji Sarr pour ses int\u00e9r\u00eats personnels. Ce que &nbsp;celle-ci d\u00e9ment fortement.*<\/p>\n\n\n\n<p>Falil Gadio<\/p>\n\n\n<div style=\"position:relative;padding-bottom:56.25%;height:0;overflow:hidden;\"> <iframe style=\"width:100%;height:100%;position:absolute;left:0px;top:0px;overflow:hidden\" frameborder=\"0\" type=\"text\/html\" src=\"https:\/\/www.dailymotion.com\/embed\/video\/x8fglne\" width=\"100%\" height=\"100%\" allowfullscreen=\"\" title=\"Dailymotion Video Player\"> <\/iframe> <\/div><div class=\"publi-apres-le-contenu\" style=\"margin-top: 10px;margin-bottom: 10px;margin-left: auto;margin-right: auto;text-align: center;\" id=\"publi-3666116136\"><div class=\"publi-adlabel\">Publicit\u00e9<\/div><script async src=\"\/\/pagead2.googlesyndication.com\/pagead\/js\/adsbygoogle.js?client=ca-pub-4089586018074219\" crossorigin=\"anonymous\"><\/script><ins class=\"adsbygoogle\" style=\"display:block;\" data-ad-client=\"ca-pub-4089586018074219\" \ndata-ad-slot=\"2087940154\" \ndata-ad-format=\"auto\"><\/ins>\n<script> \n(adsbygoogle = window.adsbygoogle || []).push({}); \n<\/script>\n<\/div>","protected":false},"excerpt":{"rendered":"<p>R\u00e9cemment \u00e9largie de prison pour coups et blessures sur la jeune fille Adja Thiar\u00e9.&nbsp;Kaliphone Sall continu ses sorties explosives, hier, il \u00e9tait l\u2019invit\u00e9 de Bijou Ngon\u00e9 sur la 2STV. L\u2019influenceur, n\u2019a pas&nbsp; rat\u00e9 la f\u00e9ministe Gabrielle Kane une des principaux soutiens d\u2019Adji Sarr. Les d\u00e9fenseurs de l\u2019accusatrice de Sonko&nbsp;ont eu \u00e9change houleux. En effet Kaliphone accuse la f\u00e9ministe de mener la vie dure \u00e0 Adji Sarr, \u00e9galement aussi, il reproche \u00e0 Gabrielle Kane de s\u2019accaparer d\u2019Adji Sarr pour ses int\u00e9r\u00eats personnels. Ce que &nbsp;celle-ci d\u00e9ment fortement.* Falil Gadio<\/p>\n","protected":false},"author":7,"featured_media":8459,"comment_status":"open","ping_status":"open","sticky":false,"template":"","format":"standard","meta":{"_jetpack_memberships_contains_paid_content":false,"footnotes":""},"categories":[5,1,6],"tags":[99,2826,1025],"class_list":["post-8457","post","type-post","status-publish","format-standard","has-post-thumbnail","hentry","category-people","category-non-classe","category-videos","tag-adji-sarr","tag-gabrielle","tag-kaliphone","entry","has-media","owp-thumbs-layout-horizontal","owp-btn-normal","owp-tabs-layout-horizontal","has-no-thumbnails","has-product-nav"],"yoast_head":"<!-- This site is optimized with the Yoast SEO plugin v25.5 - https:\/\/yoast.com\/wordpress\/plugins\/seo\/ -->\n<title>\u00a0Kaliphone\u00a0: \u00ab\u00a0Gabrielle Kane s&#039;enrichit sur le dos d&#039; Adji Sarr\u00a0et la violente\u00bb.(Vid\u00e9o) - LE PUBLIC<\/title>\n<meta name=\"robots\" content=\"index, follow, max-snippet:-1, max-image-preview:large, max-video-preview:-1\" \/>\n<link rel=\"canonical\" href=\"https:\/\/www.public.sn\/index.php\/2022\/11\/13\/kaliphone-gabrielle-kane-senrichit-sur-le-dos-d-adji-sarr-et-la-violente-video\/\" \/>\n<meta property=\"og:locale\" content=\"fr_FR\" \/>\n<meta property=\"og:type\" content=\"article\" \/>\n<meta property=\"og:title\" content=\"\u00a0Kaliphone\u00a0: \u00ab\u00a0Gabrielle Kane s&#039;enrichit sur le dos d&#039; Adji Sarr\u00a0et la violente\u00bb.(Vid\u00e9o) - LE PUBLIC\" \/>\n<meta property=\"og:description\" content=\"R\u00e9cemment \u00e9largie de prison pour coups et blessures sur la jeune fille Adja Thiar\u00e9.&nbsp;Kaliphone Sall continu ses sorties explosives, hier, il \u00e9tait l\u2019invit\u00e9 de Bijou Ngon\u00e9 sur la 2STV. L\u2019influenceur, n\u2019a pas&nbsp; rat\u00e9 la f\u00e9ministe Gabrielle Kane une des principaux soutiens d\u2019Adji Sarr. Les d\u00e9fenseurs de l\u2019accusatrice de Sonko&nbsp;ont eu \u00e9change houleux. En effet Kaliphone accuse la f\u00e9ministe de mener la vie dure \u00e0 Adji Sarr, \u00e9galement aussi, il reproche \u00e0 Gabrielle Kane de s\u2019accaparer d\u2019Adji Sarr pour ses int\u00e9r\u00eats personnels. Ce que &nbsp;celle-ci d\u00e9ment fortement.* Falil Gadio\" \/>\n<meta property=\"og:url\" content=\"https:\/\/www.public.sn\/index.php\/2022\/11\/13\/kaliphone-gabrielle-kane-senrichit-sur-le-dos-d-adji-sarr-et-la-violente-video\/\" \/>\n<meta property=\"og:site_name\" content=\"LE PUBLIC\" \/>\n<meta property=\"article:published_time\" content=\"2022-11-13T14:09:27+00:00\" \/>\n<meta property=\"article:modified_time\" content=\"2022-11-13T14:09:29+00:00\" \/>\n<meta property=\"og:image\" content=\"https:\/\/www.public.sn\/wp-content\/uploads\/2022\/11\/kgab.jpg\" \/>\n\t<meta property=\"og:image:width\" content=\"300\" \/>\n\t<meta property=\"og:image:height\" content=\"168\" \/>\n\t<meta property=\"og:image:type\" content=\"image\/jpeg\" \/>\n<meta name=\"author\" content=\"LA REDACTION\" \/>\n<meta name=\"twitter:card\" content=\"summary_large_image\" \/>\n<meta name=\"twitter:label1\" content=\"\u00c9crit par\" \/>\n\t<meta name=\"twitter:data1\" content=\"LA REDACTION\" \/>\n\t<meta name=\"twitter:label2\" content=\"Dur\u00e9e de lecture estim\u00e9e\" \/>\n\t<meta name=\"twitter:data2\" content=\"1 minute\" \/>\n<script type=\"application\/ld+json\" class=\"yoast-schema-graph\">{\"@context\":\"https:\/\/schema.org\",\"@graph\":[{\"@type\":\"Article\",\"@id\":\"https:\/\/www.public.sn\/index.php\/2022\/11\/13\/kaliphone-gabrielle-kane-senrichit-sur-le-dos-d-adji-sarr-et-la-violente-video\/#article\",\"isPartOf\":{\"@id\":\"https:\/\/www.public.sn\/index.php\/2022\/11\/13\/kaliphone-gabrielle-kane-senrichit-sur-le-dos-d-adji-sarr-et-la-violente-video\/\"},\"author\":{\"name\":\"LA REDACTION\",\"@id\":\"https:\/\/www.public.sn\/#\/schema\/person\/cb76c8e1b8becc6be61fb5e92d6d0224\"},\"headline\":\"\u00a0Kaliphone\u00a0: \u00ab\u00a0Gabrielle Kane s&rsquo;enrichit sur le dos d&rsquo; Adji Sarr\u00a0et la violente\u00bb.(Vid\u00e9o)\",\"datePublished\":\"2022-11-13T14:09:27+00:00\",\"dateModified\":\"2022-11-13T14:09:29+00:00\",\"mainEntityOfPage\":{\"@id\":\"https:\/\/www.public.sn\/index.php\/2022\/11\/13\/kaliphone-gabrielle-kane-senrichit-sur-le-dos-d-adji-sarr-et-la-violente-video\/\"},\"wordCount\":121,\"commentCount\":2,\"publisher\":{\"@id\":\"https:\/\/www.public.sn\/#organization\"},\"image\":{\"@id\":\"https:\/\/www.public.sn\/index.php\/2022\/11\/13\/kaliphone-gabrielle-kane-senrichit-sur-le-dos-d-adji-sarr-et-la-violente-video\/#primaryimage\"},\"thumbnailUrl\":\"https:\/\/www.public.sn\/wp-content\/uploads\/2022\/11\/kgab.jpg\",\"keywords\":[\"Adji Sarr\",\"Gabrielle\",\"Kaliphone\"],\"articleSection\":[\"PEOPLE\",\"S\u00c9N\u00c9GAL\",\"VIDEOS\"],\"inLanguage\":\"fr-FR\",\"potentialAction\":[{\"@type\":\"CommentAction\",\"name\":\"Comment\",\"target\":[\"https:\/\/www.public.sn\/index.php\/2022\/11\/13\/kaliphone-gabrielle-kane-senrichit-sur-le-dos-d-adji-sarr-et-la-violente-video\/#respond\"]}]},{\"@type\":\"WebPage\",\"@id\":\"https:\/\/www.public.sn\/index.php\/2022\/11\/13\/kaliphone-gabrielle-kane-senrichit-sur-le-dos-d-adji-sarr-et-la-violente-video\/\",\"url\":\"https:\/\/www.public.sn\/index.php\/2022\/11\/13\/kaliphone-gabrielle-kane-senrichit-sur-le-dos-d-adji-sarr-et-la-violente-video\/\",\"name\":\"\u00a0Kaliphone\u00a0: \u00ab\u00a0Gabrielle Kane s'enrichit sur le dos d' Adji Sarr\u00a0et la violente\u00bb.(Vid\u00e9o) - LE PUBLIC\",\"isPartOf\":{\"@id\":\"https:\/\/www.public.sn\/#website\"},\"primaryImageOfPage\":{\"@id\":\"https:\/\/www.public.sn\/index.php\/2022\/11\/13\/kaliphone-gabrielle-kane-senrichit-sur-le-dos-d-adji-sarr-et-la-violente-video\/#primaryimage\"},\"image\":{\"@id\":\"https:\/\/www.public.sn\/index.php\/2022\/11\/13\/kaliphone-gabrielle-kane-senrichit-sur-le-dos-d-adji-sarr-et-la-violente-video\/#primaryimage\"},\"thumbnailUrl\":\"https:\/\/www.public.sn\/wp-content\/uploads\/2022\/11\/kgab.jpg\",\"datePublished\":\"2022-11-13T14:09:27+00:00\",\"dateModified\":\"2022-11-13T14:09:29+00:00\",\"breadcrumb\":{\"@id\":\"https:\/\/www.public.sn\/index.php\/2022\/11\/13\/kaliphone-gabrielle-kane-senrichit-sur-le-dos-d-adji-sarr-et-la-violente-video\/#breadcrumb\"},\"inLanguage\":\"fr-FR\",\"potentialAction\":[{\"@type\":\"ReadAction\",\"target\":[\"https:\/\/www.public.sn\/index.php\/2022\/11\/13\/kaliphone-gabrielle-kane-senrichit-sur-le-dos-d-adji-sarr-et-la-violente-video\/\"]}]},{\"@type\":\"ImageObject\",\"inLanguage\":\"fr-FR\",\"@id\":\"https:\/\/www.public.sn\/index.php\/2022\/11\/13\/kaliphone-gabrielle-kane-senrichit-sur-le-dos-d-adji-sarr-et-la-violente-video\/#primaryimage\",\"url\":\"https:\/\/www.public.sn\/wp-content\/uploads\/2022\/11\/kgab.jpg\",\"contentUrl\":\"https:\/\/www.public.sn\/wp-content\/uploads\/2022\/11\/kgab.jpg\",\"width\":300,\"height\":168,\"caption\":\"Public Sn\"},{\"@type\":\"BreadcrumbList\",\"@id\":\"https:\/\/www.public.sn\/index.php\/2022\/11\/13\/kaliphone-gabrielle-kane-senrichit-sur-le-dos-d-adji-sarr-et-la-violente-video\/#breadcrumb\",\"itemListElement\":[{\"@type\":\"ListItem\",\"position\":1,\"name\":\"Accueil\",\"item\":\"https:\/\/www.public.sn\/\"},{\"@type\":\"ListItem\",\"position\":2,\"name\":\"\u00a0Kaliphone\u00a0: \u00ab\u00a0Gabrielle Kane s&rsquo;enrichit sur le dos d&rsquo; Adji Sarr\u00a0et la violente\u00bb.(Vid\u00e9o)\"}]},{\"@type\":\"WebSite\",\"@id\":\"https:\/\/www.public.sn\/#website\",\"url\":\"https:\/\/www.public.sn\/\",\"name\":\"LE PUBLIC\",\"description\":\"\",\"publisher\":{\"@id\":\"https:\/\/www.public.sn\/#organization\"},\"potentialAction\":[{\"@type\":\"SearchAction\",\"target\":{\"@type\":\"EntryPoint\",\"urlTemplate\":\"https:\/\/www.public.sn\/?s={search_term_string}\"},\"query-input\":{\"@type\":\"PropertyValueSpecification\",\"valueRequired\":true,\"valueName\":\"search_term_string\"}}],\"inLanguage\":\"fr-FR\"},{\"@type\":\"Organization\",\"@id\":\"https:\/\/www.public.sn\/#organization\",\"name\":\"LE PUBLIC\",\"url\":\"https:\/\/www.public.sn\/\",\"logo\":{\"@type\":\"ImageObject\",\"inLanguage\":\"fr-FR\",\"@id\":\"https:\/\/www.public.sn\/#\/schema\/logo\/image\/\",\"url\":\"https:\/\/www.public.sn\/wp-content\/uploads\/2024\/05\/cropped-LOGO-PUBLIC.SN_.png\",\"contentUrl\":\"https:\/\/www.public.sn\/wp-content\/uploads\/2024\/05\/cropped-LOGO-PUBLIC.SN_.png\",\"width\":682,\"height\":192,\"caption\":\"LE PUBLIC\"},\"image\":{\"@id\":\"https:\/\/www.public.sn\/#\/schema\/logo\/image\/\"}},{\"@type\":\"Person\",\"@id\":\"https:\/\/www.public.sn\/#\/schema\/person\/cb76c8e1b8becc6be61fb5e92d6d0224\",\"name\":\"LA REDACTION\",\"image\":{\"@type\":\"ImageObject\",\"inLanguage\":\"fr-FR\",\"@id\":\"https:\/\/www.public.sn\/#\/schema\/person\/image\/\",\"url\":\"https:\/\/secure.gravatar.com\/avatar\/2dce5ddd34b8fef0180efe03aa2a9bee7d953856048f9a16b298190a3178407c?s=96&d=mm&r=g\",\"contentUrl\":\"https:\/\/secure.gravatar.com\/avatar\/2dce5ddd34b8fef0180efe03aa2a9bee7d953856048f9a16b298190a3178407c?s=96&d=mm&r=g\",\"caption\":\"LA REDACTION\"},\"url\":\"https:\/\/www.public.sn\/index.php\/author\/editeurpsn\/\"}]}<\/script>\n<!-- \/ Yoast SEO plugin. -->","yoast_head_json":{"title":"\u00a0Kaliphone\u00a0: \u00ab\u00a0Gabrielle Kane s'enrichit sur le dos d' Adji Sarr\u00a0et la violente\u00bb.(Vid\u00e9o) - LE PUBLIC","robots":{"index":"index","follow":"follow","max-snippet":"max-snippet:-1","max-image-preview":"max-image-preview:large","max-video-preview":"max-video-preview:-1"},"canonical":"https:\/\/www.public.sn\/index.php\/2022\/11\/13\/kaliphone-gabrielle-kane-senrichit-sur-le-dos-d-adji-sarr-et-la-violente-video\/","og_locale":"fr_FR","og_type":"article","og_title":"\u00a0Kaliphone\u00a0: \u00ab\u00a0Gabrielle Kane s'enrichit sur le dos d' Adji Sarr\u00a0et la violente\u00bb.(Vid\u00e9o) - LE PUBLIC","og_description":"R\u00e9cemment \u00e9largie de prison pour coups et blessures sur la jeune fille Adja Thiar\u00e9.&nbsp;Kaliphone Sall continu ses sorties explosives, hier, il \u00e9tait l\u2019invit\u00e9 de Bijou Ngon\u00e9 sur la 2STV. L\u2019influenceur, n\u2019a pas&nbsp; rat\u00e9 la f\u00e9ministe Gabrielle Kane une des principaux soutiens d\u2019Adji Sarr. Les d\u00e9fenseurs de l\u2019accusatrice de Sonko&nbsp;ont eu \u00e9change houleux. En effet Kaliphone accuse la f\u00e9ministe de mener la vie dure \u00e0 Adji Sarr, \u00e9galement aussi, il reproche \u00e0 Gabrielle Kane de s\u2019accaparer d\u2019Adji Sarr pour ses int\u00e9r\u00eats personnels. Ce que &nbsp;celle-ci d\u00e9ment fortement.* Falil Gadio","og_url":"https:\/\/www.public.sn\/index.php\/2022\/11\/13\/kaliphone-gabrielle-kane-senrichit-sur-le-dos-d-adji-sarr-et-la-violente-video\/","og_site_name":"LE PUBLIC","article_published_time":"2022-11-13T14:09:27+00:00","article_modified_time":"2022-11-13T14:09:29+00:00","og_image":[{"width":300,"height":168,"url":"https:\/\/www.public.sn\/wp-content\/uploads\/2022\/11\/kgab.jpg","type":"image\/jpeg"}],"author":"LA REDACTION","twitter_card":"summary_large_image","twitter_misc":{"\u00c9crit par":"LA REDACTION","Dur\u00e9e de lecture estim\u00e9e":"1 minute"},"schema":{"@context":"https:\/\/schema.org","@graph":[{"@type":"Article","@id":"https:\/\/www.public.sn\/index.php\/2022\/11\/13\/kaliphone-gabrielle-kane-senrichit-sur-le-dos-d-adji-sarr-et-la-violente-video\/#article","isPartOf":{"@id":"https:\/\/www.public.sn\/index.php\/2022\/11\/13\/kaliphone-gabrielle-kane-senrichit-sur-le-dos-d-adji-sarr-et-la-violente-video\/"},"author":{"name":"LA REDACTION","@id":"https:\/\/www.public.sn\/#\/schema\/person\/cb76c8e1b8becc6be61fb5e92d6d0224"},"headline":"\u00a0Kaliphone\u00a0: \u00ab\u00a0Gabrielle Kane s&rsquo;enrichit sur le dos d&rsquo; Adji Sarr\u00a0et la violente\u00bb.(Vid\u00e9o)","datePublished":"2022-11-13T14:09:27+00:00","dateModified":"2022-11-13T14:09:29+00:00","mainEntityOfPage":{"@id":"https:\/\/www.public.sn\/index.php\/2022\/11\/13\/kaliphone-gabrielle-kane-senrichit-sur-le-dos-d-adji-sarr-et-la-violente-video\/"},"wordCount":121,"commentCount":2,"publisher":{"@id":"https:\/\/www.public.sn\/#organization"},"image":{"@id":"https:\/\/www.public.sn\/index.php\/2022\/11\/13\/kaliphone-gabrielle-kane-senrichit-sur-le-dos-d-adji-sarr-et-la-violente-video\/#primaryimage"},"thumbnailUrl":"https:\/\/www.public.sn\/wp-content\/uploads\/2022\/11\/kgab.jpg","keywords":["Adji Sarr","Gabrielle","Kaliphone"],"articleSection":["PEOPLE","S\u00c9N\u00c9GAL","VIDEOS"],"inLanguage":"fr-FR","potentialAction":[{"@type":"CommentAction","name":"Comment","target":["https:\/\/www.public.sn\/index.php\/2022\/11\/13\/kaliphone-gabrielle-kane-senrichit-sur-le-dos-d-adji-sarr-et-la-violente-video\/#respond"]}]},{"@type":"WebPage","@id":"https:\/\/www.public.sn\/index.php\/2022\/11\/13\/kaliphone-gabrielle-kane-senrichit-sur-le-dos-d-adji-sarr-et-la-violente-video\/","url":"https:\/\/www.public.sn\/index.php\/2022\/11\/13\/kaliphone-gabrielle-kane-senrichit-sur-le-dos-d-adji-sarr-et-la-violente-video\/","name":"\u00a0Kaliphone\u00a0: \u00ab\u00a0Gabrielle Kane s'enrichit sur le dos d' Adji Sarr\u00a0et la violente\u00bb.(Vid\u00e9o) - LE PUBLIC","isPartOf":{"@id":"https:\/\/www.public.sn\/#website"},"primaryImageOfPage":{"@id":"https:\/\/www.public.sn\/index.php\/2022\/11\/13\/kaliphone-gabrielle-kane-senrichit-sur-le-dos-d-adji-sarr-et-la-violente-video\/#primaryimage"},"image":{"@id":"https:\/\/www.public.sn\/index.php\/2022\/11\/13\/kaliphone-gabrielle-kane-senrichit-sur-le-dos-d-adji-sarr-et-la-violente-video\/#primaryimage"},"thumbnailUrl":"https:\/\/www.public.sn\/wp-content\/uploads\/2022\/11\/kgab.jpg","datePublished":"2022-11-13T14:09:27+00:00","dateModified":"2022-11-13T14:09:29+00:00","breadcrumb":{"@id":"https:\/\/www.public.sn\/index.php\/2022\/11\/13\/kaliphone-gabrielle-kane-senrichit-sur-le-dos-d-adji-sarr-et-la-violente-video\/#breadcrumb"},"inLanguage":"fr-FR","potentialAction":[{"@type":"ReadAction","target":["https:\/\/www.public.sn\/index.php\/2022\/11\/13\/kaliphone-gabrielle-kane-senrichit-sur-le-dos-d-adji-sarr-et-la-violente-video\/"]}]},{"@type":"ImageObject","inLanguage":"fr-FR","@id":"https:\/\/www.public.sn\/index.php\/2022\/11\/13\/kaliphone-gabrielle-kane-senrichit-sur-le-dos-d-adji-sarr-et-la-violente-video\/#primaryimage","url":"https:\/\/www.public.sn\/wp-content\/uploads\/2022\/11\/kgab.jpg","contentUrl":"https:\/\/www.public.sn\/wp-content\/uploads\/2022\/11\/kgab.jpg","width":300,"height":168,"caption":"Public Sn"},{"@type":"BreadcrumbList","@id":"https:\/\/www.public.sn\/index.php\/2022\/11\/13\/kaliphone-gabrielle-kane-senrichit-sur-le-dos-d-adji-sarr-et-la-violente-video\/#breadcrumb","itemListElement":[{"@type":"ListItem","position":1,"name":"Accueil","item":"https:\/\/www.public.sn\/"},{"@type":"ListItem","position":2,"name":"\u00a0Kaliphone\u00a0: \u00ab\u00a0Gabrielle Kane s&rsquo;enrichit sur le dos d&rsquo; Adji Sarr\u00a0et la violente\u00bb.(Vid\u00e9o)"}]},{"@type":"WebSite","@id":"https:\/\/www.public.sn\/#website","url":"https:\/\/www.public.sn\/","name":"LE PUBLIC","description":"","publisher":{"@id":"https:\/\/www.public.sn\/#organization"},"potentialAction":[{"@type":"SearchAction","target":{"@type":"EntryPoint","urlTemplate":"https:\/\/www.public.sn\/?s={search_term_string}"},"query-input":{"@type":"PropertyValueSpecification","valueRequired":true,"valueName":"search_term_string"}}],"inLanguage":"fr-FR"},{"@type":"Organization","@id":"https:\/\/www.public.sn\/#organization","name":"LE PUBLIC","url":"https:\/\/www.public.sn\/","logo":{"@type":"ImageObject","inLanguage":"fr-FR","@id":"https:\/\/www.public.sn\/#\/schema\/logo\/image\/","url":"https:\/\/www.public.sn\/wp-content\/uploads\/2024\/05\/cropped-LOGO-PUBLIC.SN_.png","contentUrl":"https:\/\/www.public.sn\/wp-content\/uploads\/2024\/05\/cropped-LOGO-PUBLIC.SN_.png","width":682,"height":192,"caption":"LE PUBLIC"},"image":{"@id":"https:\/\/www.public.sn\/#\/schema\/logo\/image\/"}},{"@type":"Person","@id":"https:\/\/www.public.sn\/#\/schema\/person\/cb76c8e1b8becc6be61fb5e92d6d0224","name":"LA REDACTION","image":{"@type":"ImageObject","inLanguage":"fr-FR","@id":"https:\/\/www.public.sn\/#\/schema\/person\/image\/","url":"https:\/\/secure.gravatar.com\/avatar\/2dce5ddd34b8fef0180efe03aa2a9bee7d953856048f9a16b298190a3178407c?s=96&d=mm&r=g","contentUrl":"https:\/\/secure.gravatar.com\/avatar\/2dce5ddd34b8fef0180efe03aa2a9bee7d953856048f9a16b298190a3178407c?s=96&d=mm&r=g","caption":"LA REDACTION"},"url":"https:\/\/www.public.sn\/index.php\/author\/editeurpsn\/"}]}},"jetpack_featured_media_url":"https:\/\/www.public.sn\/wp-content\/uploads\/2022\/11\/kgab.jpg","jetpack_sharing_enabled":true,"_links":{"self":[{"href":"https:\/\/www.public.sn\/index.php\/wp-json\/wp\/v2\/posts\/8457","targetHints":{"allow":["GET"]}}],"collection":[{"href":"https:\/\/www.public.sn\/index.php\/wp-json\/wp\/v2\/posts"}],"about":[{"href":"https:\/\/www.public.sn\/index.php\/wp-json\/wp\/v2\/types\/post"}],"author":[{"embeddable":true,"href":"https:\/\/www.public.sn\/index.php\/wp-json\/wp\/v2\/users\/7"}],"replies":[{"embeddable":true,"href":"https:\/\/www.public.sn\/index.php\/wp-json\/wp\/v2\/comments?post=8457"}],"version-history":[{"count":3,"href":"https:\/\/www.public.sn\/index.php\/wp-json\/wp\/v2\/posts\/8457\/revisions"}],"predecessor-version":[{"id":8461,"href":"https:\/\/www.public.sn\/index.php\/wp-json\/wp\/v2\/posts\/8457\/revisions\/8461"}],"wp:featuredmedia":[{"embeddable":true,"href":"https:\/\/www.public.sn\/index.php\/wp-json\/wp\/v2\/media\/8459"}],"wp:attachment":[{"href":"https:\/\/www.public.sn\/index.php\/wp-json\/wp\/v2\/media?parent=8457"}],"wp:term":[{"taxonomy":"category","embeddable":true,"href":"https:\/\/www.public.sn\/index.php\/wp-json\/wp\/v2\/categories?post=8457"},{"taxonomy":"post_tag","embeddable":true,"href":"https:\/\/www.public.sn\/index.php\/wp-json\/wp\/v2\/tags?post=8457"}],"curies":[{"name":"wp","href":"https:\/\/api.w.org\/{rel}","templated":true}]}}