{"id":8465,"date":"2022-11-13T14:45:04","date_gmt":"2022-11-13T14:45:04","guid":{"rendered":"https:\/\/www.public.sn\/?p=8465"},"modified":"2022-11-13T14:47:31","modified_gmt":"2022-11-13T14:47:31","slug":"amadou-tidiane-wone-macky-sall-a-droit-a-un-3eme-mandat-du-point-de-vue-du-droit","status":"publish","type":"post","link":"https:\/\/www.public.sn\/index.php\/2022\/11\/13\/amadou-tidiane-wone-macky-sall-a-droit-a-un-3eme-mandat-du-point-de-vue-du-droit\/","title":{"rendered":"Amadou Tidiane Wone\u00a0: \u00ab\u00a0Macky Sall \u00e0 droit \u00e0 un 3eme mandat du point de vue du droit\u2026 .\u00a0\u00bb"},"content":{"rendered":"\n<p><\/p>\n\n\n\n<p>Amadou Tidiane Wone invit\u00e9 de l\u2019\u00e9mission J.D.D ce dimanche sur Em\u00e9dia, s\u2019est prononc\u00e9&nbsp; sur l\u2019\u00e9ventuelle investiture de l\u2019actuel chef de l\u2019Etat pour briguer un 3\u00e8me mandat.<\/p><div class=\"publi-paragraphe1\" style=\"margin-top: 10px;margin-bottom: 10px;margin-left: auto;margin-right: auto;text-align: center;\" id=\"publi-3684136408\"><div class=\"publi-adlabel\">Publicit\u00e9<\/div><script async src=\"\/\/pagead2.googlesyndication.com\/pagead\/js\/adsbygoogle.js?client=ca-pub-4089586018074219\" crossorigin=\"anonymous\"><\/script><ins class=\"adsbygoogle\" style=\"display:block;\" data-ad-client=\"ca-pub-4089586018074219\" \ndata-ad-slot=\"2087940154\" \ndata-ad-format=\"auto\"><\/ins>\n<script> \n(adsbygoogle = window.adsbygoogle || []).push({}); \n<\/script>\n<\/div>\n\n\n\n<p>\u00a0\u00a0\u00a0 Il \u00a0d\u00e9conseille au Pr\u00e9sident Macky Sall de se pr\u00e9senter, \u00ab\u00a0<em>m\u00eame si, du point de vue du droit on ne peut l\u2019emp\u00eacher de se repr\u00e9senter<\/em>\u00ab. Ainsi il l\u2019invite \u00e0 respecter sa parole \u00ab\u00a0<em>de ne pas \u00eatre candidat \u00e0 une 3e candidature<\/em>\u00a0\u00bb.<\/p>\n\n\n\n<p>Falil Gadio<\/p>\n<div class=\"publi-apres-le-contenu\" style=\"margin-top: 10px;margin-bottom: 10px;margin-left: auto;margin-right: auto;text-align: center;\" id=\"publi-1339658927\"><div class=\"publi-adlabel\">Publicit\u00e9<\/div><script async src=\"\/\/pagead2.googlesyndication.com\/pagead\/js\/adsbygoogle.js?client=ca-pub-4089586018074219\" crossorigin=\"anonymous\"><\/script><ins class=\"adsbygoogle\" style=\"display:block;\" data-ad-client=\"ca-pub-4089586018074219\" \ndata-ad-slot=\"2087940154\" \ndata-ad-format=\"auto\"><\/ins>\n<script> \n(adsbygoogle = window.adsbygoogle || []).push({}); \n<\/script>\n<\/div>","protected":false},"excerpt":{"rendered":"<p>Amadou Tidiane Wone invit\u00e9 de l\u2019\u00e9mission J.D.D ce dimanche sur Em\u00e9dia, s\u2019est prononc\u00e9&nbsp; sur l\u2019\u00e9ventuelle investiture de l\u2019actuel chef de l\u2019Etat pour briguer un 3\u00e8me mandat. \u00a0\u00a0\u00a0 Il \u00a0d\u00e9conseille au Pr\u00e9sident Macky Sall de se pr\u00e9senter, \u00ab\u00a0m\u00eame si, du point de vue du droit on ne peut l\u2019emp\u00eacher de se repr\u00e9senter\u00ab. Ainsi il l\u2019invite \u00e0 respecter sa parole \u00ab\u00a0de ne pas \u00eatre candidat \u00e0 une 3e candidature\u00a0\u00bb. Falil Gadio<\/p>\n","protected":false},"author":7,"featured_media":8466,"comment_status":"open","ping_status":"open","sticky":false,"template":"","format":"standard","meta":{"_jetpack_memberships_contains_paid_content":false,"footnotes":""},"categories":[375,3,1,372],"tags":[1436,2829,11],"class_list":["post-8465","post","type-post","status-publish","format-standard","has-post-thumbnail","hentry","category-actualites","category-politique","category-non-classe","category-vedette","tag-3eme-mandat-2","tag-amadou-tidiane-wone","tag-macky-sall","entry","has-media","owp-thumbs-layout-horizontal","owp-btn-normal","owp-tabs-layout-horizontal","has-no-thumbnails","has-product-nav"],"yoast_head":"<!-- This site is optimized with the Yoast SEO plugin v25.5 - https:\/\/yoast.com\/wordpress\/plugins\/seo\/ -->\n<title>Amadou Tidiane Wone\u00a0: \u00ab\u00a0Macky Sall \u00e0 droit \u00e0 un 3eme mandat du point de vue du droit\u2026 .\u00a0\u00bb - LE PUBLIC<\/title>\n<meta name=\"robots\" content=\"index, follow, max-snippet:-1, max-image-preview:large, max-video-preview:-1\" \/>\n<link rel=\"canonical\" href=\"https:\/\/www.public.sn\/index.php\/2022\/11\/13\/amadou-tidiane-wone-macky-sall-a-droit-a-un-3eme-mandat-du-point-de-vue-du-droit\/\" \/>\n<meta property=\"og:locale\" content=\"fr_FR\" \/>\n<meta property=\"og:type\" content=\"article\" \/>\n<meta property=\"og:title\" content=\"Amadou Tidiane Wone\u00a0: \u00ab\u00a0Macky Sall \u00e0 droit \u00e0 un 3eme mandat du point de vue du droit\u2026 .\u00a0\u00bb - LE PUBLIC\" \/>\n<meta property=\"og:description\" content=\"Amadou Tidiane Wone invit\u00e9 de l\u2019\u00e9mission J.D.D ce dimanche sur Em\u00e9dia, s\u2019est prononc\u00e9&nbsp; sur l\u2019\u00e9ventuelle investiture de l\u2019actuel chef de l\u2019Etat pour briguer un 3\u00e8me mandat. \u00a0\u00a0\u00a0 Il \u00a0d\u00e9conseille au Pr\u00e9sident Macky Sall de se pr\u00e9senter, \u00ab\u00a0m\u00eame si, du point de vue du droit on ne peut l\u2019emp\u00eacher de se repr\u00e9senter\u00ab. Ainsi il l\u2019invite \u00e0 respecter sa parole \u00ab\u00a0de ne pas \u00eatre candidat \u00e0 une 3e candidature\u00a0\u00bb. Falil Gadio\" \/>\n<meta property=\"og:url\" content=\"https:\/\/www.public.sn\/index.php\/2022\/11\/13\/amadou-tidiane-wone-macky-sall-a-droit-a-un-3eme-mandat-du-point-de-vue-du-droit\/\" \/>\n<meta property=\"og:site_name\" content=\"LE PUBLIC\" \/>\n<meta property=\"article:published_time\" content=\"2022-11-13T14:45:04+00:00\" \/>\n<meta property=\"article:modified_time\" content=\"2022-11-13T14:47:31+00:00\" \/>\n<meta property=\"og:image\" content=\"https:\/\/www.public.sn\/wp-content\/uploads\/2022\/11\/wone.jpeg\" \/>\n\t<meta property=\"og:image:width\" content=\"609\" \/>\n\t<meta property=\"og:image:height\" content=\"413\" \/>\n\t<meta property=\"og:image:type\" content=\"image\/jpeg\" \/>\n<meta name=\"author\" content=\"LA REDACTION\" \/>\n<meta name=\"twitter:card\" content=\"summary_large_image\" \/>\n<meta name=\"twitter:label1\" content=\"\u00c9crit par\" \/>\n\t<meta name=\"twitter:data1\" content=\"LA REDACTION\" \/>\n\t<meta name=\"twitter:label2\" content=\"Dur\u00e9e de lecture estim\u00e9e\" \/>\n\t<meta name=\"twitter:data2\" content=\"1 minute\" \/>\n<script type=\"application\/ld+json\" class=\"yoast-schema-graph\">{\"@context\":\"https:\/\/schema.org\",\"@graph\":[{\"@type\":\"Article\",\"@id\":\"https:\/\/www.public.sn\/index.php\/2022\/11\/13\/amadou-tidiane-wone-macky-sall-a-droit-a-un-3eme-mandat-du-point-de-vue-du-droit\/#article\",\"isPartOf\":{\"@id\":\"https:\/\/www.public.sn\/index.php\/2022\/11\/13\/amadou-tidiane-wone-macky-sall-a-droit-a-un-3eme-mandat-du-point-de-vue-du-droit\/\"},\"author\":{\"name\":\"LA REDACTION\",\"@id\":\"https:\/\/www.public.sn\/#\/schema\/person\/cb76c8e1b8becc6be61fb5e92d6d0224\"},\"headline\":\"Amadou Tidiane Wone\u00a0: \u00ab\u00a0Macky Sall \u00e0 droit \u00e0 un 3eme mandat du point de vue du droit\u2026 .\u00a0\u00bb\",\"datePublished\":\"2022-11-13T14:45:04+00:00\",\"dateModified\":\"2022-11-13T14:47:31+00:00\",\"mainEntityOfPage\":{\"@id\":\"https:\/\/www.public.sn\/index.php\/2022\/11\/13\/amadou-tidiane-wone-macky-sall-a-droit-a-un-3eme-mandat-du-point-de-vue-du-droit\/\"},\"wordCount\":98,\"commentCount\":0,\"publisher\":{\"@id\":\"https:\/\/www.public.sn\/#organization\"},\"image\":{\"@id\":\"https:\/\/www.public.sn\/index.php\/2022\/11\/13\/amadou-tidiane-wone-macky-sall-a-droit-a-un-3eme-mandat-du-point-de-vue-du-droit\/#primaryimage\"},\"thumbnailUrl\":\"https:\/\/www.public.sn\/wp-content\/uploads\/2022\/11\/wone.jpeg\",\"keywords\":[\"3eme mandat\",\"Amadou Tidiane Wone\",\"Macky Sall\"],\"articleSection\":[\"ACTUALIT\u00c9S\",\"POLITIQUE\",\"S\u00c9N\u00c9GAL\",\"VEDETTE\"],\"inLanguage\":\"fr-FR\",\"potentialAction\":[{\"@type\":\"CommentAction\",\"name\":\"Comment\",\"target\":[\"https:\/\/www.public.sn\/index.php\/2022\/11\/13\/amadou-tidiane-wone-macky-sall-a-droit-a-un-3eme-mandat-du-point-de-vue-du-droit\/#respond\"]}]},{\"@type\":\"WebPage\",\"@id\":\"https:\/\/www.public.sn\/index.php\/2022\/11\/13\/amadou-tidiane-wone-macky-sall-a-droit-a-un-3eme-mandat-du-point-de-vue-du-droit\/\",\"url\":\"https:\/\/www.public.sn\/index.php\/2022\/11\/13\/amadou-tidiane-wone-macky-sall-a-droit-a-un-3eme-mandat-du-point-de-vue-du-droit\/\",\"name\":\"Amadou Tidiane Wone\u00a0: \u00ab\u00a0Macky Sall \u00e0 droit \u00e0 un 3eme mandat du point de vue du droit\u2026 .\u00a0\u00bb - LE PUBLIC\",\"isPartOf\":{\"@id\":\"https:\/\/www.public.sn\/#website\"},\"primaryImageOfPage\":{\"@id\":\"https:\/\/www.public.sn\/index.php\/2022\/11\/13\/amadou-tidiane-wone-macky-sall-a-droit-a-un-3eme-mandat-du-point-de-vue-du-droit\/#primaryimage\"},\"image\":{\"@id\":\"https:\/\/www.public.sn\/index.php\/2022\/11\/13\/amadou-tidiane-wone-macky-sall-a-droit-a-un-3eme-mandat-du-point-de-vue-du-droit\/#primaryimage\"},\"thumbnailUrl\":\"https:\/\/www.public.sn\/wp-content\/uploads\/2022\/11\/wone.jpeg\",\"datePublished\":\"2022-11-13T14:45:04+00:00\",\"dateModified\":\"2022-11-13T14:47:31+00:00\",\"breadcrumb\":{\"@id\":\"https:\/\/www.public.sn\/index.php\/2022\/11\/13\/amadou-tidiane-wone-macky-sall-a-droit-a-un-3eme-mandat-du-point-de-vue-du-droit\/#breadcrumb\"},\"inLanguage\":\"fr-FR\",\"potentialAction\":[{\"@type\":\"ReadAction\",\"target\":[\"https:\/\/www.public.sn\/index.php\/2022\/11\/13\/amadou-tidiane-wone-macky-sall-a-droit-a-un-3eme-mandat-du-point-de-vue-du-droit\/\"]}]},{\"@type\":\"ImageObject\",\"inLanguage\":\"fr-FR\",\"@id\":\"https:\/\/www.public.sn\/index.php\/2022\/11\/13\/amadou-tidiane-wone-macky-sall-a-droit-a-un-3eme-mandat-du-point-de-vue-du-droit\/#primaryimage\",\"url\":\"https:\/\/www.public.sn\/wp-content\/uploads\/2022\/11\/wone.jpeg\",\"contentUrl\":\"https:\/\/www.public.sn\/wp-content\/uploads\/2022\/11\/wone.jpeg\",\"width\":609,\"height\":413,\"caption\":\"Public Sn\"},{\"@type\":\"BreadcrumbList\",\"@id\":\"https:\/\/www.public.sn\/index.php\/2022\/11\/13\/amadou-tidiane-wone-macky-sall-a-droit-a-un-3eme-mandat-du-point-de-vue-du-droit\/#breadcrumb\",\"itemListElement\":[{\"@type\":\"ListItem\",\"position\":1,\"name\":\"Accueil\",\"item\":\"https:\/\/www.public.sn\/\"},{\"@type\":\"ListItem\",\"position\":2,\"name\":\"Amadou Tidiane Wone\u00a0: \u00ab\u00a0Macky Sall \u00e0 droit \u00e0 un 3eme mandat du point de vue du droit\u2026 .\u00a0\u00bb\"}]},{\"@type\":\"WebSite\",\"@id\":\"https:\/\/www.public.sn\/#website\",\"url\":\"https:\/\/www.public.sn\/\",\"name\":\"LE PUBLIC\",\"description\":\"\",\"publisher\":{\"@id\":\"https:\/\/www.public.sn\/#organization\"},\"potentialAction\":[{\"@type\":\"SearchAction\",\"target\":{\"@type\":\"EntryPoint\",\"urlTemplate\":\"https:\/\/www.public.sn\/?s={search_term_string}\"},\"query-input\":{\"@type\":\"PropertyValueSpecification\",\"valueRequired\":true,\"valueName\":\"search_term_string\"}}],\"inLanguage\":\"fr-FR\"},{\"@type\":\"Organization\",\"@id\":\"https:\/\/www.public.sn\/#organization\",\"name\":\"LE PUBLIC\",\"url\":\"https:\/\/www.public.sn\/\",\"logo\":{\"@type\":\"ImageObject\",\"inLanguage\":\"fr-FR\",\"@id\":\"https:\/\/www.public.sn\/#\/schema\/logo\/image\/\",\"url\":\"https:\/\/www.public.sn\/wp-content\/uploads\/2024\/05\/cropped-LOGO-PUBLIC.SN_.png\",\"contentUrl\":\"https:\/\/www.public.sn\/wp-content\/uploads\/2024\/05\/cropped-LOGO-PUBLIC.SN_.png\",\"width\":682,\"height\":192,\"caption\":\"LE PUBLIC\"},\"image\":{\"@id\":\"https:\/\/www.public.sn\/#\/schema\/logo\/image\/\"}},{\"@type\":\"Person\",\"@id\":\"https:\/\/www.public.sn\/#\/schema\/person\/cb76c8e1b8becc6be61fb5e92d6d0224\",\"name\":\"LA REDACTION\",\"image\":{\"@type\":\"ImageObject\",\"inLanguage\":\"fr-FR\",\"@id\":\"https:\/\/www.public.sn\/#\/schema\/person\/image\/\",\"url\":\"https:\/\/secure.gravatar.com\/avatar\/2dce5ddd34b8fef0180efe03aa2a9bee7d953856048f9a16b298190a3178407c?s=96&d=mm&r=g\",\"contentUrl\":\"https:\/\/secure.gravatar.com\/avatar\/2dce5ddd34b8fef0180efe03aa2a9bee7d953856048f9a16b298190a3178407c?s=96&d=mm&r=g\",\"caption\":\"LA REDACTION\"},\"url\":\"https:\/\/www.public.sn\/index.php\/author\/editeurpsn\/\"}]}<\/script>\n<!-- \/ Yoast SEO plugin. -->","yoast_head_json":{"title":"Amadou Tidiane Wone\u00a0: \u00ab\u00a0Macky Sall \u00e0 droit \u00e0 un 3eme mandat du point de vue du droit\u2026 .\u00a0\u00bb - LE PUBLIC","robots":{"index":"index","follow":"follow","max-snippet":"max-snippet:-1","max-image-preview":"max-image-preview:large","max-video-preview":"max-video-preview:-1"},"canonical":"https:\/\/www.public.sn\/index.php\/2022\/11\/13\/amadou-tidiane-wone-macky-sall-a-droit-a-un-3eme-mandat-du-point-de-vue-du-droit\/","og_locale":"fr_FR","og_type":"article","og_title":"Amadou Tidiane Wone\u00a0: \u00ab\u00a0Macky Sall \u00e0 droit \u00e0 un 3eme mandat du point de vue du droit\u2026 .\u00a0\u00bb - LE PUBLIC","og_description":"Amadou Tidiane Wone invit\u00e9 de l\u2019\u00e9mission J.D.D ce dimanche sur Em\u00e9dia, s\u2019est prononc\u00e9&nbsp; sur l\u2019\u00e9ventuelle investiture de l\u2019actuel chef de l\u2019Etat pour briguer un 3\u00e8me mandat. \u00a0\u00a0\u00a0 Il \u00a0d\u00e9conseille au Pr\u00e9sident Macky Sall de se pr\u00e9senter, \u00ab\u00a0m\u00eame si, du point de vue du droit on ne peut l\u2019emp\u00eacher de se repr\u00e9senter\u00ab. Ainsi il l\u2019invite \u00e0 respecter sa parole \u00ab\u00a0de ne pas \u00eatre candidat \u00e0 une 3e candidature\u00a0\u00bb. Falil Gadio","og_url":"https:\/\/www.public.sn\/index.php\/2022\/11\/13\/amadou-tidiane-wone-macky-sall-a-droit-a-un-3eme-mandat-du-point-de-vue-du-droit\/","og_site_name":"LE PUBLIC","article_published_time":"2022-11-13T14:45:04+00:00","article_modified_time":"2022-11-13T14:47:31+00:00","og_image":[{"width":609,"height":413,"url":"https:\/\/www.public.sn\/wp-content\/uploads\/2022\/11\/wone.jpeg","type":"image\/jpeg"}],"author":"LA REDACTION","twitter_card":"summary_large_image","twitter_misc":{"\u00c9crit par":"LA REDACTION","Dur\u00e9e de lecture estim\u00e9e":"1 minute"},"schema":{"@context":"https:\/\/schema.org","@graph":[{"@type":"Article","@id":"https:\/\/www.public.sn\/index.php\/2022\/11\/13\/amadou-tidiane-wone-macky-sall-a-droit-a-un-3eme-mandat-du-point-de-vue-du-droit\/#article","isPartOf":{"@id":"https:\/\/www.public.sn\/index.php\/2022\/11\/13\/amadou-tidiane-wone-macky-sall-a-droit-a-un-3eme-mandat-du-point-de-vue-du-droit\/"},"author":{"name":"LA REDACTION","@id":"https:\/\/www.public.sn\/#\/schema\/person\/cb76c8e1b8becc6be61fb5e92d6d0224"},"headline":"Amadou Tidiane Wone\u00a0: \u00ab\u00a0Macky Sall \u00e0 droit \u00e0 un 3eme mandat du point de vue du droit\u2026 .\u00a0\u00bb","datePublished":"2022-11-13T14:45:04+00:00","dateModified":"2022-11-13T14:47:31+00:00","mainEntityOfPage":{"@id":"https:\/\/www.public.sn\/index.php\/2022\/11\/13\/amadou-tidiane-wone-macky-sall-a-droit-a-un-3eme-mandat-du-point-de-vue-du-droit\/"},"wordCount":98,"commentCount":0,"publisher":{"@id":"https:\/\/www.public.sn\/#organization"},"image":{"@id":"https:\/\/www.public.sn\/index.php\/2022\/11\/13\/amadou-tidiane-wone-macky-sall-a-droit-a-un-3eme-mandat-du-point-de-vue-du-droit\/#primaryimage"},"thumbnailUrl":"https:\/\/www.public.sn\/wp-content\/uploads\/2022\/11\/wone.jpeg","keywords":["3eme mandat","Amadou Tidiane Wone","Macky Sall"],"articleSection":["ACTUALIT\u00c9S","POLITIQUE","S\u00c9N\u00c9GAL","VEDETTE"],"inLanguage":"fr-FR","potentialAction":[{"@type":"CommentAction","name":"Comment","target":["https:\/\/www.public.sn\/index.php\/2022\/11\/13\/amadou-tidiane-wone-macky-sall-a-droit-a-un-3eme-mandat-du-point-de-vue-du-droit\/#respond"]}]},{"@type":"WebPage","@id":"https:\/\/www.public.sn\/index.php\/2022\/11\/13\/amadou-tidiane-wone-macky-sall-a-droit-a-un-3eme-mandat-du-point-de-vue-du-droit\/","url":"https:\/\/www.public.sn\/index.php\/2022\/11\/13\/amadou-tidiane-wone-macky-sall-a-droit-a-un-3eme-mandat-du-point-de-vue-du-droit\/","name":"Amadou Tidiane Wone\u00a0: \u00ab\u00a0Macky Sall \u00e0 droit \u00e0 un 3eme mandat du point de vue du droit\u2026 .\u00a0\u00bb - LE PUBLIC","isPartOf":{"@id":"https:\/\/www.public.sn\/#website"},"primaryImageOfPage":{"@id":"https:\/\/www.public.sn\/index.php\/2022\/11\/13\/amadou-tidiane-wone-macky-sall-a-droit-a-un-3eme-mandat-du-point-de-vue-du-droit\/#primaryimage"},"image":{"@id":"https:\/\/www.public.sn\/index.php\/2022\/11\/13\/amadou-tidiane-wone-macky-sall-a-droit-a-un-3eme-mandat-du-point-de-vue-du-droit\/#primaryimage"},"thumbnailUrl":"https:\/\/www.public.sn\/wp-content\/uploads\/2022\/11\/wone.jpeg","datePublished":"2022-11-13T14:45:04+00:00","dateModified":"2022-11-13T14:47:31+00:00","breadcrumb":{"@id":"https:\/\/www.public.sn\/index.php\/2022\/11\/13\/amadou-tidiane-wone-macky-sall-a-droit-a-un-3eme-mandat-du-point-de-vue-du-droit\/#breadcrumb"},"inLanguage":"fr-FR","potentialAction":[{"@type":"ReadAction","target":["https:\/\/www.public.sn\/index.php\/2022\/11\/13\/amadou-tidiane-wone-macky-sall-a-droit-a-un-3eme-mandat-du-point-de-vue-du-droit\/"]}]},{"@type":"ImageObject","inLanguage":"fr-FR","@id":"https:\/\/www.public.sn\/index.php\/2022\/11\/13\/amadou-tidiane-wone-macky-sall-a-droit-a-un-3eme-mandat-du-point-de-vue-du-droit\/#primaryimage","url":"https:\/\/www.public.sn\/wp-content\/uploads\/2022\/11\/wone.jpeg","contentUrl":"https:\/\/www.public.sn\/wp-content\/uploads\/2022\/11\/wone.jpeg","width":609,"height":413,"caption":"Public Sn"},{"@type":"BreadcrumbList","@id":"https:\/\/www.public.sn\/index.php\/2022\/11\/13\/amadou-tidiane-wone-macky-sall-a-droit-a-un-3eme-mandat-du-point-de-vue-du-droit\/#breadcrumb","itemListElement":[{"@type":"ListItem","position":1,"name":"Accueil","item":"https:\/\/www.public.sn\/"},{"@type":"ListItem","position":2,"name":"Amadou Tidiane Wone\u00a0: \u00ab\u00a0Macky Sall \u00e0 droit \u00e0 un 3eme mandat du point de vue du droit\u2026 .\u00a0\u00bb"}]},{"@type":"WebSite","@id":"https:\/\/www.public.sn\/#website","url":"https:\/\/www.public.sn\/","name":"LE PUBLIC","description":"","publisher":{"@id":"https:\/\/www.public.sn\/#organization"},"potentialAction":[{"@type":"SearchAction","target":{"@type":"EntryPoint","urlTemplate":"https:\/\/www.public.sn\/?s={search_term_string}"},"query-input":{"@type":"PropertyValueSpecification","valueRequired":true,"valueName":"search_term_string"}}],"inLanguage":"fr-FR"},{"@type":"Organization","@id":"https:\/\/www.public.sn\/#organization","name":"LE PUBLIC","url":"https:\/\/www.public.sn\/","logo":{"@type":"ImageObject","inLanguage":"fr-FR","@id":"https:\/\/www.public.sn\/#\/schema\/logo\/image\/","url":"https:\/\/www.public.sn\/wp-content\/uploads\/2024\/05\/cropped-LOGO-PUBLIC.SN_.png","contentUrl":"https:\/\/www.public.sn\/wp-content\/uploads\/2024\/05\/cropped-LOGO-PUBLIC.SN_.png","width":682,"height":192,"caption":"LE PUBLIC"},"image":{"@id":"https:\/\/www.public.sn\/#\/schema\/logo\/image\/"}},{"@type":"Person","@id":"https:\/\/www.public.sn\/#\/schema\/person\/cb76c8e1b8becc6be61fb5e92d6d0224","name":"LA REDACTION","image":{"@type":"ImageObject","inLanguage":"fr-FR","@id":"https:\/\/www.public.sn\/#\/schema\/person\/image\/","url":"https:\/\/secure.gravatar.com\/avatar\/2dce5ddd34b8fef0180efe03aa2a9bee7d953856048f9a16b298190a3178407c?s=96&d=mm&r=g","contentUrl":"https:\/\/secure.gravatar.com\/avatar\/2dce5ddd34b8fef0180efe03aa2a9bee7d953856048f9a16b298190a3178407c?s=96&d=mm&r=g","caption":"LA REDACTION"},"url":"https:\/\/www.public.sn\/index.php\/author\/editeurpsn\/"}]}},"jetpack_featured_media_url":"https:\/\/www.public.sn\/wp-content\/uploads\/2022\/11\/wone.jpeg","jetpack_sharing_enabled":true,"_links":{"self":[{"href":"https:\/\/www.public.sn\/index.php\/wp-json\/wp\/v2\/posts\/8465","targetHints":{"allow":["GET"]}}],"collection":[{"href":"https:\/\/www.public.sn\/index.php\/wp-json\/wp\/v2\/posts"}],"about":[{"href":"https:\/\/www.public.sn\/index.php\/wp-json\/wp\/v2\/types\/post"}],"author":[{"embeddable":true,"href":"https:\/\/www.public.sn\/index.php\/wp-json\/wp\/v2\/users\/7"}],"replies":[{"embeddable":true,"href":"https:\/\/www.public.sn\/index.php\/wp-json\/wp\/v2\/comments?post=8465"}],"version-history":[{"count":2,"href":"https:\/\/www.public.sn\/index.php\/wp-json\/wp\/v2\/posts\/8465\/revisions"}],"predecessor-version":[{"id":8469,"href":"https:\/\/www.public.sn\/index.php\/wp-json\/wp\/v2\/posts\/8465\/revisions\/8469"}],"wp:featuredmedia":[{"embeddable":true,"href":"https:\/\/www.public.sn\/index.php\/wp-json\/wp\/v2\/media\/8466"}],"wp:attachment":[{"href":"https:\/\/www.public.sn\/index.php\/wp-json\/wp\/v2\/media?parent=8465"}],"wp:term":[{"taxonomy":"category","embeddable":true,"href":"https:\/\/www.public.sn\/index.php\/wp-json\/wp\/v2\/categories?post=8465"},{"taxonomy":"post_tag","embeddable":true,"href":"https:\/\/www.public.sn\/index.php\/wp-json\/wp\/v2\/tags?post=8465"}],"curies":[{"name":"wp","href":"https:\/\/api.w.org\/{rel}","templated":true}]}}