{"id":8495,"date":"2022-11-14T08:18:20","date_gmt":"2022-11-14T08:18:20","guid":{"rendered":"https:\/\/www.public.sn\/?p=8495"},"modified":"2022-11-14T08:18:21","modified_gmt":"2022-11-14T08:18:21","slug":"edito-commun-le-monstre-trahit-encore-son-serment","status":"publish","type":"post","link":"https:\/\/www.public.sn\/index.php\/2022\/11\/14\/edito-commun-le-monstre-trahit-encore-son-serment\/","title":{"rendered":"Edito Commun : Le monstre trahit encore son serment"},"content":{"rendered":"\n<p>Sur une cha\u00eene de t\u00e9l\u00e9vision fran\u00e7aise en octobre 2015, Macky Sall, alors pr\u00e9sident de la R\u00e9publique depuis 3 ans et demi, prenait l\u2019engagement solennel suivant : \u00ab Vous ne verrez jamais au S\u00e9n\u00e9gal pendant ma gouvernance, un journaliste mis en prison pour d\u00e9lit de presse. Les journalistes n\u2019ont aucun risque au S\u00e9n\u00e9gal. \u00c7a, je le dis tr\u00e8s clairement et je ne serai pas d\u00e9menti. \u00bb<\/p><div class=\"publi-paragraphe1\" style=\"margin-top: 10px;margin-bottom: 10px;margin-left: auto;margin-right: auto;text-align: center;\" id=\"publi-2998111637\"><div class=\"publi-adlabel\">Publicit\u00e9<\/div><script async src=\"\/\/pagead2.googlesyndication.com\/pagead\/js\/adsbygoogle.js?client=ca-pub-4089586018074219\" crossorigin=\"anonymous\"><\/script><ins class=\"adsbygoogle\" style=\"display:block;\" data-ad-client=\"ca-pub-4089586018074219\" \ndata-ad-slot=\"2087940154\" \ndata-ad-format=\"auto\"><\/ins>\n<script> \n(adsbygoogle = window.adsbygoogle || []).push({}); \n<\/script>\n<\/div>\n\n\n\n<p><\/p>\n\n\n\n<p>Sept ans plus tard, pr\u00e9cis\u00e9ment le 9 novembre 2022, le journaliste Pape Al\u00e9 Niang, directeur du site d\u2019informations Dakarmatin.com, est rafl\u00e9 puis jet\u00e9 en prison pour des\u2026 d\u00e9lits de presse. Rattrap\u00e9 par l\u2019histoire, le Pr\u00e9sident Macky Sall a bel et bien \u00e9t\u00e9 d\u00e9menti par ses propres services. En effet, c\u2019est le procureur de la R\u00e9publique, le bras judiciaire tout-puissant du pouvoir politique, qui a fix\u00e9 les r\u00e9quisitions ayant pr\u00e9cipit\u00e9 l\u2019emprisonnement de notre confr\u00e8re \u00e0 la prison de S\u00e9bikhotane.<\/p>\n\n\n\n<p><br><br>On ne se consolera pas de constater que ce n\u2019est pas la premi\u00e8re fois que le Pr\u00e9sident Sall est pris en flagrant d\u00e9lit de violation de ses propres engagements devant le peuple s\u00e9n\u00e9galais et m\u00eame devant la Communaut\u00e9 internationale. Mais l\u2019agression du 9-novembre contre la presse s\u00e9n\u00e9galaise qui aboutit \u00e0 priver de libert\u00e9 un journaliste dans l\u2019exercice de ses fonctions est autrement plus grave. Il s\u2019agit d\u2019une atteinte d\u00e9lib\u00e9r\u00e9e et intol\u00e9rable aux droits sacr\u00e9s et inali\u00e9nables que la Constitution du S\u00e9n\u00e9gal, la D\u00e9claration universelle des droits de l\u2019homme et des Chartes internationales comme celle de Munich reconnaissent express\u00e9ment \u00e0 ceux et celles qui exercent le m\u00e9tier de journaliste. C\u2019est clairement inacceptable !<\/p>\n\n\n\n<p><br><br>L\u2019arrestation de Pape Al\u00e9 Niang en pleine rue alors qu\u2019il vaquait \u00e0 ses occupations &#8211; violence symbolique &#8211; et la diligence avec laquelle il a \u00e9t\u00e9 priv\u00e9 de libert\u00e9 est une op\u00e9ration politique kamikaze. Son but ultime est, au pire, de neutraliser les plumes et voix encore attir\u00e9es par le r\u00e9flexe professionnel de fouiner dans les placards \u00e0 cafards des d\u00e9tenteurs de responsabilit\u00e9s publiques, au minimum de susciter une \u00e9pid\u00e9mie d\u2019autocensures et de renoncements dans les rangs de notre profession. C\u2019est inenvisageable ! Cette tentative d\u2019assignation \u00e0 r\u00e9sidence du journalisme de qualit\u00e9 entre les ge\u00f4les de la m\u00e9diocrit\u00e9 et les souterrains p\u00e9nitenciers de la r\u00e9v\u00e9rence est un m\u00e9pris et une insulte \u00e0 l\u2019endroit de tous ceux qui ont fait le serment d\u2019informer vrai en toutes circonstances. Dans son ouvrage \u00ab La valeur de l\u2019information \u00bb, Edwy Plenel, directeur co-fondateur de Mediapart, identifie \u00ab deux \u00e9l\u00e9ments d\u00e9cisifs \u00bb qui donnent sens au journalisme : \u00ab L&rsquo;obligation envers la v\u00e9rit\u00e9 et la loyaut\u00e9 vis-\u00e0-vis du public. \u00bb Au regard de cela, Pape Al\u00e9 Niang doit-il rester encore en prison ? NON !<\/p>\n\n\n\n<p><br><br>Cette affaire-ci est un v\u00e9ritable tournant porteur d\u2019une jurisprudence fondatrice soit d\u2019un musellement l\u00e9galis\u00e9 de la presse s\u00e9n\u00e9galaise, soit d\u2019un environnement de travail o\u00f9 les journalistes continuent de s\u2019\u00e9panouir sous le contr\u00f4le de leurs pairs et des principes de libert\u00e9\/responsabilit\u00e9 conformes aux fondamentaux de leur m\u00e9tier. Ce qui se joue ici et maintenant est donc d\u2019une gravit\u00e9 exceptionnelle pour l\u2019avenir de la presse, des journalistes, de la libert\u00e9 d\u2019information, du droit \u00e0 l\u2019information pour le public. Avons-nous encore le pouvoir d\u2019informer les S\u00e9n\u00e9galais en toute libert\u00e9 ? Avons-nous toujours le pouvoir de choisir, en toute libert\u00e9, les orientations d\u2019une mission de service public chevill\u00e9e \u00e0 la d\u00e9fense de l\u2019int\u00e9r\u00eat g\u00e9n\u00e9ral ? Avons-nous le pouvoir de refuser les injonctions &#8211; aimables ou directrices &#8211; qui infiltrent notre profession en la caporalisant au service d\u2019int\u00e9r\u00eats priv\u00e9s couverts du manteau de la puissance publique ? Les \u00ab OUI \u00bb \u00e0 ces questions ne d\u00e9pendent que de nous, journalistes, et de tous les d\u00e9membrements du peuple s\u00e9n\u00e9galais attach\u00e9s aux libert\u00e9s de presse et d\u2019expression. Les \u00ab NON \u00bb aussi.<\/p>\n\n\n\n<p><br><br>Les soubassements politico-revanchards qui caract\u00e9risent ce dossier puent \u00e0 dix mille lieux. Leur \u00e9vidence est grotesque et manifeste. Ils sont les pr\u00e9liminaires d\u2019une offensive visant \u00e0 r\u00e9duire au silence toutes sortes de contestations de nature \u00e0 mettre en cause la volont\u00e9 de puissance qui sous-tend la gouvernance actuelle du S\u00e9n\u00e9gal. Les puissants enjeux politiques qui pointent \u00e0 l\u2019horizon, en particulier l\u2019\u00e9lection pr\u00e9sidentielle de f\u00e9vrier 2024, en sont LA RAISON ESSENTIELLE. Les m\u00e9dias encore libres en sont LES CIBLES.<\/p>\n\n\n\n<p><br>\u00a0<br>Apr\u00e8s avoir fait semblant de dormir, le \u00ab Monstre \u00bb a d\u00fb quitter l\u2019\u00e9tat de somnolence pour reprendre du service. La violence et la d\u00e9termination avec lesquelles il a fait boucler en quatre jours l\u2019\u00e9tape d\u2019incarc\u00e9ration de Pape Al\u00e9 Niang menace fondamentalement la profession de journaliste, mais aussi le droit \u00e0 l\u2019information des S\u00e9n\u00e9galais. Du reste, il se satisferait bien que les journalistes s\u00e9n\u00e9galais se transforment en chroniqueurs de chiens \u00e9cras\u00e9s, de ragots de comptoir, de faits divers spectaculaires\u2026 loin des probl\u00e9matiques qui structurent l\u2019\u00e9tat r\u00e9el du pays.<\/p>\n\n\n\n<p><br>\u00a0<br>Mais \u00ab Le Monstre \u00bb doit se convaincre \u2013 et d\u00e9finitivement &#8211; que les journalistes s\u00e9n\u00e9galais n\u2019acceptent pas d\u2019\u00eatre les victimes expiatoires des dysfonctionnements de ses pratiques politiciennes. Les hommes et femmes des m\u00e9dias qui ont fait le choix de servir l\u2019int\u00e9r\u00eat public g\u00e9n\u00e9ral n\u2019ont pas vocation \u00e0 \u00eatre les otages de concepts fourre-tout dont les finalit\u00e9s servent en fin de compte l\u2019affairisme de groupuscules priv\u00e9s de politiciens publics. C\u2019est rigoureusement impensable !<\/p>\n\n\n\n<p><br>\u00a0<br>Pape Al\u00e9 Niang ne m\u00e9ritait pas un instant de passer une seule nuit en prison. Les motifs inavou\u00e9s de son embastillement rel\u00e8vent de l\u2019instrumentalisation flagrante d\u2019une justice au sein de laquelle l\u2019hyper-puissance d\u2019une marionnette enchant\u00e9e d\u00e9nomm\u00e9e Parquet a d\u00e9cid\u00e9 de r\u00e9duire nos libert\u00e9s \u00e0 leur plus petite expression, sur ordre d\u2019un pouvoir politique en stage d\u2019autoritarisme. Ce ne sont pas seulement les journalistes et les activistes qui font les frais de ces d\u00e9rives liberticides, c\u2019est aussi une certaine id\u00e9e de la d\u00e9mocratie et de la s\u00e9paration r\u00e9elle des pouvoirs qui est en train d\u2019\u00eatre an\u00e9antie.<\/p>\n\n\n\n<p><br>\u00a0<br>Avant d\u2019\u00eatre assassin\u00e9 par des mercenaires du r\u00e9gime de Blaise Compaor\u00e9, le journaliste d\u2019investigation burkinab\u00e8 Norbert Zongo \u00e9crivait en 1993 que \u00ab les peuples comme les hommes finissent toujours par payer leurs compromissions politiques : avec des larmes parfois, du sang souvent, mais toujours dans la douleur. \u00bb<\/p>\n\n\n\n<p><br>\u00a0<br>Pour nous S\u00e9n\u00e9galais, il est encore temps de r\u00e9agir !<br>Lib\u00e9rez Pape Al\u00e9 Niang !<br>PAN ! A bas le monstre !<\/p>\n<div class=\"publi-apres-le-contenu\" style=\"margin-top: 10px;margin-bottom: 10px;margin-left: auto;margin-right: auto;text-align: center;\" id=\"publi-2273500953\"><div class=\"publi-adlabel\">Publicit\u00e9<\/div><script async src=\"\/\/pagead2.googlesyndication.com\/pagead\/js\/adsbygoogle.js?client=ca-pub-4089586018074219\" crossorigin=\"anonymous\"><\/script><ins class=\"adsbygoogle\" style=\"display:block;\" data-ad-client=\"ca-pub-4089586018074219\" \ndata-ad-slot=\"2087940154\" \ndata-ad-format=\"auto\"><\/ins>\n<script> \n(adsbygoogle = window.adsbygoogle || []).push({}); \n<\/script>\n<\/div>","protected":false},"excerpt":{"rendered":"<p>Sur une cha\u00eene de t\u00e9l\u00e9vision fran\u00e7aise en octobre 2015, Macky Sall, alors pr\u00e9sident de la R\u00e9publique depuis 3 ans et demi, prenait l\u2019engagement solennel suivant : \u00ab Vous ne verrez jamais au S\u00e9n\u00e9gal pendant ma gouvernance, un journaliste mis en prison pour d\u00e9lit de presse. Les journalistes n\u2019ont aucun risque au S\u00e9n\u00e9gal. \u00c7a, je le dis tr\u00e8s clairement et je ne serai pas d\u00e9menti. \u00bb Sept ans plus tard, pr\u00e9cis\u00e9ment le 9 novembre 2022, le journaliste Pape Al\u00e9 Niang, directeur du site d\u2019informations Dakarmatin.com, est rafl\u00e9 puis jet\u00e9 en prison pour des\u2026 d\u00e9lits de presse. Rattrap\u00e9 par l\u2019histoire, le Pr\u00e9sident Macky Sall a bel et bien \u00e9t\u00e9 d\u00e9menti par ses propres services. En effet, c\u2019est le procureur de la R\u00e9publique, le bras judiciaire tout-puissant du pouvoir politique, qui a fix\u00e9 les r\u00e9quisitions ayant pr\u00e9cipit\u00e9 l\u2019emprisonnement de notre confr\u00e8re \u00e0 la prison de S\u00e9bikhotane. On ne se consolera pas de constater que ce n\u2019est pas la premi\u00e8re fois que le Pr\u00e9sident Sall est pris en flagrant d\u00e9lit de violation de ses propres engagements devant le peuple s\u00e9n\u00e9galais et m\u00eame devant la Communaut\u00e9 internationale. Mais l\u2019agression du 9-novembre contre la presse s\u00e9n\u00e9galaise qui aboutit \u00e0 priver de libert\u00e9 un journaliste dans l\u2019exercice de ses fonctions est autrement plus grave. Il s\u2019agit d\u2019une atteinte d\u00e9lib\u00e9r\u00e9e et intol\u00e9rable aux droits sacr\u00e9s et inali\u00e9nables que la Constitution du S\u00e9n\u00e9gal, la D\u00e9claration universelle des droits de l\u2019homme et des Chartes internationales comme celle de Munich reconnaissent express\u00e9ment \u00e0 ceux et celles qui exercent le m\u00e9tier de journaliste. C\u2019est clairement inacceptable ! L\u2019arrestation de Pape Al\u00e9 Niang en pleine rue alors qu\u2019il vaquait \u00e0 ses occupations &#8211; violence symbolique &#8211; et la diligence avec laquelle il a \u00e9t\u00e9 priv\u00e9 de libert\u00e9 est une op\u00e9ration politique kamikaze. Son but ultime est, au pire, de neutraliser les plumes et voix encore attir\u00e9es par le r\u00e9flexe professionnel de fouiner dans les placards \u00e0 cafards des d\u00e9tenteurs de responsabilit\u00e9s publiques, au minimum de susciter une \u00e9pid\u00e9mie d\u2019autocensures et de renoncements dans les rangs de notre profession. C\u2019est inenvisageable ! Cette tentative d\u2019assignation \u00e0 r\u00e9sidence du journalisme de qualit\u00e9 entre les ge\u00f4les de la m\u00e9diocrit\u00e9 et les souterrains p\u00e9nitenciers de la r\u00e9v\u00e9rence est un m\u00e9pris et une insulte \u00e0 l\u2019endroit de tous ceux qui ont fait le serment d\u2019informer vrai en toutes circonstances. Dans son ouvrage \u00ab La valeur de l\u2019information \u00bb, Edwy Plenel, directeur co-fondateur de Mediapart, identifie \u00ab deux \u00e9l\u00e9ments d\u00e9cisifs \u00bb qui donnent sens au journalisme : \u00ab L&rsquo;obligation envers la v\u00e9rit\u00e9 et la loyaut\u00e9 vis-\u00e0-vis du public. \u00bb Au regard de cela, Pape Al\u00e9 Niang doit-il rester encore en prison ? NON ! Cette affaire-ci est un v\u00e9ritable tournant porteur d\u2019une jurisprudence fondatrice soit d\u2019un musellement l\u00e9galis\u00e9 de la presse s\u00e9n\u00e9galaise, soit d\u2019un environnement de travail o\u00f9 les journalistes continuent de s\u2019\u00e9panouir sous le contr\u00f4le de leurs pairs et des principes de libert\u00e9\/responsabilit\u00e9 conformes aux fondamentaux de leur m\u00e9tier. Ce qui se joue ici et maintenant est donc d\u2019une gravit\u00e9 exceptionnelle pour l\u2019avenir de la presse, des journalistes, de la libert\u00e9 d\u2019information, du droit \u00e0 l\u2019information pour le public. Avons-nous encore le pouvoir d\u2019informer les S\u00e9n\u00e9galais en toute libert\u00e9 ? Avons-nous toujours le pouvoir de choisir, en toute libert\u00e9, les orientations d\u2019une mission de service public chevill\u00e9e \u00e0 la d\u00e9fense de l\u2019int\u00e9r\u00eat g\u00e9n\u00e9ral ? Avons-nous le pouvoir de refuser les injonctions &#8211; aimables ou directrices &#8211; qui infiltrent notre profession en la caporalisant au service d\u2019int\u00e9r\u00eats priv\u00e9s couverts du manteau de la puissance publique ? Les \u00ab OUI \u00bb \u00e0 ces questions ne d\u00e9pendent que de nous, journalistes, et de tous les d\u00e9membrements du peuple s\u00e9n\u00e9galais attach\u00e9s aux libert\u00e9s de presse et d\u2019expression. Les \u00ab NON \u00bb aussi. Les soubassements politico-revanchards qui caract\u00e9risent ce dossier puent \u00e0 dix mille lieux. Leur \u00e9vidence est grotesque et manifeste. Ils sont les pr\u00e9liminaires d\u2019une offensive visant \u00e0 r\u00e9duire au silence toutes sortes de contestations de nature \u00e0 mettre en cause la volont\u00e9 de puissance qui sous-tend la gouvernance actuelle du S\u00e9n\u00e9gal. Les puissants enjeux politiques qui pointent \u00e0 l\u2019horizon, en particulier l\u2019\u00e9lection pr\u00e9sidentielle de f\u00e9vrier 2024, en sont LA RAISON ESSENTIELLE. Les m\u00e9dias encore libres en sont LES CIBLES. \u00a0Apr\u00e8s avoir fait semblant de dormir, le \u00ab Monstre \u00bb a d\u00fb quitter l\u2019\u00e9tat de somnolence pour reprendre du service. La violence et la d\u00e9termination avec lesquelles il a fait boucler en quatre jours l\u2019\u00e9tape d\u2019incarc\u00e9ration de Pape Al\u00e9 Niang menace fondamentalement la profession de journaliste, mais aussi le droit \u00e0 l\u2019information des S\u00e9n\u00e9galais. Du reste, il se satisferait bien que les journalistes s\u00e9n\u00e9galais se transforment en chroniqueurs de chiens \u00e9cras\u00e9s, de ragots de comptoir, de faits divers spectaculaires\u2026 loin des probl\u00e9matiques qui structurent l\u2019\u00e9tat r\u00e9el du pays. \u00a0Mais \u00ab Le Monstre \u00bb doit se convaincre \u2013 et d\u00e9finitivement &#8211; que les journalistes s\u00e9n\u00e9galais n\u2019acceptent pas d\u2019\u00eatre les victimes expiatoires des dysfonctionnements de ses pratiques politiciennes. Les hommes et femmes des m\u00e9dias qui ont fait le choix de servir l\u2019int\u00e9r\u00eat public g\u00e9n\u00e9ral n\u2019ont pas vocation \u00e0 \u00eatre les otages de concepts fourre-tout dont les finalit\u00e9s servent en fin de compte l\u2019affairisme de groupuscules priv\u00e9s de politiciens publics. C\u2019est rigoureusement impensable ! \u00a0Pape Al\u00e9 Niang ne m\u00e9ritait pas un instant de passer une seule nuit en prison. Les motifs inavou\u00e9s de son embastillement rel\u00e8vent de l\u2019instrumentalisation flagrante d\u2019une justice au sein de laquelle l\u2019hyper-puissance d\u2019une marionnette enchant\u00e9e d\u00e9nomm\u00e9e Parquet a d\u00e9cid\u00e9 de r\u00e9duire nos libert\u00e9s \u00e0 leur plus petite expression, sur ordre d\u2019un pouvoir politique en stage d\u2019autoritarisme. Ce ne sont pas seulement les journalistes et les activistes qui font les frais de ces d\u00e9rives liberticides, c\u2019est aussi une certaine id\u00e9e de la d\u00e9mocratie et de la s\u00e9paration r\u00e9elle des pouvoirs qui est en train d\u2019\u00eatre an\u00e9antie. \u00a0Avant d\u2019\u00eatre assassin\u00e9 par des mercenaires du r\u00e9gime de Blaise Compaor\u00e9, le journaliste d\u2019investigation burkinab\u00e8 Norbert Zongo \u00e9crivait en 1993 que \u00ab les peuples comme les hommes finissent toujours par payer leurs compromissions politiques : avec des larmes parfois, du sang souvent, mais toujours dans la douleur. \u00bb \u00a0Pour nous S\u00e9n\u00e9galais, il est encore temps<\/p>\n","protected":false},"author":7,"featured_media":8496,"comment_status":"open","ping_status":"open","sticky":false,"template":"","format":"standard","meta":{"_jetpack_memberships_contains_paid_content":false,"footnotes":""},"categories":[375,961,1,372],"tags":[2547,2835,2836],"class_list":["post-8495","post","type-post","status-publish","format-standard","has-post-thumbnail","hentry","category-actualites","category-medias","category-non-classe","category-vedette","tag-aff-pape-ale","tag-edito-commun","tag-le-monstre","entry","has-media","owp-thumbs-layout-horizontal","owp-btn-normal","owp-tabs-layout-horizontal","has-no-thumbnails","has-product-nav"],"yoast_head":"<!-- This site is optimized with the Yoast SEO plugin v25.5 - https:\/\/yoast.com\/wordpress\/plugins\/seo\/ -->\n<title>Edito Commun : Le monstre trahit encore son serment - LE PUBLIC<\/title>\n<meta name=\"robots\" content=\"index, follow, max-snippet:-1, max-image-preview:large, max-video-preview:-1\" \/>\n<link rel=\"canonical\" href=\"https:\/\/www.public.sn\/index.php\/2022\/11\/14\/edito-commun-le-monstre-trahit-encore-son-serment\/\" \/>\n<meta property=\"og:locale\" content=\"fr_FR\" \/>\n<meta property=\"og:type\" content=\"article\" \/>\n<meta property=\"og:title\" content=\"Edito Commun : Le monstre trahit encore son serment - LE PUBLIC\" \/>\n<meta property=\"og:description\" content=\"Sur une cha\u00eene de t\u00e9l\u00e9vision fran\u00e7aise en octobre 2015, Macky Sall, alors pr\u00e9sident de la R\u00e9publique depuis 3 ans et demi, prenait l\u2019engagement solennel suivant : \u00ab Vous ne verrez jamais au S\u00e9n\u00e9gal pendant ma gouvernance, un journaliste mis en prison pour d\u00e9lit de presse. Les journalistes n\u2019ont aucun risque au S\u00e9n\u00e9gal. \u00c7a, je le dis tr\u00e8s clairement et je ne serai pas d\u00e9menti. \u00bb Sept ans plus tard, pr\u00e9cis\u00e9ment le 9 novembre 2022, le journaliste Pape Al\u00e9 Niang, directeur du site d\u2019informations Dakarmatin.com, est rafl\u00e9 puis jet\u00e9 en prison pour des\u2026 d\u00e9lits de presse. Rattrap\u00e9 par l\u2019histoire, le Pr\u00e9sident Macky Sall a bel et bien \u00e9t\u00e9 d\u00e9menti par ses propres services. En effet, c\u2019est le procureur de la R\u00e9publique, le bras judiciaire tout-puissant du pouvoir politique, qui a fix\u00e9 les r\u00e9quisitions ayant pr\u00e9cipit\u00e9 l\u2019emprisonnement de notre confr\u00e8re \u00e0 la prison de S\u00e9bikhotane. On ne se consolera pas de constater que ce n\u2019est pas la premi\u00e8re fois que le Pr\u00e9sident Sall est pris en flagrant d\u00e9lit de violation de ses propres engagements devant le peuple s\u00e9n\u00e9galais et m\u00eame devant la Communaut\u00e9 internationale. Mais l\u2019agression du 9-novembre contre la presse s\u00e9n\u00e9galaise qui aboutit \u00e0 priver de libert\u00e9 un journaliste dans l\u2019exercice de ses fonctions est autrement plus grave. Il s\u2019agit d\u2019une atteinte d\u00e9lib\u00e9r\u00e9e et intol\u00e9rable aux droits sacr\u00e9s et inali\u00e9nables que la Constitution du S\u00e9n\u00e9gal, la D\u00e9claration universelle des droits de l\u2019homme et des Chartes internationales comme celle de Munich reconnaissent express\u00e9ment \u00e0 ceux et celles qui exercent le m\u00e9tier de journaliste. C\u2019est clairement inacceptable ! L\u2019arrestation de Pape Al\u00e9 Niang en pleine rue alors qu\u2019il vaquait \u00e0 ses occupations &#8211; violence symbolique &#8211; et la diligence avec laquelle il a \u00e9t\u00e9 priv\u00e9 de libert\u00e9 est une op\u00e9ration politique kamikaze. Son but ultime est, au pire, de neutraliser les plumes et voix encore attir\u00e9es par le r\u00e9flexe professionnel de fouiner dans les placards \u00e0 cafards des d\u00e9tenteurs de responsabilit\u00e9s publiques, au minimum de susciter une \u00e9pid\u00e9mie d\u2019autocensures et de renoncements dans les rangs de notre profession. C\u2019est inenvisageable ! Cette tentative d\u2019assignation \u00e0 r\u00e9sidence du journalisme de qualit\u00e9 entre les ge\u00f4les de la m\u00e9diocrit\u00e9 et les souterrains p\u00e9nitenciers de la r\u00e9v\u00e9rence est un m\u00e9pris et une insulte \u00e0 l\u2019endroit de tous ceux qui ont fait le serment d\u2019informer vrai en toutes circonstances. Dans son ouvrage \u00ab La valeur de l\u2019information \u00bb, Edwy Plenel, directeur co-fondateur de Mediapart, identifie \u00ab deux \u00e9l\u00e9ments d\u00e9cisifs \u00bb qui donnent sens au journalisme : \u00ab L&rsquo;obligation envers la v\u00e9rit\u00e9 et la loyaut\u00e9 vis-\u00e0-vis du public. \u00bb Au regard de cela, Pape Al\u00e9 Niang doit-il rester encore en prison ? NON ! Cette affaire-ci est un v\u00e9ritable tournant porteur d\u2019une jurisprudence fondatrice soit d\u2019un musellement l\u00e9galis\u00e9 de la presse s\u00e9n\u00e9galaise, soit d\u2019un environnement de travail o\u00f9 les journalistes continuent de s\u2019\u00e9panouir sous le contr\u00f4le de leurs pairs et des principes de libert\u00e9\/responsabilit\u00e9 conformes aux fondamentaux de leur m\u00e9tier. Ce qui se joue ici et maintenant est donc d\u2019une gravit\u00e9 exceptionnelle pour l\u2019avenir de la presse, des journalistes, de la libert\u00e9 d\u2019information, du droit \u00e0 l\u2019information pour le public. Avons-nous encore le pouvoir d\u2019informer les S\u00e9n\u00e9galais en toute libert\u00e9 ? Avons-nous toujours le pouvoir de choisir, en toute libert\u00e9, les orientations d\u2019une mission de service public chevill\u00e9e \u00e0 la d\u00e9fense de l\u2019int\u00e9r\u00eat g\u00e9n\u00e9ral ? Avons-nous le pouvoir de refuser les injonctions &#8211; aimables ou directrices &#8211; qui infiltrent notre profession en la caporalisant au service d\u2019int\u00e9r\u00eats priv\u00e9s couverts du manteau de la puissance publique ? Les \u00ab OUI \u00bb \u00e0 ces questions ne d\u00e9pendent que de nous, journalistes, et de tous les d\u00e9membrements du peuple s\u00e9n\u00e9galais attach\u00e9s aux libert\u00e9s de presse et d\u2019expression. Les \u00ab NON \u00bb aussi. Les soubassements politico-revanchards qui caract\u00e9risent ce dossier puent \u00e0 dix mille lieux. Leur \u00e9vidence est grotesque et manifeste. Ils sont les pr\u00e9liminaires d\u2019une offensive visant \u00e0 r\u00e9duire au silence toutes sortes de contestations de nature \u00e0 mettre en cause la volont\u00e9 de puissance qui sous-tend la gouvernance actuelle du S\u00e9n\u00e9gal. Les puissants enjeux politiques qui pointent \u00e0 l\u2019horizon, en particulier l\u2019\u00e9lection pr\u00e9sidentielle de f\u00e9vrier 2024, en sont LA RAISON ESSENTIELLE. Les m\u00e9dias encore libres en sont LES CIBLES. \u00a0Apr\u00e8s avoir fait semblant de dormir, le \u00ab Monstre \u00bb a d\u00fb quitter l\u2019\u00e9tat de somnolence pour reprendre du service. La violence et la d\u00e9termination avec lesquelles il a fait boucler en quatre jours l\u2019\u00e9tape d\u2019incarc\u00e9ration de Pape Al\u00e9 Niang menace fondamentalement la profession de journaliste, mais aussi le droit \u00e0 l\u2019information des S\u00e9n\u00e9galais. Du reste, il se satisferait bien que les journalistes s\u00e9n\u00e9galais se transforment en chroniqueurs de chiens \u00e9cras\u00e9s, de ragots de comptoir, de faits divers spectaculaires\u2026 loin des probl\u00e9matiques qui structurent l\u2019\u00e9tat r\u00e9el du pays. \u00a0Mais \u00ab Le Monstre \u00bb doit se convaincre \u2013 et d\u00e9finitivement &#8211; que les journalistes s\u00e9n\u00e9galais n\u2019acceptent pas d\u2019\u00eatre les victimes expiatoires des dysfonctionnements de ses pratiques politiciennes. Les hommes et femmes des m\u00e9dias qui ont fait le choix de servir l\u2019int\u00e9r\u00eat public g\u00e9n\u00e9ral n\u2019ont pas vocation \u00e0 \u00eatre les otages de concepts fourre-tout dont les finalit\u00e9s servent en fin de compte l\u2019affairisme de groupuscules priv\u00e9s de politiciens publics. C\u2019est rigoureusement impensable ! \u00a0Pape Al\u00e9 Niang ne m\u00e9ritait pas un instant de passer une seule nuit en prison. Les motifs inavou\u00e9s de son embastillement rel\u00e8vent de l\u2019instrumentalisation flagrante d\u2019une justice au sein de laquelle l\u2019hyper-puissance d\u2019une marionnette enchant\u00e9e d\u00e9nomm\u00e9e Parquet a d\u00e9cid\u00e9 de r\u00e9duire nos libert\u00e9s \u00e0 leur plus petite expression, sur ordre d\u2019un pouvoir politique en stage d\u2019autoritarisme. Ce ne sont pas seulement les journalistes et les activistes qui font les frais de ces d\u00e9rives liberticides, c\u2019est aussi une certaine id\u00e9e de la d\u00e9mocratie et de la s\u00e9paration r\u00e9elle des pouvoirs qui est en train d\u2019\u00eatre an\u00e9antie. \u00a0Avant d\u2019\u00eatre assassin\u00e9 par des mercenaires du r\u00e9gime de Blaise Compaor\u00e9, le journaliste d\u2019investigation burkinab\u00e8 Norbert Zongo \u00e9crivait en 1993 que \u00ab les peuples comme les hommes finissent toujours par payer leurs compromissions politiques : avec des larmes parfois, du sang souvent, mais toujours dans la douleur. \u00bb \u00a0Pour nous S\u00e9n\u00e9galais, il est encore temps\" \/>\n<meta property=\"og:url\" content=\"https:\/\/www.public.sn\/index.php\/2022\/11\/14\/edito-commun-le-monstre-trahit-encore-son-serment\/\" \/>\n<meta property=\"og:site_name\" content=\"LE PUBLIC\" \/>\n<meta property=\"article:published_time\" content=\"2022-11-14T08:18:20+00:00\" \/>\n<meta property=\"article:modified_time\" content=\"2022-11-14T08:18:21+00:00\" \/>\n<meta property=\"og:image\" content=\"https:\/\/www.public.sn\/wp-content\/uploads\/2022\/11\/cap.webp\" \/>\n\t<meta property=\"og:image:width\" content=\"717\" \/>\n\t<meta property=\"og:image:height\" content=\"443\" \/>\n\t<meta property=\"og:image:type\" content=\"image\/webp\" \/>\n<meta name=\"author\" content=\"LA REDACTION\" \/>\n<meta name=\"twitter:card\" content=\"summary_large_image\" \/>\n<meta name=\"twitter:label1\" content=\"\u00c9crit par\" \/>\n\t<meta name=\"twitter:data1\" content=\"LA REDACTION\" \/>\n\t<meta name=\"twitter:label2\" content=\"Dur\u00e9e de lecture estim\u00e9e\" \/>\n\t<meta name=\"twitter:data2\" content=\"5 minutes\" \/>\n<script type=\"application\/ld+json\" class=\"yoast-schema-graph\">{\"@context\":\"https:\/\/schema.org\",\"@graph\":[{\"@type\":\"Article\",\"@id\":\"https:\/\/www.public.sn\/index.php\/2022\/11\/14\/edito-commun-le-monstre-trahit-encore-son-serment\/#article\",\"isPartOf\":{\"@id\":\"https:\/\/www.public.sn\/index.php\/2022\/11\/14\/edito-commun-le-monstre-trahit-encore-son-serment\/\"},\"author\":{\"name\":\"LA REDACTION\",\"@id\":\"https:\/\/www.public.sn\/#\/schema\/person\/cb76c8e1b8becc6be61fb5e92d6d0224\"},\"headline\":\"Edito Commun : Le monstre trahit encore son serment\",\"datePublished\":\"2022-11-14T08:18:20+00:00\",\"dateModified\":\"2022-11-14T08:18:21+00:00\",\"mainEntityOfPage\":{\"@id\":\"https:\/\/www.public.sn\/index.php\/2022\/11\/14\/edito-commun-le-monstre-trahit-encore-son-serment\/\"},\"wordCount\":1155,\"commentCount\":0,\"publisher\":{\"@id\":\"https:\/\/www.public.sn\/#organization\"},\"image\":{\"@id\":\"https:\/\/www.public.sn\/index.php\/2022\/11\/14\/edito-commun-le-monstre-trahit-encore-son-serment\/#primaryimage\"},\"thumbnailUrl\":\"https:\/\/www.public.sn\/wp-content\/uploads\/2022\/11\/cap.webp\",\"keywords\":[\"aff pape al\u00e9\",\"edito commun\",\"le monstre\"],\"articleSection\":[\"ACTUALIT\u00c9S\",\"M\u00c9DIAS\",\"S\u00c9N\u00c9GAL\",\"VEDETTE\"],\"inLanguage\":\"fr-FR\",\"potentialAction\":[{\"@type\":\"CommentAction\",\"name\":\"Comment\",\"target\":[\"https:\/\/www.public.sn\/index.php\/2022\/11\/14\/edito-commun-le-monstre-trahit-encore-son-serment\/#respond\"]}]},{\"@type\":\"WebPage\",\"@id\":\"https:\/\/www.public.sn\/index.php\/2022\/11\/14\/edito-commun-le-monstre-trahit-encore-son-serment\/\",\"url\":\"https:\/\/www.public.sn\/index.php\/2022\/11\/14\/edito-commun-le-monstre-trahit-encore-son-serment\/\",\"name\":\"Edito Commun : Le monstre trahit encore son serment - LE PUBLIC\",\"isPartOf\":{\"@id\":\"https:\/\/www.public.sn\/#website\"},\"primaryImageOfPage\":{\"@id\":\"https:\/\/www.public.sn\/index.php\/2022\/11\/14\/edito-commun-le-monstre-trahit-encore-son-serment\/#primaryimage\"},\"image\":{\"@id\":\"https:\/\/www.public.sn\/index.php\/2022\/11\/14\/edito-commun-le-monstre-trahit-encore-son-serment\/#primaryimage\"},\"thumbnailUrl\":\"https:\/\/www.public.sn\/wp-content\/uploads\/2022\/11\/cap.webp\",\"datePublished\":\"2022-11-14T08:18:20+00:00\",\"dateModified\":\"2022-11-14T08:18:21+00:00\",\"breadcrumb\":{\"@id\":\"https:\/\/www.public.sn\/index.php\/2022\/11\/14\/edito-commun-le-monstre-trahit-encore-son-serment\/#breadcrumb\"},\"inLanguage\":\"fr-FR\",\"potentialAction\":[{\"@type\":\"ReadAction\",\"target\":[\"https:\/\/www.public.sn\/index.php\/2022\/11\/14\/edito-commun-le-monstre-trahit-encore-son-serment\/\"]}]},{\"@type\":\"ImageObject\",\"inLanguage\":\"fr-FR\",\"@id\":\"https:\/\/www.public.sn\/index.php\/2022\/11\/14\/edito-commun-le-monstre-trahit-encore-son-serment\/#primaryimage\",\"url\":\"https:\/\/www.public.sn\/wp-content\/uploads\/2022\/11\/cap.webp\",\"contentUrl\":\"https:\/\/www.public.sn\/wp-content\/uploads\/2022\/11\/cap.webp\",\"width\":717,\"height\":443,\"caption\":\"publicsn\"},{\"@type\":\"BreadcrumbList\",\"@id\":\"https:\/\/www.public.sn\/index.php\/2022\/11\/14\/edito-commun-le-monstre-trahit-encore-son-serment\/#breadcrumb\",\"itemListElement\":[{\"@type\":\"ListItem\",\"position\":1,\"name\":\"Accueil\",\"item\":\"https:\/\/www.public.sn\/\"},{\"@type\":\"ListItem\",\"position\":2,\"name\":\"Edito Commun : Le monstre trahit encore son serment\"}]},{\"@type\":\"WebSite\",\"@id\":\"https:\/\/www.public.sn\/#website\",\"url\":\"https:\/\/www.public.sn\/\",\"name\":\"LE PUBLIC\",\"description\":\"\",\"publisher\":{\"@id\":\"https:\/\/www.public.sn\/#organization\"},\"potentialAction\":[{\"@type\":\"SearchAction\",\"target\":{\"@type\":\"EntryPoint\",\"urlTemplate\":\"https:\/\/www.public.sn\/?s={search_term_string}\"},\"query-input\":{\"@type\":\"PropertyValueSpecification\",\"valueRequired\":true,\"valueName\":\"search_term_string\"}}],\"inLanguage\":\"fr-FR\"},{\"@type\":\"Organization\",\"@id\":\"https:\/\/www.public.sn\/#organization\",\"name\":\"LE PUBLIC\",\"url\":\"https:\/\/www.public.sn\/\",\"logo\":{\"@type\":\"ImageObject\",\"inLanguage\":\"fr-FR\",\"@id\":\"https:\/\/www.public.sn\/#\/schema\/logo\/image\/\",\"url\":\"https:\/\/www.public.sn\/wp-content\/uploads\/2024\/05\/cropped-LOGO-PUBLIC.SN_.png\",\"contentUrl\":\"https:\/\/www.public.sn\/wp-content\/uploads\/2024\/05\/cropped-LOGO-PUBLIC.SN_.png\",\"width\":682,\"height\":192,\"caption\":\"LE PUBLIC\"},\"image\":{\"@id\":\"https:\/\/www.public.sn\/#\/schema\/logo\/image\/\"}},{\"@type\":\"Person\",\"@id\":\"https:\/\/www.public.sn\/#\/schema\/person\/cb76c8e1b8becc6be61fb5e92d6d0224\",\"name\":\"LA REDACTION\",\"image\":{\"@type\":\"ImageObject\",\"inLanguage\":\"fr-FR\",\"@id\":\"https:\/\/www.public.sn\/#\/schema\/person\/image\/\",\"url\":\"https:\/\/secure.gravatar.com\/avatar\/2dce5ddd34b8fef0180efe03aa2a9bee7d953856048f9a16b298190a3178407c?s=96&d=mm&r=g\",\"contentUrl\":\"https:\/\/secure.gravatar.com\/avatar\/2dce5ddd34b8fef0180efe03aa2a9bee7d953856048f9a16b298190a3178407c?s=96&d=mm&r=g\",\"caption\":\"LA REDACTION\"},\"url\":\"https:\/\/www.public.sn\/index.php\/author\/editeurpsn\/\"}]}<\/script>\n<!-- \/ Yoast SEO plugin. -->","yoast_head_json":{"title":"Edito Commun : Le monstre trahit encore son serment - LE PUBLIC","robots":{"index":"index","follow":"follow","max-snippet":"max-snippet:-1","max-image-preview":"max-image-preview:large","max-video-preview":"max-video-preview:-1"},"canonical":"https:\/\/www.public.sn\/index.php\/2022\/11\/14\/edito-commun-le-monstre-trahit-encore-son-serment\/","og_locale":"fr_FR","og_type":"article","og_title":"Edito Commun : Le monstre trahit encore son serment - LE PUBLIC","og_description":"Sur une cha\u00eene de t\u00e9l\u00e9vision fran\u00e7aise en octobre 2015, Macky Sall, alors pr\u00e9sident de la R\u00e9publique depuis 3 ans et demi, prenait l\u2019engagement solennel suivant : \u00ab Vous ne verrez jamais au S\u00e9n\u00e9gal pendant ma gouvernance, un journaliste mis en prison pour d\u00e9lit de presse. Les journalistes n\u2019ont aucun risque au S\u00e9n\u00e9gal. \u00c7a, je le dis tr\u00e8s clairement et je ne serai pas d\u00e9menti. \u00bb Sept ans plus tard, pr\u00e9cis\u00e9ment le 9 novembre 2022, le journaliste Pape Al\u00e9 Niang, directeur du site d\u2019informations Dakarmatin.com, est rafl\u00e9 puis jet\u00e9 en prison pour des\u2026 d\u00e9lits de presse. Rattrap\u00e9 par l\u2019histoire, le Pr\u00e9sident Macky Sall a bel et bien \u00e9t\u00e9 d\u00e9menti par ses propres services. En effet, c\u2019est le procureur de la R\u00e9publique, le bras judiciaire tout-puissant du pouvoir politique, qui a fix\u00e9 les r\u00e9quisitions ayant pr\u00e9cipit\u00e9 l\u2019emprisonnement de notre confr\u00e8re \u00e0 la prison de S\u00e9bikhotane. On ne se consolera pas de constater que ce n\u2019est pas la premi\u00e8re fois que le Pr\u00e9sident Sall est pris en flagrant d\u00e9lit de violation de ses propres engagements devant le peuple s\u00e9n\u00e9galais et m\u00eame devant la Communaut\u00e9 internationale. Mais l\u2019agression du 9-novembre contre la presse s\u00e9n\u00e9galaise qui aboutit \u00e0 priver de libert\u00e9 un journaliste dans l\u2019exercice de ses fonctions est autrement plus grave. Il s\u2019agit d\u2019une atteinte d\u00e9lib\u00e9r\u00e9e et intol\u00e9rable aux droits sacr\u00e9s et inali\u00e9nables que la Constitution du S\u00e9n\u00e9gal, la D\u00e9claration universelle des droits de l\u2019homme et des Chartes internationales comme celle de Munich reconnaissent express\u00e9ment \u00e0 ceux et celles qui exercent le m\u00e9tier de journaliste. C\u2019est clairement inacceptable ! L\u2019arrestation de Pape Al\u00e9 Niang en pleine rue alors qu\u2019il vaquait \u00e0 ses occupations &#8211; violence symbolique &#8211; et la diligence avec laquelle il a \u00e9t\u00e9 priv\u00e9 de libert\u00e9 est une op\u00e9ration politique kamikaze. Son but ultime est, au pire, de neutraliser les plumes et voix encore attir\u00e9es par le r\u00e9flexe professionnel de fouiner dans les placards \u00e0 cafards des d\u00e9tenteurs de responsabilit\u00e9s publiques, au minimum de susciter une \u00e9pid\u00e9mie d\u2019autocensures et de renoncements dans les rangs de notre profession. C\u2019est inenvisageable ! Cette tentative d\u2019assignation \u00e0 r\u00e9sidence du journalisme de qualit\u00e9 entre les ge\u00f4les de la m\u00e9diocrit\u00e9 et les souterrains p\u00e9nitenciers de la r\u00e9v\u00e9rence est un m\u00e9pris et une insulte \u00e0 l\u2019endroit de tous ceux qui ont fait le serment d\u2019informer vrai en toutes circonstances. Dans son ouvrage \u00ab La valeur de l\u2019information \u00bb, Edwy Plenel, directeur co-fondateur de Mediapart, identifie \u00ab deux \u00e9l\u00e9ments d\u00e9cisifs \u00bb qui donnent sens au journalisme : \u00ab L&rsquo;obligation envers la v\u00e9rit\u00e9 et la loyaut\u00e9 vis-\u00e0-vis du public. \u00bb Au regard de cela, Pape Al\u00e9 Niang doit-il rester encore en prison ? NON ! Cette affaire-ci est un v\u00e9ritable tournant porteur d\u2019une jurisprudence fondatrice soit d\u2019un musellement l\u00e9galis\u00e9 de la presse s\u00e9n\u00e9galaise, soit d\u2019un environnement de travail o\u00f9 les journalistes continuent de s\u2019\u00e9panouir sous le contr\u00f4le de leurs pairs et des principes de libert\u00e9\/responsabilit\u00e9 conformes aux fondamentaux de leur m\u00e9tier. Ce qui se joue ici et maintenant est donc d\u2019une gravit\u00e9 exceptionnelle pour l\u2019avenir de la presse, des journalistes, de la libert\u00e9 d\u2019information, du droit \u00e0 l\u2019information pour le public. Avons-nous encore le pouvoir d\u2019informer les S\u00e9n\u00e9galais en toute libert\u00e9 ? Avons-nous toujours le pouvoir de choisir, en toute libert\u00e9, les orientations d\u2019une mission de service public chevill\u00e9e \u00e0 la d\u00e9fense de l\u2019int\u00e9r\u00eat g\u00e9n\u00e9ral ? Avons-nous le pouvoir de refuser les injonctions &#8211; aimables ou directrices &#8211; qui infiltrent notre profession en la caporalisant au service d\u2019int\u00e9r\u00eats priv\u00e9s couverts du manteau de la puissance publique ? Les \u00ab OUI \u00bb \u00e0 ces questions ne d\u00e9pendent que de nous, journalistes, et de tous les d\u00e9membrements du peuple s\u00e9n\u00e9galais attach\u00e9s aux libert\u00e9s de presse et d\u2019expression. Les \u00ab NON \u00bb aussi. Les soubassements politico-revanchards qui caract\u00e9risent ce dossier puent \u00e0 dix mille lieux. Leur \u00e9vidence est grotesque et manifeste. Ils sont les pr\u00e9liminaires d\u2019une offensive visant \u00e0 r\u00e9duire au silence toutes sortes de contestations de nature \u00e0 mettre en cause la volont\u00e9 de puissance qui sous-tend la gouvernance actuelle du S\u00e9n\u00e9gal. Les puissants enjeux politiques qui pointent \u00e0 l\u2019horizon, en particulier l\u2019\u00e9lection pr\u00e9sidentielle de f\u00e9vrier 2024, en sont LA RAISON ESSENTIELLE. Les m\u00e9dias encore libres en sont LES CIBLES. \u00a0Apr\u00e8s avoir fait semblant de dormir, le \u00ab Monstre \u00bb a d\u00fb quitter l\u2019\u00e9tat de somnolence pour reprendre du service. La violence et la d\u00e9termination avec lesquelles il a fait boucler en quatre jours l\u2019\u00e9tape d\u2019incarc\u00e9ration de Pape Al\u00e9 Niang menace fondamentalement la profession de journaliste, mais aussi le droit \u00e0 l\u2019information des S\u00e9n\u00e9galais. Du reste, il se satisferait bien que les journalistes s\u00e9n\u00e9galais se transforment en chroniqueurs de chiens \u00e9cras\u00e9s, de ragots de comptoir, de faits divers spectaculaires\u2026 loin des probl\u00e9matiques qui structurent l\u2019\u00e9tat r\u00e9el du pays. \u00a0Mais \u00ab Le Monstre \u00bb doit se convaincre \u2013 et d\u00e9finitivement &#8211; que les journalistes s\u00e9n\u00e9galais n\u2019acceptent pas d\u2019\u00eatre les victimes expiatoires des dysfonctionnements de ses pratiques politiciennes. Les hommes et femmes des m\u00e9dias qui ont fait le choix de servir l\u2019int\u00e9r\u00eat public g\u00e9n\u00e9ral n\u2019ont pas vocation \u00e0 \u00eatre les otages de concepts fourre-tout dont les finalit\u00e9s servent en fin de compte l\u2019affairisme de groupuscules priv\u00e9s de politiciens publics. C\u2019est rigoureusement impensable ! \u00a0Pape Al\u00e9 Niang ne m\u00e9ritait pas un instant de passer une seule nuit en prison. Les motifs inavou\u00e9s de son embastillement rel\u00e8vent de l\u2019instrumentalisation flagrante d\u2019une justice au sein de laquelle l\u2019hyper-puissance d\u2019une marionnette enchant\u00e9e d\u00e9nomm\u00e9e Parquet a d\u00e9cid\u00e9 de r\u00e9duire nos libert\u00e9s \u00e0 leur plus petite expression, sur ordre d\u2019un pouvoir politique en stage d\u2019autoritarisme. Ce ne sont pas seulement les journalistes et les activistes qui font les frais de ces d\u00e9rives liberticides, c\u2019est aussi une certaine id\u00e9e de la d\u00e9mocratie et de la s\u00e9paration r\u00e9elle des pouvoirs qui est en train d\u2019\u00eatre an\u00e9antie. \u00a0Avant d\u2019\u00eatre assassin\u00e9 par des mercenaires du r\u00e9gime de Blaise Compaor\u00e9, le journaliste d\u2019investigation burkinab\u00e8 Norbert Zongo \u00e9crivait en 1993 que \u00ab les peuples comme les hommes finissent toujours par payer leurs compromissions politiques : avec des larmes parfois, du sang souvent, mais toujours dans la douleur. \u00bb \u00a0Pour nous S\u00e9n\u00e9galais, il est encore temps","og_url":"https:\/\/www.public.sn\/index.php\/2022\/11\/14\/edito-commun-le-monstre-trahit-encore-son-serment\/","og_site_name":"LE PUBLIC","article_published_time":"2022-11-14T08:18:20+00:00","article_modified_time":"2022-11-14T08:18:21+00:00","og_image":[{"width":717,"height":443,"url":"https:\/\/www.public.sn\/wp-content\/uploads\/2022\/11\/cap.webp","type":"image\/webp"}],"author":"LA REDACTION","twitter_card":"summary_large_image","twitter_misc":{"\u00c9crit par":"LA REDACTION","Dur\u00e9e de lecture estim\u00e9e":"5 minutes"},"schema":{"@context":"https:\/\/schema.org","@graph":[{"@type":"Article","@id":"https:\/\/www.public.sn\/index.php\/2022\/11\/14\/edito-commun-le-monstre-trahit-encore-son-serment\/#article","isPartOf":{"@id":"https:\/\/www.public.sn\/index.php\/2022\/11\/14\/edito-commun-le-monstre-trahit-encore-son-serment\/"},"author":{"name":"LA REDACTION","@id":"https:\/\/www.public.sn\/#\/schema\/person\/cb76c8e1b8becc6be61fb5e92d6d0224"},"headline":"Edito Commun : Le monstre trahit encore son serment","datePublished":"2022-11-14T08:18:20+00:00","dateModified":"2022-11-14T08:18:21+00:00","mainEntityOfPage":{"@id":"https:\/\/www.public.sn\/index.php\/2022\/11\/14\/edito-commun-le-monstre-trahit-encore-son-serment\/"},"wordCount":1155,"commentCount":0,"publisher":{"@id":"https:\/\/www.public.sn\/#organization"},"image":{"@id":"https:\/\/www.public.sn\/index.php\/2022\/11\/14\/edito-commun-le-monstre-trahit-encore-son-serment\/#primaryimage"},"thumbnailUrl":"https:\/\/www.public.sn\/wp-content\/uploads\/2022\/11\/cap.webp","keywords":["aff pape al\u00e9","edito commun","le monstre"],"articleSection":["ACTUALIT\u00c9S","M\u00c9DIAS","S\u00c9N\u00c9GAL","VEDETTE"],"inLanguage":"fr-FR","potentialAction":[{"@type":"CommentAction","name":"Comment","target":["https:\/\/www.public.sn\/index.php\/2022\/11\/14\/edito-commun-le-monstre-trahit-encore-son-serment\/#respond"]}]},{"@type":"WebPage","@id":"https:\/\/www.public.sn\/index.php\/2022\/11\/14\/edito-commun-le-monstre-trahit-encore-son-serment\/","url":"https:\/\/www.public.sn\/index.php\/2022\/11\/14\/edito-commun-le-monstre-trahit-encore-son-serment\/","name":"Edito Commun : Le monstre trahit encore son serment - LE PUBLIC","isPartOf":{"@id":"https:\/\/www.public.sn\/#website"},"primaryImageOfPage":{"@id":"https:\/\/www.public.sn\/index.php\/2022\/11\/14\/edito-commun-le-monstre-trahit-encore-son-serment\/#primaryimage"},"image":{"@id":"https:\/\/www.public.sn\/index.php\/2022\/11\/14\/edito-commun-le-monstre-trahit-encore-son-serment\/#primaryimage"},"thumbnailUrl":"https:\/\/www.public.sn\/wp-content\/uploads\/2022\/11\/cap.webp","datePublished":"2022-11-14T08:18:20+00:00","dateModified":"2022-11-14T08:18:21+00:00","breadcrumb":{"@id":"https:\/\/www.public.sn\/index.php\/2022\/11\/14\/edito-commun-le-monstre-trahit-encore-son-serment\/#breadcrumb"},"inLanguage":"fr-FR","potentialAction":[{"@type":"ReadAction","target":["https:\/\/www.public.sn\/index.php\/2022\/11\/14\/edito-commun-le-monstre-trahit-encore-son-serment\/"]}]},{"@type":"ImageObject","inLanguage":"fr-FR","@id":"https:\/\/www.public.sn\/index.php\/2022\/11\/14\/edito-commun-le-monstre-trahit-encore-son-serment\/#primaryimage","url":"https:\/\/www.public.sn\/wp-content\/uploads\/2022\/11\/cap.webp","contentUrl":"https:\/\/www.public.sn\/wp-content\/uploads\/2022\/11\/cap.webp","width":717,"height":443,"caption":"publicsn"},{"@type":"BreadcrumbList","@id":"https:\/\/www.public.sn\/index.php\/2022\/11\/14\/edito-commun-le-monstre-trahit-encore-son-serment\/#breadcrumb","itemListElement":[{"@type":"ListItem","position":1,"name":"Accueil","item":"https:\/\/www.public.sn\/"},{"@type":"ListItem","position":2,"name":"Edito Commun : Le monstre trahit encore son serment"}]},{"@type":"WebSite","@id":"https:\/\/www.public.sn\/#website","url":"https:\/\/www.public.sn\/","name":"LE PUBLIC","description":"","publisher":{"@id":"https:\/\/www.public.sn\/#organization"},"potentialAction":[{"@type":"SearchAction","target":{"@type":"EntryPoint","urlTemplate":"https:\/\/www.public.sn\/?s={search_term_string}"},"query-input":{"@type":"PropertyValueSpecification","valueRequired":true,"valueName":"search_term_string"}}],"inLanguage":"fr-FR"},{"@type":"Organization","@id":"https:\/\/www.public.sn\/#organization","name":"LE PUBLIC","url":"https:\/\/www.public.sn\/","logo":{"@type":"ImageObject","inLanguage":"fr-FR","@id":"https:\/\/www.public.sn\/#\/schema\/logo\/image\/","url":"https:\/\/www.public.sn\/wp-content\/uploads\/2024\/05\/cropped-LOGO-PUBLIC.SN_.png","contentUrl":"https:\/\/www.public.sn\/wp-content\/uploads\/2024\/05\/cropped-LOGO-PUBLIC.SN_.png","width":682,"height":192,"caption":"LE PUBLIC"},"image":{"@id":"https:\/\/www.public.sn\/#\/schema\/logo\/image\/"}},{"@type":"Person","@id":"https:\/\/www.public.sn\/#\/schema\/person\/cb76c8e1b8becc6be61fb5e92d6d0224","name":"LA REDACTION","image":{"@type":"ImageObject","inLanguage":"fr-FR","@id":"https:\/\/www.public.sn\/#\/schema\/person\/image\/","url":"https:\/\/secure.gravatar.com\/avatar\/2dce5ddd34b8fef0180efe03aa2a9bee7d953856048f9a16b298190a3178407c?s=96&d=mm&r=g","contentUrl":"https:\/\/secure.gravatar.com\/avatar\/2dce5ddd34b8fef0180efe03aa2a9bee7d953856048f9a16b298190a3178407c?s=96&d=mm&r=g","caption":"LA REDACTION"},"url":"https:\/\/www.public.sn\/index.php\/author\/editeurpsn\/"}]}},"jetpack_featured_media_url":"https:\/\/www.public.sn\/wp-content\/uploads\/2022\/11\/cap.webp","jetpack_sharing_enabled":true,"_links":{"self":[{"href":"https:\/\/www.public.sn\/index.php\/wp-json\/wp\/v2\/posts\/8495","targetHints":{"allow":["GET"]}}],"collection":[{"href":"https:\/\/www.public.sn\/index.php\/wp-json\/wp\/v2\/posts"}],"about":[{"href":"https:\/\/www.public.sn\/index.php\/wp-json\/wp\/v2\/types\/post"}],"author":[{"embeddable":true,"href":"https:\/\/www.public.sn\/index.php\/wp-json\/wp\/v2\/users\/7"}],"replies":[{"embeddable":true,"href":"https:\/\/www.public.sn\/index.php\/wp-json\/wp\/v2\/comments?post=8495"}],"version-history":[{"count":1,"href":"https:\/\/www.public.sn\/index.php\/wp-json\/wp\/v2\/posts\/8495\/revisions"}],"predecessor-version":[{"id":8498,"href":"https:\/\/www.public.sn\/index.php\/wp-json\/wp\/v2\/posts\/8495\/revisions\/8498"}],"wp:featuredmedia":[{"embeddable":true,"href":"https:\/\/www.public.sn\/index.php\/wp-json\/wp\/v2\/media\/8496"}],"wp:attachment":[{"href":"https:\/\/www.public.sn\/index.php\/wp-json\/wp\/v2\/media?parent=8495"}],"wp:term":[{"taxonomy":"category","embeddable":true,"href":"https:\/\/www.public.sn\/index.php\/wp-json\/wp\/v2\/categories?post=8495"},{"taxonomy":"post_tag","embeddable":true,"href":"https:\/\/www.public.sn\/index.php\/wp-json\/wp\/v2\/tags?post=8495"}],"curies":[{"name":"wp","href":"https:\/\/api.w.org\/{rel}","templated":true}]}}