{"id":8614,"date":"2022-11-14T19:20:16","date_gmt":"2022-11-14T19:20:16","guid":{"rendered":"https:\/\/www.public.sn\/?p=8614"},"modified":"2022-11-14T20:13:24","modified_gmt":"2022-11-14T20:13:24","slug":"ousmane-sarr-descend-macky-sall-et-fait-des-revelations-sur-laffaire-adji-sarr-ousmane-sonko-pan","status":"publish","type":"post","link":"https:\/\/www.public.sn\/index.php\/2022\/11\/14\/ousmane-sarr-descend-macky-sall-et-fait-des-revelations-sur-laffaire-adji-sarr-ousmane-sonko-pan\/","title":{"rendered":"Ousmane Sarr descend Macky Sall et fait des r\u00e9v\u00e9lations sur l\u2019affaire Adji Sarr Ousmane Sonko, PAN\u2026"},"content":{"rendered":"\n<p><\/p>\n\n\n\n<p><strong>En entretien ce lundi avec PublicSN, Ousmane Sarr du collectif pour la lib\u00e9ration des d\u00e9tenus politiques(COLIDEP). A saisi l\u2019occasion pour tirer sur le pr\u00e9sident de la R\u00e9publique Macky Sall. \u00ab&nbsp;<em>C\u2019est un dictateur et le procureur est un corrompu tel est le slogan qu\u2019on utilise lors de nos manifestations&nbsp;<\/em>\u00bb a martel\u00e9 l\u2019activiste.<\/strong><\/p><div class=\"publi-paragraphe1\" style=\"margin-top: 10px;margin-bottom: 10px;margin-left: auto;margin-right: auto;text-align: center;\" id=\"publi-3922722335\"><div class=\"publi-adlabel\">Publicit\u00e9<\/div><script async src=\"\/\/pagead2.googlesyndication.com\/pagead\/js\/adsbygoogle.js?client=ca-pub-4089586018074219\" crossorigin=\"anonymous\"><\/script><ins class=\"adsbygoogle\" style=\"display:block;\" data-ad-client=\"ca-pub-4089586018074219\" \ndata-ad-slot=\"2087940154\" \ndata-ad-format=\"auto\"><\/ins>\n<script> \n(adsbygoogle = window.adsbygoogle || []).push({}); \n<\/script>\n<\/div>\n\n\n\n<p>Arr\u00eat\u00e9 lors de leur derni\u00e8re manifestation, non autoris\u00e9e par le pr\u00e9fet de Dakar, l\u2019activiste revient sur son arrestation \u00ab&nbsp;<em>nous \u00e9tions &nbsp;\u00e0 la brigade de Belle-Air, arriv\u00e9 l\u00e0-bas on nous a mis dans une cellule pleine d\u2019ordures, on l\u2019a nettoy\u00e9 le lendemain&nbsp;<\/em>\u00bb, confi t-il. .<\/p>\n\n\n\n<p>&nbsp;Poursuivant l\u2019activiste explique comment l\u2019enqu\u00eate s\u2019est&nbsp; pass\u00e9e avant d\u2019\u00eatre lib\u00e9r\u00e9s \u00ab&nbsp;<em>quand l\u2019enqu\u00eateur est venu il nous a demand\u00e9 si nous faisions partie de Pastef&nbsp;?<\/em>\u00bb,d\u00e9clare l\u2019activiste Ousmane Sarr.<\/p>\n\n\n\n<p>Par Mame Marie THIAM<\/p>\n\n\n<p><iframe width=\"868\" height=\"488\" src=\"https:\/\/www.youtube.com\/embed\/q6LG8d2cY4E\" title=\"Ousmane Sarr descend Macky Sali et fait des r\u00e9v\u00e9lations sur l'affaire Adji Sarr -Sonko, PAN.\" frameborder=\"0\" allow=\"accelerometer; autoplay; clipboard-write; encrypted-media; gyroscope; picture-in-picture\" allowfullscreen=\"\"><\/iframe><\/p><div class=\"publi-apres-le-contenu\" style=\"margin-top: 10px;margin-bottom: 10px;margin-left: auto;margin-right: auto;text-align: center;\" id=\"publi-2205779523\"><div class=\"publi-adlabel\">Publicit\u00e9<\/div><script async src=\"\/\/pagead2.googlesyndication.com\/pagead\/js\/adsbygoogle.js?client=ca-pub-4089586018074219\" crossorigin=\"anonymous\"><\/script><ins class=\"adsbygoogle\" style=\"display:block;\" data-ad-client=\"ca-pub-4089586018074219\" \ndata-ad-slot=\"2087940154\" \ndata-ad-format=\"auto\"><\/ins>\n<script> \n(adsbygoogle = window.adsbygoogle || []).push({}); \n<\/script>\n<\/div>","protected":false},"excerpt":{"rendered":"<p>En entretien ce lundi avec PublicSN, Ousmane Sarr du collectif pour la lib\u00e9ration des d\u00e9tenus politiques(COLIDEP). A saisi l\u2019occasion pour tirer sur le pr\u00e9sident de la R\u00e9publique Macky Sall. \u00ab&nbsp;C\u2019est un dictateur et le procureur est un corrompu tel est le slogan qu\u2019on utilise lors de nos manifestations&nbsp;\u00bb a martel\u00e9 l\u2019activiste. Arr\u00eat\u00e9 lors de leur derni\u00e8re manifestation, non autoris\u00e9e par le pr\u00e9fet de Dakar, l\u2019activiste revient sur son arrestation \u00ab&nbsp;nous \u00e9tions &nbsp;\u00e0 la brigade de Belle-Air, arriv\u00e9 l\u00e0-bas on nous a mis dans une cellule pleine d\u2019ordures, on l\u2019a nettoy\u00e9 le lendemain&nbsp;\u00bb, confi t-il. . &nbsp;Poursuivant l\u2019activiste explique comment l\u2019enqu\u00eate s\u2019est&nbsp; pass\u00e9e avant d\u2019\u00eatre lib\u00e9r\u00e9s \u00ab&nbsp;quand l\u2019enqu\u00eateur est venu il nous a demand\u00e9 si nous faisions partie de Pastef&nbsp;?\u00bb,d\u00e9clare l\u2019activiste Ousmane Sarr. Par Mame Marie THIAM<\/p>\n","protected":false},"author":7,"featured_media":8633,"comment_status":"open","ping_status":"open","sticky":false,"template":"","format":"standard","meta":{"_jetpack_memberships_contains_paid_content":false,"footnotes":""},"categories":[375,3,8,6],"tags":[11,2876],"class_list":["post-8614","post","type-post","status-publish","format-standard","has-post-thumbnail","hentry","category-actualites","category-politique","category-public-tv","category-videos","tag-macky-sall","tag-ousmane-sarr","entry","has-media","owp-thumbs-layout-horizontal","owp-btn-normal","owp-tabs-layout-horizontal","has-no-thumbnails","has-product-nav"],"yoast_head":"<!-- This site is optimized with the Yoast SEO plugin v25.5 - https:\/\/yoast.com\/wordpress\/plugins\/seo\/ -->\n<title>Ousmane Sarr descend Macky Sall et fait des r\u00e9v\u00e9lations sur l\u2019affaire Adji Sarr Ousmane Sonko, PAN\u2026 - LE PUBLIC<\/title>\n<meta name=\"robots\" content=\"index, follow, max-snippet:-1, max-image-preview:large, max-video-preview:-1\" \/>\n<link rel=\"canonical\" href=\"https:\/\/www.public.sn\/index.php\/2022\/11\/14\/ousmane-sarr-descend-macky-sall-et-fait-des-revelations-sur-laffaire-adji-sarr-ousmane-sonko-pan\/\" \/>\n<meta property=\"og:locale\" content=\"fr_FR\" \/>\n<meta property=\"og:type\" content=\"article\" \/>\n<meta property=\"og:title\" content=\"Ousmane Sarr descend Macky Sall et fait des r\u00e9v\u00e9lations sur l\u2019affaire Adji Sarr Ousmane Sonko, PAN\u2026 - LE PUBLIC\" \/>\n<meta property=\"og:description\" content=\"En entretien ce lundi avec PublicSN, Ousmane Sarr du collectif pour la lib\u00e9ration des d\u00e9tenus politiques(COLIDEP). A saisi l\u2019occasion pour tirer sur le pr\u00e9sident de la R\u00e9publique Macky Sall. \u00ab&nbsp;C\u2019est un dictateur et le procureur est un corrompu tel est le slogan qu\u2019on utilise lors de nos manifestations&nbsp;\u00bb a martel\u00e9 l\u2019activiste. Arr\u00eat\u00e9 lors de leur derni\u00e8re manifestation, non autoris\u00e9e par le pr\u00e9fet de Dakar, l\u2019activiste revient sur son arrestation \u00ab&nbsp;nous \u00e9tions &nbsp;\u00e0 la brigade de Belle-Air, arriv\u00e9 l\u00e0-bas on nous a mis dans une cellule pleine d\u2019ordures, on l\u2019a nettoy\u00e9 le lendemain&nbsp;\u00bb, confi t-il. . &nbsp;Poursuivant l\u2019activiste explique comment l\u2019enqu\u00eate s\u2019est&nbsp; pass\u00e9e avant d\u2019\u00eatre lib\u00e9r\u00e9s \u00ab&nbsp;quand l\u2019enqu\u00eateur est venu il nous a demand\u00e9 si nous faisions partie de Pastef&nbsp;?\u00bb,d\u00e9clare l\u2019activiste Ousmane Sarr. Par Mame Marie THIAM\" \/>\n<meta property=\"og:url\" content=\"https:\/\/www.public.sn\/index.php\/2022\/11\/14\/ousmane-sarr-descend-macky-sall-et-fait-des-revelations-sur-laffaire-adji-sarr-ousmane-sonko-pan\/\" \/>\n<meta property=\"og:site_name\" content=\"LE PUBLIC\" \/>\n<meta property=\"article:published_time\" content=\"2022-11-14T19:20:16+00:00\" \/>\n<meta property=\"article:modified_time\" content=\"2022-11-14T20:13:24+00:00\" \/>\n<meta property=\"og:image\" content=\"https:\/\/www.public.sn\/wp-content\/uploads\/2022\/11\/OUSMANE-SARR.png\" \/>\n\t<meta property=\"og:image:width\" content=\"449\" \/>\n\t<meta property=\"og:image:height\" content=\"325\" \/>\n\t<meta property=\"og:image:type\" content=\"image\/png\" \/>\n<meta name=\"author\" content=\"LA REDACTION\" \/>\n<meta name=\"twitter:card\" content=\"summary_large_image\" \/>\n<meta name=\"twitter:label1\" content=\"\u00c9crit par\" \/>\n\t<meta name=\"twitter:data1\" content=\"LA REDACTION\" \/>\n\t<meta name=\"twitter:label2\" content=\"Dur\u00e9e de lecture estim\u00e9e\" \/>\n\t<meta name=\"twitter:data2\" content=\"1 minute\" \/>\n<script type=\"application\/ld+json\" class=\"yoast-schema-graph\">{\"@context\":\"https:\/\/schema.org\",\"@graph\":[{\"@type\":\"Article\",\"@id\":\"https:\/\/www.public.sn\/index.php\/2022\/11\/14\/ousmane-sarr-descend-macky-sall-et-fait-des-revelations-sur-laffaire-adji-sarr-ousmane-sonko-pan\/#article\",\"isPartOf\":{\"@id\":\"https:\/\/www.public.sn\/index.php\/2022\/11\/14\/ousmane-sarr-descend-macky-sall-et-fait-des-revelations-sur-laffaire-adji-sarr-ousmane-sonko-pan\/\"},\"author\":{\"name\":\"LA REDACTION\",\"@id\":\"https:\/\/www.public.sn\/#\/schema\/person\/cb76c8e1b8becc6be61fb5e92d6d0224\"},\"headline\":\"Ousmane Sarr descend Macky Sall et fait des r\u00e9v\u00e9lations sur l\u2019affaire Adji Sarr Ousmane Sonko, PAN\u2026\",\"datePublished\":\"2022-11-14T19:20:16+00:00\",\"dateModified\":\"2022-11-14T20:13:24+00:00\",\"mainEntityOfPage\":{\"@id\":\"https:\/\/www.public.sn\/index.php\/2022\/11\/14\/ousmane-sarr-descend-macky-sall-et-fait-des-revelations-sur-laffaire-adji-sarr-ousmane-sonko-pan\/\"},\"wordCount\":182,\"commentCount\":0,\"publisher\":{\"@id\":\"https:\/\/www.public.sn\/#organization\"},\"image\":{\"@id\":\"https:\/\/www.public.sn\/index.php\/2022\/11\/14\/ousmane-sarr-descend-macky-sall-et-fait-des-revelations-sur-laffaire-adji-sarr-ousmane-sonko-pan\/#primaryimage\"},\"thumbnailUrl\":\"https:\/\/www.public.sn\/wp-content\/uploads\/2022\/11\/OUSMANE-SARR.png\",\"keywords\":[\"Macky Sall\",\"Ousmane Sarr\"],\"articleSection\":[\"ACTUALIT\u00c9S\",\"POLITIQUE\",\"PUBLIC TV\",\"VIDEOS\"],\"inLanguage\":\"fr-FR\",\"potentialAction\":[{\"@type\":\"CommentAction\",\"name\":\"Comment\",\"target\":[\"https:\/\/www.public.sn\/index.php\/2022\/11\/14\/ousmane-sarr-descend-macky-sall-et-fait-des-revelations-sur-laffaire-adji-sarr-ousmane-sonko-pan\/#respond\"]}]},{\"@type\":\"WebPage\",\"@id\":\"https:\/\/www.public.sn\/index.php\/2022\/11\/14\/ousmane-sarr-descend-macky-sall-et-fait-des-revelations-sur-laffaire-adji-sarr-ousmane-sonko-pan\/\",\"url\":\"https:\/\/www.public.sn\/index.php\/2022\/11\/14\/ousmane-sarr-descend-macky-sall-et-fait-des-revelations-sur-laffaire-adji-sarr-ousmane-sonko-pan\/\",\"name\":\"Ousmane Sarr descend Macky Sall et fait des r\u00e9v\u00e9lations sur l\u2019affaire Adji Sarr Ousmane Sonko, PAN\u2026 - LE PUBLIC\",\"isPartOf\":{\"@id\":\"https:\/\/www.public.sn\/#website\"},\"primaryImageOfPage\":{\"@id\":\"https:\/\/www.public.sn\/index.php\/2022\/11\/14\/ousmane-sarr-descend-macky-sall-et-fait-des-revelations-sur-laffaire-adji-sarr-ousmane-sonko-pan\/#primaryimage\"},\"image\":{\"@id\":\"https:\/\/www.public.sn\/index.php\/2022\/11\/14\/ousmane-sarr-descend-macky-sall-et-fait-des-revelations-sur-laffaire-adji-sarr-ousmane-sonko-pan\/#primaryimage\"},\"thumbnailUrl\":\"https:\/\/www.public.sn\/wp-content\/uploads\/2022\/11\/OUSMANE-SARR.png\",\"datePublished\":\"2022-11-14T19:20:16+00:00\",\"dateModified\":\"2022-11-14T20:13:24+00:00\",\"breadcrumb\":{\"@id\":\"https:\/\/www.public.sn\/index.php\/2022\/11\/14\/ousmane-sarr-descend-macky-sall-et-fait-des-revelations-sur-laffaire-adji-sarr-ousmane-sonko-pan\/#breadcrumb\"},\"inLanguage\":\"fr-FR\",\"potentialAction\":[{\"@type\":\"ReadAction\",\"target\":[\"https:\/\/www.public.sn\/index.php\/2022\/11\/14\/ousmane-sarr-descend-macky-sall-et-fait-des-revelations-sur-laffaire-adji-sarr-ousmane-sonko-pan\/\"]}]},{\"@type\":\"ImageObject\",\"inLanguage\":\"fr-FR\",\"@id\":\"https:\/\/www.public.sn\/index.php\/2022\/11\/14\/ousmane-sarr-descend-macky-sall-et-fait-des-revelations-sur-laffaire-adji-sarr-ousmane-sonko-pan\/#primaryimage\",\"url\":\"https:\/\/www.public.sn\/wp-content\/uploads\/2022\/11\/OUSMANE-SARR.png\",\"contentUrl\":\"https:\/\/www.public.sn\/wp-content\/uploads\/2022\/11\/OUSMANE-SARR.png\",\"width\":449,\"height\":325},{\"@type\":\"BreadcrumbList\",\"@id\":\"https:\/\/www.public.sn\/index.php\/2022\/11\/14\/ousmane-sarr-descend-macky-sall-et-fait-des-revelations-sur-laffaire-adji-sarr-ousmane-sonko-pan\/#breadcrumb\",\"itemListElement\":[{\"@type\":\"ListItem\",\"position\":1,\"name\":\"Accueil\",\"item\":\"https:\/\/www.public.sn\/\"},{\"@type\":\"ListItem\",\"position\":2,\"name\":\"Ousmane Sarr descend Macky Sall et fait des r\u00e9v\u00e9lations sur l\u2019affaire Adji Sarr Ousmane Sonko, PAN\u2026\"}]},{\"@type\":\"WebSite\",\"@id\":\"https:\/\/www.public.sn\/#website\",\"url\":\"https:\/\/www.public.sn\/\",\"name\":\"LE PUBLIC\",\"description\":\"\",\"publisher\":{\"@id\":\"https:\/\/www.public.sn\/#organization\"},\"potentialAction\":[{\"@type\":\"SearchAction\",\"target\":{\"@type\":\"EntryPoint\",\"urlTemplate\":\"https:\/\/www.public.sn\/?s={search_term_string}\"},\"query-input\":{\"@type\":\"PropertyValueSpecification\",\"valueRequired\":true,\"valueName\":\"search_term_string\"}}],\"inLanguage\":\"fr-FR\"},{\"@type\":\"Organization\",\"@id\":\"https:\/\/www.public.sn\/#organization\",\"name\":\"LE PUBLIC\",\"url\":\"https:\/\/www.public.sn\/\",\"logo\":{\"@type\":\"ImageObject\",\"inLanguage\":\"fr-FR\",\"@id\":\"https:\/\/www.public.sn\/#\/schema\/logo\/image\/\",\"url\":\"https:\/\/www.public.sn\/wp-content\/uploads\/2024\/05\/cropped-LOGO-PUBLIC.SN_.png\",\"contentUrl\":\"https:\/\/www.public.sn\/wp-content\/uploads\/2024\/05\/cropped-LOGO-PUBLIC.SN_.png\",\"width\":682,\"height\":192,\"caption\":\"LE PUBLIC\"},\"image\":{\"@id\":\"https:\/\/www.public.sn\/#\/schema\/logo\/image\/\"}},{\"@type\":\"Person\",\"@id\":\"https:\/\/www.public.sn\/#\/schema\/person\/cb76c8e1b8becc6be61fb5e92d6d0224\",\"name\":\"LA REDACTION\",\"image\":{\"@type\":\"ImageObject\",\"inLanguage\":\"fr-FR\",\"@id\":\"https:\/\/www.public.sn\/#\/schema\/person\/image\/\",\"url\":\"https:\/\/secure.gravatar.com\/avatar\/2dce5ddd34b8fef0180efe03aa2a9bee7d953856048f9a16b298190a3178407c?s=96&d=mm&r=g\",\"contentUrl\":\"https:\/\/secure.gravatar.com\/avatar\/2dce5ddd34b8fef0180efe03aa2a9bee7d953856048f9a16b298190a3178407c?s=96&d=mm&r=g\",\"caption\":\"LA REDACTION\"},\"url\":\"https:\/\/www.public.sn\/index.php\/author\/editeurpsn\/\"}]}<\/script>\n<!-- \/ Yoast SEO plugin. -->","yoast_head_json":{"title":"Ousmane Sarr descend Macky Sall et fait des r\u00e9v\u00e9lations sur l\u2019affaire Adji Sarr Ousmane Sonko, PAN\u2026 - LE PUBLIC","robots":{"index":"index","follow":"follow","max-snippet":"max-snippet:-1","max-image-preview":"max-image-preview:large","max-video-preview":"max-video-preview:-1"},"canonical":"https:\/\/www.public.sn\/index.php\/2022\/11\/14\/ousmane-sarr-descend-macky-sall-et-fait-des-revelations-sur-laffaire-adji-sarr-ousmane-sonko-pan\/","og_locale":"fr_FR","og_type":"article","og_title":"Ousmane Sarr descend Macky Sall et fait des r\u00e9v\u00e9lations sur l\u2019affaire Adji Sarr Ousmane Sonko, PAN\u2026 - LE PUBLIC","og_description":"En entretien ce lundi avec PublicSN, Ousmane Sarr du collectif pour la lib\u00e9ration des d\u00e9tenus politiques(COLIDEP). A saisi l\u2019occasion pour tirer sur le pr\u00e9sident de la R\u00e9publique Macky Sall. \u00ab&nbsp;C\u2019est un dictateur et le procureur est un corrompu tel est le slogan qu\u2019on utilise lors de nos manifestations&nbsp;\u00bb a martel\u00e9 l\u2019activiste. Arr\u00eat\u00e9 lors de leur derni\u00e8re manifestation, non autoris\u00e9e par le pr\u00e9fet de Dakar, l\u2019activiste revient sur son arrestation \u00ab&nbsp;nous \u00e9tions &nbsp;\u00e0 la brigade de Belle-Air, arriv\u00e9 l\u00e0-bas on nous a mis dans une cellule pleine d\u2019ordures, on l\u2019a nettoy\u00e9 le lendemain&nbsp;\u00bb, confi t-il. . &nbsp;Poursuivant l\u2019activiste explique comment l\u2019enqu\u00eate s\u2019est&nbsp; pass\u00e9e avant d\u2019\u00eatre lib\u00e9r\u00e9s \u00ab&nbsp;quand l\u2019enqu\u00eateur est venu il nous a demand\u00e9 si nous faisions partie de Pastef&nbsp;?\u00bb,d\u00e9clare l\u2019activiste Ousmane Sarr. Par Mame Marie THIAM","og_url":"https:\/\/www.public.sn\/index.php\/2022\/11\/14\/ousmane-sarr-descend-macky-sall-et-fait-des-revelations-sur-laffaire-adji-sarr-ousmane-sonko-pan\/","og_site_name":"LE PUBLIC","article_published_time":"2022-11-14T19:20:16+00:00","article_modified_time":"2022-11-14T20:13:24+00:00","og_image":[{"width":449,"height":325,"url":"https:\/\/www.public.sn\/wp-content\/uploads\/2022\/11\/OUSMANE-SARR.png","type":"image\/png"}],"author":"LA REDACTION","twitter_card":"summary_large_image","twitter_misc":{"\u00c9crit par":"LA REDACTION","Dur\u00e9e de lecture estim\u00e9e":"1 minute"},"schema":{"@context":"https:\/\/schema.org","@graph":[{"@type":"Article","@id":"https:\/\/www.public.sn\/index.php\/2022\/11\/14\/ousmane-sarr-descend-macky-sall-et-fait-des-revelations-sur-laffaire-adji-sarr-ousmane-sonko-pan\/#article","isPartOf":{"@id":"https:\/\/www.public.sn\/index.php\/2022\/11\/14\/ousmane-sarr-descend-macky-sall-et-fait-des-revelations-sur-laffaire-adji-sarr-ousmane-sonko-pan\/"},"author":{"name":"LA REDACTION","@id":"https:\/\/www.public.sn\/#\/schema\/person\/cb76c8e1b8becc6be61fb5e92d6d0224"},"headline":"Ousmane Sarr descend Macky Sall et fait des r\u00e9v\u00e9lations sur l\u2019affaire Adji Sarr Ousmane Sonko, PAN\u2026","datePublished":"2022-11-14T19:20:16+00:00","dateModified":"2022-11-14T20:13:24+00:00","mainEntityOfPage":{"@id":"https:\/\/www.public.sn\/index.php\/2022\/11\/14\/ousmane-sarr-descend-macky-sall-et-fait-des-revelations-sur-laffaire-adji-sarr-ousmane-sonko-pan\/"},"wordCount":182,"commentCount":0,"publisher":{"@id":"https:\/\/www.public.sn\/#organization"},"image":{"@id":"https:\/\/www.public.sn\/index.php\/2022\/11\/14\/ousmane-sarr-descend-macky-sall-et-fait-des-revelations-sur-laffaire-adji-sarr-ousmane-sonko-pan\/#primaryimage"},"thumbnailUrl":"https:\/\/www.public.sn\/wp-content\/uploads\/2022\/11\/OUSMANE-SARR.png","keywords":["Macky Sall","Ousmane Sarr"],"articleSection":["ACTUALIT\u00c9S","POLITIQUE","PUBLIC TV","VIDEOS"],"inLanguage":"fr-FR","potentialAction":[{"@type":"CommentAction","name":"Comment","target":["https:\/\/www.public.sn\/index.php\/2022\/11\/14\/ousmane-sarr-descend-macky-sall-et-fait-des-revelations-sur-laffaire-adji-sarr-ousmane-sonko-pan\/#respond"]}]},{"@type":"WebPage","@id":"https:\/\/www.public.sn\/index.php\/2022\/11\/14\/ousmane-sarr-descend-macky-sall-et-fait-des-revelations-sur-laffaire-adji-sarr-ousmane-sonko-pan\/","url":"https:\/\/www.public.sn\/index.php\/2022\/11\/14\/ousmane-sarr-descend-macky-sall-et-fait-des-revelations-sur-laffaire-adji-sarr-ousmane-sonko-pan\/","name":"Ousmane Sarr descend Macky Sall et fait des r\u00e9v\u00e9lations sur l\u2019affaire Adji Sarr Ousmane Sonko, PAN\u2026 - LE PUBLIC","isPartOf":{"@id":"https:\/\/www.public.sn\/#website"},"primaryImageOfPage":{"@id":"https:\/\/www.public.sn\/index.php\/2022\/11\/14\/ousmane-sarr-descend-macky-sall-et-fait-des-revelations-sur-laffaire-adji-sarr-ousmane-sonko-pan\/#primaryimage"},"image":{"@id":"https:\/\/www.public.sn\/index.php\/2022\/11\/14\/ousmane-sarr-descend-macky-sall-et-fait-des-revelations-sur-laffaire-adji-sarr-ousmane-sonko-pan\/#primaryimage"},"thumbnailUrl":"https:\/\/www.public.sn\/wp-content\/uploads\/2022\/11\/OUSMANE-SARR.png","datePublished":"2022-11-14T19:20:16+00:00","dateModified":"2022-11-14T20:13:24+00:00","breadcrumb":{"@id":"https:\/\/www.public.sn\/index.php\/2022\/11\/14\/ousmane-sarr-descend-macky-sall-et-fait-des-revelations-sur-laffaire-adji-sarr-ousmane-sonko-pan\/#breadcrumb"},"inLanguage":"fr-FR","potentialAction":[{"@type":"ReadAction","target":["https:\/\/www.public.sn\/index.php\/2022\/11\/14\/ousmane-sarr-descend-macky-sall-et-fait-des-revelations-sur-laffaire-adji-sarr-ousmane-sonko-pan\/"]}]},{"@type":"ImageObject","inLanguage":"fr-FR","@id":"https:\/\/www.public.sn\/index.php\/2022\/11\/14\/ousmane-sarr-descend-macky-sall-et-fait-des-revelations-sur-laffaire-adji-sarr-ousmane-sonko-pan\/#primaryimage","url":"https:\/\/www.public.sn\/wp-content\/uploads\/2022\/11\/OUSMANE-SARR.png","contentUrl":"https:\/\/www.public.sn\/wp-content\/uploads\/2022\/11\/OUSMANE-SARR.png","width":449,"height":325},{"@type":"BreadcrumbList","@id":"https:\/\/www.public.sn\/index.php\/2022\/11\/14\/ousmane-sarr-descend-macky-sall-et-fait-des-revelations-sur-laffaire-adji-sarr-ousmane-sonko-pan\/#breadcrumb","itemListElement":[{"@type":"ListItem","position":1,"name":"Accueil","item":"https:\/\/www.public.sn\/"},{"@type":"ListItem","position":2,"name":"Ousmane Sarr descend Macky Sall et fait des r\u00e9v\u00e9lations sur l\u2019affaire Adji Sarr Ousmane Sonko, PAN\u2026"}]},{"@type":"WebSite","@id":"https:\/\/www.public.sn\/#website","url":"https:\/\/www.public.sn\/","name":"LE PUBLIC","description":"","publisher":{"@id":"https:\/\/www.public.sn\/#organization"},"potentialAction":[{"@type":"SearchAction","target":{"@type":"EntryPoint","urlTemplate":"https:\/\/www.public.sn\/?s={search_term_string}"},"query-input":{"@type":"PropertyValueSpecification","valueRequired":true,"valueName":"search_term_string"}}],"inLanguage":"fr-FR"},{"@type":"Organization","@id":"https:\/\/www.public.sn\/#organization","name":"LE PUBLIC","url":"https:\/\/www.public.sn\/","logo":{"@type":"ImageObject","inLanguage":"fr-FR","@id":"https:\/\/www.public.sn\/#\/schema\/logo\/image\/","url":"https:\/\/www.public.sn\/wp-content\/uploads\/2024\/05\/cropped-LOGO-PUBLIC.SN_.png","contentUrl":"https:\/\/www.public.sn\/wp-content\/uploads\/2024\/05\/cropped-LOGO-PUBLIC.SN_.png","width":682,"height":192,"caption":"LE PUBLIC"},"image":{"@id":"https:\/\/www.public.sn\/#\/schema\/logo\/image\/"}},{"@type":"Person","@id":"https:\/\/www.public.sn\/#\/schema\/person\/cb76c8e1b8becc6be61fb5e92d6d0224","name":"LA REDACTION","image":{"@type":"ImageObject","inLanguage":"fr-FR","@id":"https:\/\/www.public.sn\/#\/schema\/person\/image\/","url":"https:\/\/secure.gravatar.com\/avatar\/2dce5ddd34b8fef0180efe03aa2a9bee7d953856048f9a16b298190a3178407c?s=96&d=mm&r=g","contentUrl":"https:\/\/secure.gravatar.com\/avatar\/2dce5ddd34b8fef0180efe03aa2a9bee7d953856048f9a16b298190a3178407c?s=96&d=mm&r=g","caption":"LA REDACTION"},"url":"https:\/\/www.public.sn\/index.php\/author\/editeurpsn\/"}]}},"jetpack_featured_media_url":"https:\/\/www.public.sn\/wp-content\/uploads\/2022\/11\/OUSMANE-SARR.png","jetpack_sharing_enabled":true,"_links":{"self":[{"href":"https:\/\/www.public.sn\/index.php\/wp-json\/wp\/v2\/posts\/8614","targetHints":{"allow":["GET"]}}],"collection":[{"href":"https:\/\/www.public.sn\/index.php\/wp-json\/wp\/v2\/posts"}],"about":[{"href":"https:\/\/www.public.sn\/index.php\/wp-json\/wp\/v2\/types\/post"}],"author":[{"embeddable":true,"href":"https:\/\/www.public.sn\/index.php\/wp-json\/wp\/v2\/users\/7"}],"replies":[{"embeddable":true,"href":"https:\/\/www.public.sn\/index.php\/wp-json\/wp\/v2\/comments?post=8614"}],"version-history":[{"count":3,"href":"https:\/\/www.public.sn\/index.php\/wp-json\/wp\/v2\/posts\/8614\/revisions"}],"predecessor-version":[{"id":8643,"href":"https:\/\/www.public.sn\/index.php\/wp-json\/wp\/v2\/posts\/8614\/revisions\/8643"}],"wp:featuredmedia":[{"embeddable":true,"href":"https:\/\/www.public.sn\/index.php\/wp-json\/wp\/v2\/media\/8633"}],"wp:attachment":[{"href":"https:\/\/www.public.sn\/index.php\/wp-json\/wp\/v2\/media?parent=8614"}],"wp:term":[{"taxonomy":"category","embeddable":true,"href":"https:\/\/www.public.sn\/index.php\/wp-json\/wp\/v2\/categories?post=8614"},{"taxonomy":"post_tag","embeddable":true,"href":"https:\/\/www.public.sn\/index.php\/wp-json\/wp\/v2\/tags?post=8614"}],"curies":[{"name":"wp","href":"https:\/\/api.w.org\/{rel}","templated":true}]}}