{"id":8704,"date":"2022-11-15T12:49:19","date_gmt":"2022-11-15T12:49:19","guid":{"rendered":"https:\/\/www.public.sn\/?p=8704"},"modified":"2022-11-15T12:49:21","modified_gmt":"2022-11-15T12:49:21","slug":"thies-un-livreur-de-pain-tue-a-cause-dun-retroviseur","status":"publish","type":"post","link":"https:\/\/www.public.sn\/index.php\/2022\/11\/15\/thies-un-livreur-de-pain-tue-a-cause-dun-retroviseur\/","title":{"rendered":"\u00a0 Thi\u00e8s\u00a0: Un livreur de pain tu\u00e9 \u00e0 cause d\u2019un r\u00e9troviseur."},"content":{"rendered":"\n<p><\/p>\n\n\n\n<p>&nbsp;&nbsp;&nbsp;&nbsp; Le chauffeur de taxi M.M. Ndiaye risque de rester en prison le restant de sa vie, si le juge suit le r\u00e9quisitoire du procureur. Apr\u00e8s 8 ans de d\u00e9tention pr\u00e9ventive, jug\u00e9 hier lundi, par la chambre criminelle de Thi\u00e8s, il est poursuivit&nbsp; pour homicide volontaire. Devant la barre, l\u2019accus\u00e9 a reconnu avoir port\u00e9 un coup de&nbsp; couteau \u00e0 A. Gueye suite \u00e0 une altercation et convoque la l\u00e9gitime d\u00e9fense.&nbsp;\u00ab&nbsp;J\u2019ai bris\u00e9 le r\u00e9troviseur de leur v\u00e9hicule sans le faire expr\u00e8s. C\u2019est ainsi que A. Gueye est venu s\u2019acharner contre moi, il m\u2019a injuri\u00e9 et on s\u2019est bagarr\u00e9&nbsp;\u00bb. Par la suite, M. M. Ndiaye a quitt\u00e9 les lieux, \u00ab&nbsp; A. Gueye et son chauffeur &nbsp;S. Gueye m\u2019ont poursuivi et stopp\u00e9&nbsp;\u00bb.&nbsp;\u00ab&nbsp; A. Gueye m\u2019a attaqu\u00e9 avec un gros b\u00e2ton, j\u2019ai esquiv\u00e9 son coup avant que je ne r\u00e9plique avec un coup de couteau&nbsp;\u00bb. Il m\u2019a attaqu\u00e9 et j\u2019ai voulu me d\u00e9fendre, d\u00e9clare M. M. Ndiaye.<\/p><div class=\"publi-paragraphe1\" style=\"margin-top: 10px;margin-bottom: 10px;margin-left: auto;margin-right: auto;text-align: center;\" id=\"publi-2995244014\"><div class=\"publi-adlabel\">Publicit\u00e9<\/div><script async src=\"\/\/pagead2.googlesyndication.com\/pagead\/js\/adsbygoogle.js?client=ca-pub-4089586018074219\" crossorigin=\"anonymous\"><\/script><ins class=\"adsbygoogle\" style=\"display:block;\" data-ad-client=\"ca-pub-4089586018074219\" \ndata-ad-slot=\"2087940154\" \ndata-ad-format=\"auto\"><\/ins>\n<script> \n(adsbygoogle = window.adsbygoogle || []).push({}); \n<\/script>\n<\/div>\n\n\n\n<p>&nbsp;Le procureur de la r\u00e9publique a requis la r\u00e9clusion criminelle \u00e0 perp\u00e9tuit\u00e9. L\u2019affaire sera mise en d\u00e9lib\u00e9r\u00e9 le 12 d\u00e9cembre 2022.<\/p>\n\n\n\n<p>&nbsp;&nbsp;&nbsp;&nbsp;&nbsp;&nbsp; Falil Gadio &nbsp;<\/p>\n<div class=\"publi-apres-le-contenu\" style=\"margin-top: 10px;margin-bottom: 10px;margin-left: auto;margin-right: auto;text-align: center;\" id=\"publi-774323365\"><div class=\"publi-adlabel\">Publicit\u00e9<\/div><script async src=\"\/\/pagead2.googlesyndication.com\/pagead\/js\/adsbygoogle.js?client=ca-pub-4089586018074219\" crossorigin=\"anonymous\"><\/script><ins class=\"adsbygoogle\" style=\"display:block;\" data-ad-client=\"ca-pub-4089586018074219\" \ndata-ad-slot=\"2087940154\" \ndata-ad-format=\"auto\"><\/ins>\n<script> \n(adsbygoogle = window.adsbygoogle || []).push({}); \n<\/script>\n<\/div>","protected":false},"excerpt":{"rendered":"<p>&nbsp;&nbsp;&nbsp;&nbsp; Le chauffeur de taxi M.M. Ndiaye risque de rester en prison le restant de sa vie, si le juge suit le r\u00e9quisitoire du procureur. Apr\u00e8s 8 ans de d\u00e9tention pr\u00e9ventive, jug\u00e9 hier lundi, par la chambre criminelle de Thi\u00e8s, il est poursuivit&nbsp; pour homicide volontaire. Devant la barre, l\u2019accus\u00e9 a reconnu avoir port\u00e9 un coup de&nbsp; couteau \u00e0 A. Gueye suite \u00e0 une altercation et convoque la l\u00e9gitime d\u00e9fense.&nbsp;\u00ab&nbsp;J\u2019ai bris\u00e9 le r\u00e9troviseur de leur v\u00e9hicule sans le faire expr\u00e8s. C\u2019est ainsi que A. Gueye est venu s\u2019acharner contre moi, il m\u2019a injuri\u00e9 et on s\u2019est bagarr\u00e9&nbsp;\u00bb. Par la suite, M. M. Ndiaye a quitt\u00e9 les lieux, \u00ab&nbsp; A. Gueye et son chauffeur &nbsp;S. Gueye m\u2019ont poursuivi et stopp\u00e9&nbsp;\u00bb.&nbsp;\u00ab&nbsp; A. Gueye m\u2019a attaqu\u00e9 avec un gros b\u00e2ton, j\u2019ai esquiv\u00e9 son coup avant que je ne r\u00e9plique avec un coup de couteau&nbsp;\u00bb. Il m\u2019a attaqu\u00e9 et j\u2019ai voulu me d\u00e9fendre, d\u00e9clare M. M. Ndiaye. &nbsp;Le procureur de la r\u00e9publique a requis la r\u00e9clusion criminelle \u00e0 perp\u00e9tuit\u00e9. L\u2019affaire sera mise en d\u00e9lib\u00e9r\u00e9 le 12 d\u00e9cembre 2022. &nbsp;&nbsp;&nbsp;&nbsp;&nbsp;&nbsp; Falil Gadio &nbsp;<\/p>\n","protected":false},"author":7,"featured_media":8709,"comment_status":"open","ping_status":"open","sticky":false,"template":"","format":"standard","meta":{"_jetpack_memberships_contains_paid_content":false,"footnotes":""},"categories":[375,379,1,4],"tags":[2899,2900,482],"class_list":["post-8704","post","type-post","status-publish","format-standard","has-post-thumbnail","hentry","category-actualites","category-faits-divers","category-non-classe","category-societe","tag-chauffeur-taxi","tag-clando","tag-thies","entry","has-media","owp-thumbs-layout-horizontal","owp-btn-normal","owp-tabs-layout-horizontal","has-no-thumbnails","has-product-nav"],"yoast_head":"<!-- This site is optimized with the Yoast SEO plugin v25.5 - https:\/\/yoast.com\/wordpress\/plugins\/seo\/ -->\n<title>\u00a0 Thi\u00e8s\u00a0: Un livreur de pain tu\u00e9 \u00e0 cause d\u2019un r\u00e9troviseur. - LE PUBLIC<\/title>\n<meta name=\"robots\" content=\"index, follow, max-snippet:-1, max-image-preview:large, max-video-preview:-1\" \/>\n<link rel=\"canonical\" href=\"https:\/\/www.public.sn\/index.php\/2022\/11\/15\/thies-un-livreur-de-pain-tue-a-cause-dun-retroviseur\/\" \/>\n<meta property=\"og:locale\" content=\"fr_FR\" \/>\n<meta property=\"og:type\" content=\"article\" \/>\n<meta property=\"og:title\" content=\"\u00a0 Thi\u00e8s\u00a0: Un livreur de pain tu\u00e9 \u00e0 cause d\u2019un r\u00e9troviseur. - LE PUBLIC\" \/>\n<meta property=\"og:description\" content=\"&nbsp;&nbsp;&nbsp;&nbsp; Le chauffeur de taxi M.M. Ndiaye risque de rester en prison le restant de sa vie, si le juge suit le r\u00e9quisitoire du procureur. Apr\u00e8s 8 ans de d\u00e9tention pr\u00e9ventive, jug\u00e9 hier lundi, par la chambre criminelle de Thi\u00e8s, il est poursuivit&nbsp; pour homicide volontaire. Devant la barre, l\u2019accus\u00e9 a reconnu avoir port\u00e9 un coup de&nbsp; couteau \u00e0 A. Gueye suite \u00e0 une altercation et convoque la l\u00e9gitime d\u00e9fense.&nbsp;\u00ab&nbsp;J\u2019ai bris\u00e9 le r\u00e9troviseur de leur v\u00e9hicule sans le faire expr\u00e8s. C\u2019est ainsi que A. Gueye est venu s\u2019acharner contre moi, il m\u2019a injuri\u00e9 et on s\u2019est bagarr\u00e9&nbsp;\u00bb. Par la suite, M. M. Ndiaye a quitt\u00e9 les lieux, \u00ab&nbsp; A. Gueye et son chauffeur &nbsp;S. Gueye m\u2019ont poursuivi et stopp\u00e9&nbsp;\u00bb.&nbsp;\u00ab&nbsp; A. Gueye m\u2019a attaqu\u00e9 avec un gros b\u00e2ton, j\u2019ai esquiv\u00e9 son coup avant que je ne r\u00e9plique avec un coup de couteau&nbsp;\u00bb. Il m\u2019a attaqu\u00e9 et j\u2019ai voulu me d\u00e9fendre, d\u00e9clare M. M. Ndiaye. &nbsp;Le procureur de la r\u00e9publique a requis la r\u00e9clusion criminelle \u00e0 perp\u00e9tuit\u00e9. L\u2019affaire sera mise en d\u00e9lib\u00e9r\u00e9 le 12 d\u00e9cembre 2022. &nbsp;&nbsp;&nbsp;&nbsp;&nbsp;&nbsp; Falil Gadio &nbsp;\" \/>\n<meta property=\"og:url\" content=\"https:\/\/www.public.sn\/index.php\/2022\/11\/15\/thies-un-livreur-de-pain-tue-a-cause-dun-retroviseur\/\" \/>\n<meta property=\"og:site_name\" content=\"LE PUBLIC\" \/>\n<meta property=\"article:published_time\" content=\"2022-11-15T12:49:19+00:00\" \/>\n<meta property=\"article:modified_time\" content=\"2022-11-15T12:49:21+00:00\" \/>\n<meta property=\"og:image\" content=\"https:\/\/www.public.sn\/wp-content\/uploads\/2022\/11\/Taxi-e1550499544174.jpg\" \/>\n\t<meta property=\"og:image:width\" content=\"600\" \/>\n\t<meta property=\"og:image:height\" content=\"375\" \/>\n\t<meta property=\"og:image:type\" content=\"image\/jpeg\" \/>\n<meta name=\"author\" content=\"LA REDACTION\" \/>\n<meta name=\"twitter:card\" content=\"summary_large_image\" \/>\n<meta name=\"twitter:label1\" content=\"\u00c9crit par\" \/>\n\t<meta name=\"twitter:data1\" content=\"LA REDACTION\" \/>\n\t<meta name=\"twitter:label2\" content=\"Dur\u00e9e de lecture estim\u00e9e\" \/>\n\t<meta name=\"twitter:data2\" content=\"1 minute\" \/>\n<script type=\"application\/ld+json\" class=\"yoast-schema-graph\">{\"@context\":\"https:\/\/schema.org\",\"@graph\":[{\"@type\":\"Article\",\"@id\":\"https:\/\/www.public.sn\/index.php\/2022\/11\/15\/thies-un-livreur-de-pain-tue-a-cause-dun-retroviseur\/#article\",\"isPartOf\":{\"@id\":\"https:\/\/www.public.sn\/index.php\/2022\/11\/15\/thies-un-livreur-de-pain-tue-a-cause-dun-retroviseur\/\"},\"author\":{\"name\":\"LA REDACTION\",\"@id\":\"https:\/\/www.public.sn\/#\/schema\/person\/cb76c8e1b8becc6be61fb5e92d6d0224\"},\"headline\":\"\u00a0 Thi\u00e8s\u00a0: Un livreur de pain tu\u00e9 \u00e0 cause d\u2019un r\u00e9troviseur.\",\"datePublished\":\"2022-11-15T12:49:19+00:00\",\"dateModified\":\"2022-11-15T12:49:21+00:00\",\"mainEntityOfPage\":{\"@id\":\"https:\/\/www.public.sn\/index.php\/2022\/11\/15\/thies-un-livreur-de-pain-tue-a-cause-dun-retroviseur\/\"},\"wordCount\":237,\"commentCount\":0,\"publisher\":{\"@id\":\"https:\/\/www.public.sn\/#organization\"},\"image\":{\"@id\":\"https:\/\/www.public.sn\/index.php\/2022\/11\/15\/thies-un-livreur-de-pain-tue-a-cause-dun-retroviseur\/#primaryimage\"},\"thumbnailUrl\":\"https:\/\/www.public.sn\/wp-content\/uploads\/2022\/11\/Taxi-e1550499544174.jpg\",\"keywords\":[\"Chauffeur Taxi\",\"Clando\",\"Thi\u00e8s\"],\"articleSection\":[\"ACTUALIT\u00c9S\",\"FAITS DIVERS\",\"S\u00c9N\u00c9GAL\",\"SOCIETE\"],\"inLanguage\":\"fr-FR\",\"potentialAction\":[{\"@type\":\"CommentAction\",\"name\":\"Comment\",\"target\":[\"https:\/\/www.public.sn\/index.php\/2022\/11\/15\/thies-un-livreur-de-pain-tue-a-cause-dun-retroviseur\/#respond\"]}]},{\"@type\":\"WebPage\",\"@id\":\"https:\/\/www.public.sn\/index.php\/2022\/11\/15\/thies-un-livreur-de-pain-tue-a-cause-dun-retroviseur\/\",\"url\":\"https:\/\/www.public.sn\/index.php\/2022\/11\/15\/thies-un-livreur-de-pain-tue-a-cause-dun-retroviseur\/\",\"name\":\"\u00a0 Thi\u00e8s\u00a0: Un livreur de pain tu\u00e9 \u00e0 cause d\u2019un r\u00e9troviseur. - LE PUBLIC\",\"isPartOf\":{\"@id\":\"https:\/\/www.public.sn\/#website\"},\"primaryImageOfPage\":{\"@id\":\"https:\/\/www.public.sn\/index.php\/2022\/11\/15\/thies-un-livreur-de-pain-tue-a-cause-dun-retroviseur\/#primaryimage\"},\"image\":{\"@id\":\"https:\/\/www.public.sn\/index.php\/2022\/11\/15\/thies-un-livreur-de-pain-tue-a-cause-dun-retroviseur\/#primaryimage\"},\"thumbnailUrl\":\"https:\/\/www.public.sn\/wp-content\/uploads\/2022\/11\/Taxi-e1550499544174.jpg\",\"datePublished\":\"2022-11-15T12:49:19+00:00\",\"dateModified\":\"2022-11-15T12:49:21+00:00\",\"breadcrumb\":{\"@id\":\"https:\/\/www.public.sn\/index.php\/2022\/11\/15\/thies-un-livreur-de-pain-tue-a-cause-dun-retroviseur\/#breadcrumb\"},\"inLanguage\":\"fr-FR\",\"potentialAction\":[{\"@type\":\"ReadAction\",\"target\":[\"https:\/\/www.public.sn\/index.php\/2022\/11\/15\/thies-un-livreur-de-pain-tue-a-cause-dun-retroviseur\/\"]}]},{\"@type\":\"ImageObject\",\"inLanguage\":\"fr-FR\",\"@id\":\"https:\/\/www.public.sn\/index.php\/2022\/11\/15\/thies-un-livreur-de-pain-tue-a-cause-dun-retroviseur\/#primaryimage\",\"url\":\"https:\/\/www.public.sn\/wp-content\/uploads\/2022\/11\/Taxi-e1550499544174.jpg\",\"contentUrl\":\"https:\/\/www.public.sn\/wp-content\/uploads\/2022\/11\/Taxi-e1550499544174.jpg\",\"width\":600,\"height\":375,\"caption\":\"Public Sn\"},{\"@type\":\"BreadcrumbList\",\"@id\":\"https:\/\/www.public.sn\/index.php\/2022\/11\/15\/thies-un-livreur-de-pain-tue-a-cause-dun-retroviseur\/#breadcrumb\",\"itemListElement\":[{\"@type\":\"ListItem\",\"position\":1,\"name\":\"Accueil\",\"item\":\"https:\/\/www.public.sn\/\"},{\"@type\":\"ListItem\",\"position\":2,\"name\":\"\u00a0 Thi\u00e8s\u00a0: Un livreur de pain tu\u00e9 \u00e0 cause d\u2019un r\u00e9troviseur.\"}]},{\"@type\":\"WebSite\",\"@id\":\"https:\/\/www.public.sn\/#website\",\"url\":\"https:\/\/www.public.sn\/\",\"name\":\"LE PUBLIC\",\"description\":\"\",\"publisher\":{\"@id\":\"https:\/\/www.public.sn\/#organization\"},\"potentialAction\":[{\"@type\":\"SearchAction\",\"target\":{\"@type\":\"EntryPoint\",\"urlTemplate\":\"https:\/\/www.public.sn\/?s={search_term_string}\"},\"query-input\":{\"@type\":\"PropertyValueSpecification\",\"valueRequired\":true,\"valueName\":\"search_term_string\"}}],\"inLanguage\":\"fr-FR\"},{\"@type\":\"Organization\",\"@id\":\"https:\/\/www.public.sn\/#organization\",\"name\":\"LE PUBLIC\",\"url\":\"https:\/\/www.public.sn\/\",\"logo\":{\"@type\":\"ImageObject\",\"inLanguage\":\"fr-FR\",\"@id\":\"https:\/\/www.public.sn\/#\/schema\/logo\/image\/\",\"url\":\"https:\/\/www.public.sn\/wp-content\/uploads\/2024\/05\/cropped-LOGO-PUBLIC.SN_.png\",\"contentUrl\":\"https:\/\/www.public.sn\/wp-content\/uploads\/2024\/05\/cropped-LOGO-PUBLIC.SN_.png\",\"width\":682,\"height\":192,\"caption\":\"LE PUBLIC\"},\"image\":{\"@id\":\"https:\/\/www.public.sn\/#\/schema\/logo\/image\/\"}},{\"@type\":\"Person\",\"@id\":\"https:\/\/www.public.sn\/#\/schema\/person\/cb76c8e1b8becc6be61fb5e92d6d0224\",\"name\":\"LA REDACTION\",\"image\":{\"@type\":\"ImageObject\",\"inLanguage\":\"fr-FR\",\"@id\":\"https:\/\/www.public.sn\/#\/schema\/person\/image\/\",\"url\":\"https:\/\/secure.gravatar.com\/avatar\/2dce5ddd34b8fef0180efe03aa2a9bee7d953856048f9a16b298190a3178407c?s=96&d=mm&r=g\",\"contentUrl\":\"https:\/\/secure.gravatar.com\/avatar\/2dce5ddd34b8fef0180efe03aa2a9bee7d953856048f9a16b298190a3178407c?s=96&d=mm&r=g\",\"caption\":\"LA REDACTION\"},\"url\":\"https:\/\/www.public.sn\/index.php\/author\/editeurpsn\/\"}]}<\/script>\n<!-- \/ Yoast SEO plugin. -->","yoast_head_json":{"title":"\u00a0 Thi\u00e8s\u00a0: Un livreur de pain tu\u00e9 \u00e0 cause d\u2019un r\u00e9troviseur. - LE PUBLIC","robots":{"index":"index","follow":"follow","max-snippet":"max-snippet:-1","max-image-preview":"max-image-preview:large","max-video-preview":"max-video-preview:-1"},"canonical":"https:\/\/www.public.sn\/index.php\/2022\/11\/15\/thies-un-livreur-de-pain-tue-a-cause-dun-retroviseur\/","og_locale":"fr_FR","og_type":"article","og_title":"\u00a0 Thi\u00e8s\u00a0: Un livreur de pain tu\u00e9 \u00e0 cause d\u2019un r\u00e9troviseur. - LE PUBLIC","og_description":"&nbsp;&nbsp;&nbsp;&nbsp; Le chauffeur de taxi M.M. Ndiaye risque de rester en prison le restant de sa vie, si le juge suit le r\u00e9quisitoire du procureur. Apr\u00e8s 8 ans de d\u00e9tention pr\u00e9ventive, jug\u00e9 hier lundi, par la chambre criminelle de Thi\u00e8s, il est poursuivit&nbsp; pour homicide volontaire. Devant la barre, l\u2019accus\u00e9 a reconnu avoir port\u00e9 un coup de&nbsp; couteau \u00e0 A. Gueye suite \u00e0 une altercation et convoque la l\u00e9gitime d\u00e9fense.&nbsp;\u00ab&nbsp;J\u2019ai bris\u00e9 le r\u00e9troviseur de leur v\u00e9hicule sans le faire expr\u00e8s. C\u2019est ainsi que A. Gueye est venu s\u2019acharner contre moi, il m\u2019a injuri\u00e9 et on s\u2019est bagarr\u00e9&nbsp;\u00bb. Par la suite, M. M. Ndiaye a quitt\u00e9 les lieux, \u00ab&nbsp; A. Gueye et son chauffeur &nbsp;S. Gueye m\u2019ont poursuivi et stopp\u00e9&nbsp;\u00bb.&nbsp;\u00ab&nbsp; A. Gueye m\u2019a attaqu\u00e9 avec un gros b\u00e2ton, j\u2019ai esquiv\u00e9 son coup avant que je ne r\u00e9plique avec un coup de couteau&nbsp;\u00bb. Il m\u2019a attaqu\u00e9 et j\u2019ai voulu me d\u00e9fendre, d\u00e9clare M. M. Ndiaye. &nbsp;Le procureur de la r\u00e9publique a requis la r\u00e9clusion criminelle \u00e0 perp\u00e9tuit\u00e9. L\u2019affaire sera mise en d\u00e9lib\u00e9r\u00e9 le 12 d\u00e9cembre 2022. &nbsp;&nbsp;&nbsp;&nbsp;&nbsp;&nbsp; Falil Gadio &nbsp;","og_url":"https:\/\/www.public.sn\/index.php\/2022\/11\/15\/thies-un-livreur-de-pain-tue-a-cause-dun-retroviseur\/","og_site_name":"LE PUBLIC","article_published_time":"2022-11-15T12:49:19+00:00","article_modified_time":"2022-11-15T12:49:21+00:00","og_image":[{"width":600,"height":375,"url":"https:\/\/www.public.sn\/wp-content\/uploads\/2022\/11\/Taxi-e1550499544174.jpg","type":"image\/jpeg"}],"author":"LA REDACTION","twitter_card":"summary_large_image","twitter_misc":{"\u00c9crit par":"LA REDACTION","Dur\u00e9e de lecture estim\u00e9e":"1 minute"},"schema":{"@context":"https:\/\/schema.org","@graph":[{"@type":"Article","@id":"https:\/\/www.public.sn\/index.php\/2022\/11\/15\/thies-un-livreur-de-pain-tue-a-cause-dun-retroviseur\/#article","isPartOf":{"@id":"https:\/\/www.public.sn\/index.php\/2022\/11\/15\/thies-un-livreur-de-pain-tue-a-cause-dun-retroviseur\/"},"author":{"name":"LA REDACTION","@id":"https:\/\/www.public.sn\/#\/schema\/person\/cb76c8e1b8becc6be61fb5e92d6d0224"},"headline":"\u00a0 Thi\u00e8s\u00a0: Un livreur de pain tu\u00e9 \u00e0 cause d\u2019un r\u00e9troviseur.","datePublished":"2022-11-15T12:49:19+00:00","dateModified":"2022-11-15T12:49:21+00:00","mainEntityOfPage":{"@id":"https:\/\/www.public.sn\/index.php\/2022\/11\/15\/thies-un-livreur-de-pain-tue-a-cause-dun-retroviseur\/"},"wordCount":237,"commentCount":0,"publisher":{"@id":"https:\/\/www.public.sn\/#organization"},"image":{"@id":"https:\/\/www.public.sn\/index.php\/2022\/11\/15\/thies-un-livreur-de-pain-tue-a-cause-dun-retroviseur\/#primaryimage"},"thumbnailUrl":"https:\/\/www.public.sn\/wp-content\/uploads\/2022\/11\/Taxi-e1550499544174.jpg","keywords":["Chauffeur Taxi","Clando","Thi\u00e8s"],"articleSection":["ACTUALIT\u00c9S","FAITS DIVERS","S\u00c9N\u00c9GAL","SOCIETE"],"inLanguage":"fr-FR","potentialAction":[{"@type":"CommentAction","name":"Comment","target":["https:\/\/www.public.sn\/index.php\/2022\/11\/15\/thies-un-livreur-de-pain-tue-a-cause-dun-retroviseur\/#respond"]}]},{"@type":"WebPage","@id":"https:\/\/www.public.sn\/index.php\/2022\/11\/15\/thies-un-livreur-de-pain-tue-a-cause-dun-retroviseur\/","url":"https:\/\/www.public.sn\/index.php\/2022\/11\/15\/thies-un-livreur-de-pain-tue-a-cause-dun-retroviseur\/","name":"\u00a0 Thi\u00e8s\u00a0: Un livreur de pain tu\u00e9 \u00e0 cause d\u2019un r\u00e9troviseur. - LE PUBLIC","isPartOf":{"@id":"https:\/\/www.public.sn\/#website"},"primaryImageOfPage":{"@id":"https:\/\/www.public.sn\/index.php\/2022\/11\/15\/thies-un-livreur-de-pain-tue-a-cause-dun-retroviseur\/#primaryimage"},"image":{"@id":"https:\/\/www.public.sn\/index.php\/2022\/11\/15\/thies-un-livreur-de-pain-tue-a-cause-dun-retroviseur\/#primaryimage"},"thumbnailUrl":"https:\/\/www.public.sn\/wp-content\/uploads\/2022\/11\/Taxi-e1550499544174.jpg","datePublished":"2022-11-15T12:49:19+00:00","dateModified":"2022-11-15T12:49:21+00:00","breadcrumb":{"@id":"https:\/\/www.public.sn\/index.php\/2022\/11\/15\/thies-un-livreur-de-pain-tue-a-cause-dun-retroviseur\/#breadcrumb"},"inLanguage":"fr-FR","potentialAction":[{"@type":"ReadAction","target":["https:\/\/www.public.sn\/index.php\/2022\/11\/15\/thies-un-livreur-de-pain-tue-a-cause-dun-retroviseur\/"]}]},{"@type":"ImageObject","inLanguage":"fr-FR","@id":"https:\/\/www.public.sn\/index.php\/2022\/11\/15\/thies-un-livreur-de-pain-tue-a-cause-dun-retroviseur\/#primaryimage","url":"https:\/\/www.public.sn\/wp-content\/uploads\/2022\/11\/Taxi-e1550499544174.jpg","contentUrl":"https:\/\/www.public.sn\/wp-content\/uploads\/2022\/11\/Taxi-e1550499544174.jpg","width":600,"height":375,"caption":"Public Sn"},{"@type":"BreadcrumbList","@id":"https:\/\/www.public.sn\/index.php\/2022\/11\/15\/thies-un-livreur-de-pain-tue-a-cause-dun-retroviseur\/#breadcrumb","itemListElement":[{"@type":"ListItem","position":1,"name":"Accueil","item":"https:\/\/www.public.sn\/"},{"@type":"ListItem","position":2,"name":"\u00a0 Thi\u00e8s\u00a0: Un livreur de pain tu\u00e9 \u00e0 cause d\u2019un r\u00e9troviseur."}]},{"@type":"WebSite","@id":"https:\/\/www.public.sn\/#website","url":"https:\/\/www.public.sn\/","name":"LE PUBLIC","description":"","publisher":{"@id":"https:\/\/www.public.sn\/#organization"},"potentialAction":[{"@type":"SearchAction","target":{"@type":"EntryPoint","urlTemplate":"https:\/\/www.public.sn\/?s={search_term_string}"},"query-input":{"@type":"PropertyValueSpecification","valueRequired":true,"valueName":"search_term_string"}}],"inLanguage":"fr-FR"},{"@type":"Organization","@id":"https:\/\/www.public.sn\/#organization","name":"LE PUBLIC","url":"https:\/\/www.public.sn\/","logo":{"@type":"ImageObject","inLanguage":"fr-FR","@id":"https:\/\/www.public.sn\/#\/schema\/logo\/image\/","url":"https:\/\/www.public.sn\/wp-content\/uploads\/2024\/05\/cropped-LOGO-PUBLIC.SN_.png","contentUrl":"https:\/\/www.public.sn\/wp-content\/uploads\/2024\/05\/cropped-LOGO-PUBLIC.SN_.png","width":682,"height":192,"caption":"LE PUBLIC"},"image":{"@id":"https:\/\/www.public.sn\/#\/schema\/logo\/image\/"}},{"@type":"Person","@id":"https:\/\/www.public.sn\/#\/schema\/person\/cb76c8e1b8becc6be61fb5e92d6d0224","name":"LA REDACTION","image":{"@type":"ImageObject","inLanguage":"fr-FR","@id":"https:\/\/www.public.sn\/#\/schema\/person\/image\/","url":"https:\/\/secure.gravatar.com\/avatar\/2dce5ddd34b8fef0180efe03aa2a9bee7d953856048f9a16b298190a3178407c?s=96&d=mm&r=g","contentUrl":"https:\/\/secure.gravatar.com\/avatar\/2dce5ddd34b8fef0180efe03aa2a9bee7d953856048f9a16b298190a3178407c?s=96&d=mm&r=g","caption":"LA REDACTION"},"url":"https:\/\/www.public.sn\/index.php\/author\/editeurpsn\/"}]}},"jetpack_featured_media_url":"https:\/\/www.public.sn\/wp-content\/uploads\/2022\/11\/Taxi-e1550499544174.jpg","jetpack_sharing_enabled":true,"_links":{"self":[{"href":"https:\/\/www.public.sn\/index.php\/wp-json\/wp\/v2\/posts\/8704","targetHints":{"allow":["GET"]}}],"collection":[{"href":"https:\/\/www.public.sn\/index.php\/wp-json\/wp\/v2\/posts"}],"about":[{"href":"https:\/\/www.public.sn\/index.php\/wp-json\/wp\/v2\/types\/post"}],"author":[{"embeddable":true,"href":"https:\/\/www.public.sn\/index.php\/wp-json\/wp\/v2\/users\/7"}],"replies":[{"embeddable":true,"href":"https:\/\/www.public.sn\/index.php\/wp-json\/wp\/v2\/comments?post=8704"}],"version-history":[{"count":2,"href":"https:\/\/www.public.sn\/index.php\/wp-json\/wp\/v2\/posts\/8704\/revisions"}],"predecessor-version":[{"id":8711,"href":"https:\/\/www.public.sn\/index.php\/wp-json\/wp\/v2\/posts\/8704\/revisions\/8711"}],"wp:featuredmedia":[{"embeddable":true,"href":"https:\/\/www.public.sn\/index.php\/wp-json\/wp\/v2\/media\/8709"}],"wp:attachment":[{"href":"https:\/\/www.public.sn\/index.php\/wp-json\/wp\/v2\/media?parent=8704"}],"wp:term":[{"taxonomy":"category","embeddable":true,"href":"https:\/\/www.public.sn\/index.php\/wp-json\/wp\/v2\/categories?post=8704"},{"taxonomy":"post_tag","embeddable":true,"href":"https:\/\/www.public.sn\/index.php\/wp-json\/wp\/v2\/tags?post=8704"}],"curies":[{"name":"wp","href":"https:\/\/api.w.org\/{rel}","templated":true}]}}