{"id":8720,"date":"2022-11-15T13:56:22","date_gmt":"2022-11-15T13:56:22","guid":{"rendered":"https:\/\/www.public.sn\/?p=8720"},"modified":"2022-11-15T13:56:25","modified_gmt":"2022-11-15T13:56:25","slug":"affaire-pape-ale-niang-daouda-mine-a-letat-actuel-de-notre-procedure-il-est-normal-quun-journaliste-soit-en-prison-video","status":"publish","type":"post","link":"https:\/\/www.public.sn\/index.php\/2022\/11\/15\/affaire-pape-ale-niang-daouda-mine-a-letat-actuel-de-notre-procedure-il-est-normal-quun-journaliste-soit-en-prison-video\/","title":{"rendered":"Affaire Pape Al\u00e9 Niang\u00a0: Daouda Mine \u00ab\u00a0A l\u2019\u00e9tat actuel de notre proc\u00e9dure il est normal qu\u2019un journaliste soit en prison\u00a0\u00bb. (Vid\u00e9o)"},"content":{"rendered":"\n<p>&nbsp;&nbsp;&nbsp;&nbsp;&nbsp;<\/p>\n\n\n\n<p><\/p>\n\n\n\n<p>&nbsp;&nbsp; Invit\u00e9 de l\u2019\u00e9mission PENCUM SENEWEB, le journaliste Daouda Mine, abordant l\u2019arrestation du journaliste Pape Al\u00e9 Niang est convaincu que out journaliste doit participer \u00e0 la lutte pour la libration de PAN. La presse doit se &nbsp;mobiliser comme toutes les corporations, c\u2019est un &nbsp;combat de principe. Cependant, le chroniqueur affirme que \u00ab&nbsp;A l\u2019\u00e9tat actuel de notre proc\u00e9dure il est normal qu\u2019un journaliste soit en prison&nbsp;\u00bb\u2026 .<\/p><div class=\"publi-paragraphe1\" style=\"margin-top: 10px;margin-bottom: 10px;margin-left: auto;margin-right: auto;text-align: center;\" id=\"publi-2945715876\"><div class=\"publi-adlabel\">Publicit\u00e9<\/div><script async src=\"\/\/pagead2.googlesyndication.com\/pagead\/js\/adsbygoogle.js?client=ca-pub-4089586018074219\" crossorigin=\"anonymous\"><\/script><ins class=\"adsbygoogle\" style=\"display:block;\" data-ad-client=\"ca-pub-4089586018074219\" \ndata-ad-slot=\"2087940154\" \ndata-ad-format=\"auto\"><\/ins>\n<script> \n(adsbygoogle = window.adsbygoogle || []).push({}); \n<\/script>\n<\/div>\n\n\n\n<p>Falil Gadio<\/p>\n\n\n<div style=\"position:relative;padding-bottom:56.25%;height:0;overflow:hidden;\"> <iframe style=\"width:100%;height:100%;position:absolute;left:0px;top:0px;overflow:hidden\" frameborder=\"0\" type=\"text\/html\" src=\"https:\/\/www.dailymotion.com\/embed\/video\/x8fijw4\" width=\"100%\" height=\"100%\" allowfullscreen=\"\" title=\"Dailymotion Video Player\"> <\/iframe> <\/div><div class=\"publi-apres-le-contenu\" style=\"margin-top: 10px;margin-bottom: 10px;margin-left: auto;margin-right: auto;text-align: center;\" id=\"publi-3226329282\"><div class=\"publi-adlabel\">Publicit\u00e9<\/div><script async src=\"\/\/pagead2.googlesyndication.com\/pagead\/js\/adsbygoogle.js?client=ca-pub-4089586018074219\" crossorigin=\"anonymous\"><\/script><ins class=\"adsbygoogle\" style=\"display:block;\" data-ad-client=\"ca-pub-4089586018074219\" \ndata-ad-slot=\"2087940154\" \ndata-ad-format=\"auto\"><\/ins>\n<script> \n(adsbygoogle = window.adsbygoogle || []).push({}); \n<\/script>\n<\/div>","protected":false},"excerpt":{"rendered":"<p>&nbsp;&nbsp;&nbsp;&nbsp;&nbsp; &nbsp;&nbsp; Invit\u00e9 de l\u2019\u00e9mission PENCUM SENEWEB, le journaliste Daouda Mine, abordant l\u2019arrestation du journaliste Pape Al\u00e9 Niang est convaincu que out journaliste doit participer \u00e0 la lutte pour la libration de PAN. La presse doit se &nbsp;mobiliser comme toutes les corporations, c\u2019est un &nbsp;combat de principe. Cependant, le chroniqueur affirme que \u00ab&nbsp;A l\u2019\u00e9tat actuel de notre proc\u00e9dure il est normal qu\u2019un journaliste soit en prison&nbsp;\u00bb\u2026 . Falil Gadio<\/p>\n","protected":false},"author":7,"featured_media":8727,"comment_status":"open","ping_status":"open","sticky":false,"template":"","format":"standard","meta":{"_jetpack_memberships_contains_paid_content":false,"footnotes":""},"categories":[375,961,1,865,6],"tags":[1473,394,2489],"class_list":["post-8720","post","type-post","status-publish","format-standard","has-post-thumbnail","hentry","category-actualites","category-medias","category-non-classe","category-series-cinemas","category-videos","tag-arrestation","tag-daouda-mine","tag-pape-ale-niang","entry","has-media","owp-thumbs-layout-horizontal","owp-btn-normal","owp-tabs-layout-horizontal","has-no-thumbnails","has-product-nav"],"yoast_head":"<!-- This site is optimized with the Yoast SEO plugin v25.5 - https:\/\/yoast.com\/wordpress\/plugins\/seo\/ -->\n<title>Affaire Pape Al\u00e9 Niang\u00a0: Daouda Mine \u00ab\u00a0A l\u2019\u00e9tat actuel de notre proc\u00e9dure il est normal qu\u2019un journaliste soit en prison\u00a0\u00bb. (Vid\u00e9o) - LE PUBLIC<\/title>\n<meta name=\"robots\" content=\"index, follow, max-snippet:-1, max-image-preview:large, max-video-preview:-1\" \/>\n<link rel=\"canonical\" href=\"https:\/\/www.public.sn\/index.php\/2022\/11\/15\/affaire-pape-ale-niang-daouda-mine-a-letat-actuel-de-notre-procedure-il-est-normal-quun-journaliste-soit-en-prison-video\/\" \/>\n<meta property=\"og:locale\" content=\"fr_FR\" \/>\n<meta property=\"og:type\" content=\"article\" \/>\n<meta property=\"og:title\" content=\"Affaire Pape Al\u00e9 Niang\u00a0: Daouda Mine \u00ab\u00a0A l\u2019\u00e9tat actuel de notre proc\u00e9dure il est normal qu\u2019un journaliste soit en prison\u00a0\u00bb. (Vid\u00e9o) - LE PUBLIC\" \/>\n<meta property=\"og:description\" content=\"&nbsp;&nbsp;&nbsp;&nbsp;&nbsp; &nbsp;&nbsp; Invit\u00e9 de l\u2019\u00e9mission PENCUM SENEWEB, le journaliste Daouda Mine, abordant l\u2019arrestation du journaliste Pape Al\u00e9 Niang est convaincu que out journaliste doit participer \u00e0 la lutte pour la libration de PAN. La presse doit se &nbsp;mobiliser comme toutes les corporations, c\u2019est un &nbsp;combat de principe. Cependant, le chroniqueur affirme que \u00ab&nbsp;A l\u2019\u00e9tat actuel de notre proc\u00e9dure il est normal qu\u2019un journaliste soit en prison&nbsp;\u00bb\u2026 . Falil Gadio\" \/>\n<meta property=\"og:url\" content=\"https:\/\/www.public.sn\/index.php\/2022\/11\/15\/affaire-pape-ale-niang-daouda-mine-a-letat-actuel-de-notre-procedure-il-est-normal-quun-journaliste-soit-en-prison-video\/\" \/>\n<meta property=\"og:site_name\" content=\"LE PUBLIC\" \/>\n<meta property=\"article:published_time\" content=\"2022-11-15T13:56:22+00:00\" \/>\n<meta property=\"article:modified_time\" content=\"2022-11-15T13:56:25+00:00\" \/>\n<meta property=\"og:image\" content=\"https:\/\/www.public.sn\/wp-content\/uploads\/2022\/11\/Mine-PAN.jpg\" \/>\n\t<meta property=\"og:image:width\" content=\"612\" \/>\n\t<meta property=\"og:image:height\" content=\"298\" \/>\n\t<meta property=\"og:image:type\" content=\"image\/jpeg\" \/>\n<meta name=\"author\" content=\"LA REDACTION\" \/>\n<meta name=\"twitter:card\" content=\"summary_large_image\" \/>\n<meta name=\"twitter:label1\" content=\"\u00c9crit par\" \/>\n\t<meta name=\"twitter:data1\" content=\"LA REDACTION\" \/>\n\t<meta name=\"twitter:label2\" content=\"Dur\u00e9e de lecture estim\u00e9e\" \/>\n\t<meta name=\"twitter:data2\" content=\"1 minute\" \/>\n<script type=\"application\/ld+json\" class=\"yoast-schema-graph\">{\"@context\":\"https:\/\/schema.org\",\"@graph\":[{\"@type\":\"Article\",\"@id\":\"https:\/\/www.public.sn\/index.php\/2022\/11\/15\/affaire-pape-ale-niang-daouda-mine-a-letat-actuel-de-notre-procedure-il-est-normal-quun-journaliste-soit-en-prison-video\/#article\",\"isPartOf\":{\"@id\":\"https:\/\/www.public.sn\/index.php\/2022\/11\/15\/affaire-pape-ale-niang-daouda-mine-a-letat-actuel-de-notre-procedure-il-est-normal-quun-journaliste-soit-en-prison-video\/\"},\"author\":{\"name\":\"LA REDACTION\",\"@id\":\"https:\/\/www.public.sn\/#\/schema\/person\/cb76c8e1b8becc6be61fb5e92d6d0224\"},\"headline\":\"Affaire Pape Al\u00e9 Niang\u00a0: Daouda Mine \u00ab\u00a0A l\u2019\u00e9tat actuel de notre proc\u00e9dure il est normal qu\u2019un journaliste soit en prison\u00a0\u00bb. (Vid\u00e9o)\",\"datePublished\":\"2022-11-15T13:56:22+00:00\",\"dateModified\":\"2022-11-15T13:56:25+00:00\",\"mainEntityOfPage\":{\"@id\":\"https:\/\/www.public.sn\/index.php\/2022\/11\/15\/affaire-pape-ale-niang-daouda-mine-a-letat-actuel-de-notre-procedure-il-est-normal-quun-journaliste-soit-en-prison-video\/\"},\"wordCount\":107,\"commentCount\":0,\"publisher\":{\"@id\":\"https:\/\/www.public.sn\/#organization\"},\"image\":{\"@id\":\"https:\/\/www.public.sn\/index.php\/2022\/11\/15\/affaire-pape-ale-niang-daouda-mine-a-letat-actuel-de-notre-procedure-il-est-normal-quun-journaliste-soit-en-prison-video\/#primaryimage\"},\"thumbnailUrl\":\"https:\/\/www.public.sn\/wp-content\/uploads\/2022\/11\/Mine-PAN.jpg\",\"keywords\":[\"arrestation\",\"Daouda Mine\",\"Pape Al\u00e9 Niang\"],\"articleSection\":[\"ACTUALIT\u00c9S\",\"M\u00c9DIAS\",\"S\u00c9N\u00c9GAL\",\"S\u00c9RIES &amp; CIN\u00c9MAS\",\"VIDEOS\"],\"inLanguage\":\"fr-FR\",\"potentialAction\":[{\"@type\":\"CommentAction\",\"name\":\"Comment\",\"target\":[\"https:\/\/www.public.sn\/index.php\/2022\/11\/15\/affaire-pape-ale-niang-daouda-mine-a-letat-actuel-de-notre-procedure-il-est-normal-quun-journaliste-soit-en-prison-video\/#respond\"]}]},{\"@type\":\"WebPage\",\"@id\":\"https:\/\/www.public.sn\/index.php\/2022\/11\/15\/affaire-pape-ale-niang-daouda-mine-a-letat-actuel-de-notre-procedure-il-est-normal-quun-journaliste-soit-en-prison-video\/\",\"url\":\"https:\/\/www.public.sn\/index.php\/2022\/11\/15\/affaire-pape-ale-niang-daouda-mine-a-letat-actuel-de-notre-procedure-il-est-normal-quun-journaliste-soit-en-prison-video\/\",\"name\":\"Affaire Pape Al\u00e9 Niang\u00a0: Daouda Mine \u00ab\u00a0A l\u2019\u00e9tat actuel de notre proc\u00e9dure il est normal qu\u2019un journaliste soit en prison\u00a0\u00bb. (Vid\u00e9o) - LE PUBLIC\",\"isPartOf\":{\"@id\":\"https:\/\/www.public.sn\/#website\"},\"primaryImageOfPage\":{\"@id\":\"https:\/\/www.public.sn\/index.php\/2022\/11\/15\/affaire-pape-ale-niang-daouda-mine-a-letat-actuel-de-notre-procedure-il-est-normal-quun-journaliste-soit-en-prison-video\/#primaryimage\"},\"image\":{\"@id\":\"https:\/\/www.public.sn\/index.php\/2022\/11\/15\/affaire-pape-ale-niang-daouda-mine-a-letat-actuel-de-notre-procedure-il-est-normal-quun-journaliste-soit-en-prison-video\/#primaryimage\"},\"thumbnailUrl\":\"https:\/\/www.public.sn\/wp-content\/uploads\/2022\/11\/Mine-PAN.jpg\",\"datePublished\":\"2022-11-15T13:56:22+00:00\",\"dateModified\":\"2022-11-15T13:56:25+00:00\",\"breadcrumb\":{\"@id\":\"https:\/\/www.public.sn\/index.php\/2022\/11\/15\/affaire-pape-ale-niang-daouda-mine-a-letat-actuel-de-notre-procedure-il-est-normal-quun-journaliste-soit-en-prison-video\/#breadcrumb\"},\"inLanguage\":\"fr-FR\",\"potentialAction\":[{\"@type\":\"ReadAction\",\"target\":[\"https:\/\/www.public.sn\/index.php\/2022\/11\/15\/affaire-pape-ale-niang-daouda-mine-a-letat-actuel-de-notre-procedure-il-est-normal-quun-journaliste-soit-en-prison-video\/\"]}]},{\"@type\":\"ImageObject\",\"inLanguage\":\"fr-FR\",\"@id\":\"https:\/\/www.public.sn\/index.php\/2022\/11\/15\/affaire-pape-ale-niang-daouda-mine-a-letat-actuel-de-notre-procedure-il-est-normal-quun-journaliste-soit-en-prison-video\/#primaryimage\",\"url\":\"https:\/\/www.public.sn\/wp-content\/uploads\/2022\/11\/Mine-PAN.jpg\",\"contentUrl\":\"https:\/\/www.public.sn\/wp-content\/uploads\/2022\/11\/Mine-PAN.jpg\",\"width\":612,\"height\":298,\"caption\":\"public Sn\"},{\"@type\":\"BreadcrumbList\",\"@id\":\"https:\/\/www.public.sn\/index.php\/2022\/11\/15\/affaire-pape-ale-niang-daouda-mine-a-letat-actuel-de-notre-procedure-il-est-normal-quun-journaliste-soit-en-prison-video\/#breadcrumb\",\"itemListElement\":[{\"@type\":\"ListItem\",\"position\":1,\"name\":\"Accueil\",\"item\":\"https:\/\/www.public.sn\/\"},{\"@type\":\"ListItem\",\"position\":2,\"name\":\"Affaire Pape Al\u00e9 Niang\u00a0: Daouda Mine \u00ab\u00a0A l\u2019\u00e9tat actuel de notre proc\u00e9dure il est normal qu\u2019un journaliste soit en prison\u00a0\u00bb. (Vid\u00e9o)\"}]},{\"@type\":\"WebSite\",\"@id\":\"https:\/\/www.public.sn\/#website\",\"url\":\"https:\/\/www.public.sn\/\",\"name\":\"LE PUBLIC\",\"description\":\"\",\"publisher\":{\"@id\":\"https:\/\/www.public.sn\/#organization\"},\"potentialAction\":[{\"@type\":\"SearchAction\",\"target\":{\"@type\":\"EntryPoint\",\"urlTemplate\":\"https:\/\/www.public.sn\/?s={search_term_string}\"},\"query-input\":{\"@type\":\"PropertyValueSpecification\",\"valueRequired\":true,\"valueName\":\"search_term_string\"}}],\"inLanguage\":\"fr-FR\"},{\"@type\":\"Organization\",\"@id\":\"https:\/\/www.public.sn\/#organization\",\"name\":\"LE PUBLIC\",\"url\":\"https:\/\/www.public.sn\/\",\"logo\":{\"@type\":\"ImageObject\",\"inLanguage\":\"fr-FR\",\"@id\":\"https:\/\/www.public.sn\/#\/schema\/logo\/image\/\",\"url\":\"https:\/\/www.public.sn\/wp-content\/uploads\/2024\/05\/cropped-LOGO-PUBLIC.SN_.png\",\"contentUrl\":\"https:\/\/www.public.sn\/wp-content\/uploads\/2024\/05\/cropped-LOGO-PUBLIC.SN_.png\",\"width\":682,\"height\":192,\"caption\":\"LE PUBLIC\"},\"image\":{\"@id\":\"https:\/\/www.public.sn\/#\/schema\/logo\/image\/\"}},{\"@type\":\"Person\",\"@id\":\"https:\/\/www.public.sn\/#\/schema\/person\/cb76c8e1b8becc6be61fb5e92d6d0224\",\"name\":\"LA REDACTION\",\"image\":{\"@type\":\"ImageObject\",\"inLanguage\":\"fr-FR\",\"@id\":\"https:\/\/www.public.sn\/#\/schema\/person\/image\/\",\"url\":\"https:\/\/secure.gravatar.com\/avatar\/2dce5ddd34b8fef0180efe03aa2a9bee7d953856048f9a16b298190a3178407c?s=96&d=mm&r=g\",\"contentUrl\":\"https:\/\/secure.gravatar.com\/avatar\/2dce5ddd34b8fef0180efe03aa2a9bee7d953856048f9a16b298190a3178407c?s=96&d=mm&r=g\",\"caption\":\"LA REDACTION\"},\"url\":\"https:\/\/www.public.sn\/index.php\/author\/editeurpsn\/\"}]}<\/script>\n<!-- \/ Yoast SEO plugin. -->","yoast_head_json":{"title":"Affaire Pape Al\u00e9 Niang\u00a0: Daouda Mine \u00ab\u00a0A l\u2019\u00e9tat actuel de notre proc\u00e9dure il est normal qu\u2019un journaliste soit en prison\u00a0\u00bb. (Vid\u00e9o) - LE PUBLIC","robots":{"index":"index","follow":"follow","max-snippet":"max-snippet:-1","max-image-preview":"max-image-preview:large","max-video-preview":"max-video-preview:-1"},"canonical":"https:\/\/www.public.sn\/index.php\/2022\/11\/15\/affaire-pape-ale-niang-daouda-mine-a-letat-actuel-de-notre-procedure-il-est-normal-quun-journaliste-soit-en-prison-video\/","og_locale":"fr_FR","og_type":"article","og_title":"Affaire Pape Al\u00e9 Niang\u00a0: Daouda Mine \u00ab\u00a0A l\u2019\u00e9tat actuel de notre proc\u00e9dure il est normal qu\u2019un journaliste soit en prison\u00a0\u00bb. (Vid\u00e9o) - LE PUBLIC","og_description":"&nbsp;&nbsp;&nbsp;&nbsp;&nbsp; &nbsp;&nbsp; Invit\u00e9 de l\u2019\u00e9mission PENCUM SENEWEB, le journaliste Daouda Mine, abordant l\u2019arrestation du journaliste Pape Al\u00e9 Niang est convaincu que out journaliste doit participer \u00e0 la lutte pour la libration de PAN. La presse doit se &nbsp;mobiliser comme toutes les corporations, c\u2019est un &nbsp;combat de principe. Cependant, le chroniqueur affirme que \u00ab&nbsp;A l\u2019\u00e9tat actuel de notre proc\u00e9dure il est normal qu\u2019un journaliste soit en prison&nbsp;\u00bb\u2026 . Falil Gadio","og_url":"https:\/\/www.public.sn\/index.php\/2022\/11\/15\/affaire-pape-ale-niang-daouda-mine-a-letat-actuel-de-notre-procedure-il-est-normal-quun-journaliste-soit-en-prison-video\/","og_site_name":"LE PUBLIC","article_published_time":"2022-11-15T13:56:22+00:00","article_modified_time":"2022-11-15T13:56:25+00:00","og_image":[{"width":612,"height":298,"url":"https:\/\/www.public.sn\/wp-content\/uploads\/2022\/11\/Mine-PAN.jpg","type":"image\/jpeg"}],"author":"LA REDACTION","twitter_card":"summary_large_image","twitter_misc":{"\u00c9crit par":"LA REDACTION","Dur\u00e9e de lecture estim\u00e9e":"1 minute"},"schema":{"@context":"https:\/\/schema.org","@graph":[{"@type":"Article","@id":"https:\/\/www.public.sn\/index.php\/2022\/11\/15\/affaire-pape-ale-niang-daouda-mine-a-letat-actuel-de-notre-procedure-il-est-normal-quun-journaliste-soit-en-prison-video\/#article","isPartOf":{"@id":"https:\/\/www.public.sn\/index.php\/2022\/11\/15\/affaire-pape-ale-niang-daouda-mine-a-letat-actuel-de-notre-procedure-il-est-normal-quun-journaliste-soit-en-prison-video\/"},"author":{"name":"LA REDACTION","@id":"https:\/\/www.public.sn\/#\/schema\/person\/cb76c8e1b8becc6be61fb5e92d6d0224"},"headline":"Affaire Pape Al\u00e9 Niang\u00a0: Daouda Mine \u00ab\u00a0A l\u2019\u00e9tat actuel de notre proc\u00e9dure il est normal qu\u2019un journaliste soit en prison\u00a0\u00bb. (Vid\u00e9o)","datePublished":"2022-11-15T13:56:22+00:00","dateModified":"2022-11-15T13:56:25+00:00","mainEntityOfPage":{"@id":"https:\/\/www.public.sn\/index.php\/2022\/11\/15\/affaire-pape-ale-niang-daouda-mine-a-letat-actuel-de-notre-procedure-il-est-normal-quun-journaliste-soit-en-prison-video\/"},"wordCount":107,"commentCount":0,"publisher":{"@id":"https:\/\/www.public.sn\/#organization"},"image":{"@id":"https:\/\/www.public.sn\/index.php\/2022\/11\/15\/affaire-pape-ale-niang-daouda-mine-a-letat-actuel-de-notre-procedure-il-est-normal-quun-journaliste-soit-en-prison-video\/#primaryimage"},"thumbnailUrl":"https:\/\/www.public.sn\/wp-content\/uploads\/2022\/11\/Mine-PAN.jpg","keywords":["arrestation","Daouda Mine","Pape Al\u00e9 Niang"],"articleSection":["ACTUALIT\u00c9S","M\u00c9DIAS","S\u00c9N\u00c9GAL","S\u00c9RIES &amp; CIN\u00c9MAS","VIDEOS"],"inLanguage":"fr-FR","potentialAction":[{"@type":"CommentAction","name":"Comment","target":["https:\/\/www.public.sn\/index.php\/2022\/11\/15\/affaire-pape-ale-niang-daouda-mine-a-letat-actuel-de-notre-procedure-il-est-normal-quun-journaliste-soit-en-prison-video\/#respond"]}]},{"@type":"WebPage","@id":"https:\/\/www.public.sn\/index.php\/2022\/11\/15\/affaire-pape-ale-niang-daouda-mine-a-letat-actuel-de-notre-procedure-il-est-normal-quun-journaliste-soit-en-prison-video\/","url":"https:\/\/www.public.sn\/index.php\/2022\/11\/15\/affaire-pape-ale-niang-daouda-mine-a-letat-actuel-de-notre-procedure-il-est-normal-quun-journaliste-soit-en-prison-video\/","name":"Affaire Pape Al\u00e9 Niang\u00a0: Daouda Mine \u00ab\u00a0A l\u2019\u00e9tat actuel de notre proc\u00e9dure il est normal qu\u2019un journaliste soit en prison\u00a0\u00bb. (Vid\u00e9o) - LE PUBLIC","isPartOf":{"@id":"https:\/\/www.public.sn\/#website"},"primaryImageOfPage":{"@id":"https:\/\/www.public.sn\/index.php\/2022\/11\/15\/affaire-pape-ale-niang-daouda-mine-a-letat-actuel-de-notre-procedure-il-est-normal-quun-journaliste-soit-en-prison-video\/#primaryimage"},"image":{"@id":"https:\/\/www.public.sn\/index.php\/2022\/11\/15\/affaire-pape-ale-niang-daouda-mine-a-letat-actuel-de-notre-procedure-il-est-normal-quun-journaliste-soit-en-prison-video\/#primaryimage"},"thumbnailUrl":"https:\/\/www.public.sn\/wp-content\/uploads\/2022\/11\/Mine-PAN.jpg","datePublished":"2022-11-15T13:56:22+00:00","dateModified":"2022-11-15T13:56:25+00:00","breadcrumb":{"@id":"https:\/\/www.public.sn\/index.php\/2022\/11\/15\/affaire-pape-ale-niang-daouda-mine-a-letat-actuel-de-notre-procedure-il-est-normal-quun-journaliste-soit-en-prison-video\/#breadcrumb"},"inLanguage":"fr-FR","potentialAction":[{"@type":"ReadAction","target":["https:\/\/www.public.sn\/index.php\/2022\/11\/15\/affaire-pape-ale-niang-daouda-mine-a-letat-actuel-de-notre-procedure-il-est-normal-quun-journaliste-soit-en-prison-video\/"]}]},{"@type":"ImageObject","inLanguage":"fr-FR","@id":"https:\/\/www.public.sn\/index.php\/2022\/11\/15\/affaire-pape-ale-niang-daouda-mine-a-letat-actuel-de-notre-procedure-il-est-normal-quun-journaliste-soit-en-prison-video\/#primaryimage","url":"https:\/\/www.public.sn\/wp-content\/uploads\/2022\/11\/Mine-PAN.jpg","contentUrl":"https:\/\/www.public.sn\/wp-content\/uploads\/2022\/11\/Mine-PAN.jpg","width":612,"height":298,"caption":"public Sn"},{"@type":"BreadcrumbList","@id":"https:\/\/www.public.sn\/index.php\/2022\/11\/15\/affaire-pape-ale-niang-daouda-mine-a-letat-actuel-de-notre-procedure-il-est-normal-quun-journaliste-soit-en-prison-video\/#breadcrumb","itemListElement":[{"@type":"ListItem","position":1,"name":"Accueil","item":"https:\/\/www.public.sn\/"},{"@type":"ListItem","position":2,"name":"Affaire Pape Al\u00e9 Niang\u00a0: Daouda Mine \u00ab\u00a0A l\u2019\u00e9tat actuel de notre proc\u00e9dure il est normal qu\u2019un journaliste soit en prison\u00a0\u00bb. (Vid\u00e9o)"}]},{"@type":"WebSite","@id":"https:\/\/www.public.sn\/#website","url":"https:\/\/www.public.sn\/","name":"LE PUBLIC","description":"","publisher":{"@id":"https:\/\/www.public.sn\/#organization"},"potentialAction":[{"@type":"SearchAction","target":{"@type":"EntryPoint","urlTemplate":"https:\/\/www.public.sn\/?s={search_term_string}"},"query-input":{"@type":"PropertyValueSpecification","valueRequired":true,"valueName":"search_term_string"}}],"inLanguage":"fr-FR"},{"@type":"Organization","@id":"https:\/\/www.public.sn\/#organization","name":"LE PUBLIC","url":"https:\/\/www.public.sn\/","logo":{"@type":"ImageObject","inLanguage":"fr-FR","@id":"https:\/\/www.public.sn\/#\/schema\/logo\/image\/","url":"https:\/\/www.public.sn\/wp-content\/uploads\/2024\/05\/cropped-LOGO-PUBLIC.SN_.png","contentUrl":"https:\/\/www.public.sn\/wp-content\/uploads\/2024\/05\/cropped-LOGO-PUBLIC.SN_.png","width":682,"height":192,"caption":"LE PUBLIC"},"image":{"@id":"https:\/\/www.public.sn\/#\/schema\/logo\/image\/"}},{"@type":"Person","@id":"https:\/\/www.public.sn\/#\/schema\/person\/cb76c8e1b8becc6be61fb5e92d6d0224","name":"LA REDACTION","image":{"@type":"ImageObject","inLanguage":"fr-FR","@id":"https:\/\/www.public.sn\/#\/schema\/person\/image\/","url":"https:\/\/secure.gravatar.com\/avatar\/2dce5ddd34b8fef0180efe03aa2a9bee7d953856048f9a16b298190a3178407c?s=96&d=mm&r=g","contentUrl":"https:\/\/secure.gravatar.com\/avatar\/2dce5ddd34b8fef0180efe03aa2a9bee7d953856048f9a16b298190a3178407c?s=96&d=mm&r=g","caption":"LA REDACTION"},"url":"https:\/\/www.public.sn\/index.php\/author\/editeurpsn\/"}]}},"jetpack_featured_media_url":"https:\/\/www.public.sn\/wp-content\/uploads\/2022\/11\/Mine-PAN.jpg","jetpack_sharing_enabled":true,"_links":{"self":[{"href":"https:\/\/www.public.sn\/index.php\/wp-json\/wp\/v2\/posts\/8720","targetHints":{"allow":["GET"]}}],"collection":[{"href":"https:\/\/www.public.sn\/index.php\/wp-json\/wp\/v2\/posts"}],"about":[{"href":"https:\/\/www.public.sn\/index.php\/wp-json\/wp\/v2\/types\/post"}],"author":[{"embeddable":true,"href":"https:\/\/www.public.sn\/index.php\/wp-json\/wp\/v2\/users\/7"}],"replies":[{"embeddable":true,"href":"https:\/\/www.public.sn\/index.php\/wp-json\/wp\/v2\/comments?post=8720"}],"version-history":[{"count":2,"href":"https:\/\/www.public.sn\/index.php\/wp-json\/wp\/v2\/posts\/8720\/revisions"}],"predecessor-version":[{"id":8729,"href":"https:\/\/www.public.sn\/index.php\/wp-json\/wp\/v2\/posts\/8720\/revisions\/8729"}],"wp:featuredmedia":[{"embeddable":true,"href":"https:\/\/www.public.sn\/index.php\/wp-json\/wp\/v2\/media\/8727"}],"wp:attachment":[{"href":"https:\/\/www.public.sn\/index.php\/wp-json\/wp\/v2\/media?parent=8720"}],"wp:term":[{"taxonomy":"category","embeddable":true,"href":"https:\/\/www.public.sn\/index.php\/wp-json\/wp\/v2\/categories?post=8720"},{"taxonomy":"post_tag","embeddable":true,"href":"https:\/\/www.public.sn\/index.php\/wp-json\/wp\/v2\/tags?post=8720"}],"curies":[{"name":"wp","href":"https:\/\/api.w.org\/{rel}","templated":true}]}}