{"id":8746,"date":"2022-11-15T15:02:29","date_gmt":"2022-11-15T15:02:29","guid":{"rendered":"https:\/\/www.public.sn\/?p=8746"},"modified":"2022-11-15T15:02:31","modified_gmt":"2022-11-15T15:02:31","slug":"3e-mandat-mimi-toure-revient-a-la-charge","status":"publish","type":"post","link":"https:\/\/www.public.sn\/index.php\/2022\/11\/15\/3e-mandat-mimi-toure-revient-a-la-charge\/","title":{"rendered":"3e mandat : Mimi Tour\u00e9 revient \u00e0 la charge."},"content":{"rendered":"<p>Aminata Tour\u00e9, ancienne Premier ministre du S\u00e9n\u00e9gal a invit\u00e9 le pr\u00e9sident de la R\u00e9publique du S\u00e9n\u00e9gal Macky Sall, de donner l\u2019exemple sur la question du 3e mandat. Selon Mimi, nos pays doivent avoir des institutions que tout le monde doit respecter, \u00e0 commencer par le S\u00e9n\u00e9gal. Elle a pr\u00e9cis\u00e9 que dans les pays o\u00f9 il y a des coups d\u2019Etat, c\u2019est le produit d\u2019une \u00ab mauvaise gouvernance \u00bb. Elle s\u2019exprimait lors de la 7e \u00e9dition du Symposium annuel de Gor\u00e9e Institute, ce mardi \u00e0 l\u2019\u00cele de Gor\u00e9e.<\/p><div class=\"publi-paragraphe1\" style=\"margin-top: 10px;margin-bottom: 10px;margin-left: auto;margin-right: auto;text-align: center;\" id=\"publi-671296885\"><div class=\"publi-adlabel\">Publicit\u00e9<\/div><script async src=\"\/\/pagead2.googlesyndication.com\/pagead\/js\/adsbygoogle.js?client=ca-pub-4089586018074219\" crossorigin=\"anonymous\"><\/script><ins class=\"adsbygoogle\" style=\"display:block;\" data-ad-client=\"ca-pub-4089586018074219\" \ndata-ad-slot=\"2087940154\" \ndata-ad-format=\"auto\"><\/ins>\n<script> \n(adsbygoogle = window.adsbygoogle || []).push({}); \n<\/script>\n<\/div>\n<div class=\"publi-apres-le-contenu\" style=\"margin-top: 10px;margin-bottom: 10px;margin-left: auto;margin-right: auto;text-align: center;\" id=\"publi-2277091717\"><div class=\"publi-adlabel\">Publicit\u00e9<\/div><script async src=\"\/\/pagead2.googlesyndication.com\/pagead\/js\/adsbygoogle.js?client=ca-pub-4089586018074219\" crossorigin=\"anonymous\"><\/script><ins class=\"adsbygoogle\" style=\"display:block;\" data-ad-client=\"ca-pub-4089586018074219\" \ndata-ad-slot=\"2087940154\" \ndata-ad-format=\"auto\"><\/ins>\n<script> \n(adsbygoogle = window.adsbygoogle || []).push({}); \n<\/script>\n<\/div>","protected":false},"excerpt":{"rendered":"<p>Aminata Tour\u00e9, ancienne Premier ministre du S\u00e9n\u00e9gal a invit\u00e9 le pr\u00e9sident de la R\u00e9publique du S\u00e9n\u00e9gal Macky Sall, de donner l\u2019exemple sur la question du 3e mandat. Selon Mimi, nos pays doivent avoir des institutions que tout le monde doit respecter, \u00e0 commencer par le S\u00e9n\u00e9gal. Elle a pr\u00e9cis\u00e9 que dans les pays o\u00f9 il y a des coups d\u2019Etat, c\u2019est le produit d\u2019une \u00ab mauvaise gouvernance \u00bb. Elle s\u2019exprimait lors de la 7e \u00e9dition du Symposium annuel de Gor\u00e9e Institute, ce mardi \u00e0 l\u2019\u00cele de Gor\u00e9e.<\/p>\n","protected":false},"author":7,"featured_media":8749,"comment_status":"open","ping_status":"open","sticky":false,"template":"","format":"standard","meta":{"_jetpack_memberships_contains_paid_content":false,"footnotes":""},"categories":[375,3,1],"tags":[2129,11,774],"class_list":["post-8746","post","type-post","status-publish","format-standard","has-post-thumbnail","hentry","category-actualites","category-politique","category-non-classe","tag-3eme-mandat-3","tag-macky-sall","tag-mimi","entry","has-media","owp-thumbs-layout-horizontal","owp-btn-normal","owp-tabs-layout-horizontal","has-no-thumbnails","has-product-nav"],"yoast_head":"<!-- This site is optimized with the Yoast SEO plugin v25.5 - https:\/\/yoast.com\/wordpress\/plugins\/seo\/ -->\n<title>3e mandat : Mimi Tour\u00e9 revient \u00e0 la charge. - LE PUBLIC<\/title>\n<meta name=\"robots\" content=\"index, follow, max-snippet:-1, max-image-preview:large, max-video-preview:-1\" \/>\n<link rel=\"canonical\" href=\"https:\/\/www.public.sn\/index.php\/2022\/11\/15\/3e-mandat-mimi-toure-revient-a-la-charge\/\" \/>\n<meta property=\"og:locale\" content=\"fr_FR\" \/>\n<meta property=\"og:type\" content=\"article\" \/>\n<meta property=\"og:title\" content=\"3e mandat : Mimi Tour\u00e9 revient \u00e0 la charge. - LE PUBLIC\" \/>\n<meta property=\"og:description\" content=\"Aminata Tour\u00e9, ancienne Premier ministre du S\u00e9n\u00e9gal a invit\u00e9 le pr\u00e9sident de la R\u00e9publique du S\u00e9n\u00e9gal Macky Sall, de donner l\u2019exemple sur la question du 3e mandat. Selon Mimi, nos pays doivent avoir des institutions que tout le monde doit respecter, \u00e0 commencer par le S\u00e9n\u00e9gal. Elle a pr\u00e9cis\u00e9 que dans les pays o\u00f9 il y a des coups d\u2019Etat, c\u2019est le produit d\u2019une \u00ab mauvaise gouvernance \u00bb. Elle s\u2019exprimait lors de la 7e \u00e9dition du Symposium annuel de Gor\u00e9e Institute, ce mardi \u00e0 l\u2019\u00cele de Gor\u00e9e.\" \/>\n<meta property=\"og:url\" content=\"https:\/\/www.public.sn\/index.php\/2022\/11\/15\/3e-mandat-mimi-toure-revient-a-la-charge\/\" \/>\n<meta property=\"og:site_name\" content=\"LE PUBLIC\" \/>\n<meta property=\"article:published_time\" content=\"2022-11-15T15:02:29+00:00\" \/>\n<meta property=\"article:modified_time\" content=\"2022-11-15T15:02:31+00:00\" \/>\n<meta property=\"og:image\" content=\"https:\/\/www.public.sn\/wp-content\/uploads\/2022\/11\/MIMI-MACKY.jpg\" \/>\n\t<meta property=\"og:image:width\" content=\"317\" \/>\n\t<meta property=\"og:image:height\" content=\"159\" \/>\n\t<meta property=\"og:image:type\" content=\"image\/jpeg\" \/>\n<meta name=\"author\" content=\"LA REDACTION\" \/>\n<meta name=\"twitter:card\" content=\"summary_large_image\" \/>\n<meta name=\"twitter:label1\" content=\"\u00c9crit par\" \/>\n\t<meta name=\"twitter:data1\" content=\"LA REDACTION\" \/>\n\t<meta name=\"twitter:label2\" content=\"Dur\u00e9e de lecture estim\u00e9e\" \/>\n\t<meta name=\"twitter:data2\" content=\"1 minute\" \/>\n<script type=\"application\/ld+json\" class=\"yoast-schema-graph\">{\"@context\":\"https:\/\/schema.org\",\"@graph\":[{\"@type\":\"Article\",\"@id\":\"https:\/\/www.public.sn\/index.php\/2022\/11\/15\/3e-mandat-mimi-toure-revient-a-la-charge\/#article\",\"isPartOf\":{\"@id\":\"https:\/\/www.public.sn\/index.php\/2022\/11\/15\/3e-mandat-mimi-toure-revient-a-la-charge\/\"},\"author\":{\"name\":\"LA REDACTION\",\"@id\":\"https:\/\/www.public.sn\/#\/schema\/person\/cb76c8e1b8becc6be61fb5e92d6d0224\"},\"headline\":\"3e mandat : Mimi Tour\u00e9 revient \u00e0 la charge.\",\"datePublished\":\"2022-11-15T15:02:29+00:00\",\"dateModified\":\"2022-11-15T15:02:31+00:00\",\"mainEntityOfPage\":{\"@id\":\"https:\/\/www.public.sn\/index.php\/2022\/11\/15\/3e-mandat-mimi-toure-revient-a-la-charge\/\"},\"wordCount\":107,\"commentCount\":0,\"publisher\":{\"@id\":\"https:\/\/www.public.sn\/#organization\"},\"image\":{\"@id\":\"https:\/\/www.public.sn\/index.php\/2022\/11\/15\/3e-mandat-mimi-toure-revient-a-la-charge\/#primaryimage\"},\"thumbnailUrl\":\"https:\/\/www.public.sn\/wp-content\/uploads\/2022\/11\/MIMI-MACKY.jpg\",\"keywords\":[\"3\u00e9m\u00e9 Mandat\",\"Macky Sall\",\"Mimi\"],\"articleSection\":[\"ACTUALIT\u00c9S\",\"POLITIQUE\",\"S\u00c9N\u00c9GAL\"],\"inLanguage\":\"fr-FR\",\"potentialAction\":[{\"@type\":\"CommentAction\",\"name\":\"Comment\",\"target\":[\"https:\/\/www.public.sn\/index.php\/2022\/11\/15\/3e-mandat-mimi-toure-revient-a-la-charge\/#respond\"]}]},{\"@type\":\"WebPage\",\"@id\":\"https:\/\/www.public.sn\/index.php\/2022\/11\/15\/3e-mandat-mimi-toure-revient-a-la-charge\/\",\"url\":\"https:\/\/www.public.sn\/index.php\/2022\/11\/15\/3e-mandat-mimi-toure-revient-a-la-charge\/\",\"name\":\"3e mandat : Mimi Tour\u00e9 revient \u00e0 la charge. - LE PUBLIC\",\"isPartOf\":{\"@id\":\"https:\/\/www.public.sn\/#website\"},\"primaryImageOfPage\":{\"@id\":\"https:\/\/www.public.sn\/index.php\/2022\/11\/15\/3e-mandat-mimi-toure-revient-a-la-charge\/#primaryimage\"},\"image\":{\"@id\":\"https:\/\/www.public.sn\/index.php\/2022\/11\/15\/3e-mandat-mimi-toure-revient-a-la-charge\/#primaryimage\"},\"thumbnailUrl\":\"https:\/\/www.public.sn\/wp-content\/uploads\/2022\/11\/MIMI-MACKY.jpg\",\"datePublished\":\"2022-11-15T15:02:29+00:00\",\"dateModified\":\"2022-11-15T15:02:31+00:00\",\"breadcrumb\":{\"@id\":\"https:\/\/www.public.sn\/index.php\/2022\/11\/15\/3e-mandat-mimi-toure-revient-a-la-charge\/#breadcrumb\"},\"inLanguage\":\"fr-FR\",\"potentialAction\":[{\"@type\":\"ReadAction\",\"target\":[\"https:\/\/www.public.sn\/index.php\/2022\/11\/15\/3e-mandat-mimi-toure-revient-a-la-charge\/\"]}]},{\"@type\":\"ImageObject\",\"inLanguage\":\"fr-FR\",\"@id\":\"https:\/\/www.public.sn\/index.php\/2022\/11\/15\/3e-mandat-mimi-toure-revient-a-la-charge\/#primaryimage\",\"url\":\"https:\/\/www.public.sn\/wp-content\/uploads\/2022\/11\/MIMI-MACKY.jpg\",\"contentUrl\":\"https:\/\/www.public.sn\/wp-content\/uploads\/2022\/11\/MIMI-MACKY.jpg\",\"width\":317,\"height\":159,\"caption\":\"Public Sn\"},{\"@type\":\"BreadcrumbList\",\"@id\":\"https:\/\/www.public.sn\/index.php\/2022\/11\/15\/3e-mandat-mimi-toure-revient-a-la-charge\/#breadcrumb\",\"itemListElement\":[{\"@type\":\"ListItem\",\"position\":1,\"name\":\"Accueil\",\"item\":\"https:\/\/www.public.sn\/\"},{\"@type\":\"ListItem\",\"position\":2,\"name\":\"3e mandat : Mimi Tour\u00e9 revient \u00e0 la charge.\"}]},{\"@type\":\"WebSite\",\"@id\":\"https:\/\/www.public.sn\/#website\",\"url\":\"https:\/\/www.public.sn\/\",\"name\":\"LE PUBLIC\",\"description\":\"\",\"publisher\":{\"@id\":\"https:\/\/www.public.sn\/#organization\"},\"potentialAction\":[{\"@type\":\"SearchAction\",\"target\":{\"@type\":\"EntryPoint\",\"urlTemplate\":\"https:\/\/www.public.sn\/?s={search_term_string}\"},\"query-input\":{\"@type\":\"PropertyValueSpecification\",\"valueRequired\":true,\"valueName\":\"search_term_string\"}}],\"inLanguage\":\"fr-FR\"},{\"@type\":\"Organization\",\"@id\":\"https:\/\/www.public.sn\/#organization\",\"name\":\"LE PUBLIC\",\"url\":\"https:\/\/www.public.sn\/\",\"logo\":{\"@type\":\"ImageObject\",\"inLanguage\":\"fr-FR\",\"@id\":\"https:\/\/www.public.sn\/#\/schema\/logo\/image\/\",\"url\":\"https:\/\/www.public.sn\/wp-content\/uploads\/2024\/05\/cropped-LOGO-PUBLIC.SN_.png\",\"contentUrl\":\"https:\/\/www.public.sn\/wp-content\/uploads\/2024\/05\/cropped-LOGO-PUBLIC.SN_.png\",\"width\":682,\"height\":192,\"caption\":\"LE PUBLIC\"},\"image\":{\"@id\":\"https:\/\/www.public.sn\/#\/schema\/logo\/image\/\"}},{\"@type\":\"Person\",\"@id\":\"https:\/\/www.public.sn\/#\/schema\/person\/cb76c8e1b8becc6be61fb5e92d6d0224\",\"name\":\"LA REDACTION\",\"image\":{\"@type\":\"ImageObject\",\"inLanguage\":\"fr-FR\",\"@id\":\"https:\/\/www.public.sn\/#\/schema\/person\/image\/\",\"url\":\"https:\/\/secure.gravatar.com\/avatar\/2dce5ddd34b8fef0180efe03aa2a9bee7d953856048f9a16b298190a3178407c?s=96&d=mm&r=g\",\"contentUrl\":\"https:\/\/secure.gravatar.com\/avatar\/2dce5ddd34b8fef0180efe03aa2a9bee7d953856048f9a16b298190a3178407c?s=96&d=mm&r=g\",\"caption\":\"LA REDACTION\"},\"url\":\"https:\/\/www.public.sn\/index.php\/author\/editeurpsn\/\"}]}<\/script>\n<!-- \/ Yoast SEO plugin. -->","yoast_head_json":{"title":"3e mandat : Mimi Tour\u00e9 revient \u00e0 la charge. - LE PUBLIC","robots":{"index":"index","follow":"follow","max-snippet":"max-snippet:-1","max-image-preview":"max-image-preview:large","max-video-preview":"max-video-preview:-1"},"canonical":"https:\/\/www.public.sn\/index.php\/2022\/11\/15\/3e-mandat-mimi-toure-revient-a-la-charge\/","og_locale":"fr_FR","og_type":"article","og_title":"3e mandat : Mimi Tour\u00e9 revient \u00e0 la charge. - LE PUBLIC","og_description":"Aminata Tour\u00e9, ancienne Premier ministre du S\u00e9n\u00e9gal a invit\u00e9 le pr\u00e9sident de la R\u00e9publique du S\u00e9n\u00e9gal Macky Sall, de donner l\u2019exemple sur la question du 3e mandat. Selon Mimi, nos pays doivent avoir des institutions que tout le monde doit respecter, \u00e0 commencer par le S\u00e9n\u00e9gal. Elle a pr\u00e9cis\u00e9 que dans les pays o\u00f9 il y a des coups d\u2019Etat, c\u2019est le produit d\u2019une \u00ab mauvaise gouvernance \u00bb. Elle s\u2019exprimait lors de la 7e \u00e9dition du Symposium annuel de Gor\u00e9e Institute, ce mardi \u00e0 l\u2019\u00cele de Gor\u00e9e.","og_url":"https:\/\/www.public.sn\/index.php\/2022\/11\/15\/3e-mandat-mimi-toure-revient-a-la-charge\/","og_site_name":"LE PUBLIC","article_published_time":"2022-11-15T15:02:29+00:00","article_modified_time":"2022-11-15T15:02:31+00:00","og_image":[{"width":317,"height":159,"url":"https:\/\/www.public.sn\/wp-content\/uploads\/2022\/11\/MIMI-MACKY.jpg","type":"image\/jpeg"}],"author":"LA REDACTION","twitter_card":"summary_large_image","twitter_misc":{"\u00c9crit par":"LA REDACTION","Dur\u00e9e de lecture estim\u00e9e":"1 minute"},"schema":{"@context":"https:\/\/schema.org","@graph":[{"@type":"Article","@id":"https:\/\/www.public.sn\/index.php\/2022\/11\/15\/3e-mandat-mimi-toure-revient-a-la-charge\/#article","isPartOf":{"@id":"https:\/\/www.public.sn\/index.php\/2022\/11\/15\/3e-mandat-mimi-toure-revient-a-la-charge\/"},"author":{"name":"LA REDACTION","@id":"https:\/\/www.public.sn\/#\/schema\/person\/cb76c8e1b8becc6be61fb5e92d6d0224"},"headline":"3e mandat : Mimi Tour\u00e9 revient \u00e0 la charge.","datePublished":"2022-11-15T15:02:29+00:00","dateModified":"2022-11-15T15:02:31+00:00","mainEntityOfPage":{"@id":"https:\/\/www.public.sn\/index.php\/2022\/11\/15\/3e-mandat-mimi-toure-revient-a-la-charge\/"},"wordCount":107,"commentCount":0,"publisher":{"@id":"https:\/\/www.public.sn\/#organization"},"image":{"@id":"https:\/\/www.public.sn\/index.php\/2022\/11\/15\/3e-mandat-mimi-toure-revient-a-la-charge\/#primaryimage"},"thumbnailUrl":"https:\/\/www.public.sn\/wp-content\/uploads\/2022\/11\/MIMI-MACKY.jpg","keywords":["3\u00e9m\u00e9 Mandat","Macky Sall","Mimi"],"articleSection":["ACTUALIT\u00c9S","POLITIQUE","S\u00c9N\u00c9GAL"],"inLanguage":"fr-FR","potentialAction":[{"@type":"CommentAction","name":"Comment","target":["https:\/\/www.public.sn\/index.php\/2022\/11\/15\/3e-mandat-mimi-toure-revient-a-la-charge\/#respond"]}]},{"@type":"WebPage","@id":"https:\/\/www.public.sn\/index.php\/2022\/11\/15\/3e-mandat-mimi-toure-revient-a-la-charge\/","url":"https:\/\/www.public.sn\/index.php\/2022\/11\/15\/3e-mandat-mimi-toure-revient-a-la-charge\/","name":"3e mandat : Mimi Tour\u00e9 revient \u00e0 la charge. - LE PUBLIC","isPartOf":{"@id":"https:\/\/www.public.sn\/#website"},"primaryImageOfPage":{"@id":"https:\/\/www.public.sn\/index.php\/2022\/11\/15\/3e-mandat-mimi-toure-revient-a-la-charge\/#primaryimage"},"image":{"@id":"https:\/\/www.public.sn\/index.php\/2022\/11\/15\/3e-mandat-mimi-toure-revient-a-la-charge\/#primaryimage"},"thumbnailUrl":"https:\/\/www.public.sn\/wp-content\/uploads\/2022\/11\/MIMI-MACKY.jpg","datePublished":"2022-11-15T15:02:29+00:00","dateModified":"2022-11-15T15:02:31+00:00","breadcrumb":{"@id":"https:\/\/www.public.sn\/index.php\/2022\/11\/15\/3e-mandat-mimi-toure-revient-a-la-charge\/#breadcrumb"},"inLanguage":"fr-FR","potentialAction":[{"@type":"ReadAction","target":["https:\/\/www.public.sn\/index.php\/2022\/11\/15\/3e-mandat-mimi-toure-revient-a-la-charge\/"]}]},{"@type":"ImageObject","inLanguage":"fr-FR","@id":"https:\/\/www.public.sn\/index.php\/2022\/11\/15\/3e-mandat-mimi-toure-revient-a-la-charge\/#primaryimage","url":"https:\/\/www.public.sn\/wp-content\/uploads\/2022\/11\/MIMI-MACKY.jpg","contentUrl":"https:\/\/www.public.sn\/wp-content\/uploads\/2022\/11\/MIMI-MACKY.jpg","width":317,"height":159,"caption":"Public Sn"},{"@type":"BreadcrumbList","@id":"https:\/\/www.public.sn\/index.php\/2022\/11\/15\/3e-mandat-mimi-toure-revient-a-la-charge\/#breadcrumb","itemListElement":[{"@type":"ListItem","position":1,"name":"Accueil","item":"https:\/\/www.public.sn\/"},{"@type":"ListItem","position":2,"name":"3e mandat : Mimi Tour\u00e9 revient \u00e0 la charge."}]},{"@type":"WebSite","@id":"https:\/\/www.public.sn\/#website","url":"https:\/\/www.public.sn\/","name":"LE PUBLIC","description":"","publisher":{"@id":"https:\/\/www.public.sn\/#organization"},"potentialAction":[{"@type":"SearchAction","target":{"@type":"EntryPoint","urlTemplate":"https:\/\/www.public.sn\/?s={search_term_string}"},"query-input":{"@type":"PropertyValueSpecification","valueRequired":true,"valueName":"search_term_string"}}],"inLanguage":"fr-FR"},{"@type":"Organization","@id":"https:\/\/www.public.sn\/#organization","name":"LE PUBLIC","url":"https:\/\/www.public.sn\/","logo":{"@type":"ImageObject","inLanguage":"fr-FR","@id":"https:\/\/www.public.sn\/#\/schema\/logo\/image\/","url":"https:\/\/www.public.sn\/wp-content\/uploads\/2024\/05\/cropped-LOGO-PUBLIC.SN_.png","contentUrl":"https:\/\/www.public.sn\/wp-content\/uploads\/2024\/05\/cropped-LOGO-PUBLIC.SN_.png","width":682,"height":192,"caption":"LE PUBLIC"},"image":{"@id":"https:\/\/www.public.sn\/#\/schema\/logo\/image\/"}},{"@type":"Person","@id":"https:\/\/www.public.sn\/#\/schema\/person\/cb76c8e1b8becc6be61fb5e92d6d0224","name":"LA REDACTION","image":{"@type":"ImageObject","inLanguage":"fr-FR","@id":"https:\/\/www.public.sn\/#\/schema\/person\/image\/","url":"https:\/\/secure.gravatar.com\/avatar\/2dce5ddd34b8fef0180efe03aa2a9bee7d953856048f9a16b298190a3178407c?s=96&d=mm&r=g","contentUrl":"https:\/\/secure.gravatar.com\/avatar\/2dce5ddd34b8fef0180efe03aa2a9bee7d953856048f9a16b298190a3178407c?s=96&d=mm&r=g","caption":"LA REDACTION"},"url":"https:\/\/www.public.sn\/index.php\/author\/editeurpsn\/"}]}},"jetpack_featured_media_url":"https:\/\/www.public.sn\/wp-content\/uploads\/2022\/11\/MIMI-MACKY.jpg","jetpack_sharing_enabled":true,"_links":{"self":[{"href":"https:\/\/www.public.sn\/index.php\/wp-json\/wp\/v2\/posts\/8746","targetHints":{"allow":["GET"]}}],"collection":[{"href":"https:\/\/www.public.sn\/index.php\/wp-json\/wp\/v2\/posts"}],"about":[{"href":"https:\/\/www.public.sn\/index.php\/wp-json\/wp\/v2\/types\/post"}],"author":[{"embeddable":true,"href":"https:\/\/www.public.sn\/index.php\/wp-json\/wp\/v2\/users\/7"}],"replies":[{"embeddable":true,"href":"https:\/\/www.public.sn\/index.php\/wp-json\/wp\/v2\/comments?post=8746"}],"version-history":[{"count":2,"href":"https:\/\/www.public.sn\/index.php\/wp-json\/wp\/v2\/posts\/8746\/revisions"}],"predecessor-version":[{"id":8751,"href":"https:\/\/www.public.sn\/index.php\/wp-json\/wp\/v2\/posts\/8746\/revisions\/8751"}],"wp:featuredmedia":[{"embeddable":true,"href":"https:\/\/www.public.sn\/index.php\/wp-json\/wp\/v2\/media\/8749"}],"wp:attachment":[{"href":"https:\/\/www.public.sn\/index.php\/wp-json\/wp\/v2\/media?parent=8746"}],"wp:term":[{"taxonomy":"category","embeddable":true,"href":"https:\/\/www.public.sn\/index.php\/wp-json\/wp\/v2\/categories?post=8746"},{"taxonomy":"post_tag","embeddable":true,"href":"https:\/\/www.public.sn\/index.php\/wp-json\/wp\/v2\/tags?post=8746"}],"curies":[{"name":"wp","href":"https:\/\/api.w.org\/{rel}","templated":true}]}}