{"id":8752,"date":"2022-11-15T15:16:00","date_gmt":"2022-11-15T15:16:00","guid":{"rendered":"https:\/\/www.public.sn\/?p=8752"},"modified":"2022-11-15T15:16:35","modified_gmt":"2022-11-15T15:16:35","slug":"soutien-de-lurac-a-pape-ale","status":"publish","type":"post","link":"https:\/\/www.public.sn\/index.php\/2022\/11\/15\/soutien-de-lurac-a-pape-ale\/","title":{"rendered":"Soutien de l\u2019URAC \u00e0 Pape Al\u00e9."},"content":{"rendered":"<p>L\u2019union des radios communautaires du S\u00e9n\u00e9gal n\u2019est pas en phase avec la sortie du ministre de la communication Me Moussa Bocar Thiam. Pour elle la position du ministre n\u2019est en fait que celui d\u2019un membre du gouvernement et du r\u00e9gime qui ne trouve rien \u00e0 faire que d\u2019arr\u00eater un journaliste.<\/p><div class=\"publi-paragraphe1\" style=\"margin-top: 10px;margin-bottom: 10px;margin-left: auto;margin-right: auto;text-align: center;\" id=\"publi-2226580371\"><div class=\"publi-adlabel\">Publicit\u00e9<\/div><script async src=\"\/\/pagead2.googlesyndication.com\/pagead\/js\/adsbygoogle.js?client=ca-pub-4089586018074219\" crossorigin=\"anonymous\"><\/script><ins class=\"adsbygoogle\" style=\"display:block;\" data-ad-client=\"ca-pub-4089586018074219\" \ndata-ad-slot=\"2087940154\" \ndata-ad-format=\"auto\"><\/ins>\n<script> \n(adsbygoogle = window.adsbygoogle || []).push({}); \n<\/script>\n<\/div>\n<p>Selon Talla Dieng, le pr\u00e9sident de l\u2019URAC, malgr\u00e9 ses menaces et sa sortie maladroite, les journalistes vont poursuivre le combat pour la lib\u00e9ration au plus vite de Pape Al\u00e9 Thiam. Pour lui, cette position du ministre n\u2019aura aucune  incidence sur la d\u00e9termination de la lutte engag\u00e9e.<\/p>\n<p>Talla Dieng soutient que l\u2019URAC soutient pleinement et enti\u00e8rement le confr\u00e8re Pape Al\u00e9 qui n\u2019a fait que son m\u00e9tier d\u2019autant plus que c\u2019est un journaliste d\u2019investigation et ses investigations portent sur des fiats r\u00e9els qu\u2019il a port\u00e9 \u00e0 la connaissance du public.<\/p>\n<p>Samba SY.<\/p>\n<div class=\"publi-apres-le-contenu\" style=\"margin-top: 10px;margin-bottom: 10px;margin-left: auto;margin-right: auto;text-align: center;\" id=\"publi-3844473313\"><div class=\"publi-adlabel\">Publicit\u00e9<\/div><script async src=\"\/\/pagead2.googlesyndication.com\/pagead\/js\/adsbygoogle.js?client=ca-pub-4089586018074219\" crossorigin=\"anonymous\"><\/script><ins class=\"adsbygoogle\" style=\"display:block;\" data-ad-client=\"ca-pub-4089586018074219\" \ndata-ad-slot=\"2087940154\" \ndata-ad-format=\"auto\"><\/ins>\n<script> \n(adsbygoogle = window.adsbygoogle || []).push({}); \n<\/script>\n<\/div>","protected":false},"excerpt":{"rendered":"<p>L\u2019union des radios communautaires du S\u00e9n\u00e9gal n\u2019est pas en phase avec la sortie du ministre de la communication Me Moussa Bocar Thiam. Pour elle la position du ministre n\u2019est en fait que celui d\u2019un membre du gouvernement et du r\u00e9gime qui ne trouve rien \u00e0 faire que d\u2019arr\u00eater un journaliste. Selon Talla Dieng, le pr\u00e9sident de l\u2019URAC, malgr\u00e9 ses menaces et sa sortie maladroite, les journalistes vont poursuivre le combat pour la lib\u00e9ration au plus vite de Pape Al\u00e9 Thiam. Pour lui, cette position du ministre n\u2019aura aucune incidence sur la d\u00e9termination de la lutte engag\u00e9e. Talla Dieng soutient que l\u2019URAC soutient pleinement et enti\u00e8rement le confr\u00e8re Pape Al\u00e9 qui n\u2019a fait que son m\u00e9tier d\u2019autant plus que c\u2019est un journaliste d\u2019investigation et ses investigations portent sur des fiats r\u00e9els qu\u2019il a port\u00e9 \u00e0 la connaissance du public. Samba SY.<\/p>\n","protected":false},"author":7,"featured_media":8754,"comment_status":"open","ping_status":"open","sticky":false,"template":"","format":"standard","meta":{"_jetpack_memberships_contains_paid_content":false,"footnotes":""},"categories":[375,961,1],"tags":[2492,2388,2483],"class_list":["post-8752","post","type-post","status-publish","format-standard","has-post-thumbnail","hentry","category-actualites","category-medias","category-non-classe","tag-pape-ale","tag-soutient","tag-urac","entry","has-media","owp-thumbs-layout-horizontal","owp-btn-normal","owp-tabs-layout-horizontal","has-no-thumbnails","has-product-nav"],"yoast_head":"<!-- This site is optimized with the Yoast SEO plugin v25.5 - https:\/\/yoast.com\/wordpress\/plugins\/seo\/ -->\n<title>Soutien de l\u2019URAC \u00e0 Pape Al\u00e9. - LE PUBLIC<\/title>\n<meta name=\"robots\" content=\"index, follow, max-snippet:-1, max-image-preview:large, max-video-preview:-1\" \/>\n<link rel=\"canonical\" href=\"https:\/\/www.public.sn\/index.php\/2022\/11\/15\/soutien-de-lurac-a-pape-ale\/\" \/>\n<meta property=\"og:locale\" content=\"fr_FR\" \/>\n<meta property=\"og:type\" content=\"article\" \/>\n<meta property=\"og:title\" content=\"Soutien de l\u2019URAC \u00e0 Pape Al\u00e9. - LE PUBLIC\" \/>\n<meta property=\"og:description\" content=\"L\u2019union des radios communautaires du S\u00e9n\u00e9gal n\u2019est pas en phase avec la sortie du ministre de la communication Me Moussa Bocar Thiam. Pour elle la position du ministre n\u2019est en fait que celui d\u2019un membre du gouvernement et du r\u00e9gime qui ne trouve rien \u00e0 faire que d\u2019arr\u00eater un journaliste. Selon Talla Dieng, le pr\u00e9sident de l\u2019URAC, malgr\u00e9 ses menaces et sa sortie maladroite, les journalistes vont poursuivre le combat pour la lib\u00e9ration au plus vite de Pape Al\u00e9 Thiam. Pour lui, cette position du ministre n\u2019aura aucune incidence sur la d\u00e9termination de la lutte engag\u00e9e. Talla Dieng soutient que l\u2019URAC soutient pleinement et enti\u00e8rement le confr\u00e8re Pape Al\u00e9 qui n\u2019a fait que son m\u00e9tier d\u2019autant plus que c\u2019est un journaliste d\u2019investigation et ses investigations portent sur des fiats r\u00e9els qu\u2019il a port\u00e9 \u00e0 la connaissance du public. Samba SY.\" \/>\n<meta property=\"og:url\" content=\"https:\/\/www.public.sn\/index.php\/2022\/11\/15\/soutien-de-lurac-a-pape-ale\/\" \/>\n<meta property=\"og:site_name\" content=\"LE PUBLIC\" \/>\n<meta property=\"article:published_time\" content=\"2022-11-15T15:16:00+00:00\" \/>\n<meta property=\"article:modified_time\" content=\"2022-11-15T15:16:35+00:00\" \/>\n<meta property=\"og:image\" content=\"https:\/\/www.public.sn\/wp-content\/uploads\/2022\/11\/talla-dieng.jpeg\" \/>\n\t<meta property=\"og:image:width\" content=\"1440\" \/>\n\t<meta property=\"og:image:height\" content=\"784\" \/>\n\t<meta property=\"og:image:type\" content=\"image\/jpeg\" \/>\n<meta name=\"author\" content=\"LA REDACTION\" \/>\n<meta name=\"twitter:card\" content=\"summary_large_image\" \/>\n<meta name=\"twitter:label1\" content=\"\u00c9crit par\" \/>\n\t<meta name=\"twitter:data1\" content=\"LA REDACTION\" \/>\n\t<meta name=\"twitter:label2\" content=\"Dur\u00e9e de lecture estim\u00e9e\" \/>\n\t<meta name=\"twitter:data2\" content=\"1 minute\" \/>\n<script type=\"application\/ld+json\" class=\"yoast-schema-graph\">{\"@context\":\"https:\/\/schema.org\",\"@graph\":[{\"@type\":\"Article\",\"@id\":\"https:\/\/www.public.sn\/index.php\/2022\/11\/15\/soutien-de-lurac-a-pape-ale\/#article\",\"isPartOf\":{\"@id\":\"https:\/\/www.public.sn\/index.php\/2022\/11\/15\/soutien-de-lurac-a-pape-ale\/\"},\"author\":{\"name\":\"LA REDACTION\",\"@id\":\"https:\/\/www.public.sn\/#\/schema\/person\/cb76c8e1b8becc6be61fb5e92d6d0224\"},\"headline\":\"Soutien de l\u2019URAC \u00e0 Pape Al\u00e9.\",\"datePublished\":\"2022-11-15T15:16:00+00:00\",\"dateModified\":\"2022-11-15T15:16:35+00:00\",\"mainEntityOfPage\":{\"@id\":\"https:\/\/www.public.sn\/index.php\/2022\/11\/15\/soutien-de-lurac-a-pape-ale\/\"},\"wordCount\":169,\"commentCount\":0,\"publisher\":{\"@id\":\"https:\/\/www.public.sn\/#organization\"},\"image\":{\"@id\":\"https:\/\/www.public.sn\/index.php\/2022\/11\/15\/soutien-de-lurac-a-pape-ale\/#primaryimage\"},\"thumbnailUrl\":\"https:\/\/www.public.sn\/wp-content\/uploads\/2022\/11\/talla-dieng.jpeg\",\"keywords\":[\"pape al\u00e9\",\"soutient\",\"urac\"],\"articleSection\":[\"ACTUALIT\u00c9S\",\"M\u00c9DIAS\",\"S\u00c9N\u00c9GAL\"],\"inLanguage\":\"fr-FR\",\"potentialAction\":[{\"@type\":\"CommentAction\",\"name\":\"Comment\",\"target\":[\"https:\/\/www.public.sn\/index.php\/2022\/11\/15\/soutien-de-lurac-a-pape-ale\/#respond\"]}]},{\"@type\":\"WebPage\",\"@id\":\"https:\/\/www.public.sn\/index.php\/2022\/11\/15\/soutien-de-lurac-a-pape-ale\/\",\"url\":\"https:\/\/www.public.sn\/index.php\/2022\/11\/15\/soutien-de-lurac-a-pape-ale\/\",\"name\":\"Soutien de l\u2019URAC \u00e0 Pape Al\u00e9. - LE PUBLIC\",\"isPartOf\":{\"@id\":\"https:\/\/www.public.sn\/#website\"},\"primaryImageOfPage\":{\"@id\":\"https:\/\/www.public.sn\/index.php\/2022\/11\/15\/soutien-de-lurac-a-pape-ale\/#primaryimage\"},\"image\":{\"@id\":\"https:\/\/www.public.sn\/index.php\/2022\/11\/15\/soutien-de-lurac-a-pape-ale\/#primaryimage\"},\"thumbnailUrl\":\"https:\/\/www.public.sn\/wp-content\/uploads\/2022\/11\/talla-dieng.jpeg\",\"datePublished\":\"2022-11-15T15:16:00+00:00\",\"dateModified\":\"2022-11-15T15:16:35+00:00\",\"breadcrumb\":{\"@id\":\"https:\/\/www.public.sn\/index.php\/2022\/11\/15\/soutien-de-lurac-a-pape-ale\/#breadcrumb\"},\"inLanguage\":\"fr-FR\",\"potentialAction\":[{\"@type\":\"ReadAction\",\"target\":[\"https:\/\/www.public.sn\/index.php\/2022\/11\/15\/soutien-de-lurac-a-pape-ale\/\"]}]},{\"@type\":\"ImageObject\",\"inLanguage\":\"fr-FR\",\"@id\":\"https:\/\/www.public.sn\/index.php\/2022\/11\/15\/soutien-de-lurac-a-pape-ale\/#primaryimage\",\"url\":\"https:\/\/www.public.sn\/wp-content\/uploads\/2022\/11\/talla-dieng.jpeg\",\"contentUrl\":\"https:\/\/www.public.sn\/wp-content\/uploads\/2022\/11\/talla-dieng.jpeg\",\"width\":1440,\"height\":784,\"caption\":\"publicsn\"},{\"@type\":\"BreadcrumbList\",\"@id\":\"https:\/\/www.public.sn\/index.php\/2022\/11\/15\/soutien-de-lurac-a-pape-ale\/#breadcrumb\",\"itemListElement\":[{\"@type\":\"ListItem\",\"position\":1,\"name\":\"Accueil\",\"item\":\"https:\/\/www.public.sn\/\"},{\"@type\":\"ListItem\",\"position\":2,\"name\":\"Soutien de l\u2019URAC \u00e0 Pape Al\u00e9.\"}]},{\"@type\":\"WebSite\",\"@id\":\"https:\/\/www.public.sn\/#website\",\"url\":\"https:\/\/www.public.sn\/\",\"name\":\"LE PUBLIC\",\"description\":\"\",\"publisher\":{\"@id\":\"https:\/\/www.public.sn\/#organization\"},\"potentialAction\":[{\"@type\":\"SearchAction\",\"target\":{\"@type\":\"EntryPoint\",\"urlTemplate\":\"https:\/\/www.public.sn\/?s={search_term_string}\"},\"query-input\":{\"@type\":\"PropertyValueSpecification\",\"valueRequired\":true,\"valueName\":\"search_term_string\"}}],\"inLanguage\":\"fr-FR\"},{\"@type\":\"Organization\",\"@id\":\"https:\/\/www.public.sn\/#organization\",\"name\":\"LE PUBLIC\",\"url\":\"https:\/\/www.public.sn\/\",\"logo\":{\"@type\":\"ImageObject\",\"inLanguage\":\"fr-FR\",\"@id\":\"https:\/\/www.public.sn\/#\/schema\/logo\/image\/\",\"url\":\"https:\/\/www.public.sn\/wp-content\/uploads\/2024\/05\/cropped-LOGO-PUBLIC.SN_.png\",\"contentUrl\":\"https:\/\/www.public.sn\/wp-content\/uploads\/2024\/05\/cropped-LOGO-PUBLIC.SN_.png\",\"width\":682,\"height\":192,\"caption\":\"LE PUBLIC\"},\"image\":{\"@id\":\"https:\/\/www.public.sn\/#\/schema\/logo\/image\/\"}},{\"@type\":\"Person\",\"@id\":\"https:\/\/www.public.sn\/#\/schema\/person\/cb76c8e1b8becc6be61fb5e92d6d0224\",\"name\":\"LA REDACTION\",\"image\":{\"@type\":\"ImageObject\",\"inLanguage\":\"fr-FR\",\"@id\":\"https:\/\/www.public.sn\/#\/schema\/person\/image\/\",\"url\":\"https:\/\/secure.gravatar.com\/avatar\/2dce5ddd34b8fef0180efe03aa2a9bee7d953856048f9a16b298190a3178407c?s=96&d=mm&r=g\",\"contentUrl\":\"https:\/\/secure.gravatar.com\/avatar\/2dce5ddd34b8fef0180efe03aa2a9bee7d953856048f9a16b298190a3178407c?s=96&d=mm&r=g\",\"caption\":\"LA REDACTION\"},\"url\":\"https:\/\/www.public.sn\/index.php\/author\/editeurpsn\/\"}]}<\/script>\n<!-- \/ Yoast SEO plugin. -->","yoast_head_json":{"title":"Soutien de l\u2019URAC \u00e0 Pape Al\u00e9. - LE PUBLIC","robots":{"index":"index","follow":"follow","max-snippet":"max-snippet:-1","max-image-preview":"max-image-preview:large","max-video-preview":"max-video-preview:-1"},"canonical":"https:\/\/www.public.sn\/index.php\/2022\/11\/15\/soutien-de-lurac-a-pape-ale\/","og_locale":"fr_FR","og_type":"article","og_title":"Soutien de l\u2019URAC \u00e0 Pape Al\u00e9. - LE PUBLIC","og_description":"L\u2019union des radios communautaires du S\u00e9n\u00e9gal n\u2019est pas en phase avec la sortie du ministre de la communication Me Moussa Bocar Thiam. Pour elle la position du ministre n\u2019est en fait que celui d\u2019un membre du gouvernement et du r\u00e9gime qui ne trouve rien \u00e0 faire que d\u2019arr\u00eater un journaliste. Selon Talla Dieng, le pr\u00e9sident de l\u2019URAC, malgr\u00e9 ses menaces et sa sortie maladroite, les journalistes vont poursuivre le combat pour la lib\u00e9ration au plus vite de Pape Al\u00e9 Thiam. Pour lui, cette position du ministre n\u2019aura aucune incidence sur la d\u00e9termination de la lutte engag\u00e9e. Talla Dieng soutient que l\u2019URAC soutient pleinement et enti\u00e8rement le confr\u00e8re Pape Al\u00e9 qui n\u2019a fait que son m\u00e9tier d\u2019autant plus que c\u2019est un journaliste d\u2019investigation et ses investigations portent sur des fiats r\u00e9els qu\u2019il a port\u00e9 \u00e0 la connaissance du public. Samba SY.","og_url":"https:\/\/www.public.sn\/index.php\/2022\/11\/15\/soutien-de-lurac-a-pape-ale\/","og_site_name":"LE PUBLIC","article_published_time":"2022-11-15T15:16:00+00:00","article_modified_time":"2022-11-15T15:16:35+00:00","og_image":[{"width":1440,"height":784,"url":"https:\/\/www.public.sn\/wp-content\/uploads\/2022\/11\/talla-dieng.jpeg","type":"image\/jpeg"}],"author":"LA REDACTION","twitter_card":"summary_large_image","twitter_misc":{"\u00c9crit par":"LA REDACTION","Dur\u00e9e de lecture estim\u00e9e":"1 minute"},"schema":{"@context":"https:\/\/schema.org","@graph":[{"@type":"Article","@id":"https:\/\/www.public.sn\/index.php\/2022\/11\/15\/soutien-de-lurac-a-pape-ale\/#article","isPartOf":{"@id":"https:\/\/www.public.sn\/index.php\/2022\/11\/15\/soutien-de-lurac-a-pape-ale\/"},"author":{"name":"LA REDACTION","@id":"https:\/\/www.public.sn\/#\/schema\/person\/cb76c8e1b8becc6be61fb5e92d6d0224"},"headline":"Soutien de l\u2019URAC \u00e0 Pape Al\u00e9.","datePublished":"2022-11-15T15:16:00+00:00","dateModified":"2022-11-15T15:16:35+00:00","mainEntityOfPage":{"@id":"https:\/\/www.public.sn\/index.php\/2022\/11\/15\/soutien-de-lurac-a-pape-ale\/"},"wordCount":169,"commentCount":0,"publisher":{"@id":"https:\/\/www.public.sn\/#organization"},"image":{"@id":"https:\/\/www.public.sn\/index.php\/2022\/11\/15\/soutien-de-lurac-a-pape-ale\/#primaryimage"},"thumbnailUrl":"https:\/\/www.public.sn\/wp-content\/uploads\/2022\/11\/talla-dieng.jpeg","keywords":["pape al\u00e9","soutient","urac"],"articleSection":["ACTUALIT\u00c9S","M\u00c9DIAS","S\u00c9N\u00c9GAL"],"inLanguage":"fr-FR","potentialAction":[{"@type":"CommentAction","name":"Comment","target":["https:\/\/www.public.sn\/index.php\/2022\/11\/15\/soutien-de-lurac-a-pape-ale\/#respond"]}]},{"@type":"WebPage","@id":"https:\/\/www.public.sn\/index.php\/2022\/11\/15\/soutien-de-lurac-a-pape-ale\/","url":"https:\/\/www.public.sn\/index.php\/2022\/11\/15\/soutien-de-lurac-a-pape-ale\/","name":"Soutien de l\u2019URAC \u00e0 Pape Al\u00e9. - LE PUBLIC","isPartOf":{"@id":"https:\/\/www.public.sn\/#website"},"primaryImageOfPage":{"@id":"https:\/\/www.public.sn\/index.php\/2022\/11\/15\/soutien-de-lurac-a-pape-ale\/#primaryimage"},"image":{"@id":"https:\/\/www.public.sn\/index.php\/2022\/11\/15\/soutien-de-lurac-a-pape-ale\/#primaryimage"},"thumbnailUrl":"https:\/\/www.public.sn\/wp-content\/uploads\/2022\/11\/talla-dieng.jpeg","datePublished":"2022-11-15T15:16:00+00:00","dateModified":"2022-11-15T15:16:35+00:00","breadcrumb":{"@id":"https:\/\/www.public.sn\/index.php\/2022\/11\/15\/soutien-de-lurac-a-pape-ale\/#breadcrumb"},"inLanguage":"fr-FR","potentialAction":[{"@type":"ReadAction","target":["https:\/\/www.public.sn\/index.php\/2022\/11\/15\/soutien-de-lurac-a-pape-ale\/"]}]},{"@type":"ImageObject","inLanguage":"fr-FR","@id":"https:\/\/www.public.sn\/index.php\/2022\/11\/15\/soutien-de-lurac-a-pape-ale\/#primaryimage","url":"https:\/\/www.public.sn\/wp-content\/uploads\/2022\/11\/talla-dieng.jpeg","contentUrl":"https:\/\/www.public.sn\/wp-content\/uploads\/2022\/11\/talla-dieng.jpeg","width":1440,"height":784,"caption":"publicsn"},{"@type":"BreadcrumbList","@id":"https:\/\/www.public.sn\/index.php\/2022\/11\/15\/soutien-de-lurac-a-pape-ale\/#breadcrumb","itemListElement":[{"@type":"ListItem","position":1,"name":"Accueil","item":"https:\/\/www.public.sn\/"},{"@type":"ListItem","position":2,"name":"Soutien de l\u2019URAC \u00e0 Pape Al\u00e9."}]},{"@type":"WebSite","@id":"https:\/\/www.public.sn\/#website","url":"https:\/\/www.public.sn\/","name":"LE PUBLIC","description":"","publisher":{"@id":"https:\/\/www.public.sn\/#organization"},"potentialAction":[{"@type":"SearchAction","target":{"@type":"EntryPoint","urlTemplate":"https:\/\/www.public.sn\/?s={search_term_string}"},"query-input":{"@type":"PropertyValueSpecification","valueRequired":true,"valueName":"search_term_string"}}],"inLanguage":"fr-FR"},{"@type":"Organization","@id":"https:\/\/www.public.sn\/#organization","name":"LE PUBLIC","url":"https:\/\/www.public.sn\/","logo":{"@type":"ImageObject","inLanguage":"fr-FR","@id":"https:\/\/www.public.sn\/#\/schema\/logo\/image\/","url":"https:\/\/www.public.sn\/wp-content\/uploads\/2024\/05\/cropped-LOGO-PUBLIC.SN_.png","contentUrl":"https:\/\/www.public.sn\/wp-content\/uploads\/2024\/05\/cropped-LOGO-PUBLIC.SN_.png","width":682,"height":192,"caption":"LE PUBLIC"},"image":{"@id":"https:\/\/www.public.sn\/#\/schema\/logo\/image\/"}},{"@type":"Person","@id":"https:\/\/www.public.sn\/#\/schema\/person\/cb76c8e1b8becc6be61fb5e92d6d0224","name":"LA REDACTION","image":{"@type":"ImageObject","inLanguage":"fr-FR","@id":"https:\/\/www.public.sn\/#\/schema\/person\/image\/","url":"https:\/\/secure.gravatar.com\/avatar\/2dce5ddd34b8fef0180efe03aa2a9bee7d953856048f9a16b298190a3178407c?s=96&d=mm&r=g","contentUrl":"https:\/\/secure.gravatar.com\/avatar\/2dce5ddd34b8fef0180efe03aa2a9bee7d953856048f9a16b298190a3178407c?s=96&d=mm&r=g","caption":"LA REDACTION"},"url":"https:\/\/www.public.sn\/index.php\/author\/editeurpsn\/"}]}},"jetpack_featured_media_url":"https:\/\/www.public.sn\/wp-content\/uploads\/2022\/11\/talla-dieng.jpeg","jetpack_sharing_enabled":true,"_links":{"self":[{"href":"https:\/\/www.public.sn\/index.php\/wp-json\/wp\/v2\/posts\/8752","targetHints":{"allow":["GET"]}}],"collection":[{"href":"https:\/\/www.public.sn\/index.php\/wp-json\/wp\/v2\/posts"}],"about":[{"href":"https:\/\/www.public.sn\/index.php\/wp-json\/wp\/v2\/types\/post"}],"author":[{"embeddable":true,"href":"https:\/\/www.public.sn\/index.php\/wp-json\/wp\/v2\/users\/7"}],"replies":[{"embeddable":true,"href":"https:\/\/www.public.sn\/index.php\/wp-json\/wp\/v2\/comments?post=8752"}],"version-history":[{"count":1,"href":"https:\/\/www.public.sn\/index.php\/wp-json\/wp\/v2\/posts\/8752\/revisions"}],"predecessor-version":[{"id":8755,"href":"https:\/\/www.public.sn\/index.php\/wp-json\/wp\/v2\/posts\/8752\/revisions\/8755"}],"wp:featuredmedia":[{"embeddable":true,"href":"https:\/\/www.public.sn\/index.php\/wp-json\/wp\/v2\/media\/8754"}],"wp:attachment":[{"href":"https:\/\/www.public.sn\/index.php\/wp-json\/wp\/v2\/media?parent=8752"}],"wp:term":[{"taxonomy":"category","embeddable":true,"href":"https:\/\/www.public.sn\/index.php\/wp-json\/wp\/v2\/categories?post=8752"},{"taxonomy":"post_tag","embeddable":true,"href":"https:\/\/www.public.sn\/index.php\/wp-json\/wp\/v2\/tags?post=8752"}],"curies":[{"name":"wp","href":"https:\/\/api.w.org\/{rel}","templated":true}]}}