{"id":8855,"date":"2022-11-16T10:32:38","date_gmt":"2022-11-16T10:32:38","guid":{"rendered":"https:\/\/www.public.sn\/?p=8855"},"modified":"2022-11-16T10:33:01","modified_gmt":"2022-11-16T10:33:01","slug":"madiambal-et-teliko-devant-le-juge-le-24-janvier","status":"publish","type":"post","link":"https:\/\/www.public.sn\/index.php\/2022\/11\/16\/madiambal-et-teliko-devant-le-juge-le-24-janvier\/","title":{"rendered":"Madiambal et T\u00e9liko devant le juge le 24 Janvier."},"content":{"rendered":"\n<p><\/p>\n\n\n\n<p><strong>Entre Madiambal Diagne et le juge Souleymane T\u00e9liko, le diff\u00e9rend est tr\u00e8s loin de s\u2019estomper. En effet leur proc\u00e8s qui devait se tenir ce Mardi a une nouvelle \u00e9t\u00e9 renvoy\u00e9 jusqu\u2019au 24 Janvier 2023 pour la production\u00a0du jugement de premi\u00e8re instance selon le journal le Quotidien.<\/strong><\/p><div class=\"publi-paragraphe1\" style=\"margin-top: 10px;margin-bottom: 10px;margin-left: auto;margin-right: auto;text-align: center;\" id=\"publi-3634717279\"><div class=\"publi-adlabel\">Publicit\u00e9<\/div><script async src=\"\/\/pagead2.googlesyndication.com\/pagead\/js\/adsbygoogle.js?client=ca-pub-4089586018074219\" crossorigin=\"anonymous\"><\/script><ins class=\"adsbygoogle\" style=\"display:block;\" data-ad-client=\"ca-pub-4089586018074219\" \ndata-ad-slot=\"2087940154\" \ndata-ad-format=\"auto\"><\/ins>\n<script> \n(adsbygoogle = window.adsbygoogle || []).push({}); \n<\/script>\n<\/div>\n\n\n\n<p><\/p>\n\n\n\n<p>Tout a d\u00e9marr\u00e9 lorsque le journaliste Madiambal Diagne a affirmait dans une \u00e9mission radio, le 29 Mars 2021, que le juge aurait per\u00e7u indument des indemnit\u00e9s de voyage dans le cadre de l\u2019affaire Hissein Habr\u00e9 devant les chambres africaines extraordinaire. Des informations jug\u00e9es fausses et diffamatoire par T\u00e9liko qui d\u00e9cide de porter l\u2019affaire devant la justice. Et devant la barre, malgr\u00e9 les preuves apport\u00e9es par Madiambal Diagne, il a \u00e9t\u00e9 condamn\u00e9. Une d\u00e9cision \u00ab\u00a0injuste\u00a0\u00bb<\/p>\n\n\n\n<p><\/p>\n\n\n\n<p>\u00a0Car bas\u00e9 selon lui sur\u00a0\u00ab\u00a0la base de consid\u00e9rations extrajudiciaires\u00bb. Une d\u00e9cision qui avait d\u2019ailleurs soulev\u00e9 l\u2019ire de plusieurs organisations de la corporation dont la fondation des m\u00e9dias de l\u2019Afrique de l\u2019Ouest, l\u2019Union de la presse francophone, et Article 19.\u00a0 Ces organisations avaient estim\u00e9 que la sentence \u00e9tait disproportionn\u00e9e et r\u00e9trograde\u00a0\u00bb. Et dans la m\u00eame foul\u00e9e, le journaliste Madiambal Diagne avait \u00e9galement introduit une plainte contre le juge qui aurait plac\u00e9 des propos diffamatoires et outrageants en son endroit lors du proc\u00e8s alors que la commission d\u2019instruction avait d\u00e9cide de fermer le dossier.<\/p>\n\n\n\n<p><\/p>\n\n\n\n<p> Une d\u00e9cision rejet\u00e9e par la cour supr\u00eame qui a ordonn\u00e9 la poursuite de l\u2019instruction de l\u2019affaire apr\u00e8s l\u2019appel du parquet g\u00e9n\u00e9ral.<\/p>\n\n\n\n<p>Samba SY.<\/p>\n<div class=\"publi-apres-le-contenu\" style=\"margin-top: 10px;margin-bottom: 10px;margin-left: auto;margin-right: auto;text-align: center;\" id=\"publi-3470766588\"><div class=\"publi-adlabel\">Publicit\u00e9<\/div><script async src=\"\/\/pagead2.googlesyndication.com\/pagead\/js\/adsbygoogle.js?client=ca-pub-4089586018074219\" crossorigin=\"anonymous\"><\/script><ins class=\"adsbygoogle\" style=\"display:block;\" data-ad-client=\"ca-pub-4089586018074219\" \ndata-ad-slot=\"2087940154\" \ndata-ad-format=\"auto\"><\/ins>\n<script> \n(adsbygoogle = window.adsbygoogle || []).push({}); \n<\/script>\n<\/div>","protected":false},"excerpt":{"rendered":"<p>Entre Madiambal Diagne et le juge Souleymane T\u00e9liko, le diff\u00e9rend est tr\u00e8s loin de s\u2019estomper. En effet leur proc\u00e8s qui devait se tenir ce Mardi a une nouvelle \u00e9t\u00e9 renvoy\u00e9 jusqu\u2019au 24 Janvier 2023 pour la production\u00a0du jugement de premi\u00e8re instance selon le journal le Quotidien. Tout a d\u00e9marr\u00e9 lorsque le journaliste Madiambal Diagne a affirmait dans une \u00e9mission radio, le 29 Mars 2021, que le juge aurait per\u00e7u indument des indemnit\u00e9s de voyage dans le cadre de l\u2019affaire Hissein Habr\u00e9 devant les chambres africaines extraordinaire. Des informations jug\u00e9es fausses et diffamatoire par T\u00e9liko qui d\u00e9cide de porter l\u2019affaire devant la justice. Et devant la barre, malgr\u00e9 les preuves apport\u00e9es par Madiambal Diagne, il a \u00e9t\u00e9 condamn\u00e9. Une d\u00e9cision \u00ab\u00a0injuste\u00a0\u00bb \u00a0Car bas\u00e9 selon lui sur\u00a0\u00ab\u00a0la base de consid\u00e9rations extrajudiciaires\u00bb. Une d\u00e9cision qui avait d\u2019ailleurs soulev\u00e9 l\u2019ire de plusieurs organisations de la corporation dont la fondation des m\u00e9dias de l\u2019Afrique de l\u2019Ouest, l\u2019Union de la presse francophone, et Article 19.\u00a0 Ces organisations avaient estim\u00e9 que la sentence \u00e9tait disproportionn\u00e9e et r\u00e9trograde\u00a0\u00bb. Et dans la m\u00eame foul\u00e9e, le journaliste Madiambal Diagne avait \u00e9galement introduit une plainte contre le juge qui aurait plac\u00e9 des propos diffamatoires et outrageants en son endroit lors du proc\u00e8s alors que la commission d\u2019instruction avait d\u00e9cide de fermer le dossier. Une d\u00e9cision rejet\u00e9e par la cour supr\u00eame qui a ordonn\u00e9 la poursuite de l\u2019instruction de l\u2019affaire apr\u00e8s l\u2019appel du parquet g\u00e9n\u00e9ral. Samba SY.<\/p>\n","protected":false},"author":7,"featured_media":8856,"comment_status":"open","ping_status":"open","sticky":false,"template":"","format":"standard","meta":{"_jetpack_memberships_contains_paid_content":false,"footnotes":""},"categories":[375,1,4],"tags":[2943,2941,2942],"class_list":["post-8855","post","type-post","status-publish","format-standard","has-post-thumbnail","hentry","category-actualites","category-non-classe","category-societe","tag-24-mars","tag-affaire-madiambal","tag-teliko","entry","has-media","owp-thumbs-layout-horizontal","owp-btn-normal","owp-tabs-layout-horizontal","has-no-thumbnails","has-product-nav"],"yoast_head":"<!-- This site is optimized with the Yoast SEO plugin v25.5 - https:\/\/yoast.com\/wordpress\/plugins\/seo\/ -->\n<title>Madiambal et T\u00e9liko devant le juge le 24 Janvier. - LE PUBLIC<\/title>\n<meta name=\"robots\" content=\"index, follow, max-snippet:-1, max-image-preview:large, max-video-preview:-1\" \/>\n<link rel=\"canonical\" href=\"https:\/\/www.public.sn\/index.php\/2022\/11\/16\/madiambal-et-teliko-devant-le-juge-le-24-janvier\/\" \/>\n<meta property=\"og:locale\" content=\"fr_FR\" \/>\n<meta property=\"og:type\" content=\"article\" \/>\n<meta property=\"og:title\" content=\"Madiambal et T\u00e9liko devant le juge le 24 Janvier. - LE PUBLIC\" \/>\n<meta property=\"og:description\" content=\"Entre Madiambal Diagne et le juge Souleymane T\u00e9liko, le diff\u00e9rend est tr\u00e8s loin de s\u2019estomper. En effet leur proc\u00e8s qui devait se tenir ce Mardi a une nouvelle \u00e9t\u00e9 renvoy\u00e9 jusqu\u2019au 24 Janvier 2023 pour la production\u00a0du jugement de premi\u00e8re instance selon le journal le Quotidien. Tout a d\u00e9marr\u00e9 lorsque le journaliste Madiambal Diagne a affirmait dans une \u00e9mission radio, le 29 Mars 2021, que le juge aurait per\u00e7u indument des indemnit\u00e9s de voyage dans le cadre de l\u2019affaire Hissein Habr\u00e9 devant les chambres africaines extraordinaire. Des informations jug\u00e9es fausses et diffamatoire par T\u00e9liko qui d\u00e9cide de porter l\u2019affaire devant la justice. Et devant la barre, malgr\u00e9 les preuves apport\u00e9es par Madiambal Diagne, il a \u00e9t\u00e9 condamn\u00e9. Une d\u00e9cision \u00ab\u00a0injuste\u00a0\u00bb \u00a0Car bas\u00e9 selon lui sur\u00a0\u00ab\u00a0la base de consid\u00e9rations extrajudiciaires\u00bb. Une d\u00e9cision qui avait d\u2019ailleurs soulev\u00e9 l\u2019ire de plusieurs organisations de la corporation dont la fondation des m\u00e9dias de l\u2019Afrique de l\u2019Ouest, l\u2019Union de la presse francophone, et Article 19.\u00a0 Ces organisations avaient estim\u00e9 que la sentence \u00e9tait disproportionn\u00e9e et r\u00e9trograde\u00a0\u00bb. Et dans la m\u00eame foul\u00e9e, le journaliste Madiambal Diagne avait \u00e9galement introduit une plainte contre le juge qui aurait plac\u00e9 des propos diffamatoires et outrageants en son endroit lors du proc\u00e8s alors que la commission d\u2019instruction avait d\u00e9cide de fermer le dossier. Une d\u00e9cision rejet\u00e9e par la cour supr\u00eame qui a ordonn\u00e9 la poursuite de l\u2019instruction de l\u2019affaire apr\u00e8s l\u2019appel du parquet g\u00e9n\u00e9ral. Samba SY.\" \/>\n<meta property=\"og:url\" content=\"https:\/\/www.public.sn\/index.php\/2022\/11\/16\/madiambal-et-teliko-devant-le-juge-le-24-janvier\/\" \/>\n<meta property=\"og:site_name\" content=\"LE PUBLIC\" \/>\n<meta property=\"article:published_time\" content=\"2022-11-16T10:32:38+00:00\" \/>\n<meta property=\"article:modified_time\" content=\"2022-11-16T10:33:01+00:00\" \/>\n<meta property=\"og:image\" content=\"https:\/\/www.public.sn\/wp-content\/uploads\/2022\/11\/madiambal-et-teliko.jpg\" \/>\n\t<meta property=\"og:image:width\" content=\"696\" \/>\n\t<meta property=\"og:image:height\" content=\"438\" \/>\n\t<meta property=\"og:image:type\" content=\"image\/jpeg\" \/>\n<meta name=\"author\" content=\"LA REDACTION\" \/>\n<meta name=\"twitter:card\" content=\"summary_large_image\" \/>\n<meta name=\"twitter:label1\" content=\"\u00c9crit par\" \/>\n\t<meta name=\"twitter:data1\" content=\"LA REDACTION\" \/>\n\t<meta name=\"twitter:label2\" content=\"Dur\u00e9e de lecture estim\u00e9e\" \/>\n\t<meta name=\"twitter:data2\" content=\"2 minutes\" \/>\n<script type=\"application\/ld+json\" class=\"yoast-schema-graph\">{\"@context\":\"https:\/\/schema.org\",\"@graph\":[{\"@type\":\"Article\",\"@id\":\"https:\/\/www.public.sn\/index.php\/2022\/11\/16\/madiambal-et-teliko-devant-le-juge-le-24-janvier\/#article\",\"isPartOf\":{\"@id\":\"https:\/\/www.public.sn\/index.php\/2022\/11\/16\/madiambal-et-teliko-devant-le-juge-le-24-janvier\/\"},\"author\":{\"name\":\"LA REDACTION\",\"@id\":\"https:\/\/www.public.sn\/#\/schema\/person\/cb76c8e1b8becc6be61fb5e92d6d0224\"},\"headline\":\"Madiambal et T\u00e9liko devant le juge le 24 Janvier.\",\"datePublished\":\"2022-11-16T10:32:38+00:00\",\"dateModified\":\"2022-11-16T10:33:01+00:00\",\"mainEntityOfPage\":{\"@id\":\"https:\/\/www.public.sn\/index.php\/2022\/11\/16\/madiambal-et-teliko-devant-le-juge-le-24-janvier\/\"},\"wordCount\":282,\"commentCount\":0,\"publisher\":{\"@id\":\"https:\/\/www.public.sn\/#organization\"},\"image\":{\"@id\":\"https:\/\/www.public.sn\/index.php\/2022\/11\/16\/madiambal-et-teliko-devant-le-juge-le-24-janvier\/#primaryimage\"},\"thumbnailUrl\":\"https:\/\/www.public.sn\/wp-content\/uploads\/2022\/11\/madiambal-et-teliko.jpg\",\"keywords\":[\"24 mars\",\"affaire madiambal\",\"t\u00e9liko\"],\"articleSection\":[\"ACTUALIT\u00c9S\",\"S\u00c9N\u00c9GAL\",\"SOCIETE\"],\"inLanguage\":\"fr-FR\",\"potentialAction\":[{\"@type\":\"CommentAction\",\"name\":\"Comment\",\"target\":[\"https:\/\/www.public.sn\/index.php\/2022\/11\/16\/madiambal-et-teliko-devant-le-juge-le-24-janvier\/#respond\"]}]},{\"@type\":\"WebPage\",\"@id\":\"https:\/\/www.public.sn\/index.php\/2022\/11\/16\/madiambal-et-teliko-devant-le-juge-le-24-janvier\/\",\"url\":\"https:\/\/www.public.sn\/index.php\/2022\/11\/16\/madiambal-et-teliko-devant-le-juge-le-24-janvier\/\",\"name\":\"Madiambal et T\u00e9liko devant le juge le 24 Janvier. - LE PUBLIC\",\"isPartOf\":{\"@id\":\"https:\/\/www.public.sn\/#website\"},\"primaryImageOfPage\":{\"@id\":\"https:\/\/www.public.sn\/index.php\/2022\/11\/16\/madiambal-et-teliko-devant-le-juge-le-24-janvier\/#primaryimage\"},\"image\":{\"@id\":\"https:\/\/www.public.sn\/index.php\/2022\/11\/16\/madiambal-et-teliko-devant-le-juge-le-24-janvier\/#primaryimage\"},\"thumbnailUrl\":\"https:\/\/www.public.sn\/wp-content\/uploads\/2022\/11\/madiambal-et-teliko.jpg\",\"datePublished\":\"2022-11-16T10:32:38+00:00\",\"dateModified\":\"2022-11-16T10:33:01+00:00\",\"breadcrumb\":{\"@id\":\"https:\/\/www.public.sn\/index.php\/2022\/11\/16\/madiambal-et-teliko-devant-le-juge-le-24-janvier\/#breadcrumb\"},\"inLanguage\":\"fr-FR\",\"potentialAction\":[{\"@type\":\"ReadAction\",\"target\":[\"https:\/\/www.public.sn\/index.php\/2022\/11\/16\/madiambal-et-teliko-devant-le-juge-le-24-janvier\/\"]}]},{\"@type\":\"ImageObject\",\"inLanguage\":\"fr-FR\",\"@id\":\"https:\/\/www.public.sn\/index.php\/2022\/11\/16\/madiambal-et-teliko-devant-le-juge-le-24-janvier\/#primaryimage\",\"url\":\"https:\/\/www.public.sn\/wp-content\/uploads\/2022\/11\/madiambal-et-teliko.jpg\",\"contentUrl\":\"https:\/\/www.public.sn\/wp-content\/uploads\/2022\/11\/madiambal-et-teliko.jpg\",\"width\":696,\"height\":438,\"caption\":\"publicsn\"},{\"@type\":\"BreadcrumbList\",\"@id\":\"https:\/\/www.public.sn\/index.php\/2022\/11\/16\/madiambal-et-teliko-devant-le-juge-le-24-janvier\/#breadcrumb\",\"itemListElement\":[{\"@type\":\"ListItem\",\"position\":1,\"name\":\"Accueil\",\"item\":\"https:\/\/www.public.sn\/\"},{\"@type\":\"ListItem\",\"position\":2,\"name\":\"Madiambal et T\u00e9liko devant le juge le 24 Janvier.\"}]},{\"@type\":\"WebSite\",\"@id\":\"https:\/\/www.public.sn\/#website\",\"url\":\"https:\/\/www.public.sn\/\",\"name\":\"LE PUBLIC\",\"description\":\"\",\"publisher\":{\"@id\":\"https:\/\/www.public.sn\/#organization\"},\"potentialAction\":[{\"@type\":\"SearchAction\",\"target\":{\"@type\":\"EntryPoint\",\"urlTemplate\":\"https:\/\/www.public.sn\/?s={search_term_string}\"},\"query-input\":{\"@type\":\"PropertyValueSpecification\",\"valueRequired\":true,\"valueName\":\"search_term_string\"}}],\"inLanguage\":\"fr-FR\"},{\"@type\":\"Organization\",\"@id\":\"https:\/\/www.public.sn\/#organization\",\"name\":\"LE PUBLIC\",\"url\":\"https:\/\/www.public.sn\/\",\"logo\":{\"@type\":\"ImageObject\",\"inLanguage\":\"fr-FR\",\"@id\":\"https:\/\/www.public.sn\/#\/schema\/logo\/image\/\",\"url\":\"https:\/\/www.public.sn\/wp-content\/uploads\/2024\/05\/cropped-LOGO-PUBLIC.SN_.png\",\"contentUrl\":\"https:\/\/www.public.sn\/wp-content\/uploads\/2024\/05\/cropped-LOGO-PUBLIC.SN_.png\",\"width\":682,\"height\":192,\"caption\":\"LE PUBLIC\"},\"image\":{\"@id\":\"https:\/\/www.public.sn\/#\/schema\/logo\/image\/\"}},{\"@type\":\"Person\",\"@id\":\"https:\/\/www.public.sn\/#\/schema\/person\/cb76c8e1b8becc6be61fb5e92d6d0224\",\"name\":\"LA REDACTION\",\"image\":{\"@type\":\"ImageObject\",\"inLanguage\":\"fr-FR\",\"@id\":\"https:\/\/www.public.sn\/#\/schema\/person\/image\/\",\"url\":\"https:\/\/secure.gravatar.com\/avatar\/2dce5ddd34b8fef0180efe03aa2a9bee7d953856048f9a16b298190a3178407c?s=96&d=mm&r=g\",\"contentUrl\":\"https:\/\/secure.gravatar.com\/avatar\/2dce5ddd34b8fef0180efe03aa2a9bee7d953856048f9a16b298190a3178407c?s=96&d=mm&r=g\",\"caption\":\"LA REDACTION\"},\"url\":\"https:\/\/www.public.sn\/index.php\/author\/editeurpsn\/\"}]}<\/script>\n<!-- \/ Yoast SEO plugin. -->","yoast_head_json":{"title":"Madiambal et T\u00e9liko devant le juge le 24 Janvier. - LE PUBLIC","robots":{"index":"index","follow":"follow","max-snippet":"max-snippet:-1","max-image-preview":"max-image-preview:large","max-video-preview":"max-video-preview:-1"},"canonical":"https:\/\/www.public.sn\/index.php\/2022\/11\/16\/madiambal-et-teliko-devant-le-juge-le-24-janvier\/","og_locale":"fr_FR","og_type":"article","og_title":"Madiambal et T\u00e9liko devant le juge le 24 Janvier. - LE PUBLIC","og_description":"Entre Madiambal Diagne et le juge Souleymane T\u00e9liko, le diff\u00e9rend est tr\u00e8s loin de s\u2019estomper. En effet leur proc\u00e8s qui devait se tenir ce Mardi a une nouvelle \u00e9t\u00e9 renvoy\u00e9 jusqu\u2019au 24 Janvier 2023 pour la production\u00a0du jugement de premi\u00e8re instance selon le journal le Quotidien. Tout a d\u00e9marr\u00e9 lorsque le journaliste Madiambal Diagne a affirmait dans une \u00e9mission radio, le 29 Mars 2021, que le juge aurait per\u00e7u indument des indemnit\u00e9s de voyage dans le cadre de l\u2019affaire Hissein Habr\u00e9 devant les chambres africaines extraordinaire. Des informations jug\u00e9es fausses et diffamatoire par T\u00e9liko qui d\u00e9cide de porter l\u2019affaire devant la justice. Et devant la barre, malgr\u00e9 les preuves apport\u00e9es par Madiambal Diagne, il a \u00e9t\u00e9 condamn\u00e9. Une d\u00e9cision \u00ab\u00a0injuste\u00a0\u00bb \u00a0Car bas\u00e9 selon lui sur\u00a0\u00ab\u00a0la base de consid\u00e9rations extrajudiciaires\u00bb. Une d\u00e9cision qui avait d\u2019ailleurs soulev\u00e9 l\u2019ire de plusieurs organisations de la corporation dont la fondation des m\u00e9dias de l\u2019Afrique de l\u2019Ouest, l\u2019Union de la presse francophone, et Article 19.\u00a0 Ces organisations avaient estim\u00e9 que la sentence \u00e9tait disproportionn\u00e9e et r\u00e9trograde\u00a0\u00bb. Et dans la m\u00eame foul\u00e9e, le journaliste Madiambal Diagne avait \u00e9galement introduit une plainte contre le juge qui aurait plac\u00e9 des propos diffamatoires et outrageants en son endroit lors du proc\u00e8s alors que la commission d\u2019instruction avait d\u00e9cide de fermer le dossier. Une d\u00e9cision rejet\u00e9e par la cour supr\u00eame qui a ordonn\u00e9 la poursuite de l\u2019instruction de l\u2019affaire apr\u00e8s l\u2019appel du parquet g\u00e9n\u00e9ral. Samba SY.","og_url":"https:\/\/www.public.sn\/index.php\/2022\/11\/16\/madiambal-et-teliko-devant-le-juge-le-24-janvier\/","og_site_name":"LE PUBLIC","article_published_time":"2022-11-16T10:32:38+00:00","article_modified_time":"2022-11-16T10:33:01+00:00","og_image":[{"width":696,"height":438,"url":"https:\/\/www.public.sn\/wp-content\/uploads\/2022\/11\/madiambal-et-teliko.jpg","type":"image\/jpeg"}],"author":"LA REDACTION","twitter_card":"summary_large_image","twitter_misc":{"\u00c9crit par":"LA REDACTION","Dur\u00e9e de lecture estim\u00e9e":"2 minutes"},"schema":{"@context":"https:\/\/schema.org","@graph":[{"@type":"Article","@id":"https:\/\/www.public.sn\/index.php\/2022\/11\/16\/madiambal-et-teliko-devant-le-juge-le-24-janvier\/#article","isPartOf":{"@id":"https:\/\/www.public.sn\/index.php\/2022\/11\/16\/madiambal-et-teliko-devant-le-juge-le-24-janvier\/"},"author":{"name":"LA REDACTION","@id":"https:\/\/www.public.sn\/#\/schema\/person\/cb76c8e1b8becc6be61fb5e92d6d0224"},"headline":"Madiambal et T\u00e9liko devant le juge le 24 Janvier.","datePublished":"2022-11-16T10:32:38+00:00","dateModified":"2022-11-16T10:33:01+00:00","mainEntityOfPage":{"@id":"https:\/\/www.public.sn\/index.php\/2022\/11\/16\/madiambal-et-teliko-devant-le-juge-le-24-janvier\/"},"wordCount":282,"commentCount":0,"publisher":{"@id":"https:\/\/www.public.sn\/#organization"},"image":{"@id":"https:\/\/www.public.sn\/index.php\/2022\/11\/16\/madiambal-et-teliko-devant-le-juge-le-24-janvier\/#primaryimage"},"thumbnailUrl":"https:\/\/www.public.sn\/wp-content\/uploads\/2022\/11\/madiambal-et-teliko.jpg","keywords":["24 mars","affaire madiambal","t\u00e9liko"],"articleSection":["ACTUALIT\u00c9S","S\u00c9N\u00c9GAL","SOCIETE"],"inLanguage":"fr-FR","potentialAction":[{"@type":"CommentAction","name":"Comment","target":["https:\/\/www.public.sn\/index.php\/2022\/11\/16\/madiambal-et-teliko-devant-le-juge-le-24-janvier\/#respond"]}]},{"@type":"WebPage","@id":"https:\/\/www.public.sn\/index.php\/2022\/11\/16\/madiambal-et-teliko-devant-le-juge-le-24-janvier\/","url":"https:\/\/www.public.sn\/index.php\/2022\/11\/16\/madiambal-et-teliko-devant-le-juge-le-24-janvier\/","name":"Madiambal et T\u00e9liko devant le juge le 24 Janvier. - LE PUBLIC","isPartOf":{"@id":"https:\/\/www.public.sn\/#website"},"primaryImageOfPage":{"@id":"https:\/\/www.public.sn\/index.php\/2022\/11\/16\/madiambal-et-teliko-devant-le-juge-le-24-janvier\/#primaryimage"},"image":{"@id":"https:\/\/www.public.sn\/index.php\/2022\/11\/16\/madiambal-et-teliko-devant-le-juge-le-24-janvier\/#primaryimage"},"thumbnailUrl":"https:\/\/www.public.sn\/wp-content\/uploads\/2022\/11\/madiambal-et-teliko.jpg","datePublished":"2022-11-16T10:32:38+00:00","dateModified":"2022-11-16T10:33:01+00:00","breadcrumb":{"@id":"https:\/\/www.public.sn\/index.php\/2022\/11\/16\/madiambal-et-teliko-devant-le-juge-le-24-janvier\/#breadcrumb"},"inLanguage":"fr-FR","potentialAction":[{"@type":"ReadAction","target":["https:\/\/www.public.sn\/index.php\/2022\/11\/16\/madiambal-et-teliko-devant-le-juge-le-24-janvier\/"]}]},{"@type":"ImageObject","inLanguage":"fr-FR","@id":"https:\/\/www.public.sn\/index.php\/2022\/11\/16\/madiambal-et-teliko-devant-le-juge-le-24-janvier\/#primaryimage","url":"https:\/\/www.public.sn\/wp-content\/uploads\/2022\/11\/madiambal-et-teliko.jpg","contentUrl":"https:\/\/www.public.sn\/wp-content\/uploads\/2022\/11\/madiambal-et-teliko.jpg","width":696,"height":438,"caption":"publicsn"},{"@type":"BreadcrumbList","@id":"https:\/\/www.public.sn\/index.php\/2022\/11\/16\/madiambal-et-teliko-devant-le-juge-le-24-janvier\/#breadcrumb","itemListElement":[{"@type":"ListItem","position":1,"name":"Accueil","item":"https:\/\/www.public.sn\/"},{"@type":"ListItem","position":2,"name":"Madiambal et T\u00e9liko devant le juge le 24 Janvier."}]},{"@type":"WebSite","@id":"https:\/\/www.public.sn\/#website","url":"https:\/\/www.public.sn\/","name":"LE PUBLIC","description":"","publisher":{"@id":"https:\/\/www.public.sn\/#organization"},"potentialAction":[{"@type":"SearchAction","target":{"@type":"EntryPoint","urlTemplate":"https:\/\/www.public.sn\/?s={search_term_string}"},"query-input":{"@type":"PropertyValueSpecification","valueRequired":true,"valueName":"search_term_string"}}],"inLanguage":"fr-FR"},{"@type":"Organization","@id":"https:\/\/www.public.sn\/#organization","name":"LE PUBLIC","url":"https:\/\/www.public.sn\/","logo":{"@type":"ImageObject","inLanguage":"fr-FR","@id":"https:\/\/www.public.sn\/#\/schema\/logo\/image\/","url":"https:\/\/www.public.sn\/wp-content\/uploads\/2024\/05\/cropped-LOGO-PUBLIC.SN_.png","contentUrl":"https:\/\/www.public.sn\/wp-content\/uploads\/2024\/05\/cropped-LOGO-PUBLIC.SN_.png","width":682,"height":192,"caption":"LE PUBLIC"},"image":{"@id":"https:\/\/www.public.sn\/#\/schema\/logo\/image\/"}},{"@type":"Person","@id":"https:\/\/www.public.sn\/#\/schema\/person\/cb76c8e1b8becc6be61fb5e92d6d0224","name":"LA REDACTION","image":{"@type":"ImageObject","inLanguage":"fr-FR","@id":"https:\/\/www.public.sn\/#\/schema\/person\/image\/","url":"https:\/\/secure.gravatar.com\/avatar\/2dce5ddd34b8fef0180efe03aa2a9bee7d953856048f9a16b298190a3178407c?s=96&d=mm&r=g","contentUrl":"https:\/\/secure.gravatar.com\/avatar\/2dce5ddd34b8fef0180efe03aa2a9bee7d953856048f9a16b298190a3178407c?s=96&d=mm&r=g","caption":"LA REDACTION"},"url":"https:\/\/www.public.sn\/index.php\/author\/editeurpsn\/"}]}},"jetpack_featured_media_url":"https:\/\/www.public.sn\/wp-content\/uploads\/2022\/11\/madiambal-et-teliko.jpg","jetpack_sharing_enabled":true,"_links":{"self":[{"href":"https:\/\/www.public.sn\/index.php\/wp-json\/wp\/v2\/posts\/8855","targetHints":{"allow":["GET"]}}],"collection":[{"href":"https:\/\/www.public.sn\/index.php\/wp-json\/wp\/v2\/posts"}],"about":[{"href":"https:\/\/www.public.sn\/index.php\/wp-json\/wp\/v2\/types\/post"}],"author":[{"embeddable":true,"href":"https:\/\/www.public.sn\/index.php\/wp-json\/wp\/v2\/users\/7"}],"replies":[{"embeddable":true,"href":"https:\/\/www.public.sn\/index.php\/wp-json\/wp\/v2\/comments?post=8855"}],"version-history":[{"count":2,"href":"https:\/\/www.public.sn\/index.php\/wp-json\/wp\/v2\/posts\/8855\/revisions"}],"predecessor-version":[{"id":8858,"href":"https:\/\/www.public.sn\/index.php\/wp-json\/wp\/v2\/posts\/8855\/revisions\/8858"}],"wp:featuredmedia":[{"embeddable":true,"href":"https:\/\/www.public.sn\/index.php\/wp-json\/wp\/v2\/media\/8856"}],"wp:attachment":[{"href":"https:\/\/www.public.sn\/index.php\/wp-json\/wp\/v2\/media?parent=8855"}],"wp:term":[{"taxonomy":"category","embeddable":true,"href":"https:\/\/www.public.sn\/index.php\/wp-json\/wp\/v2\/categories?post=8855"},{"taxonomy":"post_tag","embeddable":true,"href":"https:\/\/www.public.sn\/index.php\/wp-json\/wp\/v2\/tags?post=8855"}],"curies":[{"name":"wp","href":"https:\/\/api.w.org\/{rel}","templated":true}]}}