{"id":8867,"date":"2022-11-16T11:11:43","date_gmt":"2022-11-16T11:11:43","guid":{"rendered":"https:\/\/www.public.sn\/?p=8867"},"modified":"2022-11-16T11:11:48","modified_gmt":"2022-11-16T11:11:48","slug":"ismaila-sarr-jy-serai-pour-lequipe","status":"publish","type":"post","link":"https:\/\/www.public.sn\/index.php\/2022\/11\/16\/ismaila-sarr-jy-serai-pour-lequipe\/","title":{"rendered":"Ismaila Sarr\u00a0: \u00ab\u00a0J\u2019y serai pour l\u2019\u00e9quipe\u00a0\u00bb."},"content":{"rendered":"\n<p><\/p>\n\n\n\n<p>Dans un entretins avec le site de son club Ismaila Sarr se dit optimiste pour la coupe du monde. Devenu avec l\u2019absence de Sadio Man\u00e9 l\u2019un des joueurs sur lequel repose beaucoup d\u2019espoir, l\u2019ancien pensionnaire de G\u00e9n\u00e9ration Foot avance qu\u2019il n\u2019y a pas de pression \u00e0 se mettre d\u2019autant plus que Aliou Ciss\u00e9 \u00e0 choisi un groupe de 26 Joueurs.<\/p><div class=\"publi-paragraphe1\" style=\"margin-top: 10px;margin-bottom: 10px;margin-left: auto;margin-right: auto;text-align: center;\" id=\"publi-758577463\"><div class=\"publi-adlabel\">Publicit\u00e9<\/div><script async src=\"\/\/pagead2.googlesyndication.com\/pagead\/js\/adsbygoogle.js?client=ca-pub-4089586018074219\" crossorigin=\"anonymous\"><\/script><ins class=\"adsbygoogle\" style=\"display:block;\" data-ad-client=\"ca-pub-4089586018074219\" \ndata-ad-slot=\"2087940154\" \ndata-ad-format=\"auto\"><\/ins>\n<script> \n(adsbygoogle = window.adsbygoogle || []).push({}); \n<\/script>\n<\/div>\n\n\n\n<p><\/p>\n\n\n\n<p> Et sur l\u2019absence de Sadio Man\u00e9, Ismaila Sarr r\u00e9pond \u2018j\u2019esp\u00e8re que Sadio va revenir le plut\u00f4t possible parcequ\u2019on a besoin de lui. Oui, Sadio ce serait une grosse perte, il est notre meilleur joueur mais il y\u2019a d\u2019autres footballeurs.<\/p>\n\n\n\n<p><\/p>\n\n\n\n<p> On doit travailler en \u00ab\u00e9quipe et j\u2019esp\u00e8re qu\u2019on ira loin. Mon ambition c\u2019est de remporter autant de matchs possibles, marquer autant de buts possibles et donner des passes d\u00e9cisives. J\u2019y serai pour l\u2019\u00e9quipe.<\/p>\n\n\n\n<p>&nbsp;Samba SY.<\/p>\n<div class=\"publi-apres-le-contenu\" style=\"margin-top: 10px;margin-bottom: 10px;margin-left: auto;margin-right: auto;text-align: center;\" id=\"publi-3235313418\"><div class=\"publi-adlabel\">Publicit\u00e9<\/div><script async src=\"\/\/pagead2.googlesyndication.com\/pagead\/js\/adsbygoogle.js?client=ca-pub-4089586018074219\" crossorigin=\"anonymous\"><\/script><ins class=\"adsbygoogle\" style=\"display:block;\" data-ad-client=\"ca-pub-4089586018074219\" \ndata-ad-slot=\"2087940154\" \ndata-ad-format=\"auto\"><\/ins>\n<script> \n(adsbygoogle = window.adsbygoogle || []).push({}); \n<\/script>\n<\/div>","protected":false},"excerpt":{"rendered":"<p>Dans un entretins avec le site de son club Ismaila Sarr se dit optimiste pour la coupe du monde. Devenu avec l\u2019absence de Sadio Man\u00e9 l\u2019un des joueurs sur lequel repose beaucoup d\u2019espoir, l\u2019ancien pensionnaire de G\u00e9n\u00e9ration Foot avance qu\u2019il n\u2019y a pas de pression \u00e0 se mettre d\u2019autant plus que Aliou Ciss\u00e9 \u00e0 choisi un groupe de 26 Joueurs. Et sur l\u2019absence de Sadio Man\u00e9, Ismaila Sarr r\u00e9pond \u2018j\u2019esp\u00e8re que Sadio va revenir le plut\u00f4t possible parcequ\u2019on a besoin de lui. Oui, Sadio ce serait une grosse perte, il est notre meilleur joueur mais il y\u2019a d\u2019autres footballeurs. On doit travailler en \u00ab\u00e9quipe et j\u2019esp\u00e8re qu\u2019on ira loin. Mon ambition c\u2019est de remporter autant de matchs possibles, marquer autant de buts possibles et donner des passes d\u00e9cisives. J\u2019y serai pour l\u2019\u00e9quipe. &nbsp;Samba SY.<\/p>\n","protected":false},"author":7,"featured_media":8868,"comment_status":"open","ping_status":"open","sticky":false,"template":"","format":"standard","meta":{"_jetpack_memberships_contains_paid_content":false,"footnotes":""},"categories":[375,1,7],"tags":[25,1419,1300],"class_list":["post-8867","post","type-post","status-publish","format-standard","has-post-thumbnail","hentry","category-actualites","category-non-classe","category-sport","tag-ismaila-sarr","tag-qatar","tag-sadio-mane-2","entry","has-media","owp-thumbs-layout-horizontal","owp-btn-normal","owp-tabs-layout-horizontal","has-no-thumbnails","has-product-nav"],"yoast_head":"<!-- This site is optimized with the Yoast SEO plugin v25.5 - https:\/\/yoast.com\/wordpress\/plugins\/seo\/ -->\n<title>Ismaila Sarr\u00a0: \u00ab\u00a0J\u2019y serai pour l\u2019\u00e9quipe\u00a0\u00bb. - LE PUBLIC<\/title>\n<meta name=\"robots\" content=\"index, follow, max-snippet:-1, max-image-preview:large, max-video-preview:-1\" \/>\n<link rel=\"canonical\" href=\"https:\/\/www.public.sn\/index.php\/2022\/11\/16\/ismaila-sarr-jy-serai-pour-lequipe\/\" \/>\n<meta property=\"og:locale\" content=\"fr_FR\" \/>\n<meta property=\"og:type\" content=\"article\" \/>\n<meta property=\"og:title\" content=\"Ismaila Sarr\u00a0: \u00ab\u00a0J\u2019y serai pour l\u2019\u00e9quipe\u00a0\u00bb. - LE PUBLIC\" \/>\n<meta property=\"og:description\" content=\"Dans un entretins avec le site de son club Ismaila Sarr se dit optimiste pour la coupe du monde. Devenu avec l\u2019absence de Sadio Man\u00e9 l\u2019un des joueurs sur lequel repose beaucoup d\u2019espoir, l\u2019ancien pensionnaire de G\u00e9n\u00e9ration Foot avance qu\u2019il n\u2019y a pas de pression \u00e0 se mettre d\u2019autant plus que Aliou Ciss\u00e9 \u00e0 choisi un groupe de 26 Joueurs. Et sur l\u2019absence de Sadio Man\u00e9, Ismaila Sarr r\u00e9pond \u2018j\u2019esp\u00e8re que Sadio va revenir le plut\u00f4t possible parcequ\u2019on a besoin de lui. Oui, Sadio ce serait une grosse perte, il est notre meilleur joueur mais il y\u2019a d\u2019autres footballeurs. On doit travailler en \u00ab\u00e9quipe et j\u2019esp\u00e8re qu\u2019on ira loin. Mon ambition c\u2019est de remporter autant de matchs possibles, marquer autant de buts possibles et donner des passes d\u00e9cisives. J\u2019y serai pour l\u2019\u00e9quipe. &nbsp;Samba SY.\" \/>\n<meta property=\"og:url\" content=\"https:\/\/www.public.sn\/index.php\/2022\/11\/16\/ismaila-sarr-jy-serai-pour-lequipe\/\" \/>\n<meta property=\"og:site_name\" content=\"LE PUBLIC\" \/>\n<meta property=\"article:published_time\" content=\"2022-11-16T11:11:43+00:00\" \/>\n<meta property=\"article:modified_time\" content=\"2022-11-16T11:11:48+00:00\" \/>\n<meta property=\"og:image\" content=\"https:\/\/www.public.sn\/wp-content\/uploads\/2022\/11\/ismaila-sarr.jpeg\" \/>\n\t<meta property=\"og:image:width\" content=\"1134\" \/>\n\t<meta property=\"og:image:height\" content=\"850\" \/>\n\t<meta property=\"og:image:type\" content=\"image\/jpeg\" \/>\n<meta name=\"author\" content=\"LA REDACTION\" \/>\n<meta name=\"twitter:card\" content=\"summary_large_image\" \/>\n<meta name=\"twitter:label1\" content=\"\u00c9crit par\" \/>\n\t<meta name=\"twitter:data1\" content=\"LA REDACTION\" \/>\n\t<meta name=\"twitter:label2\" content=\"Dur\u00e9e de lecture estim\u00e9e\" \/>\n\t<meta name=\"twitter:data2\" content=\"1 minute\" \/>\n<script type=\"application\/ld+json\" class=\"yoast-schema-graph\">{\"@context\":\"https:\/\/schema.org\",\"@graph\":[{\"@type\":\"Article\",\"@id\":\"https:\/\/www.public.sn\/index.php\/2022\/11\/16\/ismaila-sarr-jy-serai-pour-lequipe\/#article\",\"isPartOf\":{\"@id\":\"https:\/\/www.public.sn\/index.php\/2022\/11\/16\/ismaila-sarr-jy-serai-pour-lequipe\/\"},\"author\":{\"name\":\"LA REDACTION\",\"@id\":\"https:\/\/www.public.sn\/#\/schema\/person\/cb76c8e1b8becc6be61fb5e92d6d0224\"},\"headline\":\"Ismaila Sarr\u00a0: \u00ab\u00a0J\u2019y serai pour l\u2019\u00e9quipe\u00a0\u00bb.\",\"datePublished\":\"2022-11-16T11:11:43+00:00\",\"dateModified\":\"2022-11-16T11:11:48+00:00\",\"mainEntityOfPage\":{\"@id\":\"https:\/\/www.public.sn\/index.php\/2022\/11\/16\/ismaila-sarr-jy-serai-pour-lequipe\/\"},\"wordCount\":164,\"commentCount\":0,\"publisher\":{\"@id\":\"https:\/\/www.public.sn\/#organization\"},\"image\":{\"@id\":\"https:\/\/www.public.sn\/index.php\/2022\/11\/16\/ismaila-sarr-jy-serai-pour-lequipe\/#primaryimage\"},\"thumbnailUrl\":\"https:\/\/www.public.sn\/wp-content\/uploads\/2022\/11\/ismaila-sarr.jpeg\",\"keywords\":[\"Ismaila Sarr\",\"qatar\",\"sadio mane\"],\"articleSection\":[\"ACTUALIT\u00c9S\",\"S\u00c9N\u00c9GAL\",\"SPORTS\"],\"inLanguage\":\"fr-FR\",\"potentialAction\":[{\"@type\":\"CommentAction\",\"name\":\"Comment\",\"target\":[\"https:\/\/www.public.sn\/index.php\/2022\/11\/16\/ismaila-sarr-jy-serai-pour-lequipe\/#respond\"]}]},{\"@type\":\"WebPage\",\"@id\":\"https:\/\/www.public.sn\/index.php\/2022\/11\/16\/ismaila-sarr-jy-serai-pour-lequipe\/\",\"url\":\"https:\/\/www.public.sn\/index.php\/2022\/11\/16\/ismaila-sarr-jy-serai-pour-lequipe\/\",\"name\":\"Ismaila Sarr\u00a0: \u00ab\u00a0J\u2019y serai pour l\u2019\u00e9quipe\u00a0\u00bb. - LE PUBLIC\",\"isPartOf\":{\"@id\":\"https:\/\/www.public.sn\/#website\"},\"primaryImageOfPage\":{\"@id\":\"https:\/\/www.public.sn\/index.php\/2022\/11\/16\/ismaila-sarr-jy-serai-pour-lequipe\/#primaryimage\"},\"image\":{\"@id\":\"https:\/\/www.public.sn\/index.php\/2022\/11\/16\/ismaila-sarr-jy-serai-pour-lequipe\/#primaryimage\"},\"thumbnailUrl\":\"https:\/\/www.public.sn\/wp-content\/uploads\/2022\/11\/ismaila-sarr.jpeg\",\"datePublished\":\"2022-11-16T11:11:43+00:00\",\"dateModified\":\"2022-11-16T11:11:48+00:00\",\"breadcrumb\":{\"@id\":\"https:\/\/www.public.sn\/index.php\/2022\/11\/16\/ismaila-sarr-jy-serai-pour-lequipe\/#breadcrumb\"},\"inLanguage\":\"fr-FR\",\"potentialAction\":[{\"@type\":\"ReadAction\",\"target\":[\"https:\/\/www.public.sn\/index.php\/2022\/11\/16\/ismaila-sarr-jy-serai-pour-lequipe\/\"]}]},{\"@type\":\"ImageObject\",\"inLanguage\":\"fr-FR\",\"@id\":\"https:\/\/www.public.sn\/index.php\/2022\/11\/16\/ismaila-sarr-jy-serai-pour-lequipe\/#primaryimage\",\"url\":\"https:\/\/www.public.sn\/wp-content\/uploads\/2022\/11\/ismaila-sarr.jpeg\",\"contentUrl\":\"https:\/\/www.public.sn\/wp-content\/uploads\/2022\/11\/ismaila-sarr.jpeg\",\"width\":1134,\"height\":850,\"caption\":\"publicsn\"},{\"@type\":\"BreadcrumbList\",\"@id\":\"https:\/\/www.public.sn\/index.php\/2022\/11\/16\/ismaila-sarr-jy-serai-pour-lequipe\/#breadcrumb\",\"itemListElement\":[{\"@type\":\"ListItem\",\"position\":1,\"name\":\"Accueil\",\"item\":\"https:\/\/www.public.sn\/\"},{\"@type\":\"ListItem\",\"position\":2,\"name\":\"Ismaila Sarr\u00a0: \u00ab\u00a0J\u2019y serai pour l\u2019\u00e9quipe\u00a0\u00bb.\"}]},{\"@type\":\"WebSite\",\"@id\":\"https:\/\/www.public.sn\/#website\",\"url\":\"https:\/\/www.public.sn\/\",\"name\":\"LE PUBLIC\",\"description\":\"\",\"publisher\":{\"@id\":\"https:\/\/www.public.sn\/#organization\"},\"potentialAction\":[{\"@type\":\"SearchAction\",\"target\":{\"@type\":\"EntryPoint\",\"urlTemplate\":\"https:\/\/www.public.sn\/?s={search_term_string}\"},\"query-input\":{\"@type\":\"PropertyValueSpecification\",\"valueRequired\":true,\"valueName\":\"search_term_string\"}}],\"inLanguage\":\"fr-FR\"},{\"@type\":\"Organization\",\"@id\":\"https:\/\/www.public.sn\/#organization\",\"name\":\"LE PUBLIC\",\"url\":\"https:\/\/www.public.sn\/\",\"logo\":{\"@type\":\"ImageObject\",\"inLanguage\":\"fr-FR\",\"@id\":\"https:\/\/www.public.sn\/#\/schema\/logo\/image\/\",\"url\":\"https:\/\/www.public.sn\/wp-content\/uploads\/2024\/05\/cropped-LOGO-PUBLIC.SN_.png\",\"contentUrl\":\"https:\/\/www.public.sn\/wp-content\/uploads\/2024\/05\/cropped-LOGO-PUBLIC.SN_.png\",\"width\":682,\"height\":192,\"caption\":\"LE PUBLIC\"},\"image\":{\"@id\":\"https:\/\/www.public.sn\/#\/schema\/logo\/image\/\"}},{\"@type\":\"Person\",\"@id\":\"https:\/\/www.public.sn\/#\/schema\/person\/cb76c8e1b8becc6be61fb5e92d6d0224\",\"name\":\"LA REDACTION\",\"image\":{\"@type\":\"ImageObject\",\"inLanguage\":\"fr-FR\",\"@id\":\"https:\/\/www.public.sn\/#\/schema\/person\/image\/\",\"url\":\"https:\/\/secure.gravatar.com\/avatar\/2dce5ddd34b8fef0180efe03aa2a9bee7d953856048f9a16b298190a3178407c?s=96&d=mm&r=g\",\"contentUrl\":\"https:\/\/secure.gravatar.com\/avatar\/2dce5ddd34b8fef0180efe03aa2a9bee7d953856048f9a16b298190a3178407c?s=96&d=mm&r=g\",\"caption\":\"LA REDACTION\"},\"url\":\"https:\/\/www.public.sn\/index.php\/author\/editeurpsn\/\"}]}<\/script>\n<!-- \/ Yoast SEO plugin. -->","yoast_head_json":{"title":"Ismaila Sarr\u00a0: \u00ab\u00a0J\u2019y serai pour l\u2019\u00e9quipe\u00a0\u00bb. - LE PUBLIC","robots":{"index":"index","follow":"follow","max-snippet":"max-snippet:-1","max-image-preview":"max-image-preview:large","max-video-preview":"max-video-preview:-1"},"canonical":"https:\/\/www.public.sn\/index.php\/2022\/11\/16\/ismaila-sarr-jy-serai-pour-lequipe\/","og_locale":"fr_FR","og_type":"article","og_title":"Ismaila Sarr\u00a0: \u00ab\u00a0J\u2019y serai pour l\u2019\u00e9quipe\u00a0\u00bb. - LE PUBLIC","og_description":"Dans un entretins avec le site de son club Ismaila Sarr se dit optimiste pour la coupe du monde. Devenu avec l\u2019absence de Sadio Man\u00e9 l\u2019un des joueurs sur lequel repose beaucoup d\u2019espoir, l\u2019ancien pensionnaire de G\u00e9n\u00e9ration Foot avance qu\u2019il n\u2019y a pas de pression \u00e0 se mettre d\u2019autant plus que Aliou Ciss\u00e9 \u00e0 choisi un groupe de 26 Joueurs. Et sur l\u2019absence de Sadio Man\u00e9, Ismaila Sarr r\u00e9pond \u2018j\u2019esp\u00e8re que Sadio va revenir le plut\u00f4t possible parcequ\u2019on a besoin de lui. Oui, Sadio ce serait une grosse perte, il est notre meilleur joueur mais il y\u2019a d\u2019autres footballeurs. On doit travailler en \u00ab\u00e9quipe et j\u2019esp\u00e8re qu\u2019on ira loin. Mon ambition c\u2019est de remporter autant de matchs possibles, marquer autant de buts possibles et donner des passes d\u00e9cisives. J\u2019y serai pour l\u2019\u00e9quipe. &nbsp;Samba SY.","og_url":"https:\/\/www.public.sn\/index.php\/2022\/11\/16\/ismaila-sarr-jy-serai-pour-lequipe\/","og_site_name":"LE PUBLIC","article_published_time":"2022-11-16T11:11:43+00:00","article_modified_time":"2022-11-16T11:11:48+00:00","og_image":[{"width":1134,"height":850,"url":"https:\/\/www.public.sn\/wp-content\/uploads\/2022\/11\/ismaila-sarr.jpeg","type":"image\/jpeg"}],"author":"LA REDACTION","twitter_card":"summary_large_image","twitter_misc":{"\u00c9crit par":"LA REDACTION","Dur\u00e9e de lecture estim\u00e9e":"1 minute"},"schema":{"@context":"https:\/\/schema.org","@graph":[{"@type":"Article","@id":"https:\/\/www.public.sn\/index.php\/2022\/11\/16\/ismaila-sarr-jy-serai-pour-lequipe\/#article","isPartOf":{"@id":"https:\/\/www.public.sn\/index.php\/2022\/11\/16\/ismaila-sarr-jy-serai-pour-lequipe\/"},"author":{"name":"LA REDACTION","@id":"https:\/\/www.public.sn\/#\/schema\/person\/cb76c8e1b8becc6be61fb5e92d6d0224"},"headline":"Ismaila Sarr\u00a0: \u00ab\u00a0J\u2019y serai pour l\u2019\u00e9quipe\u00a0\u00bb.","datePublished":"2022-11-16T11:11:43+00:00","dateModified":"2022-11-16T11:11:48+00:00","mainEntityOfPage":{"@id":"https:\/\/www.public.sn\/index.php\/2022\/11\/16\/ismaila-sarr-jy-serai-pour-lequipe\/"},"wordCount":164,"commentCount":0,"publisher":{"@id":"https:\/\/www.public.sn\/#organization"},"image":{"@id":"https:\/\/www.public.sn\/index.php\/2022\/11\/16\/ismaila-sarr-jy-serai-pour-lequipe\/#primaryimage"},"thumbnailUrl":"https:\/\/www.public.sn\/wp-content\/uploads\/2022\/11\/ismaila-sarr.jpeg","keywords":["Ismaila Sarr","qatar","sadio mane"],"articleSection":["ACTUALIT\u00c9S","S\u00c9N\u00c9GAL","SPORTS"],"inLanguage":"fr-FR","potentialAction":[{"@type":"CommentAction","name":"Comment","target":["https:\/\/www.public.sn\/index.php\/2022\/11\/16\/ismaila-sarr-jy-serai-pour-lequipe\/#respond"]}]},{"@type":"WebPage","@id":"https:\/\/www.public.sn\/index.php\/2022\/11\/16\/ismaila-sarr-jy-serai-pour-lequipe\/","url":"https:\/\/www.public.sn\/index.php\/2022\/11\/16\/ismaila-sarr-jy-serai-pour-lequipe\/","name":"Ismaila Sarr\u00a0: \u00ab\u00a0J\u2019y serai pour l\u2019\u00e9quipe\u00a0\u00bb. - LE PUBLIC","isPartOf":{"@id":"https:\/\/www.public.sn\/#website"},"primaryImageOfPage":{"@id":"https:\/\/www.public.sn\/index.php\/2022\/11\/16\/ismaila-sarr-jy-serai-pour-lequipe\/#primaryimage"},"image":{"@id":"https:\/\/www.public.sn\/index.php\/2022\/11\/16\/ismaila-sarr-jy-serai-pour-lequipe\/#primaryimage"},"thumbnailUrl":"https:\/\/www.public.sn\/wp-content\/uploads\/2022\/11\/ismaila-sarr.jpeg","datePublished":"2022-11-16T11:11:43+00:00","dateModified":"2022-11-16T11:11:48+00:00","breadcrumb":{"@id":"https:\/\/www.public.sn\/index.php\/2022\/11\/16\/ismaila-sarr-jy-serai-pour-lequipe\/#breadcrumb"},"inLanguage":"fr-FR","potentialAction":[{"@type":"ReadAction","target":["https:\/\/www.public.sn\/index.php\/2022\/11\/16\/ismaila-sarr-jy-serai-pour-lequipe\/"]}]},{"@type":"ImageObject","inLanguage":"fr-FR","@id":"https:\/\/www.public.sn\/index.php\/2022\/11\/16\/ismaila-sarr-jy-serai-pour-lequipe\/#primaryimage","url":"https:\/\/www.public.sn\/wp-content\/uploads\/2022\/11\/ismaila-sarr.jpeg","contentUrl":"https:\/\/www.public.sn\/wp-content\/uploads\/2022\/11\/ismaila-sarr.jpeg","width":1134,"height":850,"caption":"publicsn"},{"@type":"BreadcrumbList","@id":"https:\/\/www.public.sn\/index.php\/2022\/11\/16\/ismaila-sarr-jy-serai-pour-lequipe\/#breadcrumb","itemListElement":[{"@type":"ListItem","position":1,"name":"Accueil","item":"https:\/\/www.public.sn\/"},{"@type":"ListItem","position":2,"name":"Ismaila Sarr\u00a0: \u00ab\u00a0J\u2019y serai pour l\u2019\u00e9quipe\u00a0\u00bb."}]},{"@type":"WebSite","@id":"https:\/\/www.public.sn\/#website","url":"https:\/\/www.public.sn\/","name":"LE PUBLIC","description":"","publisher":{"@id":"https:\/\/www.public.sn\/#organization"},"potentialAction":[{"@type":"SearchAction","target":{"@type":"EntryPoint","urlTemplate":"https:\/\/www.public.sn\/?s={search_term_string}"},"query-input":{"@type":"PropertyValueSpecification","valueRequired":true,"valueName":"search_term_string"}}],"inLanguage":"fr-FR"},{"@type":"Organization","@id":"https:\/\/www.public.sn\/#organization","name":"LE PUBLIC","url":"https:\/\/www.public.sn\/","logo":{"@type":"ImageObject","inLanguage":"fr-FR","@id":"https:\/\/www.public.sn\/#\/schema\/logo\/image\/","url":"https:\/\/www.public.sn\/wp-content\/uploads\/2024\/05\/cropped-LOGO-PUBLIC.SN_.png","contentUrl":"https:\/\/www.public.sn\/wp-content\/uploads\/2024\/05\/cropped-LOGO-PUBLIC.SN_.png","width":682,"height":192,"caption":"LE PUBLIC"},"image":{"@id":"https:\/\/www.public.sn\/#\/schema\/logo\/image\/"}},{"@type":"Person","@id":"https:\/\/www.public.sn\/#\/schema\/person\/cb76c8e1b8becc6be61fb5e92d6d0224","name":"LA REDACTION","image":{"@type":"ImageObject","inLanguage":"fr-FR","@id":"https:\/\/www.public.sn\/#\/schema\/person\/image\/","url":"https:\/\/secure.gravatar.com\/avatar\/2dce5ddd34b8fef0180efe03aa2a9bee7d953856048f9a16b298190a3178407c?s=96&d=mm&r=g","contentUrl":"https:\/\/secure.gravatar.com\/avatar\/2dce5ddd34b8fef0180efe03aa2a9bee7d953856048f9a16b298190a3178407c?s=96&d=mm&r=g","caption":"LA REDACTION"},"url":"https:\/\/www.public.sn\/index.php\/author\/editeurpsn\/"}]}},"jetpack_featured_media_url":"https:\/\/www.public.sn\/wp-content\/uploads\/2022\/11\/ismaila-sarr.jpeg","jetpack_sharing_enabled":true,"_links":{"self":[{"href":"https:\/\/www.public.sn\/index.php\/wp-json\/wp\/v2\/posts\/8867","targetHints":{"allow":["GET"]}}],"collection":[{"href":"https:\/\/www.public.sn\/index.php\/wp-json\/wp\/v2\/posts"}],"about":[{"href":"https:\/\/www.public.sn\/index.php\/wp-json\/wp\/v2\/types\/post"}],"author":[{"embeddable":true,"href":"https:\/\/www.public.sn\/index.php\/wp-json\/wp\/v2\/users\/7"}],"replies":[{"embeddable":true,"href":"https:\/\/www.public.sn\/index.php\/wp-json\/wp\/v2\/comments?post=8867"}],"version-history":[{"count":2,"href":"https:\/\/www.public.sn\/index.php\/wp-json\/wp\/v2\/posts\/8867\/revisions"}],"predecessor-version":[{"id":8870,"href":"https:\/\/www.public.sn\/index.php\/wp-json\/wp\/v2\/posts\/8867\/revisions\/8870"}],"wp:featuredmedia":[{"embeddable":true,"href":"https:\/\/www.public.sn\/index.php\/wp-json\/wp\/v2\/media\/8868"}],"wp:attachment":[{"href":"https:\/\/www.public.sn\/index.php\/wp-json\/wp\/v2\/media?parent=8867"}],"wp:term":[{"taxonomy":"category","embeddable":true,"href":"https:\/\/www.public.sn\/index.php\/wp-json\/wp\/v2\/categories?post=8867"},{"taxonomy":"post_tag","embeddable":true,"href":"https:\/\/www.public.sn\/index.php\/wp-json\/wp\/v2\/tags?post=8867"}],"curies":[{"name":"wp","href":"https:\/\/api.w.org\/{rel}","templated":true}]}}