{"id":8912,"date":"2022-11-16T14:34:37","date_gmt":"2022-11-16T14:34:37","guid":{"rendered":"https:\/\/www.public.sn\/?p=8912"},"modified":"2022-11-16T14:34:39","modified_gmt":"2022-11-16T14:34:39","slug":"port-de-bracelet-electronique-les-detenus-eligibles","status":"publish","type":"post","link":"https:\/\/www.public.sn\/index.php\/2022\/11\/16\/port-de-bracelet-electronique-les-detenus-eligibles\/","title":{"rendered":"Port de bracelet \u00e9lectronique\u00a0: Les d\u00e9tenus \u00ab\u00a0\u00e9ligibles\u00a0\u00bb."},"content":{"rendered":"\n<p><\/p>\n\n\n\n<p><strong>Le port du bracelet \u00e9lectronique a \u00e9t\u00e9 adopt\u00e9 afin de d\u00e9sengorger les prisons. Toutefois la mesure ne concerne pas toutes les personnes d\u00e9tenues.il y\u2019a des conditions \u00e0 remplir pour \u00eatre \u00e9ligible au port du bracelet \u00e9lectronique.<\/strong><\/p><div class=\"publi-paragraphe1\" style=\"margin-top: 10px;margin-bottom: 10px;margin-left: auto;margin-right: auto;text-align: center;\" id=\"publi-3420047430\"><div class=\"publi-adlabel\">Publicit\u00e9<\/div><script async src=\"\/\/pagead2.googlesyndication.com\/pagead\/js\/adsbygoogle.js?client=ca-pub-4089586018074219\" crossorigin=\"anonymous\"><\/script><ins class=\"adsbygoogle\" style=\"display:block;\" data-ad-client=\"ca-pub-4089586018074219\" \ndata-ad-slot=\"2087940154\" \ndata-ad-format=\"auto\"><\/ins>\n<script> \n(adsbygoogle = window.adsbygoogle || []).push({}); \n<\/script>\n<\/div>\n\n\n\n<p><\/p>\n\n\n\n<p>Selon le quotidien Source A, les r\u00e9cidivistes, les criminels et les condamn\u00e9s \u00e0 une peine ferme pour attentat \u00e0 la pudeur, sont exclus du port de bracelet \u00e9lectronique.<\/p>\n\n\n\n<p><\/p>\n\n\n\n<p>Les auteurs de d\u00e9tournement de deniers publics, de d\u00e9lits douaniers, \u00e9galement. Sauf, pour les premiers, en cas de remboursement ou restitution des fonds en question et, pour les seconds, de paiement de la valeur de l\u2019objet de la fraude et, s\u2019il y a lieu, de la totalit\u00e9 des droits et taxes dus.<\/p>\n\n\n\n<p><\/p>\n\n\n\n<p>Toutefois, le placement d\u2019un prisonnier sous surveillance \u00e9lectronique ne peut \u00eatre d\u00e9cid\u00e9 qu\u2019avec son accord. Pour un mineur, l\u2019autorisation de ses parents (p\u00e8re ou m\u00e8re) ou de la personne assurant sa garde est requise.\u00a0<\/p>\n\n\n\n<p><\/p>\n\n\n\n<p>Le placement sous surveillance \u00e9lectronique peut intervenir en cas de sursis, de probation, de travail au b\u00e9n\u00e9fice de la soci\u00e9t\u00e9, de semi-libert\u00e9, de fractionnement de peine, de dispense de peine et d\u2019ajournement de peine.<\/p>\n\n\n\n<p>Samba SY.<\/p>\n<div class=\"publi-apres-le-contenu\" style=\"margin-top: 10px;margin-bottom: 10px;margin-left: auto;margin-right: auto;text-align: center;\" id=\"publi-1366690301\"><div class=\"publi-adlabel\">Publicit\u00e9<\/div><script async src=\"\/\/pagead2.googlesyndication.com\/pagead\/js\/adsbygoogle.js?client=ca-pub-4089586018074219\" crossorigin=\"anonymous\"><\/script><ins class=\"adsbygoogle\" style=\"display:block;\" data-ad-client=\"ca-pub-4089586018074219\" \ndata-ad-slot=\"2087940154\" \ndata-ad-format=\"auto\"><\/ins>\n<script> \n(adsbygoogle = window.adsbygoogle || []).push({}); \n<\/script>\n<\/div>","protected":false},"excerpt":{"rendered":"<p>Le port du bracelet \u00e9lectronique a \u00e9t\u00e9 adopt\u00e9 afin de d\u00e9sengorger les prisons. Toutefois la mesure ne concerne pas toutes les personnes d\u00e9tenues.il y\u2019a des conditions \u00e0 remplir pour \u00eatre \u00e9ligible au port du bracelet \u00e9lectronique. Selon le quotidien Source A, les r\u00e9cidivistes, les criminels et les condamn\u00e9s \u00e0 une peine ferme pour attentat \u00e0 la pudeur, sont exclus du port de bracelet \u00e9lectronique. Les auteurs de d\u00e9tournement de deniers publics, de d\u00e9lits douaniers, \u00e9galement. Sauf, pour les premiers, en cas de remboursement ou restitution des fonds en question et, pour les seconds, de paiement de la valeur de l\u2019objet de la fraude et, s\u2019il y a lieu, de la totalit\u00e9 des droits et taxes dus. Toutefois, le placement d\u2019un prisonnier sous surveillance \u00e9lectronique ne peut \u00eatre d\u00e9cid\u00e9 qu\u2019avec son accord. Pour un mineur, l\u2019autorisation de ses parents (p\u00e8re ou m\u00e8re) ou de la personne assurant sa garde est requise.\u00a0 Le placement sous surveillance \u00e9lectronique peut intervenir en cas de sursis, de probation, de travail au b\u00e9n\u00e9fice de la soci\u00e9t\u00e9, de semi-libert\u00e9, de fractionnement de peine, de dispense de peine et d\u2019ajournement de peine. Samba SY.<\/p>\n","protected":false},"author":7,"featured_media":8913,"comment_status":"open","ping_status":"open","sticky":false,"template":"","format":"standard","meta":{"_jetpack_memberships_contains_paid_content":false,"footnotes":""},"categories":[375,1,4],"tags":[2968,2970,2967],"class_list":["post-8912","post","type-post","status-publish","format-standard","has-post-thumbnail","hentry","category-actualites","category-non-classe","category-societe","tag-detenus","tag-eligibles","tag-port-bracelet","entry","has-media","owp-thumbs-layout-horizontal","owp-btn-normal","owp-tabs-layout-horizontal","has-no-thumbnails","has-product-nav"],"yoast_head":"<!-- This site is optimized with the Yoast SEO plugin v25.5 - https:\/\/yoast.com\/wordpress\/plugins\/seo\/ -->\n<title>Port de bracelet \u00e9lectronique\u00a0: Les d\u00e9tenus \u00ab\u00a0\u00e9ligibles\u00a0\u00bb. - LE PUBLIC<\/title>\n<meta name=\"robots\" content=\"index, follow, max-snippet:-1, max-image-preview:large, max-video-preview:-1\" \/>\n<link rel=\"canonical\" href=\"https:\/\/www.public.sn\/index.php\/2022\/11\/16\/port-de-bracelet-electronique-les-detenus-eligibles\/\" \/>\n<meta property=\"og:locale\" content=\"fr_FR\" \/>\n<meta property=\"og:type\" content=\"article\" \/>\n<meta property=\"og:title\" content=\"Port de bracelet \u00e9lectronique\u00a0: Les d\u00e9tenus \u00ab\u00a0\u00e9ligibles\u00a0\u00bb. - LE PUBLIC\" \/>\n<meta property=\"og:description\" content=\"Le port du bracelet \u00e9lectronique a \u00e9t\u00e9 adopt\u00e9 afin de d\u00e9sengorger les prisons. Toutefois la mesure ne concerne pas toutes les personnes d\u00e9tenues.il y\u2019a des conditions \u00e0 remplir pour \u00eatre \u00e9ligible au port du bracelet \u00e9lectronique. Selon le quotidien Source A, les r\u00e9cidivistes, les criminels et les condamn\u00e9s \u00e0 une peine ferme pour attentat \u00e0 la pudeur, sont exclus du port de bracelet \u00e9lectronique. Les auteurs de d\u00e9tournement de deniers publics, de d\u00e9lits douaniers, \u00e9galement. Sauf, pour les premiers, en cas de remboursement ou restitution des fonds en question et, pour les seconds, de paiement de la valeur de l\u2019objet de la fraude et, s\u2019il y a lieu, de la totalit\u00e9 des droits et taxes dus. Toutefois, le placement d\u2019un prisonnier sous surveillance \u00e9lectronique ne peut \u00eatre d\u00e9cid\u00e9 qu\u2019avec son accord. Pour un mineur, l\u2019autorisation de ses parents (p\u00e8re ou m\u00e8re) ou de la personne assurant sa garde est requise.\u00a0 Le placement sous surveillance \u00e9lectronique peut intervenir en cas de sursis, de probation, de travail au b\u00e9n\u00e9fice de la soci\u00e9t\u00e9, de semi-libert\u00e9, de fractionnement de peine, de dispense de peine et d\u2019ajournement de peine. Samba SY.\" \/>\n<meta property=\"og:url\" content=\"https:\/\/www.public.sn\/index.php\/2022\/11\/16\/port-de-bracelet-electronique-les-detenus-eligibles\/\" \/>\n<meta property=\"og:site_name\" content=\"LE PUBLIC\" \/>\n<meta property=\"article:published_time\" content=\"2022-11-16T14:34:37+00:00\" \/>\n<meta property=\"article:modified_time\" content=\"2022-11-16T14:34:39+00:00\" \/>\n<meta property=\"og:image\" content=\"https:\/\/www.public.sn\/wp-content\/uploads\/2022\/11\/bracelet-electronique.jpg\" \/>\n\t<meta property=\"og:image:width\" content=\"700\" \/>\n\t<meta property=\"og:image:height\" content=\"360\" \/>\n\t<meta property=\"og:image:type\" content=\"image\/jpeg\" \/>\n<meta name=\"author\" content=\"LA REDACTION\" \/>\n<meta name=\"twitter:card\" content=\"summary_large_image\" \/>\n<meta name=\"twitter:label1\" content=\"\u00c9crit par\" \/>\n\t<meta name=\"twitter:data1\" content=\"LA REDACTION\" \/>\n\t<meta name=\"twitter:label2\" content=\"Dur\u00e9e de lecture estim\u00e9e\" \/>\n\t<meta name=\"twitter:data2\" content=\"1 minute\" \/>\n<script type=\"application\/ld+json\" class=\"yoast-schema-graph\">{\"@context\":\"https:\/\/schema.org\",\"@graph\":[{\"@type\":\"Article\",\"@id\":\"https:\/\/www.public.sn\/index.php\/2022\/11\/16\/port-de-bracelet-electronique-les-detenus-eligibles\/#article\",\"isPartOf\":{\"@id\":\"https:\/\/www.public.sn\/index.php\/2022\/11\/16\/port-de-bracelet-electronique-les-detenus-eligibles\/\"},\"author\":{\"name\":\"LA REDACTION\",\"@id\":\"https:\/\/www.public.sn\/#\/schema\/person\/cb76c8e1b8becc6be61fb5e92d6d0224\"},\"headline\":\"Port de bracelet \u00e9lectronique\u00a0: Les d\u00e9tenus \u00ab\u00a0\u00e9ligibles\u00a0\u00bb.\",\"datePublished\":\"2022-11-16T14:34:37+00:00\",\"dateModified\":\"2022-11-16T14:34:39+00:00\",\"mainEntityOfPage\":{\"@id\":\"https:\/\/www.public.sn\/index.php\/2022\/11\/16\/port-de-bracelet-electronique-les-detenus-eligibles\/\"},\"wordCount\":211,\"commentCount\":0,\"publisher\":{\"@id\":\"https:\/\/www.public.sn\/#organization\"},\"image\":{\"@id\":\"https:\/\/www.public.sn\/index.php\/2022\/11\/16\/port-de-bracelet-electronique-les-detenus-eligibles\/#primaryimage\"},\"thumbnailUrl\":\"https:\/\/www.public.sn\/wp-content\/uploads\/2022\/11\/bracelet-electronique.jpg\",\"keywords\":[\"detenus\",\"eligibles\",\"port bracelet\"],\"articleSection\":[\"ACTUALIT\u00c9S\",\"S\u00c9N\u00c9GAL\",\"SOCIETE\"],\"inLanguage\":\"fr-FR\",\"potentialAction\":[{\"@type\":\"CommentAction\",\"name\":\"Comment\",\"target\":[\"https:\/\/www.public.sn\/index.php\/2022\/11\/16\/port-de-bracelet-electronique-les-detenus-eligibles\/#respond\"]}]},{\"@type\":\"WebPage\",\"@id\":\"https:\/\/www.public.sn\/index.php\/2022\/11\/16\/port-de-bracelet-electronique-les-detenus-eligibles\/\",\"url\":\"https:\/\/www.public.sn\/index.php\/2022\/11\/16\/port-de-bracelet-electronique-les-detenus-eligibles\/\",\"name\":\"Port de bracelet \u00e9lectronique\u00a0: Les d\u00e9tenus \u00ab\u00a0\u00e9ligibles\u00a0\u00bb. - LE PUBLIC\",\"isPartOf\":{\"@id\":\"https:\/\/www.public.sn\/#website\"},\"primaryImageOfPage\":{\"@id\":\"https:\/\/www.public.sn\/index.php\/2022\/11\/16\/port-de-bracelet-electronique-les-detenus-eligibles\/#primaryimage\"},\"image\":{\"@id\":\"https:\/\/www.public.sn\/index.php\/2022\/11\/16\/port-de-bracelet-electronique-les-detenus-eligibles\/#primaryimage\"},\"thumbnailUrl\":\"https:\/\/www.public.sn\/wp-content\/uploads\/2022\/11\/bracelet-electronique.jpg\",\"datePublished\":\"2022-11-16T14:34:37+00:00\",\"dateModified\":\"2022-11-16T14:34:39+00:00\",\"breadcrumb\":{\"@id\":\"https:\/\/www.public.sn\/index.php\/2022\/11\/16\/port-de-bracelet-electronique-les-detenus-eligibles\/#breadcrumb\"},\"inLanguage\":\"fr-FR\",\"potentialAction\":[{\"@type\":\"ReadAction\",\"target\":[\"https:\/\/www.public.sn\/index.php\/2022\/11\/16\/port-de-bracelet-electronique-les-detenus-eligibles\/\"]}]},{\"@type\":\"ImageObject\",\"inLanguage\":\"fr-FR\",\"@id\":\"https:\/\/www.public.sn\/index.php\/2022\/11\/16\/port-de-bracelet-electronique-les-detenus-eligibles\/#primaryimage\",\"url\":\"https:\/\/www.public.sn\/wp-content\/uploads\/2022\/11\/bracelet-electronique.jpg\",\"contentUrl\":\"https:\/\/www.public.sn\/wp-content\/uploads\/2022\/11\/bracelet-electronique.jpg\",\"width\":700,\"height\":360,\"caption\":\"publicsn\"},{\"@type\":\"BreadcrumbList\",\"@id\":\"https:\/\/www.public.sn\/index.php\/2022\/11\/16\/port-de-bracelet-electronique-les-detenus-eligibles\/#breadcrumb\",\"itemListElement\":[{\"@type\":\"ListItem\",\"position\":1,\"name\":\"Accueil\",\"item\":\"https:\/\/www.public.sn\/\"},{\"@type\":\"ListItem\",\"position\":2,\"name\":\"Port de bracelet \u00e9lectronique\u00a0: Les d\u00e9tenus \u00ab\u00a0\u00e9ligibles\u00a0\u00bb.\"}]},{\"@type\":\"WebSite\",\"@id\":\"https:\/\/www.public.sn\/#website\",\"url\":\"https:\/\/www.public.sn\/\",\"name\":\"LE PUBLIC\",\"description\":\"\",\"publisher\":{\"@id\":\"https:\/\/www.public.sn\/#organization\"},\"potentialAction\":[{\"@type\":\"SearchAction\",\"target\":{\"@type\":\"EntryPoint\",\"urlTemplate\":\"https:\/\/www.public.sn\/?s={search_term_string}\"},\"query-input\":{\"@type\":\"PropertyValueSpecification\",\"valueRequired\":true,\"valueName\":\"search_term_string\"}}],\"inLanguage\":\"fr-FR\"},{\"@type\":\"Organization\",\"@id\":\"https:\/\/www.public.sn\/#organization\",\"name\":\"LE PUBLIC\",\"url\":\"https:\/\/www.public.sn\/\",\"logo\":{\"@type\":\"ImageObject\",\"inLanguage\":\"fr-FR\",\"@id\":\"https:\/\/www.public.sn\/#\/schema\/logo\/image\/\",\"url\":\"https:\/\/www.public.sn\/wp-content\/uploads\/2024\/05\/cropped-LOGO-PUBLIC.SN_.png\",\"contentUrl\":\"https:\/\/www.public.sn\/wp-content\/uploads\/2024\/05\/cropped-LOGO-PUBLIC.SN_.png\",\"width\":682,\"height\":192,\"caption\":\"LE PUBLIC\"},\"image\":{\"@id\":\"https:\/\/www.public.sn\/#\/schema\/logo\/image\/\"}},{\"@type\":\"Person\",\"@id\":\"https:\/\/www.public.sn\/#\/schema\/person\/cb76c8e1b8becc6be61fb5e92d6d0224\",\"name\":\"LA REDACTION\",\"image\":{\"@type\":\"ImageObject\",\"inLanguage\":\"fr-FR\",\"@id\":\"https:\/\/www.public.sn\/#\/schema\/person\/image\/\",\"url\":\"https:\/\/secure.gravatar.com\/avatar\/2dce5ddd34b8fef0180efe03aa2a9bee7d953856048f9a16b298190a3178407c?s=96&d=mm&r=g\",\"contentUrl\":\"https:\/\/secure.gravatar.com\/avatar\/2dce5ddd34b8fef0180efe03aa2a9bee7d953856048f9a16b298190a3178407c?s=96&d=mm&r=g\",\"caption\":\"LA REDACTION\"},\"url\":\"https:\/\/www.public.sn\/index.php\/author\/editeurpsn\/\"}]}<\/script>\n<!-- \/ Yoast SEO plugin. -->","yoast_head_json":{"title":"Port de bracelet \u00e9lectronique\u00a0: Les d\u00e9tenus \u00ab\u00a0\u00e9ligibles\u00a0\u00bb. - LE PUBLIC","robots":{"index":"index","follow":"follow","max-snippet":"max-snippet:-1","max-image-preview":"max-image-preview:large","max-video-preview":"max-video-preview:-1"},"canonical":"https:\/\/www.public.sn\/index.php\/2022\/11\/16\/port-de-bracelet-electronique-les-detenus-eligibles\/","og_locale":"fr_FR","og_type":"article","og_title":"Port de bracelet \u00e9lectronique\u00a0: Les d\u00e9tenus \u00ab\u00a0\u00e9ligibles\u00a0\u00bb. - LE PUBLIC","og_description":"Le port du bracelet \u00e9lectronique a \u00e9t\u00e9 adopt\u00e9 afin de d\u00e9sengorger les prisons. Toutefois la mesure ne concerne pas toutes les personnes d\u00e9tenues.il y\u2019a des conditions \u00e0 remplir pour \u00eatre \u00e9ligible au port du bracelet \u00e9lectronique. Selon le quotidien Source A, les r\u00e9cidivistes, les criminels et les condamn\u00e9s \u00e0 une peine ferme pour attentat \u00e0 la pudeur, sont exclus du port de bracelet \u00e9lectronique. Les auteurs de d\u00e9tournement de deniers publics, de d\u00e9lits douaniers, \u00e9galement. Sauf, pour les premiers, en cas de remboursement ou restitution des fonds en question et, pour les seconds, de paiement de la valeur de l\u2019objet de la fraude et, s\u2019il y a lieu, de la totalit\u00e9 des droits et taxes dus. Toutefois, le placement d\u2019un prisonnier sous surveillance \u00e9lectronique ne peut \u00eatre d\u00e9cid\u00e9 qu\u2019avec son accord. Pour un mineur, l\u2019autorisation de ses parents (p\u00e8re ou m\u00e8re) ou de la personne assurant sa garde est requise.\u00a0 Le placement sous surveillance \u00e9lectronique peut intervenir en cas de sursis, de probation, de travail au b\u00e9n\u00e9fice de la soci\u00e9t\u00e9, de semi-libert\u00e9, de fractionnement de peine, de dispense de peine et d\u2019ajournement de peine. Samba SY.","og_url":"https:\/\/www.public.sn\/index.php\/2022\/11\/16\/port-de-bracelet-electronique-les-detenus-eligibles\/","og_site_name":"LE PUBLIC","article_published_time":"2022-11-16T14:34:37+00:00","article_modified_time":"2022-11-16T14:34:39+00:00","og_image":[{"width":700,"height":360,"url":"https:\/\/www.public.sn\/wp-content\/uploads\/2022\/11\/bracelet-electronique.jpg","type":"image\/jpeg"}],"author":"LA REDACTION","twitter_card":"summary_large_image","twitter_misc":{"\u00c9crit par":"LA REDACTION","Dur\u00e9e de lecture estim\u00e9e":"1 minute"},"schema":{"@context":"https:\/\/schema.org","@graph":[{"@type":"Article","@id":"https:\/\/www.public.sn\/index.php\/2022\/11\/16\/port-de-bracelet-electronique-les-detenus-eligibles\/#article","isPartOf":{"@id":"https:\/\/www.public.sn\/index.php\/2022\/11\/16\/port-de-bracelet-electronique-les-detenus-eligibles\/"},"author":{"name":"LA REDACTION","@id":"https:\/\/www.public.sn\/#\/schema\/person\/cb76c8e1b8becc6be61fb5e92d6d0224"},"headline":"Port de bracelet \u00e9lectronique\u00a0: Les d\u00e9tenus \u00ab\u00a0\u00e9ligibles\u00a0\u00bb.","datePublished":"2022-11-16T14:34:37+00:00","dateModified":"2022-11-16T14:34:39+00:00","mainEntityOfPage":{"@id":"https:\/\/www.public.sn\/index.php\/2022\/11\/16\/port-de-bracelet-electronique-les-detenus-eligibles\/"},"wordCount":211,"commentCount":0,"publisher":{"@id":"https:\/\/www.public.sn\/#organization"},"image":{"@id":"https:\/\/www.public.sn\/index.php\/2022\/11\/16\/port-de-bracelet-electronique-les-detenus-eligibles\/#primaryimage"},"thumbnailUrl":"https:\/\/www.public.sn\/wp-content\/uploads\/2022\/11\/bracelet-electronique.jpg","keywords":["detenus","eligibles","port bracelet"],"articleSection":["ACTUALIT\u00c9S","S\u00c9N\u00c9GAL","SOCIETE"],"inLanguage":"fr-FR","potentialAction":[{"@type":"CommentAction","name":"Comment","target":["https:\/\/www.public.sn\/index.php\/2022\/11\/16\/port-de-bracelet-electronique-les-detenus-eligibles\/#respond"]}]},{"@type":"WebPage","@id":"https:\/\/www.public.sn\/index.php\/2022\/11\/16\/port-de-bracelet-electronique-les-detenus-eligibles\/","url":"https:\/\/www.public.sn\/index.php\/2022\/11\/16\/port-de-bracelet-electronique-les-detenus-eligibles\/","name":"Port de bracelet \u00e9lectronique\u00a0: Les d\u00e9tenus \u00ab\u00a0\u00e9ligibles\u00a0\u00bb. - LE PUBLIC","isPartOf":{"@id":"https:\/\/www.public.sn\/#website"},"primaryImageOfPage":{"@id":"https:\/\/www.public.sn\/index.php\/2022\/11\/16\/port-de-bracelet-electronique-les-detenus-eligibles\/#primaryimage"},"image":{"@id":"https:\/\/www.public.sn\/index.php\/2022\/11\/16\/port-de-bracelet-electronique-les-detenus-eligibles\/#primaryimage"},"thumbnailUrl":"https:\/\/www.public.sn\/wp-content\/uploads\/2022\/11\/bracelet-electronique.jpg","datePublished":"2022-11-16T14:34:37+00:00","dateModified":"2022-11-16T14:34:39+00:00","breadcrumb":{"@id":"https:\/\/www.public.sn\/index.php\/2022\/11\/16\/port-de-bracelet-electronique-les-detenus-eligibles\/#breadcrumb"},"inLanguage":"fr-FR","potentialAction":[{"@type":"ReadAction","target":["https:\/\/www.public.sn\/index.php\/2022\/11\/16\/port-de-bracelet-electronique-les-detenus-eligibles\/"]}]},{"@type":"ImageObject","inLanguage":"fr-FR","@id":"https:\/\/www.public.sn\/index.php\/2022\/11\/16\/port-de-bracelet-electronique-les-detenus-eligibles\/#primaryimage","url":"https:\/\/www.public.sn\/wp-content\/uploads\/2022\/11\/bracelet-electronique.jpg","contentUrl":"https:\/\/www.public.sn\/wp-content\/uploads\/2022\/11\/bracelet-electronique.jpg","width":700,"height":360,"caption":"publicsn"},{"@type":"BreadcrumbList","@id":"https:\/\/www.public.sn\/index.php\/2022\/11\/16\/port-de-bracelet-electronique-les-detenus-eligibles\/#breadcrumb","itemListElement":[{"@type":"ListItem","position":1,"name":"Accueil","item":"https:\/\/www.public.sn\/"},{"@type":"ListItem","position":2,"name":"Port de bracelet \u00e9lectronique\u00a0: Les d\u00e9tenus \u00ab\u00a0\u00e9ligibles\u00a0\u00bb."}]},{"@type":"WebSite","@id":"https:\/\/www.public.sn\/#website","url":"https:\/\/www.public.sn\/","name":"LE PUBLIC","description":"","publisher":{"@id":"https:\/\/www.public.sn\/#organization"},"potentialAction":[{"@type":"SearchAction","target":{"@type":"EntryPoint","urlTemplate":"https:\/\/www.public.sn\/?s={search_term_string}"},"query-input":{"@type":"PropertyValueSpecification","valueRequired":true,"valueName":"search_term_string"}}],"inLanguage":"fr-FR"},{"@type":"Organization","@id":"https:\/\/www.public.sn\/#organization","name":"LE PUBLIC","url":"https:\/\/www.public.sn\/","logo":{"@type":"ImageObject","inLanguage":"fr-FR","@id":"https:\/\/www.public.sn\/#\/schema\/logo\/image\/","url":"https:\/\/www.public.sn\/wp-content\/uploads\/2024\/05\/cropped-LOGO-PUBLIC.SN_.png","contentUrl":"https:\/\/www.public.sn\/wp-content\/uploads\/2024\/05\/cropped-LOGO-PUBLIC.SN_.png","width":682,"height":192,"caption":"LE PUBLIC"},"image":{"@id":"https:\/\/www.public.sn\/#\/schema\/logo\/image\/"}},{"@type":"Person","@id":"https:\/\/www.public.sn\/#\/schema\/person\/cb76c8e1b8becc6be61fb5e92d6d0224","name":"LA REDACTION","image":{"@type":"ImageObject","inLanguage":"fr-FR","@id":"https:\/\/www.public.sn\/#\/schema\/person\/image\/","url":"https:\/\/secure.gravatar.com\/avatar\/2dce5ddd34b8fef0180efe03aa2a9bee7d953856048f9a16b298190a3178407c?s=96&d=mm&r=g","contentUrl":"https:\/\/secure.gravatar.com\/avatar\/2dce5ddd34b8fef0180efe03aa2a9bee7d953856048f9a16b298190a3178407c?s=96&d=mm&r=g","caption":"LA REDACTION"},"url":"https:\/\/www.public.sn\/index.php\/author\/editeurpsn\/"}]}},"jetpack_featured_media_url":"https:\/\/www.public.sn\/wp-content\/uploads\/2022\/11\/bracelet-electronique.jpg","jetpack_sharing_enabled":true,"_links":{"self":[{"href":"https:\/\/www.public.sn\/index.php\/wp-json\/wp\/v2\/posts\/8912","targetHints":{"allow":["GET"]}}],"collection":[{"href":"https:\/\/www.public.sn\/index.php\/wp-json\/wp\/v2\/posts"}],"about":[{"href":"https:\/\/www.public.sn\/index.php\/wp-json\/wp\/v2\/types\/post"}],"author":[{"embeddable":true,"href":"https:\/\/www.public.sn\/index.php\/wp-json\/wp\/v2\/users\/7"}],"replies":[{"embeddable":true,"href":"https:\/\/www.public.sn\/index.php\/wp-json\/wp\/v2\/comments?post=8912"}],"version-history":[{"count":1,"href":"https:\/\/www.public.sn\/index.php\/wp-json\/wp\/v2\/posts\/8912\/revisions"}],"predecessor-version":[{"id":8914,"href":"https:\/\/www.public.sn\/index.php\/wp-json\/wp\/v2\/posts\/8912\/revisions\/8914"}],"wp:featuredmedia":[{"embeddable":true,"href":"https:\/\/www.public.sn\/index.php\/wp-json\/wp\/v2\/media\/8913"}],"wp:attachment":[{"href":"https:\/\/www.public.sn\/index.php\/wp-json\/wp\/v2\/media?parent=8912"}],"wp:term":[{"taxonomy":"category","embeddable":true,"href":"https:\/\/www.public.sn\/index.php\/wp-json\/wp\/v2\/categories?post=8912"},{"taxonomy":"post_tag","embeddable":true,"href":"https:\/\/www.public.sn\/index.php\/wp-json\/wp\/v2\/tags?post=8912"}],"curies":[{"name":"wp","href":"https:\/\/api.w.org\/{rel}","templated":true}]}}