{"id":8916,"date":"2022-11-16T14:56:36","date_gmt":"2022-11-16T14:56:36","guid":{"rendered":"https:\/\/www.public.sn\/?p=8916"},"modified":"2022-11-16T14:56:40","modified_gmt":"2022-11-16T14:56:40","slug":"guy-marius-attaque-le-ministre-de-la-sante","status":"publish","type":"post","link":"https:\/\/www.public.sn\/index.php\/2022\/11\/16\/guy-marius-attaque-le-ministre-de-la-sante\/","title":{"rendered":"Guy Marius \u00ab\u00a0attaque\u00a0\u00bb le ministre de la sant\u00e9."},"content":{"rendered":"\n<p><\/p>\n\n\n\n<p><strong>Le d\u00e9put\u00e9 Guy Marius Sagna est tr\u00e8s remont\u00e9 contre le comportement du ministre de la sant\u00e9 lors de son passage en commission \u00e0 l\u2019Assembl\u00e9e Nationale. Pour lui, Marie Khemess a \u00e9t\u00e9 d\u2019une arrogance\u00a0\u00bb lorsqu\u2019elle s\u2019adressait aux parlementaires. Et sa position sur la situation des insuffisants r\u00e9naux est inacceptable.<\/strong><\/p><div class=\"publi-paragraphe1\" style=\"margin-top: 10px;margin-bottom: 10px;margin-left: auto;margin-right: auto;text-align: center;\" id=\"publi-655150281\"><div class=\"publi-adlabel\">Publicit\u00e9<\/div><script async src=\"\/\/pagead2.googlesyndication.com\/pagead\/js\/adsbygoogle.js?client=ca-pub-4089586018074219\" crossorigin=\"anonymous\"><\/script><ins class=\"adsbygoogle\" style=\"display:block;\" data-ad-client=\"ca-pub-4089586018074219\" \ndata-ad-slot=\"2087940154\" \ndata-ad-format=\"auto\"><\/ins>\n<script> \n(adsbygoogle = window.adsbygoogle || []).push({}); \n<\/script>\n<\/div>\n\n\n\n<p><\/p>\n\n\n\n<p>voici son post sur sa page Facebook :<\/p>\n\n\n\n<p><\/p>\n\n\n\n<p>\u00ab Elle a tr\u00e8s mal parl\u00e9 aux d\u00e9put\u00e9s. Et &nbsp;le plus grave est qu\u2019elle a trop mal parl\u00e9 de nos compatriotes insuffisants r\u00e9naux. Comment un ministre de la sant\u00e9 peut dire que des insuffisant r\u00e9naux qui luttent pour une meilleure prise en charge ne sont pas \u00ab fatigu\u00e9s \u00bb? Nos compatriotes atteints d\u2019insuffisance r\u00e9nale sont fatigu\u00e9s. Tr\u00e8s fatigu\u00e9s. Du fait de la politique du pr\u00e9sident Macky Sall faite de d\u00e9tournements des ressources des s\u00e9n\u00e9galais au profit de sa famille et au profit de ses ma\u00eetres imp\u00e9rialistes nos compatriotes sont condamn\u00e9s \u00e0 mort et meurent un \u00e0 un dans l\u2019anonymat. Si vous ne pouvez transformer leur sort, ni faire preuve d\u2019empathie vous n\u2019avez pas le droit d\u2019user de sarcasme en parlant d\u2019eux madame le ministre \u00bb.<\/p>\n\n\n\n<p>Guy Marius Sagna exige du ministre de la Sant\u00e9 \u00ab des excuses \u00bb pour son arrogance vis-\u00e0-vis des insuffisants r\u00e9naux.<\/p>\n\n\n\n<p>Samba SY.<\/p>\n<div class=\"publi-apres-le-contenu\" style=\"margin-top: 10px;margin-bottom: 10px;margin-left: auto;margin-right: auto;text-align: center;\" id=\"publi-2915866279\"><div class=\"publi-adlabel\">Publicit\u00e9<\/div><script async src=\"\/\/pagead2.googlesyndication.com\/pagead\/js\/adsbygoogle.js?client=ca-pub-4089586018074219\" crossorigin=\"anonymous\"><\/script><ins class=\"adsbygoogle\" style=\"display:block;\" data-ad-client=\"ca-pub-4089586018074219\" \ndata-ad-slot=\"2087940154\" \ndata-ad-format=\"auto\"><\/ins>\n<script> \n(adsbygoogle = window.adsbygoogle || []).push({}); \n<\/script>\n<\/div>","protected":false},"excerpt":{"rendered":"<p>Le d\u00e9put\u00e9 Guy Marius Sagna est tr\u00e8s remont\u00e9 contre le comportement du ministre de la sant\u00e9 lors de son passage en commission \u00e0 l\u2019Assembl\u00e9e Nationale. Pour lui, Marie Khemess a \u00e9t\u00e9 d\u2019une arrogance\u00a0\u00bb lorsqu\u2019elle s\u2019adressait aux parlementaires. Et sa position sur la situation des insuffisants r\u00e9naux est inacceptable. voici son post sur sa page Facebook : \u00ab Elle a tr\u00e8s mal parl\u00e9 aux d\u00e9put\u00e9s. Et &nbsp;le plus grave est qu\u2019elle a trop mal parl\u00e9 de nos compatriotes insuffisants r\u00e9naux. Comment un ministre de la sant\u00e9 peut dire que des insuffisant r\u00e9naux qui luttent pour une meilleure prise en charge ne sont pas \u00ab fatigu\u00e9s \u00bb? Nos compatriotes atteints d\u2019insuffisance r\u00e9nale sont fatigu\u00e9s. Tr\u00e8s fatigu\u00e9s. Du fait de la politique du pr\u00e9sident Macky Sall faite de d\u00e9tournements des ressources des s\u00e9n\u00e9galais au profit de sa famille et au profit de ses ma\u00eetres imp\u00e9rialistes nos compatriotes sont condamn\u00e9s \u00e0 mort et meurent un \u00e0 un dans l\u2019anonymat. Si vous ne pouvez transformer leur sort, ni faire preuve d\u2019empathie vous n\u2019avez pas le droit d\u2019user de sarcasme en parlant d\u2019eux madame le ministre \u00bb. Guy Marius Sagna exige du ministre de la Sant\u00e9 \u00ab des excuses \u00bb pour son arrogance vis-\u00e0-vis des insuffisants r\u00e9naux. Samba SY.<\/p>\n","protected":false},"author":7,"featured_media":8917,"comment_status":"open","ping_status":"open","sticky":false,"template":"","format":"standard","meta":{"_jetpack_memberships_contains_paid_content":false,"footnotes":""},"categories":[375,1574,1],"tags":[2971,1757,2972],"class_list":["post-8916","post","type-post","status-publish","format-standard","has-post-thumbnail","hentry","category-actualites","category-sante","category-non-classe","tag-dr-marie-khemess","tag-guy-marius","tag-insuffisants-renaux","entry","has-media","owp-thumbs-layout-horizontal","owp-btn-normal","owp-tabs-layout-horizontal","has-no-thumbnails","has-product-nav"],"yoast_head":"<!-- This site is optimized with the Yoast SEO plugin v25.5 - https:\/\/yoast.com\/wordpress\/plugins\/seo\/ -->\n<title>Guy Marius \u00ab\u00a0attaque\u00a0\u00bb le ministre de la sant\u00e9. - LE PUBLIC<\/title>\n<meta name=\"robots\" content=\"index, follow, max-snippet:-1, max-image-preview:large, max-video-preview:-1\" \/>\n<link rel=\"canonical\" href=\"https:\/\/www.public.sn\/index.php\/2022\/11\/16\/guy-marius-attaque-le-ministre-de-la-sante\/\" \/>\n<meta property=\"og:locale\" content=\"fr_FR\" \/>\n<meta property=\"og:type\" content=\"article\" \/>\n<meta property=\"og:title\" content=\"Guy Marius \u00ab\u00a0attaque\u00a0\u00bb le ministre de la sant\u00e9. - LE PUBLIC\" \/>\n<meta property=\"og:description\" content=\"Le d\u00e9put\u00e9 Guy Marius Sagna est tr\u00e8s remont\u00e9 contre le comportement du ministre de la sant\u00e9 lors de son passage en commission \u00e0 l\u2019Assembl\u00e9e Nationale. Pour lui, Marie Khemess a \u00e9t\u00e9 d\u2019une arrogance\u00a0\u00bb lorsqu\u2019elle s\u2019adressait aux parlementaires. Et sa position sur la situation des insuffisants r\u00e9naux est inacceptable. voici son post sur sa page Facebook : \u00ab Elle a tr\u00e8s mal parl\u00e9 aux d\u00e9put\u00e9s. Et &nbsp;le plus grave est qu\u2019elle a trop mal parl\u00e9 de nos compatriotes insuffisants r\u00e9naux. Comment un ministre de la sant\u00e9 peut dire que des insuffisant r\u00e9naux qui luttent pour une meilleure prise en charge ne sont pas \u00ab fatigu\u00e9s \u00bb? Nos compatriotes atteints d\u2019insuffisance r\u00e9nale sont fatigu\u00e9s. Tr\u00e8s fatigu\u00e9s. Du fait de la politique du pr\u00e9sident Macky Sall faite de d\u00e9tournements des ressources des s\u00e9n\u00e9galais au profit de sa famille et au profit de ses ma\u00eetres imp\u00e9rialistes nos compatriotes sont condamn\u00e9s \u00e0 mort et meurent un \u00e0 un dans l\u2019anonymat. Si vous ne pouvez transformer leur sort, ni faire preuve d\u2019empathie vous n\u2019avez pas le droit d\u2019user de sarcasme en parlant d\u2019eux madame le ministre \u00bb. Guy Marius Sagna exige du ministre de la Sant\u00e9 \u00ab des excuses \u00bb pour son arrogance vis-\u00e0-vis des insuffisants r\u00e9naux. Samba SY.\" \/>\n<meta property=\"og:url\" content=\"https:\/\/www.public.sn\/index.php\/2022\/11\/16\/guy-marius-attaque-le-ministre-de-la-sante\/\" \/>\n<meta property=\"og:site_name\" content=\"LE PUBLIC\" \/>\n<meta property=\"article:published_time\" content=\"2022-11-16T14:56:36+00:00\" \/>\n<meta property=\"article:modified_time\" content=\"2022-11-16T14:56:40+00:00\" \/>\n<meta property=\"og:image\" content=\"https:\/\/www.public.sn\/wp-content\/uploads\/2022\/11\/marie-khemess.webp\" \/>\n\t<meta property=\"og:image:width\" content=\"1080\" \/>\n\t<meta property=\"og:image:height\" content=\"750\" \/>\n\t<meta property=\"og:image:type\" content=\"image\/webp\" \/>\n<meta name=\"author\" content=\"LA REDACTION\" \/>\n<meta name=\"twitter:card\" content=\"summary_large_image\" \/>\n<meta name=\"twitter:label1\" content=\"\u00c9crit par\" \/>\n\t<meta name=\"twitter:data1\" content=\"LA REDACTION\" \/>\n\t<meta name=\"twitter:label2\" content=\"Dur\u00e9e de lecture estim\u00e9e\" \/>\n\t<meta name=\"twitter:data2\" content=\"2 minutes\" \/>\n<script type=\"application\/ld+json\" class=\"yoast-schema-graph\">{\"@context\":\"https:\/\/schema.org\",\"@graph\":[{\"@type\":\"Article\",\"@id\":\"https:\/\/www.public.sn\/index.php\/2022\/11\/16\/guy-marius-attaque-le-ministre-de-la-sante\/#article\",\"isPartOf\":{\"@id\":\"https:\/\/www.public.sn\/index.php\/2022\/11\/16\/guy-marius-attaque-le-ministre-de-la-sante\/\"},\"author\":{\"name\":\"LA REDACTION\",\"@id\":\"https:\/\/www.public.sn\/#\/schema\/person\/cb76c8e1b8becc6be61fb5e92d6d0224\"},\"headline\":\"Guy Marius \u00ab\u00a0attaque\u00a0\u00bb le ministre de la sant\u00e9.\",\"datePublished\":\"2022-11-16T14:56:36+00:00\",\"dateModified\":\"2022-11-16T14:56:40+00:00\",\"mainEntityOfPage\":{\"@id\":\"https:\/\/www.public.sn\/index.php\/2022\/11\/16\/guy-marius-attaque-le-ministre-de-la-sante\/\"},\"wordCount\":236,\"commentCount\":0,\"publisher\":{\"@id\":\"https:\/\/www.public.sn\/#organization\"},\"image\":{\"@id\":\"https:\/\/www.public.sn\/index.php\/2022\/11\/16\/guy-marius-attaque-le-ministre-de-la-sante\/#primaryimage\"},\"thumbnailUrl\":\"https:\/\/www.public.sn\/wp-content\/uploads\/2022\/11\/marie-khemess.webp\",\"keywords\":[\"dr marie khemess\",\"guy marius\",\"insuffisants renaux\"],\"articleSection\":[\"ACTUALIT\u00c9S\",\"SANT\u00c9\",\"S\u00c9N\u00c9GAL\"],\"inLanguage\":\"fr-FR\",\"potentialAction\":[{\"@type\":\"CommentAction\",\"name\":\"Comment\",\"target\":[\"https:\/\/www.public.sn\/index.php\/2022\/11\/16\/guy-marius-attaque-le-ministre-de-la-sante\/#respond\"]}]},{\"@type\":\"WebPage\",\"@id\":\"https:\/\/www.public.sn\/index.php\/2022\/11\/16\/guy-marius-attaque-le-ministre-de-la-sante\/\",\"url\":\"https:\/\/www.public.sn\/index.php\/2022\/11\/16\/guy-marius-attaque-le-ministre-de-la-sante\/\",\"name\":\"Guy Marius \u00ab\u00a0attaque\u00a0\u00bb le ministre de la sant\u00e9. - LE PUBLIC\",\"isPartOf\":{\"@id\":\"https:\/\/www.public.sn\/#website\"},\"primaryImageOfPage\":{\"@id\":\"https:\/\/www.public.sn\/index.php\/2022\/11\/16\/guy-marius-attaque-le-ministre-de-la-sante\/#primaryimage\"},\"image\":{\"@id\":\"https:\/\/www.public.sn\/index.php\/2022\/11\/16\/guy-marius-attaque-le-ministre-de-la-sante\/#primaryimage\"},\"thumbnailUrl\":\"https:\/\/www.public.sn\/wp-content\/uploads\/2022\/11\/marie-khemess.webp\",\"datePublished\":\"2022-11-16T14:56:36+00:00\",\"dateModified\":\"2022-11-16T14:56:40+00:00\",\"breadcrumb\":{\"@id\":\"https:\/\/www.public.sn\/index.php\/2022\/11\/16\/guy-marius-attaque-le-ministre-de-la-sante\/#breadcrumb\"},\"inLanguage\":\"fr-FR\",\"potentialAction\":[{\"@type\":\"ReadAction\",\"target\":[\"https:\/\/www.public.sn\/index.php\/2022\/11\/16\/guy-marius-attaque-le-ministre-de-la-sante\/\"]}]},{\"@type\":\"ImageObject\",\"inLanguage\":\"fr-FR\",\"@id\":\"https:\/\/www.public.sn\/index.php\/2022\/11\/16\/guy-marius-attaque-le-ministre-de-la-sante\/#primaryimage\",\"url\":\"https:\/\/www.public.sn\/wp-content\/uploads\/2022\/11\/marie-khemess.webp\",\"contentUrl\":\"https:\/\/www.public.sn\/wp-content\/uploads\/2022\/11\/marie-khemess.webp\",\"width\":1080,\"height\":750,\"caption\":\"publicsn\"},{\"@type\":\"BreadcrumbList\",\"@id\":\"https:\/\/www.public.sn\/index.php\/2022\/11\/16\/guy-marius-attaque-le-ministre-de-la-sante\/#breadcrumb\",\"itemListElement\":[{\"@type\":\"ListItem\",\"position\":1,\"name\":\"Accueil\",\"item\":\"https:\/\/www.public.sn\/\"},{\"@type\":\"ListItem\",\"position\":2,\"name\":\"Guy Marius \u00ab\u00a0attaque\u00a0\u00bb le ministre de la sant\u00e9.\"}]},{\"@type\":\"WebSite\",\"@id\":\"https:\/\/www.public.sn\/#website\",\"url\":\"https:\/\/www.public.sn\/\",\"name\":\"LE PUBLIC\",\"description\":\"\",\"publisher\":{\"@id\":\"https:\/\/www.public.sn\/#organization\"},\"potentialAction\":[{\"@type\":\"SearchAction\",\"target\":{\"@type\":\"EntryPoint\",\"urlTemplate\":\"https:\/\/www.public.sn\/?s={search_term_string}\"},\"query-input\":{\"@type\":\"PropertyValueSpecification\",\"valueRequired\":true,\"valueName\":\"search_term_string\"}}],\"inLanguage\":\"fr-FR\"},{\"@type\":\"Organization\",\"@id\":\"https:\/\/www.public.sn\/#organization\",\"name\":\"LE PUBLIC\",\"url\":\"https:\/\/www.public.sn\/\",\"logo\":{\"@type\":\"ImageObject\",\"inLanguage\":\"fr-FR\",\"@id\":\"https:\/\/www.public.sn\/#\/schema\/logo\/image\/\",\"url\":\"https:\/\/www.public.sn\/wp-content\/uploads\/2024\/05\/cropped-LOGO-PUBLIC.SN_.png\",\"contentUrl\":\"https:\/\/www.public.sn\/wp-content\/uploads\/2024\/05\/cropped-LOGO-PUBLIC.SN_.png\",\"width\":682,\"height\":192,\"caption\":\"LE PUBLIC\"},\"image\":{\"@id\":\"https:\/\/www.public.sn\/#\/schema\/logo\/image\/\"}},{\"@type\":\"Person\",\"@id\":\"https:\/\/www.public.sn\/#\/schema\/person\/cb76c8e1b8becc6be61fb5e92d6d0224\",\"name\":\"LA REDACTION\",\"image\":{\"@type\":\"ImageObject\",\"inLanguage\":\"fr-FR\",\"@id\":\"https:\/\/www.public.sn\/#\/schema\/person\/image\/\",\"url\":\"https:\/\/secure.gravatar.com\/avatar\/2dce5ddd34b8fef0180efe03aa2a9bee7d953856048f9a16b298190a3178407c?s=96&d=mm&r=g\",\"contentUrl\":\"https:\/\/secure.gravatar.com\/avatar\/2dce5ddd34b8fef0180efe03aa2a9bee7d953856048f9a16b298190a3178407c?s=96&d=mm&r=g\",\"caption\":\"LA REDACTION\"},\"url\":\"https:\/\/www.public.sn\/index.php\/author\/editeurpsn\/\"}]}<\/script>\n<!-- \/ Yoast SEO plugin. -->","yoast_head_json":{"title":"Guy Marius \u00ab\u00a0attaque\u00a0\u00bb le ministre de la sant\u00e9. - LE PUBLIC","robots":{"index":"index","follow":"follow","max-snippet":"max-snippet:-1","max-image-preview":"max-image-preview:large","max-video-preview":"max-video-preview:-1"},"canonical":"https:\/\/www.public.sn\/index.php\/2022\/11\/16\/guy-marius-attaque-le-ministre-de-la-sante\/","og_locale":"fr_FR","og_type":"article","og_title":"Guy Marius \u00ab\u00a0attaque\u00a0\u00bb le ministre de la sant\u00e9. - LE PUBLIC","og_description":"Le d\u00e9put\u00e9 Guy Marius Sagna est tr\u00e8s remont\u00e9 contre le comportement du ministre de la sant\u00e9 lors de son passage en commission \u00e0 l\u2019Assembl\u00e9e Nationale. Pour lui, Marie Khemess a \u00e9t\u00e9 d\u2019une arrogance\u00a0\u00bb lorsqu\u2019elle s\u2019adressait aux parlementaires. Et sa position sur la situation des insuffisants r\u00e9naux est inacceptable. voici son post sur sa page Facebook : \u00ab Elle a tr\u00e8s mal parl\u00e9 aux d\u00e9put\u00e9s. Et &nbsp;le plus grave est qu\u2019elle a trop mal parl\u00e9 de nos compatriotes insuffisants r\u00e9naux. Comment un ministre de la sant\u00e9 peut dire que des insuffisant r\u00e9naux qui luttent pour une meilleure prise en charge ne sont pas \u00ab fatigu\u00e9s \u00bb? Nos compatriotes atteints d\u2019insuffisance r\u00e9nale sont fatigu\u00e9s. Tr\u00e8s fatigu\u00e9s. Du fait de la politique du pr\u00e9sident Macky Sall faite de d\u00e9tournements des ressources des s\u00e9n\u00e9galais au profit de sa famille et au profit de ses ma\u00eetres imp\u00e9rialistes nos compatriotes sont condamn\u00e9s \u00e0 mort et meurent un \u00e0 un dans l\u2019anonymat. Si vous ne pouvez transformer leur sort, ni faire preuve d\u2019empathie vous n\u2019avez pas le droit d\u2019user de sarcasme en parlant d\u2019eux madame le ministre \u00bb. Guy Marius Sagna exige du ministre de la Sant\u00e9 \u00ab des excuses \u00bb pour son arrogance vis-\u00e0-vis des insuffisants r\u00e9naux. Samba SY.","og_url":"https:\/\/www.public.sn\/index.php\/2022\/11\/16\/guy-marius-attaque-le-ministre-de-la-sante\/","og_site_name":"LE PUBLIC","article_published_time":"2022-11-16T14:56:36+00:00","article_modified_time":"2022-11-16T14:56:40+00:00","og_image":[{"width":1080,"height":750,"url":"https:\/\/www.public.sn\/wp-content\/uploads\/2022\/11\/marie-khemess.webp","type":"image\/webp"}],"author":"LA REDACTION","twitter_card":"summary_large_image","twitter_misc":{"\u00c9crit par":"LA REDACTION","Dur\u00e9e de lecture estim\u00e9e":"2 minutes"},"schema":{"@context":"https:\/\/schema.org","@graph":[{"@type":"Article","@id":"https:\/\/www.public.sn\/index.php\/2022\/11\/16\/guy-marius-attaque-le-ministre-de-la-sante\/#article","isPartOf":{"@id":"https:\/\/www.public.sn\/index.php\/2022\/11\/16\/guy-marius-attaque-le-ministre-de-la-sante\/"},"author":{"name":"LA REDACTION","@id":"https:\/\/www.public.sn\/#\/schema\/person\/cb76c8e1b8becc6be61fb5e92d6d0224"},"headline":"Guy Marius \u00ab\u00a0attaque\u00a0\u00bb le ministre de la sant\u00e9.","datePublished":"2022-11-16T14:56:36+00:00","dateModified":"2022-11-16T14:56:40+00:00","mainEntityOfPage":{"@id":"https:\/\/www.public.sn\/index.php\/2022\/11\/16\/guy-marius-attaque-le-ministre-de-la-sante\/"},"wordCount":236,"commentCount":0,"publisher":{"@id":"https:\/\/www.public.sn\/#organization"},"image":{"@id":"https:\/\/www.public.sn\/index.php\/2022\/11\/16\/guy-marius-attaque-le-ministre-de-la-sante\/#primaryimage"},"thumbnailUrl":"https:\/\/www.public.sn\/wp-content\/uploads\/2022\/11\/marie-khemess.webp","keywords":["dr marie khemess","guy marius","insuffisants renaux"],"articleSection":["ACTUALIT\u00c9S","SANT\u00c9","S\u00c9N\u00c9GAL"],"inLanguage":"fr-FR","potentialAction":[{"@type":"CommentAction","name":"Comment","target":["https:\/\/www.public.sn\/index.php\/2022\/11\/16\/guy-marius-attaque-le-ministre-de-la-sante\/#respond"]}]},{"@type":"WebPage","@id":"https:\/\/www.public.sn\/index.php\/2022\/11\/16\/guy-marius-attaque-le-ministre-de-la-sante\/","url":"https:\/\/www.public.sn\/index.php\/2022\/11\/16\/guy-marius-attaque-le-ministre-de-la-sante\/","name":"Guy Marius \u00ab\u00a0attaque\u00a0\u00bb le ministre de la sant\u00e9. - LE PUBLIC","isPartOf":{"@id":"https:\/\/www.public.sn\/#website"},"primaryImageOfPage":{"@id":"https:\/\/www.public.sn\/index.php\/2022\/11\/16\/guy-marius-attaque-le-ministre-de-la-sante\/#primaryimage"},"image":{"@id":"https:\/\/www.public.sn\/index.php\/2022\/11\/16\/guy-marius-attaque-le-ministre-de-la-sante\/#primaryimage"},"thumbnailUrl":"https:\/\/www.public.sn\/wp-content\/uploads\/2022\/11\/marie-khemess.webp","datePublished":"2022-11-16T14:56:36+00:00","dateModified":"2022-11-16T14:56:40+00:00","breadcrumb":{"@id":"https:\/\/www.public.sn\/index.php\/2022\/11\/16\/guy-marius-attaque-le-ministre-de-la-sante\/#breadcrumb"},"inLanguage":"fr-FR","potentialAction":[{"@type":"ReadAction","target":["https:\/\/www.public.sn\/index.php\/2022\/11\/16\/guy-marius-attaque-le-ministre-de-la-sante\/"]}]},{"@type":"ImageObject","inLanguage":"fr-FR","@id":"https:\/\/www.public.sn\/index.php\/2022\/11\/16\/guy-marius-attaque-le-ministre-de-la-sante\/#primaryimage","url":"https:\/\/www.public.sn\/wp-content\/uploads\/2022\/11\/marie-khemess.webp","contentUrl":"https:\/\/www.public.sn\/wp-content\/uploads\/2022\/11\/marie-khemess.webp","width":1080,"height":750,"caption":"publicsn"},{"@type":"BreadcrumbList","@id":"https:\/\/www.public.sn\/index.php\/2022\/11\/16\/guy-marius-attaque-le-ministre-de-la-sante\/#breadcrumb","itemListElement":[{"@type":"ListItem","position":1,"name":"Accueil","item":"https:\/\/www.public.sn\/"},{"@type":"ListItem","position":2,"name":"Guy Marius \u00ab\u00a0attaque\u00a0\u00bb le ministre de la sant\u00e9."}]},{"@type":"WebSite","@id":"https:\/\/www.public.sn\/#website","url":"https:\/\/www.public.sn\/","name":"LE PUBLIC","description":"","publisher":{"@id":"https:\/\/www.public.sn\/#organization"},"potentialAction":[{"@type":"SearchAction","target":{"@type":"EntryPoint","urlTemplate":"https:\/\/www.public.sn\/?s={search_term_string}"},"query-input":{"@type":"PropertyValueSpecification","valueRequired":true,"valueName":"search_term_string"}}],"inLanguage":"fr-FR"},{"@type":"Organization","@id":"https:\/\/www.public.sn\/#organization","name":"LE PUBLIC","url":"https:\/\/www.public.sn\/","logo":{"@type":"ImageObject","inLanguage":"fr-FR","@id":"https:\/\/www.public.sn\/#\/schema\/logo\/image\/","url":"https:\/\/www.public.sn\/wp-content\/uploads\/2024\/05\/cropped-LOGO-PUBLIC.SN_.png","contentUrl":"https:\/\/www.public.sn\/wp-content\/uploads\/2024\/05\/cropped-LOGO-PUBLIC.SN_.png","width":682,"height":192,"caption":"LE PUBLIC"},"image":{"@id":"https:\/\/www.public.sn\/#\/schema\/logo\/image\/"}},{"@type":"Person","@id":"https:\/\/www.public.sn\/#\/schema\/person\/cb76c8e1b8becc6be61fb5e92d6d0224","name":"LA REDACTION","image":{"@type":"ImageObject","inLanguage":"fr-FR","@id":"https:\/\/www.public.sn\/#\/schema\/person\/image\/","url":"https:\/\/secure.gravatar.com\/avatar\/2dce5ddd34b8fef0180efe03aa2a9bee7d953856048f9a16b298190a3178407c?s=96&d=mm&r=g","contentUrl":"https:\/\/secure.gravatar.com\/avatar\/2dce5ddd34b8fef0180efe03aa2a9bee7d953856048f9a16b298190a3178407c?s=96&d=mm&r=g","caption":"LA REDACTION"},"url":"https:\/\/www.public.sn\/index.php\/author\/editeurpsn\/"}]}},"jetpack_featured_media_url":"https:\/\/www.public.sn\/wp-content\/uploads\/2022\/11\/marie-khemess.webp","jetpack_sharing_enabled":true,"_links":{"self":[{"href":"https:\/\/www.public.sn\/index.php\/wp-json\/wp\/v2\/posts\/8916","targetHints":{"allow":["GET"]}}],"collection":[{"href":"https:\/\/www.public.sn\/index.php\/wp-json\/wp\/v2\/posts"}],"about":[{"href":"https:\/\/www.public.sn\/index.php\/wp-json\/wp\/v2\/types\/post"}],"author":[{"embeddable":true,"href":"https:\/\/www.public.sn\/index.php\/wp-json\/wp\/v2\/users\/7"}],"replies":[{"embeddable":true,"href":"https:\/\/www.public.sn\/index.php\/wp-json\/wp\/v2\/comments?post=8916"}],"version-history":[{"count":2,"href":"https:\/\/www.public.sn\/index.php\/wp-json\/wp\/v2\/posts\/8916\/revisions"}],"predecessor-version":[{"id":8919,"href":"https:\/\/www.public.sn\/index.php\/wp-json\/wp\/v2\/posts\/8916\/revisions\/8919"}],"wp:featuredmedia":[{"embeddable":true,"href":"https:\/\/www.public.sn\/index.php\/wp-json\/wp\/v2\/media\/8917"}],"wp:attachment":[{"href":"https:\/\/www.public.sn\/index.php\/wp-json\/wp\/v2\/media?parent=8916"}],"wp:term":[{"taxonomy":"category","embeddable":true,"href":"https:\/\/www.public.sn\/index.php\/wp-json\/wp\/v2\/categories?post=8916"},{"taxonomy":"post_tag","embeddable":true,"href":"https:\/\/www.public.sn\/index.php\/wp-json\/wp\/v2\/tags?post=8916"}],"curies":[{"name":"wp","href":"https:\/\/api.w.org\/{rel}","templated":true}]}}