{"id":8932,"date":"2022-11-16T17:52:53","date_gmt":"2022-11-16T17:52:53","guid":{"rendered":"https:\/\/www.public.sn\/?p=8932"},"modified":"2022-11-16T18:01:54","modified_gmt":"2022-11-16T18:01:54","slug":"arrestation-de-pape-ale-niang-la-presse-au-combat","status":"publish","type":"post","link":"https:\/\/www.public.sn\/index.php\/2022\/11\/16\/arrestation-de-pape-ale-niang-la-presse-au-combat\/","title":{"rendered":"Arrestation de Pape Al\u00e9 Niang: La presse au combat"},"content":{"rendered":"\n<p>Les acteurs de la presse passent \u00e0 la vitesse sup\u00e9rieure. En Sit-In \u00e0 la maison de la presse, Ils continuent de s\u2019indigner de l\u2019arrestation du journaliste Pape Al\u00e9 Niang qu\u2019ils qualifient d\u2019arbitraire.<\/p><div class=\"publi-paragraphe1\" style=\"margin-top: 10px;margin-bottom: 10px;margin-left: auto;margin-right: auto;text-align: center;\" id=\"publi-1624072975\"><div class=\"publi-adlabel\">Publicit\u00e9<\/div><script async src=\"\/\/pagead2.googlesyndication.com\/pagead\/js\/adsbygoogle.js?client=ca-pub-4089586018074219\" crossorigin=\"anonymous\"><\/script><ins class=\"adsbygoogle\" style=\"display:block;\" data-ad-client=\"ca-pub-4089586018074219\" \ndata-ad-slot=\"2087940154\" \ndata-ad-format=\"auto\"><\/ins>\n<script> \n(adsbygoogle = window.adsbygoogle || []).push({}); \n<\/script>\n<\/div>\n\n\n\n<p>&nbsp;&nbsp;&nbsp; En sit-in ce mercredi 16 novembre \u00e0 la Maison de la Presse Babacar Tour\u00e9, les professionnels des m\u00e9dias ont annonc\u00e9 une grande marche ce vendredi 18 novembre \u00e0 15 heures.<\/p>\n\n\n\n<p>&nbsp;&nbsp; Cette marche pour la libert\u00e9 et les droits de la presse aura pour point de d\u00e9part FASTEF (ex- Ecole Normale Sup\u00e9rieure) au rond point jet d\u2019eau, point de chute.<\/p>\n\n\n\n<p>Le journaliste d\u2019investigation et administrateur du site Dakarmatin a \u00e9t\u00e9 plac\u00e9 sous mandat de d\u00e9p\u00f4t depuis mercredi dernier. Le journaliste critique est poursuivi pour divulgation de document militaire sans autorisation, diffusion de fausses nouvelles entre autres.<\/p>\n\n\n\n<p>Falil Gadio<\/p>\n\n\n<p><iframe width=\"640\" height=\"360\" src=\"https:\/\/www.youtube.com\/embed\/zp6Z4cTwBfE\" title=\"Arrestation de Pape Al\u00e9 Niang: La presse au combat.\" frameborder=\"0\" allow=\"accelerometer; autoplay; clipboard-write; encrypted-media; gyroscope; picture-in-picture\" allowfullscreen=\"\"><\/iframe><\/p><div class=\"publi-apres-le-contenu\" style=\"margin-top: 10px;margin-bottom: 10px;margin-left: auto;margin-right: auto;text-align: center;\" id=\"publi-2818042637\"><div class=\"publi-adlabel\">Publicit\u00e9<\/div><script async src=\"\/\/pagead2.googlesyndication.com\/pagead\/js\/adsbygoogle.js?client=ca-pub-4089586018074219\" crossorigin=\"anonymous\"><\/script><ins class=\"adsbygoogle\" style=\"display:block;\" data-ad-client=\"ca-pub-4089586018074219\" \ndata-ad-slot=\"2087940154\" \ndata-ad-format=\"auto\"><\/ins>\n<script> \n(adsbygoogle = window.adsbygoogle || []).push({}); \n<\/script>\n<\/div>","protected":false},"excerpt":{"rendered":"<p>Les acteurs de la presse passent \u00e0 la vitesse sup\u00e9rieure. En Sit-In \u00e0 la maison de la presse, Ils continuent de s\u2019indigner de l\u2019arrestation du journaliste Pape Al\u00e9 Niang qu\u2019ils qualifient d\u2019arbitraire. &nbsp;&nbsp;&nbsp; En sit-in ce mercredi 16 novembre \u00e0 la Maison de la Presse Babacar Tour\u00e9, les professionnels des m\u00e9dias ont annonc\u00e9 une grande marche ce vendredi 18 novembre \u00e0 15 heures. &nbsp;&nbsp; Cette marche pour la libert\u00e9 et les droits de la presse aura pour point de d\u00e9part FASTEF (ex- Ecole Normale Sup\u00e9rieure) au rond point jet d\u2019eau, point de chute. Le journaliste d\u2019investigation et administrateur du site Dakarmatin a \u00e9t\u00e9 plac\u00e9 sous mandat de d\u00e9p\u00f4t depuis mercredi dernier. Le journaliste critique est poursuivi pour divulgation de document militaire sans autorisation, diffusion de fausses nouvelles entre autres. Falil Gadio<\/p>\n","protected":false},"author":7,"featured_media":8967,"comment_status":"open","ping_status":"open","sticky":false,"template":"","format":"standard","meta":{"_jetpack_memberships_contains_paid_content":false,"footnotes":""},"categories":[375,961,8,1,4,6],"tags":[167,2492,1358],"class_list":["post-8932","post","type-post","status-publish","format-standard","has-post-thumbnail","hentry","category-actualites","category-medias","category-public-tv","category-non-classe","category-societe","category-videos","tag-journaliste","tag-pape-ale","tag-sit-in-2","entry","has-media","owp-thumbs-layout-horizontal","owp-btn-normal","owp-tabs-layout-horizontal","has-no-thumbnails","has-product-nav"],"yoast_head":"<!-- This site is optimized with the Yoast SEO plugin v25.5 - https:\/\/yoast.com\/wordpress\/plugins\/seo\/ -->\n<title>Arrestation de Pape Al\u00e9 Niang: La presse au combat - LE PUBLIC<\/title>\n<meta name=\"robots\" content=\"index, follow, max-snippet:-1, max-image-preview:large, max-video-preview:-1\" \/>\n<link rel=\"canonical\" href=\"https:\/\/www.public.sn\/index.php\/2022\/11\/16\/arrestation-de-pape-ale-niang-la-presse-au-combat\/\" \/>\n<meta property=\"og:locale\" content=\"fr_FR\" \/>\n<meta property=\"og:type\" content=\"article\" \/>\n<meta property=\"og:title\" content=\"Arrestation de Pape Al\u00e9 Niang: La presse au combat - LE PUBLIC\" \/>\n<meta property=\"og:description\" content=\"Les acteurs de la presse passent \u00e0 la vitesse sup\u00e9rieure. En Sit-In \u00e0 la maison de la presse, Ils continuent de s\u2019indigner de l\u2019arrestation du journaliste Pape Al\u00e9 Niang qu\u2019ils qualifient d\u2019arbitraire. &nbsp;&nbsp;&nbsp; En sit-in ce mercredi 16 novembre \u00e0 la Maison de la Presse Babacar Tour\u00e9, les professionnels des m\u00e9dias ont annonc\u00e9 une grande marche ce vendredi 18 novembre \u00e0 15 heures. &nbsp;&nbsp; Cette marche pour la libert\u00e9 et les droits de la presse aura pour point de d\u00e9part FASTEF (ex- Ecole Normale Sup\u00e9rieure) au rond point jet d\u2019eau, point de chute. Le journaliste d\u2019investigation et administrateur du site Dakarmatin a \u00e9t\u00e9 plac\u00e9 sous mandat de d\u00e9p\u00f4t depuis mercredi dernier. Le journaliste critique est poursuivi pour divulgation de document militaire sans autorisation, diffusion de fausses nouvelles entre autres. Falil Gadio\" \/>\n<meta property=\"og:url\" content=\"https:\/\/www.public.sn\/index.php\/2022\/11\/16\/arrestation-de-pape-ale-niang-la-presse-au-combat\/\" \/>\n<meta property=\"og:site_name\" content=\"LE PUBLIC\" \/>\n<meta property=\"article:published_time\" content=\"2022-11-16T17:52:53+00:00\" \/>\n<meta property=\"article:modified_time\" content=\"2022-11-16T18:01:54+00:00\" \/>\n<meta property=\"og:image\" content=\"https:\/\/www.public.sn\/wp-content\/uploads\/2022\/11\/migna-pad-sit-in.jpg\" \/>\n\t<meta property=\"og:image:width\" content=\"1280\" \/>\n\t<meta property=\"og:image:height\" content=\"720\" \/>\n\t<meta property=\"og:image:type\" content=\"image\/jpeg\" \/>\n<meta name=\"author\" content=\"LA REDACTION\" \/>\n<meta name=\"twitter:card\" content=\"summary_large_image\" \/>\n<meta name=\"twitter:label1\" content=\"\u00c9crit par\" \/>\n\t<meta name=\"twitter:data1\" content=\"LA REDACTION\" \/>\n\t<meta name=\"twitter:label2\" content=\"Dur\u00e9e de lecture estim\u00e9e\" \/>\n\t<meta name=\"twitter:data2\" content=\"1 minute\" \/>\n<script type=\"application\/ld+json\" class=\"yoast-schema-graph\">{\"@context\":\"https:\/\/schema.org\",\"@graph\":[{\"@type\":\"Article\",\"@id\":\"https:\/\/www.public.sn\/index.php\/2022\/11\/16\/arrestation-de-pape-ale-niang-la-presse-au-combat\/#article\",\"isPartOf\":{\"@id\":\"https:\/\/www.public.sn\/index.php\/2022\/11\/16\/arrestation-de-pape-ale-niang-la-presse-au-combat\/\"},\"author\":{\"name\":\"LA REDACTION\",\"@id\":\"https:\/\/www.public.sn\/#\/schema\/person\/cb76c8e1b8becc6be61fb5e92d6d0224\"},\"headline\":\"Arrestation de Pape Al\u00e9 Niang: La presse au combat\",\"datePublished\":\"2022-11-16T17:52:53+00:00\",\"dateModified\":\"2022-11-16T18:01:54+00:00\",\"mainEntityOfPage\":{\"@id\":\"https:\/\/www.public.sn\/index.php\/2022\/11\/16\/arrestation-de-pape-ale-niang-la-presse-au-combat\/\"},\"wordCount\":148,\"commentCount\":0,\"publisher\":{\"@id\":\"https:\/\/www.public.sn\/#organization\"},\"image\":{\"@id\":\"https:\/\/www.public.sn\/index.php\/2022\/11\/16\/arrestation-de-pape-ale-niang-la-presse-au-combat\/#primaryimage\"},\"thumbnailUrl\":\"https:\/\/www.public.sn\/wp-content\/uploads\/2022\/11\/migna-pad-sit-in.jpg\",\"keywords\":[\"Journaliste\",\"pape al\u00e9\",\"sit in\"],\"articleSection\":[\"ACTUALIT\u00c9S\",\"M\u00c9DIAS\",\"PUBLIC TV\",\"S\u00c9N\u00c9GAL\",\"SOCIETE\",\"VIDEOS\"],\"inLanguage\":\"fr-FR\",\"potentialAction\":[{\"@type\":\"CommentAction\",\"name\":\"Comment\",\"target\":[\"https:\/\/www.public.sn\/index.php\/2022\/11\/16\/arrestation-de-pape-ale-niang-la-presse-au-combat\/#respond\"]}]},{\"@type\":\"WebPage\",\"@id\":\"https:\/\/www.public.sn\/index.php\/2022\/11\/16\/arrestation-de-pape-ale-niang-la-presse-au-combat\/\",\"url\":\"https:\/\/www.public.sn\/index.php\/2022\/11\/16\/arrestation-de-pape-ale-niang-la-presse-au-combat\/\",\"name\":\"Arrestation de Pape Al\u00e9 Niang: La presse au combat - LE PUBLIC\",\"isPartOf\":{\"@id\":\"https:\/\/www.public.sn\/#website\"},\"primaryImageOfPage\":{\"@id\":\"https:\/\/www.public.sn\/index.php\/2022\/11\/16\/arrestation-de-pape-ale-niang-la-presse-au-combat\/#primaryimage\"},\"image\":{\"@id\":\"https:\/\/www.public.sn\/index.php\/2022\/11\/16\/arrestation-de-pape-ale-niang-la-presse-au-combat\/#primaryimage\"},\"thumbnailUrl\":\"https:\/\/www.public.sn\/wp-content\/uploads\/2022\/11\/migna-pad-sit-in.jpg\",\"datePublished\":\"2022-11-16T17:52:53+00:00\",\"dateModified\":\"2022-11-16T18:01:54+00:00\",\"breadcrumb\":{\"@id\":\"https:\/\/www.public.sn\/index.php\/2022\/11\/16\/arrestation-de-pape-ale-niang-la-presse-au-combat\/#breadcrumb\"},\"inLanguage\":\"fr-FR\",\"potentialAction\":[{\"@type\":\"ReadAction\",\"target\":[\"https:\/\/www.public.sn\/index.php\/2022\/11\/16\/arrestation-de-pape-ale-niang-la-presse-au-combat\/\"]}]},{\"@type\":\"ImageObject\",\"inLanguage\":\"fr-FR\",\"@id\":\"https:\/\/www.public.sn\/index.php\/2022\/11\/16\/arrestation-de-pape-ale-niang-la-presse-au-combat\/#primaryimage\",\"url\":\"https:\/\/www.public.sn\/wp-content\/uploads\/2022\/11\/migna-pad-sit-in.jpg\",\"contentUrl\":\"https:\/\/www.public.sn\/wp-content\/uploads\/2022\/11\/migna-pad-sit-in.jpg\",\"width\":1280,\"height\":720,\"caption\":\"public SN\"},{\"@type\":\"BreadcrumbList\",\"@id\":\"https:\/\/www.public.sn\/index.php\/2022\/11\/16\/arrestation-de-pape-ale-niang-la-presse-au-combat\/#breadcrumb\",\"itemListElement\":[{\"@type\":\"ListItem\",\"position\":1,\"name\":\"Accueil\",\"item\":\"https:\/\/www.public.sn\/\"},{\"@type\":\"ListItem\",\"position\":2,\"name\":\"Arrestation de Pape Al\u00e9 Niang: La presse au combat\"}]},{\"@type\":\"WebSite\",\"@id\":\"https:\/\/www.public.sn\/#website\",\"url\":\"https:\/\/www.public.sn\/\",\"name\":\"LE PUBLIC\",\"description\":\"\",\"publisher\":{\"@id\":\"https:\/\/www.public.sn\/#organization\"},\"potentialAction\":[{\"@type\":\"SearchAction\",\"target\":{\"@type\":\"EntryPoint\",\"urlTemplate\":\"https:\/\/www.public.sn\/?s={search_term_string}\"},\"query-input\":{\"@type\":\"PropertyValueSpecification\",\"valueRequired\":true,\"valueName\":\"search_term_string\"}}],\"inLanguage\":\"fr-FR\"},{\"@type\":\"Organization\",\"@id\":\"https:\/\/www.public.sn\/#organization\",\"name\":\"LE PUBLIC\",\"url\":\"https:\/\/www.public.sn\/\",\"logo\":{\"@type\":\"ImageObject\",\"inLanguage\":\"fr-FR\",\"@id\":\"https:\/\/www.public.sn\/#\/schema\/logo\/image\/\",\"url\":\"https:\/\/www.public.sn\/wp-content\/uploads\/2024\/05\/cropped-LOGO-PUBLIC.SN_.png\",\"contentUrl\":\"https:\/\/www.public.sn\/wp-content\/uploads\/2024\/05\/cropped-LOGO-PUBLIC.SN_.png\",\"width\":682,\"height\":192,\"caption\":\"LE PUBLIC\"},\"image\":{\"@id\":\"https:\/\/www.public.sn\/#\/schema\/logo\/image\/\"}},{\"@type\":\"Person\",\"@id\":\"https:\/\/www.public.sn\/#\/schema\/person\/cb76c8e1b8becc6be61fb5e92d6d0224\",\"name\":\"LA REDACTION\",\"image\":{\"@type\":\"ImageObject\",\"inLanguage\":\"fr-FR\",\"@id\":\"https:\/\/www.public.sn\/#\/schema\/person\/image\/\",\"url\":\"https:\/\/secure.gravatar.com\/avatar\/2dce5ddd34b8fef0180efe03aa2a9bee7d953856048f9a16b298190a3178407c?s=96&d=mm&r=g\",\"contentUrl\":\"https:\/\/secure.gravatar.com\/avatar\/2dce5ddd34b8fef0180efe03aa2a9bee7d953856048f9a16b298190a3178407c?s=96&d=mm&r=g\",\"caption\":\"LA REDACTION\"},\"url\":\"https:\/\/www.public.sn\/index.php\/author\/editeurpsn\/\"}]}<\/script>\n<!-- \/ Yoast SEO plugin. -->","yoast_head_json":{"title":"Arrestation de Pape Al\u00e9 Niang: La presse au combat - LE PUBLIC","robots":{"index":"index","follow":"follow","max-snippet":"max-snippet:-1","max-image-preview":"max-image-preview:large","max-video-preview":"max-video-preview:-1"},"canonical":"https:\/\/www.public.sn\/index.php\/2022\/11\/16\/arrestation-de-pape-ale-niang-la-presse-au-combat\/","og_locale":"fr_FR","og_type":"article","og_title":"Arrestation de Pape Al\u00e9 Niang: La presse au combat - LE PUBLIC","og_description":"Les acteurs de la presse passent \u00e0 la vitesse sup\u00e9rieure. En Sit-In \u00e0 la maison de la presse, Ils continuent de s\u2019indigner de l\u2019arrestation du journaliste Pape Al\u00e9 Niang qu\u2019ils qualifient d\u2019arbitraire. &nbsp;&nbsp;&nbsp; En sit-in ce mercredi 16 novembre \u00e0 la Maison de la Presse Babacar Tour\u00e9, les professionnels des m\u00e9dias ont annonc\u00e9 une grande marche ce vendredi 18 novembre \u00e0 15 heures. &nbsp;&nbsp; Cette marche pour la libert\u00e9 et les droits de la presse aura pour point de d\u00e9part FASTEF (ex- Ecole Normale Sup\u00e9rieure) au rond point jet d\u2019eau, point de chute. Le journaliste d\u2019investigation et administrateur du site Dakarmatin a \u00e9t\u00e9 plac\u00e9 sous mandat de d\u00e9p\u00f4t depuis mercredi dernier. Le journaliste critique est poursuivi pour divulgation de document militaire sans autorisation, diffusion de fausses nouvelles entre autres. Falil Gadio","og_url":"https:\/\/www.public.sn\/index.php\/2022\/11\/16\/arrestation-de-pape-ale-niang-la-presse-au-combat\/","og_site_name":"LE PUBLIC","article_published_time":"2022-11-16T17:52:53+00:00","article_modified_time":"2022-11-16T18:01:54+00:00","og_image":[{"width":1280,"height":720,"url":"https:\/\/www.public.sn\/wp-content\/uploads\/2022\/11\/migna-pad-sit-in.jpg","type":"image\/jpeg"}],"author":"LA REDACTION","twitter_card":"summary_large_image","twitter_misc":{"\u00c9crit par":"LA REDACTION","Dur\u00e9e de lecture estim\u00e9e":"1 minute"},"schema":{"@context":"https:\/\/schema.org","@graph":[{"@type":"Article","@id":"https:\/\/www.public.sn\/index.php\/2022\/11\/16\/arrestation-de-pape-ale-niang-la-presse-au-combat\/#article","isPartOf":{"@id":"https:\/\/www.public.sn\/index.php\/2022\/11\/16\/arrestation-de-pape-ale-niang-la-presse-au-combat\/"},"author":{"name":"LA REDACTION","@id":"https:\/\/www.public.sn\/#\/schema\/person\/cb76c8e1b8becc6be61fb5e92d6d0224"},"headline":"Arrestation de Pape Al\u00e9 Niang: La presse au combat","datePublished":"2022-11-16T17:52:53+00:00","dateModified":"2022-11-16T18:01:54+00:00","mainEntityOfPage":{"@id":"https:\/\/www.public.sn\/index.php\/2022\/11\/16\/arrestation-de-pape-ale-niang-la-presse-au-combat\/"},"wordCount":148,"commentCount":0,"publisher":{"@id":"https:\/\/www.public.sn\/#organization"},"image":{"@id":"https:\/\/www.public.sn\/index.php\/2022\/11\/16\/arrestation-de-pape-ale-niang-la-presse-au-combat\/#primaryimage"},"thumbnailUrl":"https:\/\/www.public.sn\/wp-content\/uploads\/2022\/11\/migna-pad-sit-in.jpg","keywords":["Journaliste","pape al\u00e9","sit in"],"articleSection":["ACTUALIT\u00c9S","M\u00c9DIAS","PUBLIC TV","S\u00c9N\u00c9GAL","SOCIETE","VIDEOS"],"inLanguage":"fr-FR","potentialAction":[{"@type":"CommentAction","name":"Comment","target":["https:\/\/www.public.sn\/index.php\/2022\/11\/16\/arrestation-de-pape-ale-niang-la-presse-au-combat\/#respond"]}]},{"@type":"WebPage","@id":"https:\/\/www.public.sn\/index.php\/2022\/11\/16\/arrestation-de-pape-ale-niang-la-presse-au-combat\/","url":"https:\/\/www.public.sn\/index.php\/2022\/11\/16\/arrestation-de-pape-ale-niang-la-presse-au-combat\/","name":"Arrestation de Pape Al\u00e9 Niang: La presse au combat - LE PUBLIC","isPartOf":{"@id":"https:\/\/www.public.sn\/#website"},"primaryImageOfPage":{"@id":"https:\/\/www.public.sn\/index.php\/2022\/11\/16\/arrestation-de-pape-ale-niang-la-presse-au-combat\/#primaryimage"},"image":{"@id":"https:\/\/www.public.sn\/index.php\/2022\/11\/16\/arrestation-de-pape-ale-niang-la-presse-au-combat\/#primaryimage"},"thumbnailUrl":"https:\/\/www.public.sn\/wp-content\/uploads\/2022\/11\/migna-pad-sit-in.jpg","datePublished":"2022-11-16T17:52:53+00:00","dateModified":"2022-11-16T18:01:54+00:00","breadcrumb":{"@id":"https:\/\/www.public.sn\/index.php\/2022\/11\/16\/arrestation-de-pape-ale-niang-la-presse-au-combat\/#breadcrumb"},"inLanguage":"fr-FR","potentialAction":[{"@type":"ReadAction","target":["https:\/\/www.public.sn\/index.php\/2022\/11\/16\/arrestation-de-pape-ale-niang-la-presse-au-combat\/"]}]},{"@type":"ImageObject","inLanguage":"fr-FR","@id":"https:\/\/www.public.sn\/index.php\/2022\/11\/16\/arrestation-de-pape-ale-niang-la-presse-au-combat\/#primaryimage","url":"https:\/\/www.public.sn\/wp-content\/uploads\/2022\/11\/migna-pad-sit-in.jpg","contentUrl":"https:\/\/www.public.sn\/wp-content\/uploads\/2022\/11\/migna-pad-sit-in.jpg","width":1280,"height":720,"caption":"public SN"},{"@type":"BreadcrumbList","@id":"https:\/\/www.public.sn\/index.php\/2022\/11\/16\/arrestation-de-pape-ale-niang-la-presse-au-combat\/#breadcrumb","itemListElement":[{"@type":"ListItem","position":1,"name":"Accueil","item":"https:\/\/www.public.sn\/"},{"@type":"ListItem","position":2,"name":"Arrestation de Pape Al\u00e9 Niang: La presse au combat"}]},{"@type":"WebSite","@id":"https:\/\/www.public.sn\/#website","url":"https:\/\/www.public.sn\/","name":"LE PUBLIC","description":"","publisher":{"@id":"https:\/\/www.public.sn\/#organization"},"potentialAction":[{"@type":"SearchAction","target":{"@type":"EntryPoint","urlTemplate":"https:\/\/www.public.sn\/?s={search_term_string}"},"query-input":{"@type":"PropertyValueSpecification","valueRequired":true,"valueName":"search_term_string"}}],"inLanguage":"fr-FR"},{"@type":"Organization","@id":"https:\/\/www.public.sn\/#organization","name":"LE PUBLIC","url":"https:\/\/www.public.sn\/","logo":{"@type":"ImageObject","inLanguage":"fr-FR","@id":"https:\/\/www.public.sn\/#\/schema\/logo\/image\/","url":"https:\/\/www.public.sn\/wp-content\/uploads\/2024\/05\/cropped-LOGO-PUBLIC.SN_.png","contentUrl":"https:\/\/www.public.sn\/wp-content\/uploads\/2024\/05\/cropped-LOGO-PUBLIC.SN_.png","width":682,"height":192,"caption":"LE PUBLIC"},"image":{"@id":"https:\/\/www.public.sn\/#\/schema\/logo\/image\/"}},{"@type":"Person","@id":"https:\/\/www.public.sn\/#\/schema\/person\/cb76c8e1b8becc6be61fb5e92d6d0224","name":"LA REDACTION","image":{"@type":"ImageObject","inLanguage":"fr-FR","@id":"https:\/\/www.public.sn\/#\/schema\/person\/image\/","url":"https:\/\/secure.gravatar.com\/avatar\/2dce5ddd34b8fef0180efe03aa2a9bee7d953856048f9a16b298190a3178407c?s=96&d=mm&r=g","contentUrl":"https:\/\/secure.gravatar.com\/avatar\/2dce5ddd34b8fef0180efe03aa2a9bee7d953856048f9a16b298190a3178407c?s=96&d=mm&r=g","caption":"LA REDACTION"},"url":"https:\/\/www.public.sn\/index.php\/author\/editeurpsn\/"}]}},"jetpack_featured_media_url":"https:\/\/www.public.sn\/wp-content\/uploads\/2022\/11\/migna-pad-sit-in.jpg","jetpack_sharing_enabled":true,"_links":{"self":[{"href":"https:\/\/www.public.sn\/index.php\/wp-json\/wp\/v2\/posts\/8932","targetHints":{"allow":["GET"]}}],"collection":[{"href":"https:\/\/www.public.sn\/index.php\/wp-json\/wp\/v2\/posts"}],"about":[{"href":"https:\/\/www.public.sn\/index.php\/wp-json\/wp\/v2\/types\/post"}],"author":[{"embeddable":true,"href":"https:\/\/www.public.sn\/index.php\/wp-json\/wp\/v2\/users\/7"}],"replies":[{"embeddable":true,"href":"https:\/\/www.public.sn\/index.php\/wp-json\/wp\/v2\/comments?post=8932"}],"version-history":[{"count":3,"href":"https:\/\/www.public.sn\/index.php\/wp-json\/wp\/v2\/posts\/8932\/revisions"}],"predecessor-version":[{"id":8973,"href":"https:\/\/www.public.sn\/index.php\/wp-json\/wp\/v2\/posts\/8932\/revisions\/8973"}],"wp:featuredmedia":[{"embeddable":true,"href":"https:\/\/www.public.sn\/index.php\/wp-json\/wp\/v2\/media\/8967"}],"wp:attachment":[{"href":"https:\/\/www.public.sn\/index.php\/wp-json\/wp\/v2\/media?parent=8932"}],"wp:term":[{"taxonomy":"category","embeddable":true,"href":"https:\/\/www.public.sn\/index.php\/wp-json\/wp\/v2\/categories?post=8932"},{"taxonomy":"post_tag","embeddable":true,"href":"https:\/\/www.public.sn\/index.php\/wp-json\/wp\/v2\/tags?post=8932"}],"curies":[{"name":"wp","href":"https:\/\/api.w.org\/{rel}","templated":true}]}}