{"id":8987,"date":"2022-11-17T08:31:33","date_gmt":"2022-11-17T08:31:33","guid":{"rendered":"https:\/\/www.public.sn\/?p=8987"},"modified":"2022-11-17T08:31:37","modified_gmt":"2022-11-17T08:31:37","slug":"radiation-de-cpt-toure-le-dossier-instruit-le-24-novembre","status":"publish","type":"post","link":"https:\/\/www.public.sn\/index.php\/2022\/11\/17\/radiation-de-cpt-toure-le-dossier-instruit-le-24-novembre\/","title":{"rendered":"Radiation de Cpt Tour\u00e9\u00a0: Le dossier instruit le 24 Novembre."},"content":{"rendered":"\n<p><\/p>\n\n\n\n<p>C\u2019est finalement le 24 Novembre que la requ\u00eate de l\u2019ancien Capitaine Seydina Oumar Tour\u00e9 sera entendue\u00a0 par la Chambre administrative de la cour supr\u00eame. Une information relay\u00e9e par le Journal le Lib\u00e9ration qui r\u00e9v\u00e8le que l\u2019ancien capitaine avait contest\u00e9 sa radiation de la gendarmerie par l\u2019Etat du S\u00e9n\u00e9gal. <\/p><div class=\"publi-paragraphe1\" style=\"margin-top: 10px;margin-bottom: 10px;margin-left: auto;margin-right: auto;text-align: center;\" id=\"publi-2277193429\"><div class=\"publi-adlabel\">Publicit\u00e9<\/div><script async src=\"\/\/pagead2.googlesyndication.com\/pagead\/js\/adsbygoogle.js?client=ca-pub-4089586018074219\" crossorigin=\"anonymous\"><\/script><ins class=\"adsbygoogle\" style=\"display:block;\" data-ad-client=\"ca-pub-4089586018074219\" \ndata-ad-slot=\"2087940154\" \ndata-ad-format=\"auto\"><\/ins>\n<script> \n(adsbygoogle = window.adsbygoogle || []).push({}); \n<\/script>\n<\/div>\n\n\n\n<p><\/p>\n\n\n\n<p>Les motifs de sa radiation \u00e9taient \u00abfaute contre l\u2019honneur, la probit\u00e9 et les devoirs g\u00e9n\u00e9raux du militaire\u00bb dans le cadre de l\u2019enqu\u00eate sur l\u2019affaire Ousmane Sonko-Adji Sarr. Une injustice selon Seydina Oumar Tour\u00e9 qui avait introduit une requ\u00eate devant la juridiction comp\u00e9tente alors que le dossier tra\u00eene toujours, un fait qu\u2019il avait d\u00e9nonc\u00e9 au niveau des r\u00e9seaux sociaux. Pour rappel, le Capitaine Tour a \u00e9t\u00e9 radi\u00e9 le 17 juin 2021.<\/p>\n\n\n\n<p>Samba SY.<\/p>\n<div class=\"publi-apres-le-contenu\" style=\"margin-top: 10px;margin-bottom: 10px;margin-left: auto;margin-right: auto;text-align: center;\" id=\"publi-109383030\"><div class=\"publi-adlabel\">Publicit\u00e9<\/div><script async src=\"\/\/pagead2.googlesyndication.com\/pagead\/js\/adsbygoogle.js?client=ca-pub-4089586018074219\" crossorigin=\"anonymous\"><\/script><ins class=\"adsbygoogle\" style=\"display:block;\" data-ad-client=\"ca-pub-4089586018074219\" \ndata-ad-slot=\"2087940154\" \ndata-ad-format=\"auto\"><\/ins>\n<script> \n(adsbygoogle = window.adsbygoogle || []).push({}); \n<\/script>\n<\/div>","protected":false},"excerpt":{"rendered":"<p>C\u2019est finalement le 24 Novembre que la requ\u00eate de l\u2019ancien Capitaine Seydina Oumar Tour\u00e9 sera entendue\u00a0 par la Chambre administrative de la cour supr\u00eame. Une information relay\u00e9e par le Journal le Lib\u00e9ration qui r\u00e9v\u00e8le que l\u2019ancien capitaine avait contest\u00e9 sa radiation de la gendarmerie par l\u2019Etat du S\u00e9n\u00e9gal. Les motifs de sa radiation \u00e9taient \u00abfaute contre l\u2019honneur, la probit\u00e9 et les devoirs g\u00e9n\u00e9raux du militaire\u00bb dans le cadre de l\u2019enqu\u00eate sur l\u2019affaire Ousmane Sonko-Adji Sarr. Une injustice selon Seydina Oumar Tour\u00e9 qui avait introduit une requ\u00eate devant la juridiction comp\u00e9tente alors que le dossier tra\u00eene toujours, un fait qu\u2019il avait d\u00e9nonc\u00e9 au niveau des r\u00e9seaux sociaux. Pour rappel, le Capitaine Tour a \u00e9t\u00e9 radi\u00e9 le 17 juin 2021. Samba SY.<\/p>\n","protected":false},"author":7,"featured_media":8988,"comment_status":"open","ping_status":"open","sticky":false,"template":"","format":"standard","meta":{"_jetpack_memberships_contains_paid_content":false,"footnotes":""},"categories":[375,1,4],"tags":[2718,2434,2988],"class_list":["post-8987","post","type-post","status-publish","format-standard","has-post-thumbnail","hentry","category-actualites","category-non-classe","category-societe","tag-cour-supreme","tag-cpt-toure","tag-radiation","entry","has-media","owp-thumbs-layout-horizontal","owp-btn-normal","owp-tabs-layout-horizontal","has-no-thumbnails","has-product-nav"],"yoast_head":"<!-- This site is optimized with the Yoast SEO plugin v25.5 - https:\/\/yoast.com\/wordpress\/plugins\/seo\/ -->\n<title>Radiation de Cpt Tour\u00e9\u00a0: Le dossier instruit le 24 Novembre. - LE PUBLIC<\/title>\n<meta name=\"robots\" content=\"index, follow, max-snippet:-1, max-image-preview:large, max-video-preview:-1\" \/>\n<link rel=\"canonical\" href=\"https:\/\/www.public.sn\/index.php\/2022\/11\/17\/radiation-de-cpt-toure-le-dossier-instruit-le-24-novembre\/\" \/>\n<meta property=\"og:locale\" content=\"fr_FR\" \/>\n<meta property=\"og:type\" content=\"article\" \/>\n<meta property=\"og:title\" content=\"Radiation de Cpt Tour\u00e9\u00a0: Le dossier instruit le 24 Novembre. - LE PUBLIC\" \/>\n<meta property=\"og:description\" content=\"C\u2019est finalement le 24 Novembre que la requ\u00eate de l\u2019ancien Capitaine Seydina Oumar Tour\u00e9 sera entendue\u00a0 par la Chambre administrative de la cour supr\u00eame. Une information relay\u00e9e par le Journal le Lib\u00e9ration qui r\u00e9v\u00e8le que l\u2019ancien capitaine avait contest\u00e9 sa radiation de la gendarmerie par l\u2019Etat du S\u00e9n\u00e9gal. Les motifs de sa radiation \u00e9taient \u00abfaute contre l\u2019honneur, la probit\u00e9 et les devoirs g\u00e9n\u00e9raux du militaire\u00bb dans le cadre de l\u2019enqu\u00eate sur l\u2019affaire Ousmane Sonko-Adji Sarr. Une injustice selon Seydina Oumar Tour\u00e9 qui avait introduit une requ\u00eate devant la juridiction comp\u00e9tente alors que le dossier tra\u00eene toujours, un fait qu\u2019il avait d\u00e9nonc\u00e9 au niveau des r\u00e9seaux sociaux. Pour rappel, le Capitaine Tour a \u00e9t\u00e9 radi\u00e9 le 17 juin 2021. Samba SY.\" \/>\n<meta property=\"og:url\" content=\"https:\/\/www.public.sn\/index.php\/2022\/11\/17\/radiation-de-cpt-toure-le-dossier-instruit-le-24-novembre\/\" \/>\n<meta property=\"og:site_name\" content=\"LE PUBLIC\" \/>\n<meta property=\"article:published_time\" content=\"2022-11-17T08:31:33+00:00\" \/>\n<meta property=\"article:modified_time\" content=\"2022-11-17T08:31:37+00:00\" \/>\n<meta property=\"og:image\" content=\"https:\/\/www.public.sn\/wp-content\/uploads\/2022\/11\/cpt-toure-1.jpg\" \/>\n\t<meta property=\"og:image:width\" content=\"1024\" \/>\n\t<meta property=\"og:image:height\" content=\"691\" \/>\n\t<meta property=\"og:image:type\" content=\"image\/jpeg\" \/>\n<meta name=\"author\" content=\"LA REDACTION\" \/>\n<meta name=\"twitter:card\" content=\"summary_large_image\" \/>\n<meta name=\"twitter:label1\" content=\"\u00c9crit par\" \/>\n\t<meta name=\"twitter:data1\" content=\"LA REDACTION\" \/>\n\t<meta name=\"twitter:label2\" content=\"Dur\u00e9e de lecture estim\u00e9e\" \/>\n\t<meta name=\"twitter:data2\" content=\"1 minute\" \/>\n<script type=\"application\/ld+json\" class=\"yoast-schema-graph\">{\"@context\":\"https:\/\/schema.org\",\"@graph\":[{\"@type\":\"Article\",\"@id\":\"https:\/\/www.public.sn\/index.php\/2022\/11\/17\/radiation-de-cpt-toure-le-dossier-instruit-le-24-novembre\/#article\",\"isPartOf\":{\"@id\":\"https:\/\/www.public.sn\/index.php\/2022\/11\/17\/radiation-de-cpt-toure-le-dossier-instruit-le-24-novembre\/\"},\"author\":{\"name\":\"LA REDACTION\",\"@id\":\"https:\/\/www.public.sn\/#\/schema\/person\/cb76c8e1b8becc6be61fb5e92d6d0224\"},\"headline\":\"Radiation de Cpt Tour\u00e9\u00a0: Le dossier instruit le 24 Novembre.\",\"datePublished\":\"2022-11-17T08:31:33+00:00\",\"dateModified\":\"2022-11-17T08:31:37+00:00\",\"mainEntityOfPage\":{\"@id\":\"https:\/\/www.public.sn\/index.php\/2022\/11\/17\/radiation-de-cpt-toure-le-dossier-instruit-le-24-novembre\/\"},\"wordCount\":150,\"commentCount\":0,\"publisher\":{\"@id\":\"https:\/\/www.public.sn\/#organization\"},\"image\":{\"@id\":\"https:\/\/www.public.sn\/index.php\/2022\/11\/17\/radiation-de-cpt-toure-le-dossier-instruit-le-24-novembre\/#primaryimage\"},\"thumbnailUrl\":\"https:\/\/www.public.sn\/wp-content\/uploads\/2022\/11\/cpt-toure-1.jpg\",\"keywords\":[\"cour supreme\",\"cpt tour\u00e9\",\"radiation\"],\"articleSection\":[\"ACTUALIT\u00c9S\",\"S\u00c9N\u00c9GAL\",\"SOCIETE\"],\"inLanguage\":\"fr-FR\",\"potentialAction\":[{\"@type\":\"CommentAction\",\"name\":\"Comment\",\"target\":[\"https:\/\/www.public.sn\/index.php\/2022\/11\/17\/radiation-de-cpt-toure-le-dossier-instruit-le-24-novembre\/#respond\"]}]},{\"@type\":\"WebPage\",\"@id\":\"https:\/\/www.public.sn\/index.php\/2022\/11\/17\/radiation-de-cpt-toure-le-dossier-instruit-le-24-novembre\/\",\"url\":\"https:\/\/www.public.sn\/index.php\/2022\/11\/17\/radiation-de-cpt-toure-le-dossier-instruit-le-24-novembre\/\",\"name\":\"Radiation de Cpt Tour\u00e9\u00a0: Le dossier instruit le 24 Novembre. - LE PUBLIC\",\"isPartOf\":{\"@id\":\"https:\/\/www.public.sn\/#website\"},\"primaryImageOfPage\":{\"@id\":\"https:\/\/www.public.sn\/index.php\/2022\/11\/17\/radiation-de-cpt-toure-le-dossier-instruit-le-24-novembre\/#primaryimage\"},\"image\":{\"@id\":\"https:\/\/www.public.sn\/index.php\/2022\/11\/17\/radiation-de-cpt-toure-le-dossier-instruit-le-24-novembre\/#primaryimage\"},\"thumbnailUrl\":\"https:\/\/www.public.sn\/wp-content\/uploads\/2022\/11\/cpt-toure-1.jpg\",\"datePublished\":\"2022-11-17T08:31:33+00:00\",\"dateModified\":\"2022-11-17T08:31:37+00:00\",\"breadcrumb\":{\"@id\":\"https:\/\/www.public.sn\/index.php\/2022\/11\/17\/radiation-de-cpt-toure-le-dossier-instruit-le-24-novembre\/#breadcrumb\"},\"inLanguage\":\"fr-FR\",\"potentialAction\":[{\"@type\":\"ReadAction\",\"target\":[\"https:\/\/www.public.sn\/index.php\/2022\/11\/17\/radiation-de-cpt-toure-le-dossier-instruit-le-24-novembre\/\"]}]},{\"@type\":\"ImageObject\",\"inLanguage\":\"fr-FR\",\"@id\":\"https:\/\/www.public.sn\/index.php\/2022\/11\/17\/radiation-de-cpt-toure-le-dossier-instruit-le-24-novembre\/#primaryimage\",\"url\":\"https:\/\/www.public.sn\/wp-content\/uploads\/2022\/11\/cpt-toure-1.jpg\",\"contentUrl\":\"https:\/\/www.public.sn\/wp-content\/uploads\/2022\/11\/cpt-toure-1.jpg\",\"width\":1024,\"height\":691,\"caption\":\"publicsn\"},{\"@type\":\"BreadcrumbList\",\"@id\":\"https:\/\/www.public.sn\/index.php\/2022\/11\/17\/radiation-de-cpt-toure-le-dossier-instruit-le-24-novembre\/#breadcrumb\",\"itemListElement\":[{\"@type\":\"ListItem\",\"position\":1,\"name\":\"Accueil\",\"item\":\"https:\/\/www.public.sn\/\"},{\"@type\":\"ListItem\",\"position\":2,\"name\":\"Radiation de Cpt Tour\u00e9\u00a0: Le dossier instruit le 24 Novembre.\"}]},{\"@type\":\"WebSite\",\"@id\":\"https:\/\/www.public.sn\/#website\",\"url\":\"https:\/\/www.public.sn\/\",\"name\":\"LE PUBLIC\",\"description\":\"\",\"publisher\":{\"@id\":\"https:\/\/www.public.sn\/#organization\"},\"potentialAction\":[{\"@type\":\"SearchAction\",\"target\":{\"@type\":\"EntryPoint\",\"urlTemplate\":\"https:\/\/www.public.sn\/?s={search_term_string}\"},\"query-input\":{\"@type\":\"PropertyValueSpecification\",\"valueRequired\":true,\"valueName\":\"search_term_string\"}}],\"inLanguage\":\"fr-FR\"},{\"@type\":\"Organization\",\"@id\":\"https:\/\/www.public.sn\/#organization\",\"name\":\"LE PUBLIC\",\"url\":\"https:\/\/www.public.sn\/\",\"logo\":{\"@type\":\"ImageObject\",\"inLanguage\":\"fr-FR\",\"@id\":\"https:\/\/www.public.sn\/#\/schema\/logo\/image\/\",\"url\":\"https:\/\/www.public.sn\/wp-content\/uploads\/2024\/05\/cropped-LOGO-PUBLIC.SN_.png\",\"contentUrl\":\"https:\/\/www.public.sn\/wp-content\/uploads\/2024\/05\/cropped-LOGO-PUBLIC.SN_.png\",\"width\":682,\"height\":192,\"caption\":\"LE PUBLIC\"},\"image\":{\"@id\":\"https:\/\/www.public.sn\/#\/schema\/logo\/image\/\"}},{\"@type\":\"Person\",\"@id\":\"https:\/\/www.public.sn\/#\/schema\/person\/cb76c8e1b8becc6be61fb5e92d6d0224\",\"name\":\"LA REDACTION\",\"image\":{\"@type\":\"ImageObject\",\"inLanguage\":\"fr-FR\",\"@id\":\"https:\/\/www.public.sn\/#\/schema\/person\/image\/\",\"url\":\"https:\/\/secure.gravatar.com\/avatar\/2dce5ddd34b8fef0180efe03aa2a9bee7d953856048f9a16b298190a3178407c?s=96&d=mm&r=g\",\"contentUrl\":\"https:\/\/secure.gravatar.com\/avatar\/2dce5ddd34b8fef0180efe03aa2a9bee7d953856048f9a16b298190a3178407c?s=96&d=mm&r=g\",\"caption\":\"LA REDACTION\"},\"url\":\"https:\/\/www.public.sn\/index.php\/author\/editeurpsn\/\"}]}<\/script>\n<!-- \/ Yoast SEO plugin. -->","yoast_head_json":{"title":"Radiation de Cpt Tour\u00e9\u00a0: Le dossier instruit le 24 Novembre. - LE PUBLIC","robots":{"index":"index","follow":"follow","max-snippet":"max-snippet:-1","max-image-preview":"max-image-preview:large","max-video-preview":"max-video-preview:-1"},"canonical":"https:\/\/www.public.sn\/index.php\/2022\/11\/17\/radiation-de-cpt-toure-le-dossier-instruit-le-24-novembre\/","og_locale":"fr_FR","og_type":"article","og_title":"Radiation de Cpt Tour\u00e9\u00a0: Le dossier instruit le 24 Novembre. - LE PUBLIC","og_description":"C\u2019est finalement le 24 Novembre que la requ\u00eate de l\u2019ancien Capitaine Seydina Oumar Tour\u00e9 sera entendue\u00a0 par la Chambre administrative de la cour supr\u00eame. Une information relay\u00e9e par le Journal le Lib\u00e9ration qui r\u00e9v\u00e8le que l\u2019ancien capitaine avait contest\u00e9 sa radiation de la gendarmerie par l\u2019Etat du S\u00e9n\u00e9gal. Les motifs de sa radiation \u00e9taient \u00abfaute contre l\u2019honneur, la probit\u00e9 et les devoirs g\u00e9n\u00e9raux du militaire\u00bb dans le cadre de l\u2019enqu\u00eate sur l\u2019affaire Ousmane Sonko-Adji Sarr. Une injustice selon Seydina Oumar Tour\u00e9 qui avait introduit une requ\u00eate devant la juridiction comp\u00e9tente alors que le dossier tra\u00eene toujours, un fait qu\u2019il avait d\u00e9nonc\u00e9 au niveau des r\u00e9seaux sociaux. Pour rappel, le Capitaine Tour a \u00e9t\u00e9 radi\u00e9 le 17 juin 2021. Samba SY.","og_url":"https:\/\/www.public.sn\/index.php\/2022\/11\/17\/radiation-de-cpt-toure-le-dossier-instruit-le-24-novembre\/","og_site_name":"LE PUBLIC","article_published_time":"2022-11-17T08:31:33+00:00","article_modified_time":"2022-11-17T08:31:37+00:00","og_image":[{"width":1024,"height":691,"url":"https:\/\/www.public.sn\/wp-content\/uploads\/2022\/11\/cpt-toure-1.jpg","type":"image\/jpeg"}],"author":"LA REDACTION","twitter_card":"summary_large_image","twitter_misc":{"\u00c9crit par":"LA REDACTION","Dur\u00e9e de lecture estim\u00e9e":"1 minute"},"schema":{"@context":"https:\/\/schema.org","@graph":[{"@type":"Article","@id":"https:\/\/www.public.sn\/index.php\/2022\/11\/17\/radiation-de-cpt-toure-le-dossier-instruit-le-24-novembre\/#article","isPartOf":{"@id":"https:\/\/www.public.sn\/index.php\/2022\/11\/17\/radiation-de-cpt-toure-le-dossier-instruit-le-24-novembre\/"},"author":{"name":"LA REDACTION","@id":"https:\/\/www.public.sn\/#\/schema\/person\/cb76c8e1b8becc6be61fb5e92d6d0224"},"headline":"Radiation de Cpt Tour\u00e9\u00a0: Le dossier instruit le 24 Novembre.","datePublished":"2022-11-17T08:31:33+00:00","dateModified":"2022-11-17T08:31:37+00:00","mainEntityOfPage":{"@id":"https:\/\/www.public.sn\/index.php\/2022\/11\/17\/radiation-de-cpt-toure-le-dossier-instruit-le-24-novembre\/"},"wordCount":150,"commentCount":0,"publisher":{"@id":"https:\/\/www.public.sn\/#organization"},"image":{"@id":"https:\/\/www.public.sn\/index.php\/2022\/11\/17\/radiation-de-cpt-toure-le-dossier-instruit-le-24-novembre\/#primaryimage"},"thumbnailUrl":"https:\/\/www.public.sn\/wp-content\/uploads\/2022\/11\/cpt-toure-1.jpg","keywords":["cour supreme","cpt tour\u00e9","radiation"],"articleSection":["ACTUALIT\u00c9S","S\u00c9N\u00c9GAL","SOCIETE"],"inLanguage":"fr-FR","potentialAction":[{"@type":"CommentAction","name":"Comment","target":["https:\/\/www.public.sn\/index.php\/2022\/11\/17\/radiation-de-cpt-toure-le-dossier-instruit-le-24-novembre\/#respond"]}]},{"@type":"WebPage","@id":"https:\/\/www.public.sn\/index.php\/2022\/11\/17\/radiation-de-cpt-toure-le-dossier-instruit-le-24-novembre\/","url":"https:\/\/www.public.sn\/index.php\/2022\/11\/17\/radiation-de-cpt-toure-le-dossier-instruit-le-24-novembre\/","name":"Radiation de Cpt Tour\u00e9\u00a0: Le dossier instruit le 24 Novembre. - LE PUBLIC","isPartOf":{"@id":"https:\/\/www.public.sn\/#website"},"primaryImageOfPage":{"@id":"https:\/\/www.public.sn\/index.php\/2022\/11\/17\/radiation-de-cpt-toure-le-dossier-instruit-le-24-novembre\/#primaryimage"},"image":{"@id":"https:\/\/www.public.sn\/index.php\/2022\/11\/17\/radiation-de-cpt-toure-le-dossier-instruit-le-24-novembre\/#primaryimage"},"thumbnailUrl":"https:\/\/www.public.sn\/wp-content\/uploads\/2022\/11\/cpt-toure-1.jpg","datePublished":"2022-11-17T08:31:33+00:00","dateModified":"2022-11-17T08:31:37+00:00","breadcrumb":{"@id":"https:\/\/www.public.sn\/index.php\/2022\/11\/17\/radiation-de-cpt-toure-le-dossier-instruit-le-24-novembre\/#breadcrumb"},"inLanguage":"fr-FR","potentialAction":[{"@type":"ReadAction","target":["https:\/\/www.public.sn\/index.php\/2022\/11\/17\/radiation-de-cpt-toure-le-dossier-instruit-le-24-novembre\/"]}]},{"@type":"ImageObject","inLanguage":"fr-FR","@id":"https:\/\/www.public.sn\/index.php\/2022\/11\/17\/radiation-de-cpt-toure-le-dossier-instruit-le-24-novembre\/#primaryimage","url":"https:\/\/www.public.sn\/wp-content\/uploads\/2022\/11\/cpt-toure-1.jpg","contentUrl":"https:\/\/www.public.sn\/wp-content\/uploads\/2022\/11\/cpt-toure-1.jpg","width":1024,"height":691,"caption":"publicsn"},{"@type":"BreadcrumbList","@id":"https:\/\/www.public.sn\/index.php\/2022\/11\/17\/radiation-de-cpt-toure-le-dossier-instruit-le-24-novembre\/#breadcrumb","itemListElement":[{"@type":"ListItem","position":1,"name":"Accueil","item":"https:\/\/www.public.sn\/"},{"@type":"ListItem","position":2,"name":"Radiation de Cpt Tour\u00e9\u00a0: Le dossier instruit le 24 Novembre."}]},{"@type":"WebSite","@id":"https:\/\/www.public.sn\/#website","url":"https:\/\/www.public.sn\/","name":"LE PUBLIC","description":"","publisher":{"@id":"https:\/\/www.public.sn\/#organization"},"potentialAction":[{"@type":"SearchAction","target":{"@type":"EntryPoint","urlTemplate":"https:\/\/www.public.sn\/?s={search_term_string}"},"query-input":{"@type":"PropertyValueSpecification","valueRequired":true,"valueName":"search_term_string"}}],"inLanguage":"fr-FR"},{"@type":"Organization","@id":"https:\/\/www.public.sn\/#organization","name":"LE PUBLIC","url":"https:\/\/www.public.sn\/","logo":{"@type":"ImageObject","inLanguage":"fr-FR","@id":"https:\/\/www.public.sn\/#\/schema\/logo\/image\/","url":"https:\/\/www.public.sn\/wp-content\/uploads\/2024\/05\/cropped-LOGO-PUBLIC.SN_.png","contentUrl":"https:\/\/www.public.sn\/wp-content\/uploads\/2024\/05\/cropped-LOGO-PUBLIC.SN_.png","width":682,"height":192,"caption":"LE PUBLIC"},"image":{"@id":"https:\/\/www.public.sn\/#\/schema\/logo\/image\/"}},{"@type":"Person","@id":"https:\/\/www.public.sn\/#\/schema\/person\/cb76c8e1b8becc6be61fb5e92d6d0224","name":"LA REDACTION","image":{"@type":"ImageObject","inLanguage":"fr-FR","@id":"https:\/\/www.public.sn\/#\/schema\/person\/image\/","url":"https:\/\/secure.gravatar.com\/avatar\/2dce5ddd34b8fef0180efe03aa2a9bee7d953856048f9a16b298190a3178407c?s=96&d=mm&r=g","contentUrl":"https:\/\/secure.gravatar.com\/avatar\/2dce5ddd34b8fef0180efe03aa2a9bee7d953856048f9a16b298190a3178407c?s=96&d=mm&r=g","caption":"LA REDACTION"},"url":"https:\/\/www.public.sn\/index.php\/author\/editeurpsn\/"}]}},"jetpack_featured_media_url":"https:\/\/www.public.sn\/wp-content\/uploads\/2022\/11\/cpt-toure-1.jpg","jetpack_sharing_enabled":true,"_links":{"self":[{"href":"https:\/\/www.public.sn\/index.php\/wp-json\/wp\/v2\/posts\/8987","targetHints":{"allow":["GET"]}}],"collection":[{"href":"https:\/\/www.public.sn\/index.php\/wp-json\/wp\/v2\/posts"}],"about":[{"href":"https:\/\/www.public.sn\/index.php\/wp-json\/wp\/v2\/types\/post"}],"author":[{"embeddable":true,"href":"https:\/\/www.public.sn\/index.php\/wp-json\/wp\/v2\/users\/7"}],"replies":[{"embeddable":true,"href":"https:\/\/www.public.sn\/index.php\/wp-json\/wp\/v2\/comments?post=8987"}],"version-history":[{"count":1,"href":"https:\/\/www.public.sn\/index.php\/wp-json\/wp\/v2\/posts\/8987\/revisions"}],"predecessor-version":[{"id":8989,"href":"https:\/\/www.public.sn\/index.php\/wp-json\/wp\/v2\/posts\/8987\/revisions\/8989"}],"wp:featuredmedia":[{"embeddable":true,"href":"https:\/\/www.public.sn\/index.php\/wp-json\/wp\/v2\/media\/8988"}],"wp:attachment":[{"href":"https:\/\/www.public.sn\/index.php\/wp-json\/wp\/v2\/media?parent=8987"}],"wp:term":[{"taxonomy":"category","embeddable":true,"href":"https:\/\/www.public.sn\/index.php\/wp-json\/wp\/v2\/categories?post=8987"},{"taxonomy":"post_tag","embeddable":true,"href":"https:\/\/www.public.sn\/index.php\/wp-json\/wp\/v2\/tags?post=8987"}],"curies":[{"name":"wp","href":"https:\/\/api.w.org\/{rel}","templated":true}]}}