{"id":901,"date":"2022-08-29T23:14:54","date_gmt":"2022-08-29T21:14:54","guid":{"rendered":"https:\/\/www.public.sn\/?p=901"},"modified":"2022-08-29T23:19:22","modified_gmt":"2022-08-29T21:19:22","slug":"kolda-08-accuses-condamnes-a-la-perpetuite-pour-braquage-suivi-de-meurtre","status":"publish","type":"post","link":"https:\/\/www.public.sn\/index.php\/2022\/08\/29\/kolda-08-accuses-condamnes-a-la-perpetuite-pour-braquage-suivi-de-meurtre\/","title":{"rendered":"Kolda: 08 accus\u00e9s condamn\u00e9s \u00e0 la perp\u00e9tuit\u00e9  pour braquage suivi de meurtre."},"content":{"rendered":"\n<p>Le tribunal de grande instance de Kolda a condamn\u00e9 \u00e0 la prison  \u00e0 vie , un groupe d\u2019individus  jug\u00e9 pour association de malfaiteurs, d\u00e9tention ill\u00e9gale d\u2019armes et de vol en r\u00e9union entre autres . Au cours de ce braquage ,  un \u00e9l\u00e8ve de cinq (05) ans avait perdu la vie . Les faits se sont d\u00e9roul\u00e9s  au village de Mampatin. <\/p><div class=\"publi-paragraphe1\" style=\"margin-top: 10px;margin-bottom: 10px;margin-left: auto;margin-right: auto;text-align: center;\" id=\"publi-1676856708\"><div class=\"publi-adlabel\">Publicit\u00e9<\/div><script async src=\"\/\/pagead2.googlesyndication.com\/pagead\/js\/adsbygoogle.js?client=ca-pub-4089586018074219\" crossorigin=\"anonymous\"><\/script><ins class=\"adsbygoogle\" style=\"display:block;\" data-ad-client=\"ca-pub-4089586018074219\" \ndata-ad-slot=\"2087940154\" \ndata-ad-format=\"auto\"><\/ins>\n<script> \n(adsbygoogle = window.adsbygoogle || []).push({}); \n<\/script>\n<\/div>\n\n\n\n<p>Cette bande compos\u00e9e d\u2019Abdoulaye Ba, Mamadou Boye Ba, Boune Oumar Bald\u00e9, Elhadji Yoro Diallo, Djiby Diallo et Mouminy Diallo a \u00e9t\u00e9 condamn\u00e9e \u00e0 la perp\u00e9tuit\u00e9 par le tribunal de grande instance de Kolda. Un mandat d\u2019arr\u00eat international a \u00e9t\u00e9 d\u00e9cern\u00e9 aux complices Mamadou Saliou Diallo et Ousmane Diao actuellement en cavale . Ils sont poursuivis pour les m\u00eames d\u00e9lits que leurs acolytes et ont \u00e9cop\u00e9 de la m\u00eame condamnation . <br>Pour rappel, les \u00e9v\u00e8nements ont eu lieu le 29 janvier 2017 \u00e0 l\u2019\u00e9cole \u00e9l\u00e9mentaire de T\u00e9mento . Un \u00e9l\u00e8ve y a \u00e9t\u00e9 tu\u00e9 par balles. <\/p>\n\n\n\n<p><em>R\u00e9dactions Public SN<\/em><\/p>\n<div class=\"publi-apres-le-contenu\" style=\"margin-top: 10px;margin-bottom: 10px;margin-left: auto;margin-right: auto;text-align: center;\" id=\"publi-1641618655\"><div class=\"publi-adlabel\">Publicit\u00e9<\/div><script async src=\"\/\/pagead2.googlesyndication.com\/pagead\/js\/adsbygoogle.js?client=ca-pub-4089586018074219\" crossorigin=\"anonymous\"><\/script><ins class=\"adsbygoogle\" style=\"display:block;\" data-ad-client=\"ca-pub-4089586018074219\" \ndata-ad-slot=\"2087940154\" \ndata-ad-format=\"auto\"><\/ins>\n<script> \n(adsbygoogle = window.adsbygoogle || []).push({}); \n<\/script>\n<\/div>","protected":false},"excerpt":{"rendered":"<p>Le tribunal de grande instance de Kolda a condamn\u00e9 \u00e0 la prison \u00e0 vie , un groupe d\u2019individus jug\u00e9 pour association de malfaiteurs, d\u00e9tention ill\u00e9gale d\u2019armes et de vol en r\u00e9union entre autres . Au cours de ce braquage , un \u00e9l\u00e8ve de cinq (05) ans avait perdu la vie . Les faits se sont d\u00e9roul\u00e9s au village de Mampatin. Cette bande compos\u00e9e d\u2019Abdoulaye Ba, Mamadou Boye Ba, Boune Oumar Bald\u00e9, Elhadji Yoro Diallo, Djiby Diallo et Mouminy Diallo a \u00e9t\u00e9 condamn\u00e9e \u00e0 la perp\u00e9tuit\u00e9 par le tribunal de grande instance de Kolda. Un mandat d\u2019arr\u00eat international a \u00e9t\u00e9 d\u00e9cern\u00e9 aux complices Mamadou Saliou Diallo et Ousmane Diao actuellement en cavale . Ils sont poursuivis pour les m\u00eames d\u00e9lits que leurs acolytes et ont \u00e9cop\u00e9 de la m\u00eame condamnation . Pour rappel, les \u00e9v\u00e8nements ont eu lieu le 29 janvier 2017 \u00e0 l\u2019\u00e9cole \u00e9l\u00e9mentaire de T\u00e9mento . Un \u00e9l\u00e8ve y a \u00e9t\u00e9 tu\u00e9 par balles. R\u00e9dactions Public SN<\/p>\n","protected":false},"author":1,"featured_media":904,"comment_status":"open","ping_status":"open","sticky":false,"template":"","format":"standard","meta":{"_jetpack_memberships_contains_paid_content":false,"footnotes":""},"categories":[4],"tags":[338,24,336],"class_list":["post-901","post","type-post","status-publish","format-standard","has-post-thumbnail","hentry","category-societe","tag-braquage","tag-justice","tag-kolda","entry","has-media","owp-thumbs-layout-horizontal","owp-btn-normal","owp-tabs-layout-horizontal","has-no-thumbnails","has-product-nav"],"yoast_head":"<!-- This site is optimized with the Yoast SEO plugin v25.5 - https:\/\/yoast.com\/wordpress\/plugins\/seo\/ -->\n<title>Kolda: 08 accus\u00e9s condamn\u00e9s \u00e0 la perp\u00e9tuit\u00e9 pour braquage suivi de meurtre. - LE PUBLIC<\/title>\n<meta name=\"robots\" content=\"index, follow, max-snippet:-1, max-image-preview:large, max-video-preview:-1\" \/>\n<link rel=\"canonical\" href=\"https:\/\/www.public.sn\/index.php\/2022\/08\/29\/kolda-08-accuses-condamnes-a-la-perpetuite-pour-braquage-suivi-de-meurtre\/\" \/>\n<meta property=\"og:locale\" content=\"fr_FR\" \/>\n<meta property=\"og:type\" content=\"article\" \/>\n<meta property=\"og:title\" content=\"Kolda: 08 accus\u00e9s condamn\u00e9s \u00e0 la perp\u00e9tuit\u00e9 pour braquage suivi de meurtre. - LE PUBLIC\" \/>\n<meta property=\"og:description\" content=\"Le tribunal de grande instance de Kolda a condamn\u00e9 \u00e0 la prison \u00e0 vie , un groupe d\u2019individus jug\u00e9 pour association de malfaiteurs, d\u00e9tention ill\u00e9gale d\u2019armes et de vol en r\u00e9union entre autres . Au cours de ce braquage , un \u00e9l\u00e8ve de cinq (05) ans avait perdu la vie . Les faits se sont d\u00e9roul\u00e9s au village de Mampatin. Cette bande compos\u00e9e d\u2019Abdoulaye Ba, Mamadou Boye Ba, Boune Oumar Bald\u00e9, Elhadji Yoro Diallo, Djiby Diallo et Mouminy Diallo a \u00e9t\u00e9 condamn\u00e9e \u00e0 la perp\u00e9tuit\u00e9 par le tribunal de grande instance de Kolda. Un mandat d\u2019arr\u00eat international a \u00e9t\u00e9 d\u00e9cern\u00e9 aux complices Mamadou Saliou Diallo et Ousmane Diao actuellement en cavale . Ils sont poursuivis pour les m\u00eames d\u00e9lits que leurs acolytes et ont \u00e9cop\u00e9 de la m\u00eame condamnation . Pour rappel, les \u00e9v\u00e8nements ont eu lieu le 29 janvier 2017 \u00e0 l\u2019\u00e9cole \u00e9l\u00e9mentaire de T\u00e9mento . Un \u00e9l\u00e8ve y a \u00e9t\u00e9 tu\u00e9 par balles. R\u00e9dactions Public SN\" \/>\n<meta property=\"og:url\" content=\"https:\/\/www.public.sn\/index.php\/2022\/08\/29\/kolda-08-accuses-condamnes-a-la-perpetuite-pour-braquage-suivi-de-meurtre\/\" \/>\n<meta property=\"og:site_name\" content=\"LE PUBLIC\" \/>\n<meta property=\"article:published_time\" content=\"2022-08-29T21:14:54+00:00\" \/>\n<meta property=\"article:modified_time\" content=\"2022-08-29T21:19:22+00:00\" \/>\n<meta property=\"og:image\" content=\"https:\/\/www.public.sn\/wp-content\/uploads\/2022\/08\/B85C924C-0E5D-40F6-BCC6-4530ADC0CC55.jpeg\" \/>\n\t<meta property=\"og:image:width\" content=\"612\" \/>\n\t<meta property=\"og:image:height\" content=\"298\" \/>\n\t<meta property=\"og:image:type\" content=\"image\/jpeg\" \/>\n<meta name=\"author\" content=\"LA REDACTION\" \/>\n<meta name=\"twitter:card\" content=\"summary_large_image\" \/>\n<meta name=\"twitter:label1\" content=\"\u00c9crit par\" \/>\n\t<meta name=\"twitter:data1\" content=\"LA REDACTION\" \/>\n\t<meta name=\"twitter:label2\" content=\"Dur\u00e9e de lecture estim\u00e9e\" \/>\n\t<meta name=\"twitter:data2\" content=\"1 minute\" \/>\n<script type=\"application\/ld+json\" class=\"yoast-schema-graph\">{\"@context\":\"https:\/\/schema.org\",\"@graph\":[{\"@type\":\"Article\",\"@id\":\"https:\/\/www.public.sn\/index.php\/2022\/08\/29\/kolda-08-accuses-condamnes-a-la-perpetuite-pour-braquage-suivi-de-meurtre\/#article\",\"isPartOf\":{\"@id\":\"https:\/\/www.public.sn\/index.php\/2022\/08\/29\/kolda-08-accuses-condamnes-a-la-perpetuite-pour-braquage-suivi-de-meurtre\/\"},\"author\":{\"name\":\"LA REDACTION\",\"@id\":\"https:\/\/www.public.sn\/#\/schema\/person\/e3f4a11b037d4203902db148f9bc8d5a\"},\"headline\":\"Kolda: 08 accus\u00e9s condamn\u00e9s \u00e0 la perp\u00e9tuit\u00e9 pour braquage suivi de meurtre.\",\"datePublished\":\"2022-08-29T21:14:54+00:00\",\"dateModified\":\"2022-08-29T21:19:22+00:00\",\"mainEntityOfPage\":{\"@id\":\"https:\/\/www.public.sn\/index.php\/2022\/08\/29\/kolda-08-accuses-condamnes-a-la-perpetuite-pour-braquage-suivi-de-meurtre\/\"},\"wordCount\":181,\"commentCount\":0,\"publisher\":{\"@id\":\"https:\/\/www.public.sn\/#organization\"},\"image\":{\"@id\":\"https:\/\/www.public.sn\/index.php\/2022\/08\/29\/kolda-08-accuses-condamnes-a-la-perpetuite-pour-braquage-suivi-de-meurtre\/#primaryimage\"},\"thumbnailUrl\":\"https:\/\/www.public.sn\/wp-content\/uploads\/2022\/08\/B85C924C-0E5D-40F6-BCC6-4530ADC0CC55.jpeg\",\"keywords\":[\"Braquage\",\"Justice\",\"Kolda\"],\"articleSection\":[\"SOCIETE\"],\"inLanguage\":\"fr-FR\",\"potentialAction\":[{\"@type\":\"CommentAction\",\"name\":\"Comment\",\"target\":[\"https:\/\/www.public.sn\/index.php\/2022\/08\/29\/kolda-08-accuses-condamnes-a-la-perpetuite-pour-braquage-suivi-de-meurtre\/#respond\"]}]},{\"@type\":\"WebPage\",\"@id\":\"https:\/\/www.public.sn\/index.php\/2022\/08\/29\/kolda-08-accuses-condamnes-a-la-perpetuite-pour-braquage-suivi-de-meurtre\/\",\"url\":\"https:\/\/www.public.sn\/index.php\/2022\/08\/29\/kolda-08-accuses-condamnes-a-la-perpetuite-pour-braquage-suivi-de-meurtre\/\",\"name\":\"Kolda: 08 accus\u00e9s condamn\u00e9s \u00e0 la perp\u00e9tuit\u00e9 pour braquage suivi de meurtre. - LE PUBLIC\",\"isPartOf\":{\"@id\":\"https:\/\/www.public.sn\/#website\"},\"primaryImageOfPage\":{\"@id\":\"https:\/\/www.public.sn\/index.php\/2022\/08\/29\/kolda-08-accuses-condamnes-a-la-perpetuite-pour-braquage-suivi-de-meurtre\/#primaryimage\"},\"image\":{\"@id\":\"https:\/\/www.public.sn\/index.php\/2022\/08\/29\/kolda-08-accuses-condamnes-a-la-perpetuite-pour-braquage-suivi-de-meurtre\/#primaryimage\"},\"thumbnailUrl\":\"https:\/\/www.public.sn\/wp-content\/uploads\/2022\/08\/B85C924C-0E5D-40F6-BCC6-4530ADC0CC55.jpeg\",\"datePublished\":\"2022-08-29T21:14:54+00:00\",\"dateModified\":\"2022-08-29T21:19:22+00:00\",\"breadcrumb\":{\"@id\":\"https:\/\/www.public.sn\/index.php\/2022\/08\/29\/kolda-08-accuses-condamnes-a-la-perpetuite-pour-braquage-suivi-de-meurtre\/#breadcrumb\"},\"inLanguage\":\"fr-FR\",\"potentialAction\":[{\"@type\":\"ReadAction\",\"target\":[\"https:\/\/www.public.sn\/index.php\/2022\/08\/29\/kolda-08-accuses-condamnes-a-la-perpetuite-pour-braquage-suivi-de-meurtre\/\"]}]},{\"@type\":\"ImageObject\",\"inLanguage\":\"fr-FR\",\"@id\":\"https:\/\/www.public.sn\/index.php\/2022\/08\/29\/kolda-08-accuses-condamnes-a-la-perpetuite-pour-braquage-suivi-de-meurtre\/#primaryimage\",\"url\":\"https:\/\/www.public.sn\/wp-content\/uploads\/2022\/08\/B85C924C-0E5D-40F6-BCC6-4530ADC0CC55.jpeg\",\"contentUrl\":\"https:\/\/www.public.sn\/wp-content\/uploads\/2022\/08\/B85C924C-0E5D-40F6-BCC6-4530ADC0CC55.jpeg\",\"width\":612,\"height\":298},{\"@type\":\"BreadcrumbList\",\"@id\":\"https:\/\/www.public.sn\/index.php\/2022\/08\/29\/kolda-08-accuses-condamnes-a-la-perpetuite-pour-braquage-suivi-de-meurtre\/#breadcrumb\",\"itemListElement\":[{\"@type\":\"ListItem\",\"position\":1,\"name\":\"Accueil\",\"item\":\"https:\/\/www.public.sn\/\"},{\"@type\":\"ListItem\",\"position\":2,\"name\":\"Kolda: 08 accus\u00e9s condamn\u00e9s \u00e0 la perp\u00e9tuit\u00e9 pour braquage suivi de meurtre.\"}]},{\"@type\":\"WebSite\",\"@id\":\"https:\/\/www.public.sn\/#website\",\"url\":\"https:\/\/www.public.sn\/\",\"name\":\"LE PUBLIC\",\"description\":\"\",\"publisher\":{\"@id\":\"https:\/\/www.public.sn\/#organization\"},\"potentialAction\":[{\"@type\":\"SearchAction\",\"target\":{\"@type\":\"EntryPoint\",\"urlTemplate\":\"https:\/\/www.public.sn\/?s={search_term_string}\"},\"query-input\":{\"@type\":\"PropertyValueSpecification\",\"valueRequired\":true,\"valueName\":\"search_term_string\"}}],\"inLanguage\":\"fr-FR\"},{\"@type\":\"Organization\",\"@id\":\"https:\/\/www.public.sn\/#organization\",\"name\":\"LE PUBLIC\",\"url\":\"https:\/\/www.public.sn\/\",\"logo\":{\"@type\":\"ImageObject\",\"inLanguage\":\"fr-FR\",\"@id\":\"https:\/\/www.public.sn\/#\/schema\/logo\/image\/\",\"url\":\"https:\/\/www.public.sn\/wp-content\/uploads\/2024\/05\/cropped-LOGO-PUBLIC.SN_.png\",\"contentUrl\":\"https:\/\/www.public.sn\/wp-content\/uploads\/2024\/05\/cropped-LOGO-PUBLIC.SN_.png\",\"width\":682,\"height\":192,\"caption\":\"LE PUBLIC\"},\"image\":{\"@id\":\"https:\/\/www.public.sn\/#\/schema\/logo\/image\/\"}},{\"@type\":\"Person\",\"@id\":\"https:\/\/www.public.sn\/#\/schema\/person\/e3f4a11b037d4203902db148f9bc8d5a\",\"name\":\"LA REDACTION\",\"image\":{\"@type\":\"ImageObject\",\"inLanguage\":\"fr-FR\",\"@id\":\"https:\/\/www.public.sn\/#\/schema\/person\/image\/\",\"url\":\"https:\/\/secure.gravatar.com\/avatar\/d6c030db45db2883c075085c5d6c6258654a801a93766b49af0b82d4f454e2a5?s=96&d=mm&r=g\",\"contentUrl\":\"https:\/\/secure.gravatar.com\/avatar\/d6c030db45db2883c075085c5d6c6258654a801a93766b49af0b82d4f454e2a5?s=96&d=mm&r=g\",\"caption\":\"LA REDACTION\"},\"sameAs\":[\"http:\/\/www.public.sn\"],\"url\":\"https:\/\/www.public.sn\/index.php\/author\/admin7324\/\"}]}<\/script>\n<!-- \/ Yoast SEO plugin. -->","yoast_head_json":{"title":"Kolda: 08 accus\u00e9s condamn\u00e9s \u00e0 la perp\u00e9tuit\u00e9 pour braquage suivi de meurtre. - LE PUBLIC","robots":{"index":"index","follow":"follow","max-snippet":"max-snippet:-1","max-image-preview":"max-image-preview:large","max-video-preview":"max-video-preview:-1"},"canonical":"https:\/\/www.public.sn\/index.php\/2022\/08\/29\/kolda-08-accuses-condamnes-a-la-perpetuite-pour-braquage-suivi-de-meurtre\/","og_locale":"fr_FR","og_type":"article","og_title":"Kolda: 08 accus\u00e9s condamn\u00e9s \u00e0 la perp\u00e9tuit\u00e9 pour braquage suivi de meurtre. - LE PUBLIC","og_description":"Le tribunal de grande instance de Kolda a condamn\u00e9 \u00e0 la prison \u00e0 vie , un groupe d\u2019individus jug\u00e9 pour association de malfaiteurs, d\u00e9tention ill\u00e9gale d\u2019armes et de vol en r\u00e9union entre autres . Au cours de ce braquage , un \u00e9l\u00e8ve de cinq (05) ans avait perdu la vie . Les faits se sont d\u00e9roul\u00e9s au village de Mampatin. Cette bande compos\u00e9e d\u2019Abdoulaye Ba, Mamadou Boye Ba, Boune Oumar Bald\u00e9, Elhadji Yoro Diallo, Djiby Diallo et Mouminy Diallo a \u00e9t\u00e9 condamn\u00e9e \u00e0 la perp\u00e9tuit\u00e9 par le tribunal de grande instance de Kolda. Un mandat d\u2019arr\u00eat international a \u00e9t\u00e9 d\u00e9cern\u00e9 aux complices Mamadou Saliou Diallo et Ousmane Diao actuellement en cavale . Ils sont poursuivis pour les m\u00eames d\u00e9lits que leurs acolytes et ont \u00e9cop\u00e9 de la m\u00eame condamnation . Pour rappel, les \u00e9v\u00e8nements ont eu lieu le 29 janvier 2017 \u00e0 l\u2019\u00e9cole \u00e9l\u00e9mentaire de T\u00e9mento . Un \u00e9l\u00e8ve y a \u00e9t\u00e9 tu\u00e9 par balles. R\u00e9dactions Public SN","og_url":"https:\/\/www.public.sn\/index.php\/2022\/08\/29\/kolda-08-accuses-condamnes-a-la-perpetuite-pour-braquage-suivi-de-meurtre\/","og_site_name":"LE PUBLIC","article_published_time":"2022-08-29T21:14:54+00:00","article_modified_time":"2022-08-29T21:19:22+00:00","og_image":[{"width":612,"height":298,"url":"https:\/\/www.public.sn\/wp-content\/uploads\/2022\/08\/B85C924C-0E5D-40F6-BCC6-4530ADC0CC55.jpeg","type":"image\/jpeg"}],"author":"LA REDACTION","twitter_card":"summary_large_image","twitter_misc":{"\u00c9crit par":"LA REDACTION","Dur\u00e9e de lecture estim\u00e9e":"1 minute"},"schema":{"@context":"https:\/\/schema.org","@graph":[{"@type":"Article","@id":"https:\/\/www.public.sn\/index.php\/2022\/08\/29\/kolda-08-accuses-condamnes-a-la-perpetuite-pour-braquage-suivi-de-meurtre\/#article","isPartOf":{"@id":"https:\/\/www.public.sn\/index.php\/2022\/08\/29\/kolda-08-accuses-condamnes-a-la-perpetuite-pour-braquage-suivi-de-meurtre\/"},"author":{"name":"LA REDACTION","@id":"https:\/\/www.public.sn\/#\/schema\/person\/e3f4a11b037d4203902db148f9bc8d5a"},"headline":"Kolda: 08 accus\u00e9s condamn\u00e9s \u00e0 la perp\u00e9tuit\u00e9 pour braquage suivi de meurtre.","datePublished":"2022-08-29T21:14:54+00:00","dateModified":"2022-08-29T21:19:22+00:00","mainEntityOfPage":{"@id":"https:\/\/www.public.sn\/index.php\/2022\/08\/29\/kolda-08-accuses-condamnes-a-la-perpetuite-pour-braquage-suivi-de-meurtre\/"},"wordCount":181,"commentCount":0,"publisher":{"@id":"https:\/\/www.public.sn\/#organization"},"image":{"@id":"https:\/\/www.public.sn\/index.php\/2022\/08\/29\/kolda-08-accuses-condamnes-a-la-perpetuite-pour-braquage-suivi-de-meurtre\/#primaryimage"},"thumbnailUrl":"https:\/\/www.public.sn\/wp-content\/uploads\/2022\/08\/B85C924C-0E5D-40F6-BCC6-4530ADC0CC55.jpeg","keywords":["Braquage","Justice","Kolda"],"articleSection":["SOCIETE"],"inLanguage":"fr-FR","potentialAction":[{"@type":"CommentAction","name":"Comment","target":["https:\/\/www.public.sn\/index.php\/2022\/08\/29\/kolda-08-accuses-condamnes-a-la-perpetuite-pour-braquage-suivi-de-meurtre\/#respond"]}]},{"@type":"WebPage","@id":"https:\/\/www.public.sn\/index.php\/2022\/08\/29\/kolda-08-accuses-condamnes-a-la-perpetuite-pour-braquage-suivi-de-meurtre\/","url":"https:\/\/www.public.sn\/index.php\/2022\/08\/29\/kolda-08-accuses-condamnes-a-la-perpetuite-pour-braquage-suivi-de-meurtre\/","name":"Kolda: 08 accus\u00e9s condamn\u00e9s \u00e0 la perp\u00e9tuit\u00e9 pour braquage suivi de meurtre. - LE PUBLIC","isPartOf":{"@id":"https:\/\/www.public.sn\/#website"},"primaryImageOfPage":{"@id":"https:\/\/www.public.sn\/index.php\/2022\/08\/29\/kolda-08-accuses-condamnes-a-la-perpetuite-pour-braquage-suivi-de-meurtre\/#primaryimage"},"image":{"@id":"https:\/\/www.public.sn\/index.php\/2022\/08\/29\/kolda-08-accuses-condamnes-a-la-perpetuite-pour-braquage-suivi-de-meurtre\/#primaryimage"},"thumbnailUrl":"https:\/\/www.public.sn\/wp-content\/uploads\/2022\/08\/B85C924C-0E5D-40F6-BCC6-4530ADC0CC55.jpeg","datePublished":"2022-08-29T21:14:54+00:00","dateModified":"2022-08-29T21:19:22+00:00","breadcrumb":{"@id":"https:\/\/www.public.sn\/index.php\/2022\/08\/29\/kolda-08-accuses-condamnes-a-la-perpetuite-pour-braquage-suivi-de-meurtre\/#breadcrumb"},"inLanguage":"fr-FR","potentialAction":[{"@type":"ReadAction","target":["https:\/\/www.public.sn\/index.php\/2022\/08\/29\/kolda-08-accuses-condamnes-a-la-perpetuite-pour-braquage-suivi-de-meurtre\/"]}]},{"@type":"ImageObject","inLanguage":"fr-FR","@id":"https:\/\/www.public.sn\/index.php\/2022\/08\/29\/kolda-08-accuses-condamnes-a-la-perpetuite-pour-braquage-suivi-de-meurtre\/#primaryimage","url":"https:\/\/www.public.sn\/wp-content\/uploads\/2022\/08\/B85C924C-0E5D-40F6-BCC6-4530ADC0CC55.jpeg","contentUrl":"https:\/\/www.public.sn\/wp-content\/uploads\/2022\/08\/B85C924C-0E5D-40F6-BCC6-4530ADC0CC55.jpeg","width":612,"height":298},{"@type":"BreadcrumbList","@id":"https:\/\/www.public.sn\/index.php\/2022\/08\/29\/kolda-08-accuses-condamnes-a-la-perpetuite-pour-braquage-suivi-de-meurtre\/#breadcrumb","itemListElement":[{"@type":"ListItem","position":1,"name":"Accueil","item":"https:\/\/www.public.sn\/"},{"@type":"ListItem","position":2,"name":"Kolda: 08 accus\u00e9s condamn\u00e9s \u00e0 la perp\u00e9tuit\u00e9 pour braquage suivi de meurtre."}]},{"@type":"WebSite","@id":"https:\/\/www.public.sn\/#website","url":"https:\/\/www.public.sn\/","name":"LE PUBLIC","description":"","publisher":{"@id":"https:\/\/www.public.sn\/#organization"},"potentialAction":[{"@type":"SearchAction","target":{"@type":"EntryPoint","urlTemplate":"https:\/\/www.public.sn\/?s={search_term_string}"},"query-input":{"@type":"PropertyValueSpecification","valueRequired":true,"valueName":"search_term_string"}}],"inLanguage":"fr-FR"},{"@type":"Organization","@id":"https:\/\/www.public.sn\/#organization","name":"LE PUBLIC","url":"https:\/\/www.public.sn\/","logo":{"@type":"ImageObject","inLanguage":"fr-FR","@id":"https:\/\/www.public.sn\/#\/schema\/logo\/image\/","url":"https:\/\/www.public.sn\/wp-content\/uploads\/2024\/05\/cropped-LOGO-PUBLIC.SN_.png","contentUrl":"https:\/\/www.public.sn\/wp-content\/uploads\/2024\/05\/cropped-LOGO-PUBLIC.SN_.png","width":682,"height":192,"caption":"LE PUBLIC"},"image":{"@id":"https:\/\/www.public.sn\/#\/schema\/logo\/image\/"}},{"@type":"Person","@id":"https:\/\/www.public.sn\/#\/schema\/person\/e3f4a11b037d4203902db148f9bc8d5a","name":"LA REDACTION","image":{"@type":"ImageObject","inLanguage":"fr-FR","@id":"https:\/\/www.public.sn\/#\/schema\/person\/image\/","url":"https:\/\/secure.gravatar.com\/avatar\/d6c030db45db2883c075085c5d6c6258654a801a93766b49af0b82d4f454e2a5?s=96&d=mm&r=g","contentUrl":"https:\/\/secure.gravatar.com\/avatar\/d6c030db45db2883c075085c5d6c6258654a801a93766b49af0b82d4f454e2a5?s=96&d=mm&r=g","caption":"LA REDACTION"},"sameAs":["http:\/\/www.public.sn"],"url":"https:\/\/www.public.sn\/index.php\/author\/admin7324\/"}]}},"jetpack_featured_media_url":"https:\/\/www.public.sn\/wp-content\/uploads\/2022\/08\/B85C924C-0E5D-40F6-BCC6-4530ADC0CC55.jpeg","jetpack_sharing_enabled":true,"_links":{"self":[{"href":"https:\/\/www.public.sn\/index.php\/wp-json\/wp\/v2\/posts\/901","targetHints":{"allow":["GET"]}}],"collection":[{"href":"https:\/\/www.public.sn\/index.php\/wp-json\/wp\/v2\/posts"}],"about":[{"href":"https:\/\/www.public.sn\/index.php\/wp-json\/wp\/v2\/types\/post"}],"author":[{"embeddable":true,"href":"https:\/\/www.public.sn\/index.php\/wp-json\/wp\/v2\/users\/1"}],"replies":[{"embeddable":true,"href":"https:\/\/www.public.sn\/index.php\/wp-json\/wp\/v2\/comments?post=901"}],"version-history":[{"count":1,"href":"https:\/\/www.public.sn\/index.php\/wp-json\/wp\/v2\/posts\/901\/revisions"}],"predecessor-version":[{"id":910,"href":"https:\/\/www.public.sn\/index.php\/wp-json\/wp\/v2\/posts\/901\/revisions\/910"}],"wp:featuredmedia":[{"embeddable":true,"href":"https:\/\/www.public.sn\/index.php\/wp-json\/wp\/v2\/media\/904"}],"wp:attachment":[{"href":"https:\/\/www.public.sn\/index.php\/wp-json\/wp\/v2\/media?parent=901"}],"wp:term":[{"taxonomy":"category","embeddable":true,"href":"https:\/\/www.public.sn\/index.php\/wp-json\/wp\/v2\/categories?post=901"},{"taxonomy":"post_tag","embeddable":true,"href":"https:\/\/www.public.sn\/index.php\/wp-json\/wp\/v2\/tags?post=901"}],"curies":[{"name":"wp","href":"https:\/\/api.w.org\/{rel}","templated":true}]}}