{"id":9010,"date":"2022-11-17T15:34:57","date_gmt":"2022-11-17T15:34:57","guid":{"rendered":"https:\/\/www.public.sn\/?p=9010"},"modified":"2022-11-17T16:12:57","modified_gmt":"2022-11-17T16:12:57","slug":"le-bracelet-electronique-ne-serait-il-pas-pour-les-politiciens","status":"publish","type":"post","link":"https:\/\/www.public.sn\/index.php\/2022\/11\/17\/le-bracelet-electronique-ne-serait-il-pas-pour-les-politiciens\/","title":{"rendered":"Le bracelet \u00e9lectronique ne serait-il pas pour les politiciens?"},"content":{"rendered":"\n<p>\u00a0<strong>Le port du bracelet \u00e9lectronique a \u00e9t\u00e9 adopt\u00e9 afin de d\u00e9sengorger la population carc\u00e9rale. Cependant la mesure ne concerne pas toutes les personnes d\u00e9tenues. Il y\u2019a des conditions \u00e0 remplir pour \u00eatre \u00e9ligible au port du bracelet \u00e9lectronique. Public Sn est all\u00e9 \u00e0 la rencontre des s\u00e9n\u00e9galais. Pour certains il y\u2019a des avantages, d\u2019autres comme \u00a0Ibrahima pense que c\u2019est pour les politiciens\u2026 \u00ab\u00a0Ils ont les moyens pour rester chez eux durant plusieurs mois\u00a0\u00bb  .<\/strong><\/p><div class=\"publi-paragraphe1\" style=\"margin-top: 10px;margin-bottom: 10px;margin-left: auto;margin-right: auto;text-align: center;\" id=\"publi-3407135684\"><div class=\"publi-adlabel\">Publicit\u00e9<\/div><script async src=\"\/\/pagead2.googlesyndication.com\/pagead\/js\/adsbygoogle.js?client=ca-pub-4089586018074219\" crossorigin=\"anonymous\"><\/script><ins class=\"adsbygoogle\" style=\"display:block;\" data-ad-client=\"ca-pub-4089586018074219\" \ndata-ad-slot=\"2087940154\" \ndata-ad-format=\"auto\"><\/ins>\n<script> \n(adsbygoogle = window.adsbygoogle || []).push({}); \n<\/script>\n<\/div>\n\n\n\n<p><strong>&nbsp; Falil Gadio<\/strong><\/p>\n\n\n<p><iframe width=\"875\" height=\"492\" src=\"https:\/\/www.youtube.com\/embed\/KNTIvKasGT4\" title=\"Le bracelet \u00e9lectronique serait- il pas pour les politiciens?\" frameborder=\"0\" allow=\"accelerometer; autoplay; clipboard-write; encrypted-media; gyroscope; picture-in-picture\" allowfullscreen=\"\"><\/iframe><\/p><div class=\"publi-apres-le-contenu\" style=\"margin-top: 10px;margin-bottom: 10px;margin-left: auto;margin-right: auto;text-align: center;\" id=\"publi-2821793540\"><div class=\"publi-adlabel\">Publicit\u00e9<\/div><script async src=\"\/\/pagead2.googlesyndication.com\/pagead\/js\/adsbygoogle.js?client=ca-pub-4089586018074219\" crossorigin=\"anonymous\"><\/script><ins class=\"adsbygoogle\" style=\"display:block;\" data-ad-client=\"ca-pub-4089586018074219\" \ndata-ad-slot=\"2087940154\" \ndata-ad-format=\"auto\"><\/ins>\n<script> \n(adsbygoogle = window.adsbygoogle || []).push({}); \n<\/script>\n<\/div>","protected":false},"excerpt":{"rendered":"<p>\u00a0Le port du bracelet \u00e9lectronique a \u00e9t\u00e9 adopt\u00e9 afin de d\u00e9sengorger la population carc\u00e9rale. Cependant la mesure ne concerne pas toutes les personnes d\u00e9tenues. Il y\u2019a des conditions \u00e0 remplir pour \u00eatre \u00e9ligible au port du bracelet \u00e9lectronique. Public Sn est all\u00e9 \u00e0 la rencontre des s\u00e9n\u00e9galais. Pour certains il y\u2019a des avantages, d\u2019autres comme \u00a0Ibrahima pense que c\u2019est pour les politiciens\u2026 \u00ab\u00a0Ils ont les moyens pour rester chez eux durant plusieurs mois\u00a0\u00bb . &nbsp; Falil Gadio<\/p>\n","protected":false},"author":7,"featured_media":9042,"comment_status":"open","ping_status":"open","sticky":false,"template":"","format":"standard","meta":{"_jetpack_memberships_contains_paid_content":false,"footnotes":""},"categories":[375,8,376,1,4],"tags":[2850,130,766],"class_list":["post-9010","post","type-post","status-publish","format-standard","has-post-thumbnail","hentry","category-actualites","category-public-tv","category-securite-justice","category-non-classe","category-societe","tag-bracelet-electronique","tag-prison","tag-senegal","entry","has-media","owp-thumbs-layout-horizontal","owp-btn-normal","owp-tabs-layout-horizontal","has-no-thumbnails","has-product-nav"],"yoast_head":"<!-- This site is optimized with the Yoast SEO plugin v25.5 - https:\/\/yoast.com\/wordpress\/plugins\/seo\/ -->\n<title>Le bracelet \u00e9lectronique ne serait-il pas pour les politiciens? - LE PUBLIC<\/title>\n<meta name=\"robots\" content=\"index, follow, max-snippet:-1, max-image-preview:large, max-video-preview:-1\" \/>\n<link rel=\"canonical\" href=\"https:\/\/www.public.sn\/index.php\/2022\/11\/17\/le-bracelet-electronique-ne-serait-il-pas-pour-les-politiciens\/\" \/>\n<meta property=\"og:locale\" content=\"fr_FR\" \/>\n<meta property=\"og:type\" content=\"article\" \/>\n<meta property=\"og:title\" content=\"Le bracelet \u00e9lectronique ne serait-il pas pour les politiciens? - LE PUBLIC\" \/>\n<meta property=\"og:description\" content=\"\u00a0Le port du bracelet \u00e9lectronique a \u00e9t\u00e9 adopt\u00e9 afin de d\u00e9sengorger la population carc\u00e9rale. Cependant la mesure ne concerne pas toutes les personnes d\u00e9tenues. Il y\u2019a des conditions \u00e0 remplir pour \u00eatre \u00e9ligible au port du bracelet \u00e9lectronique. Public Sn est all\u00e9 \u00e0 la rencontre des s\u00e9n\u00e9galais. Pour certains il y\u2019a des avantages, d\u2019autres comme \u00a0Ibrahima pense que c\u2019est pour les politiciens\u2026 \u00ab\u00a0Ils ont les moyens pour rester chez eux durant plusieurs mois\u00a0\u00bb . &nbsp; Falil Gadio\" \/>\n<meta property=\"og:url\" content=\"https:\/\/www.public.sn\/index.php\/2022\/11\/17\/le-bracelet-electronique-ne-serait-il-pas-pour-les-politiciens\/\" \/>\n<meta property=\"og:site_name\" content=\"LE PUBLIC\" \/>\n<meta property=\"article:published_time\" content=\"2022-11-17T15:34:57+00:00\" \/>\n<meta property=\"article:modified_time\" content=\"2022-11-17T16:12:57+00:00\" \/>\n<meta property=\"og:image\" content=\"https:\/\/www.public.sn\/wp-content\/uploads\/2022\/11\/MODIFIER.jpg\" \/>\n\t<meta property=\"og:image:width\" content=\"1920\" \/>\n\t<meta property=\"og:image:height\" content=\"1080\" \/>\n\t<meta property=\"og:image:type\" content=\"image\/jpeg\" \/>\n<meta name=\"author\" content=\"LA REDACTION\" \/>\n<meta name=\"twitter:card\" content=\"summary_large_image\" \/>\n<meta name=\"twitter:label1\" content=\"\u00c9crit par\" \/>\n\t<meta name=\"twitter:data1\" content=\"LA REDACTION\" \/>\n\t<meta name=\"twitter:label2\" content=\"Dur\u00e9e de lecture estim\u00e9e\" \/>\n\t<meta name=\"twitter:data2\" content=\"1 minute\" \/>\n<script type=\"application\/ld+json\" class=\"yoast-schema-graph\">{\"@context\":\"https:\/\/schema.org\",\"@graph\":[{\"@type\":\"Article\",\"@id\":\"https:\/\/www.public.sn\/index.php\/2022\/11\/17\/le-bracelet-electronique-ne-serait-il-pas-pour-les-politiciens\/#article\",\"isPartOf\":{\"@id\":\"https:\/\/www.public.sn\/index.php\/2022\/11\/17\/le-bracelet-electronique-ne-serait-il-pas-pour-les-politiciens\/\"},\"author\":{\"name\":\"LA REDACTION\",\"@id\":\"https:\/\/www.public.sn\/#\/schema\/person\/cb76c8e1b8becc6be61fb5e92d6d0224\"},\"headline\":\"Le bracelet \u00e9lectronique ne serait-il pas pour les politiciens?\",\"datePublished\":\"2022-11-17T15:34:57+00:00\",\"dateModified\":\"2022-11-17T16:12:57+00:00\",\"mainEntityOfPage\":{\"@id\":\"https:\/\/www.public.sn\/index.php\/2022\/11\/17\/le-bracelet-electronique-ne-serait-il-pas-pour-les-politiciens\/\"},\"wordCount\":92,\"commentCount\":0,\"publisher\":{\"@id\":\"https:\/\/www.public.sn\/#organization\"},\"image\":{\"@id\":\"https:\/\/www.public.sn\/index.php\/2022\/11\/17\/le-bracelet-electronique-ne-serait-il-pas-pour-les-politiciens\/#primaryimage\"},\"thumbnailUrl\":\"https:\/\/www.public.sn\/wp-content\/uploads\/2022\/11\/MODIFIER.jpg\",\"keywords\":[\"bracelet electronique\",\"Prison\",\"S\u00e9n\u00e9gal\"],\"articleSection\":[\"ACTUALIT\u00c9S\",\"PUBLIC TV\",\"S\u00c9CURIT\u00c9 &amp; JUSTICE\",\"S\u00c9N\u00c9GAL\",\"SOCIETE\"],\"inLanguage\":\"fr-FR\",\"potentialAction\":[{\"@type\":\"CommentAction\",\"name\":\"Comment\",\"target\":[\"https:\/\/www.public.sn\/index.php\/2022\/11\/17\/le-bracelet-electronique-ne-serait-il-pas-pour-les-politiciens\/#respond\"]}]},{\"@type\":\"WebPage\",\"@id\":\"https:\/\/www.public.sn\/index.php\/2022\/11\/17\/le-bracelet-electronique-ne-serait-il-pas-pour-les-politiciens\/\",\"url\":\"https:\/\/www.public.sn\/index.php\/2022\/11\/17\/le-bracelet-electronique-ne-serait-il-pas-pour-les-politiciens\/\",\"name\":\"Le bracelet \u00e9lectronique ne serait-il pas pour les politiciens? - LE PUBLIC\",\"isPartOf\":{\"@id\":\"https:\/\/www.public.sn\/#website\"},\"primaryImageOfPage\":{\"@id\":\"https:\/\/www.public.sn\/index.php\/2022\/11\/17\/le-bracelet-electronique-ne-serait-il-pas-pour-les-politiciens\/#primaryimage\"},\"image\":{\"@id\":\"https:\/\/www.public.sn\/index.php\/2022\/11\/17\/le-bracelet-electronique-ne-serait-il-pas-pour-les-politiciens\/#primaryimage\"},\"thumbnailUrl\":\"https:\/\/www.public.sn\/wp-content\/uploads\/2022\/11\/MODIFIER.jpg\",\"datePublished\":\"2022-11-17T15:34:57+00:00\",\"dateModified\":\"2022-11-17T16:12:57+00:00\",\"breadcrumb\":{\"@id\":\"https:\/\/www.public.sn\/index.php\/2022\/11\/17\/le-bracelet-electronique-ne-serait-il-pas-pour-les-politiciens\/#breadcrumb\"},\"inLanguage\":\"fr-FR\",\"potentialAction\":[{\"@type\":\"ReadAction\",\"target\":[\"https:\/\/www.public.sn\/index.php\/2022\/11\/17\/le-bracelet-electronique-ne-serait-il-pas-pour-les-politiciens\/\"]}]},{\"@type\":\"ImageObject\",\"inLanguage\":\"fr-FR\",\"@id\":\"https:\/\/www.public.sn\/index.php\/2022\/11\/17\/le-bracelet-electronique-ne-serait-il-pas-pour-les-politiciens\/#primaryimage\",\"url\":\"https:\/\/www.public.sn\/wp-content\/uploads\/2022\/11\/MODIFIER.jpg\",\"contentUrl\":\"https:\/\/www.public.sn\/wp-content\/uploads\/2022\/11\/MODIFIER.jpg\",\"width\":1920,\"height\":1080,\"caption\":\"Public Sn\"},{\"@type\":\"BreadcrumbList\",\"@id\":\"https:\/\/www.public.sn\/index.php\/2022\/11\/17\/le-bracelet-electronique-ne-serait-il-pas-pour-les-politiciens\/#breadcrumb\",\"itemListElement\":[{\"@type\":\"ListItem\",\"position\":1,\"name\":\"Accueil\",\"item\":\"https:\/\/www.public.sn\/\"},{\"@type\":\"ListItem\",\"position\":2,\"name\":\"Le bracelet \u00e9lectronique ne serait-il pas pour les politiciens?\"}]},{\"@type\":\"WebSite\",\"@id\":\"https:\/\/www.public.sn\/#website\",\"url\":\"https:\/\/www.public.sn\/\",\"name\":\"LE PUBLIC\",\"description\":\"\",\"publisher\":{\"@id\":\"https:\/\/www.public.sn\/#organization\"},\"potentialAction\":[{\"@type\":\"SearchAction\",\"target\":{\"@type\":\"EntryPoint\",\"urlTemplate\":\"https:\/\/www.public.sn\/?s={search_term_string}\"},\"query-input\":{\"@type\":\"PropertyValueSpecification\",\"valueRequired\":true,\"valueName\":\"search_term_string\"}}],\"inLanguage\":\"fr-FR\"},{\"@type\":\"Organization\",\"@id\":\"https:\/\/www.public.sn\/#organization\",\"name\":\"LE PUBLIC\",\"url\":\"https:\/\/www.public.sn\/\",\"logo\":{\"@type\":\"ImageObject\",\"inLanguage\":\"fr-FR\",\"@id\":\"https:\/\/www.public.sn\/#\/schema\/logo\/image\/\",\"url\":\"https:\/\/www.public.sn\/wp-content\/uploads\/2024\/05\/cropped-LOGO-PUBLIC.SN_.png\",\"contentUrl\":\"https:\/\/www.public.sn\/wp-content\/uploads\/2024\/05\/cropped-LOGO-PUBLIC.SN_.png\",\"width\":682,\"height\":192,\"caption\":\"LE PUBLIC\"},\"image\":{\"@id\":\"https:\/\/www.public.sn\/#\/schema\/logo\/image\/\"}},{\"@type\":\"Person\",\"@id\":\"https:\/\/www.public.sn\/#\/schema\/person\/cb76c8e1b8becc6be61fb5e92d6d0224\",\"name\":\"LA REDACTION\",\"image\":{\"@type\":\"ImageObject\",\"inLanguage\":\"fr-FR\",\"@id\":\"https:\/\/www.public.sn\/#\/schema\/person\/image\/\",\"url\":\"https:\/\/secure.gravatar.com\/avatar\/2dce5ddd34b8fef0180efe03aa2a9bee7d953856048f9a16b298190a3178407c?s=96&d=mm&r=g\",\"contentUrl\":\"https:\/\/secure.gravatar.com\/avatar\/2dce5ddd34b8fef0180efe03aa2a9bee7d953856048f9a16b298190a3178407c?s=96&d=mm&r=g\",\"caption\":\"LA REDACTION\"},\"url\":\"https:\/\/www.public.sn\/index.php\/author\/editeurpsn\/\"}]}<\/script>\n<!-- \/ Yoast SEO plugin. -->","yoast_head_json":{"title":"Le bracelet \u00e9lectronique ne serait-il pas pour les politiciens? - LE PUBLIC","robots":{"index":"index","follow":"follow","max-snippet":"max-snippet:-1","max-image-preview":"max-image-preview:large","max-video-preview":"max-video-preview:-1"},"canonical":"https:\/\/www.public.sn\/index.php\/2022\/11\/17\/le-bracelet-electronique-ne-serait-il-pas-pour-les-politiciens\/","og_locale":"fr_FR","og_type":"article","og_title":"Le bracelet \u00e9lectronique ne serait-il pas pour les politiciens? - LE PUBLIC","og_description":"\u00a0Le port du bracelet \u00e9lectronique a \u00e9t\u00e9 adopt\u00e9 afin de d\u00e9sengorger la population carc\u00e9rale. Cependant la mesure ne concerne pas toutes les personnes d\u00e9tenues. Il y\u2019a des conditions \u00e0 remplir pour \u00eatre \u00e9ligible au port du bracelet \u00e9lectronique. Public Sn est all\u00e9 \u00e0 la rencontre des s\u00e9n\u00e9galais. Pour certains il y\u2019a des avantages, d\u2019autres comme \u00a0Ibrahima pense que c\u2019est pour les politiciens\u2026 \u00ab\u00a0Ils ont les moyens pour rester chez eux durant plusieurs mois\u00a0\u00bb . &nbsp; Falil Gadio","og_url":"https:\/\/www.public.sn\/index.php\/2022\/11\/17\/le-bracelet-electronique-ne-serait-il-pas-pour-les-politiciens\/","og_site_name":"LE PUBLIC","article_published_time":"2022-11-17T15:34:57+00:00","article_modified_time":"2022-11-17T16:12:57+00:00","og_image":[{"width":1920,"height":1080,"url":"https:\/\/www.public.sn\/wp-content\/uploads\/2022\/11\/MODIFIER.jpg","type":"image\/jpeg"}],"author":"LA REDACTION","twitter_card":"summary_large_image","twitter_misc":{"\u00c9crit par":"LA REDACTION","Dur\u00e9e de lecture estim\u00e9e":"1 minute"},"schema":{"@context":"https:\/\/schema.org","@graph":[{"@type":"Article","@id":"https:\/\/www.public.sn\/index.php\/2022\/11\/17\/le-bracelet-electronique-ne-serait-il-pas-pour-les-politiciens\/#article","isPartOf":{"@id":"https:\/\/www.public.sn\/index.php\/2022\/11\/17\/le-bracelet-electronique-ne-serait-il-pas-pour-les-politiciens\/"},"author":{"name":"LA REDACTION","@id":"https:\/\/www.public.sn\/#\/schema\/person\/cb76c8e1b8becc6be61fb5e92d6d0224"},"headline":"Le bracelet \u00e9lectronique ne serait-il pas pour les politiciens?","datePublished":"2022-11-17T15:34:57+00:00","dateModified":"2022-11-17T16:12:57+00:00","mainEntityOfPage":{"@id":"https:\/\/www.public.sn\/index.php\/2022\/11\/17\/le-bracelet-electronique-ne-serait-il-pas-pour-les-politiciens\/"},"wordCount":92,"commentCount":0,"publisher":{"@id":"https:\/\/www.public.sn\/#organization"},"image":{"@id":"https:\/\/www.public.sn\/index.php\/2022\/11\/17\/le-bracelet-electronique-ne-serait-il-pas-pour-les-politiciens\/#primaryimage"},"thumbnailUrl":"https:\/\/www.public.sn\/wp-content\/uploads\/2022\/11\/MODIFIER.jpg","keywords":["bracelet electronique","Prison","S\u00e9n\u00e9gal"],"articleSection":["ACTUALIT\u00c9S","PUBLIC TV","S\u00c9CURIT\u00c9 &amp; JUSTICE","S\u00c9N\u00c9GAL","SOCIETE"],"inLanguage":"fr-FR","potentialAction":[{"@type":"CommentAction","name":"Comment","target":["https:\/\/www.public.sn\/index.php\/2022\/11\/17\/le-bracelet-electronique-ne-serait-il-pas-pour-les-politiciens\/#respond"]}]},{"@type":"WebPage","@id":"https:\/\/www.public.sn\/index.php\/2022\/11\/17\/le-bracelet-electronique-ne-serait-il-pas-pour-les-politiciens\/","url":"https:\/\/www.public.sn\/index.php\/2022\/11\/17\/le-bracelet-electronique-ne-serait-il-pas-pour-les-politiciens\/","name":"Le bracelet \u00e9lectronique ne serait-il pas pour les politiciens? - LE PUBLIC","isPartOf":{"@id":"https:\/\/www.public.sn\/#website"},"primaryImageOfPage":{"@id":"https:\/\/www.public.sn\/index.php\/2022\/11\/17\/le-bracelet-electronique-ne-serait-il-pas-pour-les-politiciens\/#primaryimage"},"image":{"@id":"https:\/\/www.public.sn\/index.php\/2022\/11\/17\/le-bracelet-electronique-ne-serait-il-pas-pour-les-politiciens\/#primaryimage"},"thumbnailUrl":"https:\/\/www.public.sn\/wp-content\/uploads\/2022\/11\/MODIFIER.jpg","datePublished":"2022-11-17T15:34:57+00:00","dateModified":"2022-11-17T16:12:57+00:00","breadcrumb":{"@id":"https:\/\/www.public.sn\/index.php\/2022\/11\/17\/le-bracelet-electronique-ne-serait-il-pas-pour-les-politiciens\/#breadcrumb"},"inLanguage":"fr-FR","potentialAction":[{"@type":"ReadAction","target":["https:\/\/www.public.sn\/index.php\/2022\/11\/17\/le-bracelet-electronique-ne-serait-il-pas-pour-les-politiciens\/"]}]},{"@type":"ImageObject","inLanguage":"fr-FR","@id":"https:\/\/www.public.sn\/index.php\/2022\/11\/17\/le-bracelet-electronique-ne-serait-il-pas-pour-les-politiciens\/#primaryimage","url":"https:\/\/www.public.sn\/wp-content\/uploads\/2022\/11\/MODIFIER.jpg","contentUrl":"https:\/\/www.public.sn\/wp-content\/uploads\/2022\/11\/MODIFIER.jpg","width":1920,"height":1080,"caption":"Public Sn"},{"@type":"BreadcrumbList","@id":"https:\/\/www.public.sn\/index.php\/2022\/11\/17\/le-bracelet-electronique-ne-serait-il-pas-pour-les-politiciens\/#breadcrumb","itemListElement":[{"@type":"ListItem","position":1,"name":"Accueil","item":"https:\/\/www.public.sn\/"},{"@type":"ListItem","position":2,"name":"Le bracelet \u00e9lectronique ne serait-il pas pour les politiciens?"}]},{"@type":"WebSite","@id":"https:\/\/www.public.sn\/#website","url":"https:\/\/www.public.sn\/","name":"LE PUBLIC","description":"","publisher":{"@id":"https:\/\/www.public.sn\/#organization"},"potentialAction":[{"@type":"SearchAction","target":{"@type":"EntryPoint","urlTemplate":"https:\/\/www.public.sn\/?s={search_term_string}"},"query-input":{"@type":"PropertyValueSpecification","valueRequired":true,"valueName":"search_term_string"}}],"inLanguage":"fr-FR"},{"@type":"Organization","@id":"https:\/\/www.public.sn\/#organization","name":"LE PUBLIC","url":"https:\/\/www.public.sn\/","logo":{"@type":"ImageObject","inLanguage":"fr-FR","@id":"https:\/\/www.public.sn\/#\/schema\/logo\/image\/","url":"https:\/\/www.public.sn\/wp-content\/uploads\/2024\/05\/cropped-LOGO-PUBLIC.SN_.png","contentUrl":"https:\/\/www.public.sn\/wp-content\/uploads\/2024\/05\/cropped-LOGO-PUBLIC.SN_.png","width":682,"height":192,"caption":"LE PUBLIC"},"image":{"@id":"https:\/\/www.public.sn\/#\/schema\/logo\/image\/"}},{"@type":"Person","@id":"https:\/\/www.public.sn\/#\/schema\/person\/cb76c8e1b8becc6be61fb5e92d6d0224","name":"LA REDACTION","image":{"@type":"ImageObject","inLanguage":"fr-FR","@id":"https:\/\/www.public.sn\/#\/schema\/person\/image\/","url":"https:\/\/secure.gravatar.com\/avatar\/2dce5ddd34b8fef0180efe03aa2a9bee7d953856048f9a16b298190a3178407c?s=96&d=mm&r=g","contentUrl":"https:\/\/secure.gravatar.com\/avatar\/2dce5ddd34b8fef0180efe03aa2a9bee7d953856048f9a16b298190a3178407c?s=96&d=mm&r=g","caption":"LA REDACTION"},"url":"https:\/\/www.public.sn\/index.php\/author\/editeurpsn\/"}]}},"jetpack_featured_media_url":"https:\/\/www.public.sn\/wp-content\/uploads\/2022\/11\/MODIFIER.jpg","jetpack_sharing_enabled":true,"_links":{"self":[{"href":"https:\/\/www.public.sn\/index.php\/wp-json\/wp\/v2\/posts\/9010","targetHints":{"allow":["GET"]}}],"collection":[{"href":"https:\/\/www.public.sn\/index.php\/wp-json\/wp\/v2\/posts"}],"about":[{"href":"https:\/\/www.public.sn\/index.php\/wp-json\/wp\/v2\/types\/post"}],"author":[{"embeddable":true,"href":"https:\/\/www.public.sn\/index.php\/wp-json\/wp\/v2\/users\/7"}],"replies":[{"embeddable":true,"href":"https:\/\/www.public.sn\/index.php\/wp-json\/wp\/v2\/comments?post=9010"}],"version-history":[{"count":3,"href":"https:\/\/www.public.sn\/index.php\/wp-json\/wp\/v2\/posts\/9010\/revisions"}],"predecessor-version":[{"id":9056,"href":"https:\/\/www.public.sn\/index.php\/wp-json\/wp\/v2\/posts\/9010\/revisions\/9056"}],"wp:featuredmedia":[{"embeddable":true,"href":"https:\/\/www.public.sn\/index.php\/wp-json\/wp\/v2\/media\/9042"}],"wp:attachment":[{"href":"https:\/\/www.public.sn\/index.php\/wp-json\/wp\/v2\/media?parent=9010"}],"wp:term":[{"taxonomy":"category","embeddable":true,"href":"https:\/\/www.public.sn\/index.php\/wp-json\/wp\/v2\/categories?post=9010"},{"taxonomy":"post_tag","embeddable":true,"href":"https:\/\/www.public.sn\/index.php\/wp-json\/wp\/v2\/tags?post=9010"}],"curies":[{"name":"wp","href":"https:\/\/api.w.org\/{rel}","templated":true}]}}