{"id":9081,"date":"2022-11-17T19:25:23","date_gmt":"2022-11-17T19:25:23","guid":{"rendered":"https:\/\/www.public.sn\/?p=9081"},"modified":"2022-11-17T19:25:25","modified_gmt":"2022-11-17T19:25:25","slug":"qatar-2022-sadio-mane-finalement-forfait-video","status":"publish","type":"post","link":"https:\/\/www.public.sn\/index.php\/2022\/11\/17\/qatar-2022-sadio-mane-finalement-forfait-video\/","title":{"rendered":"Qatar 2022 : Sadio Man\u00e9 finalement forfait (Vid\u00e9o)"},"content":{"rendered":"<p><strong>Bless\u00e9 au genou le 08 novembre 2022, lors du dernier match de championnat avec son club du Bayern Munich face au Werder, l\u2019attaquant S\u00e9n\u00e9galais Sadio Man\u00e9 \u00e9tait bien pr\u00e9sent sur la liste des 26 Lions retenus par le s\u00e9lectionneur national Aliou Ciss\u00e9 pour la Coupe du monde 2022 qui d\u00e9butera \u00e0 partir du 20 novembre. Mais, convoqu\u00e9 ne veut pas dire en \u00e9tat de jouer. Malheureusement, et les derni\u00e8res informations ont conclu que le S\u00e9n\u00e9galais, Sadio Man\u00e9 est d\u00e9clar\u00e9 forfait.<\/strong><\/p><div class=\"publi-paragraphe1\" style=\"margin-top: 10px;margin-bottom: 10px;margin-left: auto;margin-right: auto;text-align: center;\" id=\"publi-1552995796\"><div class=\"publi-adlabel\">Publicit\u00e9<\/div><script async src=\"\/\/pagead2.googlesyndication.com\/pagead\/js\/adsbygoogle.js?client=ca-pub-4089586018074219\" crossorigin=\"anonymous\"><\/script><ins class=\"adsbygoogle\" style=\"display:block;\" data-ad-client=\"ca-pub-4089586018074219\" \ndata-ad-slot=\"2087940154\" \ndata-ad-format=\"auto\"><\/ins>\n<script> \n(adsbygoogle = window.adsbygoogle || []).push({}); \n<\/script>\n<\/div>\n<p><iframe title=\"Les m\u00e9decins de l\u2019\u00e9quipe nationale de football se prononcent sur l\u2019\u00e9tat de sant\u00e9 de Sadio Man\u00e9\" src=\"https:\/\/www.youtube.com\/embed\/xnDHlFx2K58\" width=\"827\" height=\"465\" frameborder=\"0\" allowfullscreen=\"allowfullscreen\"><\/iframe><\/p>\n<div class=\"publi-apres-le-contenu\" style=\"margin-top: 10px;margin-bottom: 10px;margin-left: auto;margin-right: auto;text-align: center;\" id=\"publi-3453239553\"><div class=\"publi-adlabel\">Publicit\u00e9<\/div><script async src=\"\/\/pagead2.googlesyndication.com\/pagead\/js\/adsbygoogle.js?client=ca-pub-4089586018074219\" crossorigin=\"anonymous\"><\/script><ins class=\"adsbygoogle\" style=\"display:block;\" data-ad-client=\"ca-pub-4089586018074219\" \ndata-ad-slot=\"2087940154\" \ndata-ad-format=\"auto\"><\/ins>\n<script> \n(adsbygoogle = window.adsbygoogle || []).push({}); \n<\/script>\n<\/div>","protected":false},"excerpt":{"rendered":"<p>Bless\u00e9 au genou le 08 novembre 2022, lors du dernier match de championnat avec son club du Bayern Munich face au Werder, l\u2019attaquant S\u00e9n\u00e9galais Sadio Man\u00e9 \u00e9tait bien pr\u00e9sent sur la liste des 26 Lions retenus par le s\u00e9lectionneur national Aliou Ciss\u00e9 pour la Coupe du monde 2022 qui d\u00e9butera \u00e0 partir du 20 novembre. Mais, convoqu\u00e9 ne veut pas dire en \u00e9tat de jouer. Malheureusement, et les derni\u00e8res informations ont conclu que le S\u00e9n\u00e9galais, Sadio Man\u00e9 est d\u00e9clar\u00e9 forfait.<\/p>\n","protected":false},"author":1,"featured_media":7695,"comment_status":"open","ping_status":"open","sticky":false,"template":"","format":"standard","meta":{"_jetpack_memberships_contains_paid_content":false,"footnotes":""},"categories":[375,1,7,372,6],"tags":[56,47],"class_list":["post-9081","post","type-post","status-publish","format-standard","has-post-thumbnail","hentry","category-actualites","category-non-classe","category-sport","category-vedette","category-videos","tag-qatar-2022","tag-sadio-mane","entry","has-media","owp-thumbs-layout-horizontal","owp-btn-normal","owp-tabs-layout-horizontal","has-no-thumbnails","has-product-nav"],"yoast_head":"<!-- This site is optimized with the Yoast SEO plugin v25.5 - https:\/\/yoast.com\/wordpress\/plugins\/seo\/ -->\n<title>Qatar 2022 : Sadio Man\u00e9 finalement forfait (Vid\u00e9o) - LE PUBLIC<\/title>\n<meta name=\"robots\" content=\"index, follow, max-snippet:-1, max-image-preview:large, max-video-preview:-1\" \/>\n<link rel=\"canonical\" href=\"https:\/\/www.public.sn\/index.php\/2022\/11\/17\/qatar-2022-sadio-mane-finalement-forfait-video\/\" \/>\n<meta property=\"og:locale\" content=\"fr_FR\" \/>\n<meta property=\"og:type\" content=\"article\" \/>\n<meta property=\"og:title\" content=\"Qatar 2022 : Sadio Man\u00e9 finalement forfait (Vid\u00e9o) - LE PUBLIC\" \/>\n<meta property=\"og:description\" content=\"Bless\u00e9 au genou le 08 novembre 2022, lors du dernier match de championnat avec son club du Bayern Munich face au Werder, l\u2019attaquant S\u00e9n\u00e9galais Sadio Man\u00e9 \u00e9tait bien pr\u00e9sent sur la liste des 26 Lions retenus par le s\u00e9lectionneur national Aliou Ciss\u00e9 pour la Coupe du monde 2022 qui d\u00e9butera \u00e0 partir du 20 novembre. Mais, convoqu\u00e9 ne veut pas dire en \u00e9tat de jouer. Malheureusement, et les derni\u00e8res informations ont conclu que le S\u00e9n\u00e9galais, Sadio Man\u00e9 est d\u00e9clar\u00e9 forfait.\" \/>\n<meta property=\"og:url\" content=\"https:\/\/www.public.sn\/index.php\/2022\/11\/17\/qatar-2022-sadio-mane-finalement-forfait-video\/\" \/>\n<meta property=\"og:site_name\" content=\"LE PUBLIC\" \/>\n<meta property=\"article:published_time\" content=\"2022-11-17T19:25:23+00:00\" \/>\n<meta property=\"article:modified_time\" content=\"2022-11-17T19:25:25+00:00\" \/>\n<meta property=\"og:image\" content=\"https:\/\/www.public.sn\/wp-content\/uploads\/2022\/11\/sadio-mane.jpg\" \/>\n\t<meta property=\"og:image:width\" content=\"1200\" \/>\n\t<meta property=\"og:image:height\" content=\"675\" \/>\n\t<meta property=\"og:image:type\" content=\"image\/jpeg\" \/>\n<meta name=\"author\" content=\"LA REDACTION\" \/>\n<meta name=\"twitter:card\" content=\"summary_large_image\" \/>\n<meta name=\"twitter:label1\" content=\"\u00c9crit par\" \/>\n\t<meta name=\"twitter:data1\" content=\"LA REDACTION\" \/>\n\t<meta name=\"twitter:label2\" content=\"Dur\u00e9e de lecture estim\u00e9e\" \/>\n\t<meta name=\"twitter:data2\" content=\"1 minute\" \/>\n<script type=\"application\/ld+json\" class=\"yoast-schema-graph\">{\"@context\":\"https:\/\/schema.org\",\"@graph\":[{\"@type\":\"Article\",\"@id\":\"https:\/\/www.public.sn\/index.php\/2022\/11\/17\/qatar-2022-sadio-mane-finalement-forfait-video\/#article\",\"isPartOf\":{\"@id\":\"https:\/\/www.public.sn\/index.php\/2022\/11\/17\/qatar-2022-sadio-mane-finalement-forfait-video\/\"},\"author\":{\"name\":\"LA REDACTION\",\"@id\":\"https:\/\/www.public.sn\/#\/schema\/person\/e3f4a11b037d4203902db148f9bc8d5a\"},\"headline\":\"Qatar 2022 : Sadio Man\u00e9 finalement forfait (Vid\u00e9o)\",\"datePublished\":\"2022-11-17T19:25:23+00:00\",\"dateModified\":\"2022-11-17T19:25:25+00:00\",\"mainEntityOfPage\":{\"@id\":\"https:\/\/www.public.sn\/index.php\/2022\/11\/17\/qatar-2022-sadio-mane-finalement-forfait-video\/\"},\"wordCount\":91,\"commentCount\":0,\"publisher\":{\"@id\":\"https:\/\/www.public.sn\/#organization\"},\"image\":{\"@id\":\"https:\/\/www.public.sn\/index.php\/2022\/11\/17\/qatar-2022-sadio-mane-finalement-forfait-video\/#primaryimage\"},\"thumbnailUrl\":\"https:\/\/www.public.sn\/wp-content\/uploads\/2022\/11\/sadio-mane.jpg\",\"keywords\":[\"Qatar 2022\",\"Sadio Man\u00e9\"],\"articleSection\":[\"ACTUALIT\u00c9S\",\"S\u00c9N\u00c9GAL\",\"SPORTS\",\"VEDETTE\",\"VIDEOS\"],\"inLanguage\":\"fr-FR\",\"potentialAction\":[{\"@type\":\"CommentAction\",\"name\":\"Comment\",\"target\":[\"https:\/\/www.public.sn\/index.php\/2022\/11\/17\/qatar-2022-sadio-mane-finalement-forfait-video\/#respond\"]}]},{\"@type\":\"WebPage\",\"@id\":\"https:\/\/www.public.sn\/index.php\/2022\/11\/17\/qatar-2022-sadio-mane-finalement-forfait-video\/\",\"url\":\"https:\/\/www.public.sn\/index.php\/2022\/11\/17\/qatar-2022-sadio-mane-finalement-forfait-video\/\",\"name\":\"Qatar 2022 : Sadio Man\u00e9 finalement forfait (Vid\u00e9o) - LE PUBLIC\",\"isPartOf\":{\"@id\":\"https:\/\/www.public.sn\/#website\"},\"primaryImageOfPage\":{\"@id\":\"https:\/\/www.public.sn\/index.php\/2022\/11\/17\/qatar-2022-sadio-mane-finalement-forfait-video\/#primaryimage\"},\"image\":{\"@id\":\"https:\/\/www.public.sn\/index.php\/2022\/11\/17\/qatar-2022-sadio-mane-finalement-forfait-video\/#primaryimage\"},\"thumbnailUrl\":\"https:\/\/www.public.sn\/wp-content\/uploads\/2022\/11\/sadio-mane.jpg\",\"datePublished\":\"2022-11-17T19:25:23+00:00\",\"dateModified\":\"2022-11-17T19:25:25+00:00\",\"breadcrumb\":{\"@id\":\"https:\/\/www.public.sn\/index.php\/2022\/11\/17\/qatar-2022-sadio-mane-finalement-forfait-video\/#breadcrumb\"},\"inLanguage\":\"fr-FR\",\"potentialAction\":[{\"@type\":\"ReadAction\",\"target\":[\"https:\/\/www.public.sn\/index.php\/2022\/11\/17\/qatar-2022-sadio-mane-finalement-forfait-video\/\"]}]},{\"@type\":\"ImageObject\",\"inLanguage\":\"fr-FR\",\"@id\":\"https:\/\/www.public.sn\/index.php\/2022\/11\/17\/qatar-2022-sadio-mane-finalement-forfait-video\/#primaryimage\",\"url\":\"https:\/\/www.public.sn\/wp-content\/uploads\/2022\/11\/sadio-mane.jpg\",\"contentUrl\":\"https:\/\/www.public.sn\/wp-content\/uploads\/2022\/11\/sadio-mane.jpg\",\"width\":1200,\"height\":675,\"caption\":\"publicsn\"},{\"@type\":\"BreadcrumbList\",\"@id\":\"https:\/\/www.public.sn\/index.php\/2022\/11\/17\/qatar-2022-sadio-mane-finalement-forfait-video\/#breadcrumb\",\"itemListElement\":[{\"@type\":\"ListItem\",\"position\":1,\"name\":\"Accueil\",\"item\":\"https:\/\/www.public.sn\/\"},{\"@type\":\"ListItem\",\"position\":2,\"name\":\"Qatar 2022 : Sadio Man\u00e9 finalement forfait (Vid\u00e9o)\"}]},{\"@type\":\"WebSite\",\"@id\":\"https:\/\/www.public.sn\/#website\",\"url\":\"https:\/\/www.public.sn\/\",\"name\":\"LE PUBLIC\",\"description\":\"\",\"publisher\":{\"@id\":\"https:\/\/www.public.sn\/#organization\"},\"potentialAction\":[{\"@type\":\"SearchAction\",\"target\":{\"@type\":\"EntryPoint\",\"urlTemplate\":\"https:\/\/www.public.sn\/?s={search_term_string}\"},\"query-input\":{\"@type\":\"PropertyValueSpecification\",\"valueRequired\":true,\"valueName\":\"search_term_string\"}}],\"inLanguage\":\"fr-FR\"},{\"@type\":\"Organization\",\"@id\":\"https:\/\/www.public.sn\/#organization\",\"name\":\"LE PUBLIC\",\"url\":\"https:\/\/www.public.sn\/\",\"logo\":{\"@type\":\"ImageObject\",\"inLanguage\":\"fr-FR\",\"@id\":\"https:\/\/www.public.sn\/#\/schema\/logo\/image\/\",\"url\":\"https:\/\/www.public.sn\/wp-content\/uploads\/2024\/05\/cropped-LOGO-PUBLIC.SN_.png\",\"contentUrl\":\"https:\/\/www.public.sn\/wp-content\/uploads\/2024\/05\/cropped-LOGO-PUBLIC.SN_.png\",\"width\":682,\"height\":192,\"caption\":\"LE PUBLIC\"},\"image\":{\"@id\":\"https:\/\/www.public.sn\/#\/schema\/logo\/image\/\"}},{\"@type\":\"Person\",\"@id\":\"https:\/\/www.public.sn\/#\/schema\/person\/e3f4a11b037d4203902db148f9bc8d5a\",\"name\":\"LA REDACTION\",\"image\":{\"@type\":\"ImageObject\",\"inLanguage\":\"fr-FR\",\"@id\":\"https:\/\/www.public.sn\/#\/schema\/person\/image\/\",\"url\":\"https:\/\/secure.gravatar.com\/avatar\/d6c030db45db2883c075085c5d6c6258654a801a93766b49af0b82d4f454e2a5?s=96&d=mm&r=g\",\"contentUrl\":\"https:\/\/secure.gravatar.com\/avatar\/d6c030db45db2883c075085c5d6c6258654a801a93766b49af0b82d4f454e2a5?s=96&d=mm&r=g\",\"caption\":\"LA REDACTION\"},\"sameAs\":[\"http:\/\/www.public.sn\"],\"url\":\"https:\/\/www.public.sn\/index.php\/author\/admin7324\/\"}]}<\/script>\n<!-- \/ Yoast SEO plugin. -->","yoast_head_json":{"title":"Qatar 2022 : Sadio Man\u00e9 finalement forfait (Vid\u00e9o) - LE PUBLIC","robots":{"index":"index","follow":"follow","max-snippet":"max-snippet:-1","max-image-preview":"max-image-preview:large","max-video-preview":"max-video-preview:-1"},"canonical":"https:\/\/www.public.sn\/index.php\/2022\/11\/17\/qatar-2022-sadio-mane-finalement-forfait-video\/","og_locale":"fr_FR","og_type":"article","og_title":"Qatar 2022 : Sadio Man\u00e9 finalement forfait (Vid\u00e9o) - LE PUBLIC","og_description":"Bless\u00e9 au genou le 08 novembre 2022, lors du dernier match de championnat avec son club du Bayern Munich face au Werder, l\u2019attaquant S\u00e9n\u00e9galais Sadio Man\u00e9 \u00e9tait bien pr\u00e9sent sur la liste des 26 Lions retenus par le s\u00e9lectionneur national Aliou Ciss\u00e9 pour la Coupe du monde 2022 qui d\u00e9butera \u00e0 partir du 20 novembre. Mais, convoqu\u00e9 ne veut pas dire en \u00e9tat de jouer. Malheureusement, et les derni\u00e8res informations ont conclu que le S\u00e9n\u00e9galais, Sadio Man\u00e9 est d\u00e9clar\u00e9 forfait.","og_url":"https:\/\/www.public.sn\/index.php\/2022\/11\/17\/qatar-2022-sadio-mane-finalement-forfait-video\/","og_site_name":"LE PUBLIC","article_published_time":"2022-11-17T19:25:23+00:00","article_modified_time":"2022-11-17T19:25:25+00:00","og_image":[{"width":1200,"height":675,"url":"https:\/\/www.public.sn\/wp-content\/uploads\/2022\/11\/sadio-mane.jpg","type":"image\/jpeg"}],"author":"LA REDACTION","twitter_card":"summary_large_image","twitter_misc":{"\u00c9crit par":"LA REDACTION","Dur\u00e9e de lecture estim\u00e9e":"1 minute"},"schema":{"@context":"https:\/\/schema.org","@graph":[{"@type":"Article","@id":"https:\/\/www.public.sn\/index.php\/2022\/11\/17\/qatar-2022-sadio-mane-finalement-forfait-video\/#article","isPartOf":{"@id":"https:\/\/www.public.sn\/index.php\/2022\/11\/17\/qatar-2022-sadio-mane-finalement-forfait-video\/"},"author":{"name":"LA REDACTION","@id":"https:\/\/www.public.sn\/#\/schema\/person\/e3f4a11b037d4203902db148f9bc8d5a"},"headline":"Qatar 2022 : Sadio Man\u00e9 finalement forfait (Vid\u00e9o)","datePublished":"2022-11-17T19:25:23+00:00","dateModified":"2022-11-17T19:25:25+00:00","mainEntityOfPage":{"@id":"https:\/\/www.public.sn\/index.php\/2022\/11\/17\/qatar-2022-sadio-mane-finalement-forfait-video\/"},"wordCount":91,"commentCount":0,"publisher":{"@id":"https:\/\/www.public.sn\/#organization"},"image":{"@id":"https:\/\/www.public.sn\/index.php\/2022\/11\/17\/qatar-2022-sadio-mane-finalement-forfait-video\/#primaryimage"},"thumbnailUrl":"https:\/\/www.public.sn\/wp-content\/uploads\/2022\/11\/sadio-mane.jpg","keywords":["Qatar 2022","Sadio Man\u00e9"],"articleSection":["ACTUALIT\u00c9S","S\u00c9N\u00c9GAL","SPORTS","VEDETTE","VIDEOS"],"inLanguage":"fr-FR","potentialAction":[{"@type":"CommentAction","name":"Comment","target":["https:\/\/www.public.sn\/index.php\/2022\/11\/17\/qatar-2022-sadio-mane-finalement-forfait-video\/#respond"]}]},{"@type":"WebPage","@id":"https:\/\/www.public.sn\/index.php\/2022\/11\/17\/qatar-2022-sadio-mane-finalement-forfait-video\/","url":"https:\/\/www.public.sn\/index.php\/2022\/11\/17\/qatar-2022-sadio-mane-finalement-forfait-video\/","name":"Qatar 2022 : Sadio Man\u00e9 finalement forfait (Vid\u00e9o) - LE PUBLIC","isPartOf":{"@id":"https:\/\/www.public.sn\/#website"},"primaryImageOfPage":{"@id":"https:\/\/www.public.sn\/index.php\/2022\/11\/17\/qatar-2022-sadio-mane-finalement-forfait-video\/#primaryimage"},"image":{"@id":"https:\/\/www.public.sn\/index.php\/2022\/11\/17\/qatar-2022-sadio-mane-finalement-forfait-video\/#primaryimage"},"thumbnailUrl":"https:\/\/www.public.sn\/wp-content\/uploads\/2022\/11\/sadio-mane.jpg","datePublished":"2022-11-17T19:25:23+00:00","dateModified":"2022-11-17T19:25:25+00:00","breadcrumb":{"@id":"https:\/\/www.public.sn\/index.php\/2022\/11\/17\/qatar-2022-sadio-mane-finalement-forfait-video\/#breadcrumb"},"inLanguage":"fr-FR","potentialAction":[{"@type":"ReadAction","target":["https:\/\/www.public.sn\/index.php\/2022\/11\/17\/qatar-2022-sadio-mane-finalement-forfait-video\/"]}]},{"@type":"ImageObject","inLanguage":"fr-FR","@id":"https:\/\/www.public.sn\/index.php\/2022\/11\/17\/qatar-2022-sadio-mane-finalement-forfait-video\/#primaryimage","url":"https:\/\/www.public.sn\/wp-content\/uploads\/2022\/11\/sadio-mane.jpg","contentUrl":"https:\/\/www.public.sn\/wp-content\/uploads\/2022\/11\/sadio-mane.jpg","width":1200,"height":675,"caption":"publicsn"},{"@type":"BreadcrumbList","@id":"https:\/\/www.public.sn\/index.php\/2022\/11\/17\/qatar-2022-sadio-mane-finalement-forfait-video\/#breadcrumb","itemListElement":[{"@type":"ListItem","position":1,"name":"Accueil","item":"https:\/\/www.public.sn\/"},{"@type":"ListItem","position":2,"name":"Qatar 2022 : Sadio Man\u00e9 finalement forfait (Vid\u00e9o)"}]},{"@type":"WebSite","@id":"https:\/\/www.public.sn\/#website","url":"https:\/\/www.public.sn\/","name":"LE PUBLIC","description":"","publisher":{"@id":"https:\/\/www.public.sn\/#organization"},"potentialAction":[{"@type":"SearchAction","target":{"@type":"EntryPoint","urlTemplate":"https:\/\/www.public.sn\/?s={search_term_string}"},"query-input":{"@type":"PropertyValueSpecification","valueRequired":true,"valueName":"search_term_string"}}],"inLanguage":"fr-FR"},{"@type":"Organization","@id":"https:\/\/www.public.sn\/#organization","name":"LE PUBLIC","url":"https:\/\/www.public.sn\/","logo":{"@type":"ImageObject","inLanguage":"fr-FR","@id":"https:\/\/www.public.sn\/#\/schema\/logo\/image\/","url":"https:\/\/www.public.sn\/wp-content\/uploads\/2024\/05\/cropped-LOGO-PUBLIC.SN_.png","contentUrl":"https:\/\/www.public.sn\/wp-content\/uploads\/2024\/05\/cropped-LOGO-PUBLIC.SN_.png","width":682,"height":192,"caption":"LE PUBLIC"},"image":{"@id":"https:\/\/www.public.sn\/#\/schema\/logo\/image\/"}},{"@type":"Person","@id":"https:\/\/www.public.sn\/#\/schema\/person\/e3f4a11b037d4203902db148f9bc8d5a","name":"LA REDACTION","image":{"@type":"ImageObject","inLanguage":"fr-FR","@id":"https:\/\/www.public.sn\/#\/schema\/person\/image\/","url":"https:\/\/secure.gravatar.com\/avatar\/d6c030db45db2883c075085c5d6c6258654a801a93766b49af0b82d4f454e2a5?s=96&d=mm&r=g","contentUrl":"https:\/\/secure.gravatar.com\/avatar\/d6c030db45db2883c075085c5d6c6258654a801a93766b49af0b82d4f454e2a5?s=96&d=mm&r=g","caption":"LA REDACTION"},"sameAs":["http:\/\/www.public.sn"],"url":"https:\/\/www.public.sn\/index.php\/author\/admin7324\/"}]}},"jetpack_featured_media_url":"https:\/\/www.public.sn\/wp-content\/uploads\/2022\/11\/sadio-mane.jpg","jetpack_sharing_enabled":true,"_links":{"self":[{"href":"https:\/\/www.public.sn\/index.php\/wp-json\/wp\/v2\/posts\/9081","targetHints":{"allow":["GET"]}}],"collection":[{"href":"https:\/\/www.public.sn\/index.php\/wp-json\/wp\/v2\/posts"}],"about":[{"href":"https:\/\/www.public.sn\/index.php\/wp-json\/wp\/v2\/types\/post"}],"author":[{"embeddable":true,"href":"https:\/\/www.public.sn\/index.php\/wp-json\/wp\/v2\/users\/1"}],"replies":[{"embeddable":true,"href":"https:\/\/www.public.sn\/index.php\/wp-json\/wp\/v2\/comments?post=9081"}],"version-history":[{"count":2,"href":"https:\/\/www.public.sn\/index.php\/wp-json\/wp\/v2\/posts\/9081\/revisions"}],"predecessor-version":[{"id":9083,"href":"https:\/\/www.public.sn\/index.php\/wp-json\/wp\/v2\/posts\/9081\/revisions\/9083"}],"wp:featuredmedia":[{"embeddable":true,"href":"https:\/\/www.public.sn\/index.php\/wp-json\/wp\/v2\/media\/7695"}],"wp:attachment":[{"href":"https:\/\/www.public.sn\/index.php\/wp-json\/wp\/v2\/media?parent=9081"}],"wp:term":[{"taxonomy":"category","embeddable":true,"href":"https:\/\/www.public.sn\/index.php\/wp-json\/wp\/v2\/categories?post=9081"},{"taxonomy":"post_tag","embeddable":true,"href":"https:\/\/www.public.sn\/index.php\/wp-json\/wp\/v2\/tags?post=9081"}],"curies":[{"name":"wp","href":"https:\/\/api.w.org\/{rel}","templated":true}]}}