{"id":9084,"date":"2022-11-18T08:13:37","date_gmt":"2022-11-18T08:13:37","guid":{"rendered":"https:\/\/www.public.sn\/?p=9084"},"modified":"2022-11-18T08:13:50","modified_gmt":"2022-11-18T08:13:50","slug":"qatar-meme-forfait-sadio-reste-sur-la-liste","status":"publish","type":"post","link":"https:\/\/www.public.sn\/index.php\/2022\/11\/18\/qatar-meme-forfait-sadio-reste-sur-la-liste\/","title":{"rendered":"Qatar\u00a02022: M\u00eame forfait, Sadio reste sur la liste."},"content":{"rendered":"\n<p><\/p>\n\n\n\n<p><strong>La nouvelle du forfait de Sadio Man\u00e9 a \u00e9t\u00e9 comme une bombe pour les amateurs du football. Ceux-ci avaient un brin d\u2019espoir que le maitre \u00e0 jouer de l\u2019\u00e9quipe Nationale du S\u00e9n\u00e9gal pourrait rejoindre ses co\u00e9quipiers avant la fin des matchs de poule<\/strong>.<\/p><div class=\"publi-paragraphe1\" style=\"margin-top: 10px;margin-bottom: 10px;margin-left: auto;margin-right: auto;text-align: center;\" id=\"publi-3678852781\"><div class=\"publi-adlabel\">Publicit\u00e9<\/div><script async src=\"\/\/pagead2.googlesyndication.com\/pagead\/js\/adsbygoogle.js?client=ca-pub-4089586018074219\" crossorigin=\"anonymous\"><\/script><ins class=\"adsbygoogle\" style=\"display:block;\" data-ad-client=\"ca-pub-4089586018074219\" \ndata-ad-slot=\"2087940154\" \ndata-ad-format=\"auto\"><\/ins>\n<script> \n(adsbygoogle = window.adsbygoogle || []).push({}); \n<\/script>\n<\/div>\n\n\n\n<p><\/p>\n\n\n\n<p> Une possibilit\u00e9 d\u00e9sormais \u00e9cart\u00e9e suite \u00e0 son op\u00e9ration. Toutefois l\u2019entraineur national, Aliou Ciss\u00e9 a d\u00e9cid\u00e9 de le maintenir dans la liste des joueurs retenus pour la coupe du monde. Une d\u00e9cision prise en accord avec la f\u00e9d\u00e9ration s\u00e9n\u00e9galaise de football.<\/p>\n\n\n\n<p><\/p>\n\n\n\n<p>D\u2019apr\u00e8s le journal Observateur, cette d\u00e9cision a \u00e9t\u00e9 prise pour au moins trois raisons : t\u00e9moigner au double Ballon d\u2019Or la solidarit\u00e9 du S\u00e9n\u00e9gal, lui permettre de b\u00e9n\u00e9ficier d\u2019une m\u00e9daille en cas d\u2019exploit des champions d\u2019Afrique et d\u2019\u00eatre \u00e9ligible pour d\u2019\u00e9ventuelles primes au terme de la comp\u00e9tition.&nbsp;&nbsp;<\/p>\n\n\n\n<p>Samba SY.<\/p>\n<div class=\"publi-apres-le-contenu\" style=\"margin-top: 10px;margin-bottom: 10px;margin-left: auto;margin-right: auto;text-align: center;\" id=\"publi-3452444120\"><div class=\"publi-adlabel\">Publicit\u00e9<\/div><script async src=\"\/\/pagead2.googlesyndication.com\/pagead\/js\/adsbygoogle.js?client=ca-pub-4089586018074219\" crossorigin=\"anonymous\"><\/script><ins class=\"adsbygoogle\" style=\"display:block;\" data-ad-client=\"ca-pub-4089586018074219\" \ndata-ad-slot=\"2087940154\" \ndata-ad-format=\"auto\"><\/ins>\n<script> \n(adsbygoogle = window.adsbygoogle || []).push({}); \n<\/script>\n<\/div>","protected":false},"excerpt":{"rendered":"<p>La nouvelle du forfait de Sadio Man\u00e9 a \u00e9t\u00e9 comme une bombe pour les amateurs du football. Ceux-ci avaient un brin d\u2019espoir que le maitre \u00e0 jouer de l\u2019\u00e9quipe Nationale du S\u00e9n\u00e9gal pourrait rejoindre ses co\u00e9quipiers avant la fin des matchs de poule. Une possibilit\u00e9 d\u00e9sormais \u00e9cart\u00e9e suite \u00e0 son op\u00e9ration. Toutefois l\u2019entraineur national, Aliou Ciss\u00e9 a d\u00e9cid\u00e9 de le maintenir dans la liste des joueurs retenus pour la coupe du monde. Une d\u00e9cision prise en accord avec la f\u00e9d\u00e9ration s\u00e9n\u00e9galaise de football. D\u2019apr\u00e8s le journal Observateur, cette d\u00e9cision a \u00e9t\u00e9 prise pour au moins trois raisons : t\u00e9moigner au double Ballon d\u2019Or la solidarit\u00e9 du S\u00e9n\u00e9gal, lui permettre de b\u00e9n\u00e9ficier d\u2019une m\u00e9daille en cas d\u2019exploit des champions d\u2019Afrique et d\u2019\u00eatre \u00e9ligible pour d\u2019\u00e9ventuelles primes au terme de la comp\u00e9tition.&nbsp;&nbsp; Samba SY.<\/p>\n","protected":false},"author":7,"featured_media":9085,"comment_status":"open","ping_status":"open","sticky":false,"template":"","format":"standard","meta":{"_jetpack_memberships_contains_paid_content":false,"footnotes":""},"categories":[375,1,7],"tags":[2052,2062,47],"class_list":["post-9084","post","type-post","status-publish","format-standard","has-post-thumbnail","hentry","category-actualites","category-non-classe","category-sport","tag-forfait","tag-liste","tag-sadio-mane","entry","has-media","owp-thumbs-layout-horizontal","owp-btn-normal","owp-tabs-layout-horizontal","has-no-thumbnails","has-product-nav"],"yoast_head":"<!-- This site is optimized with the Yoast SEO plugin v25.5 - https:\/\/yoast.com\/wordpress\/plugins\/seo\/ -->\n<title>Qatar\u00a02022: M\u00eame forfait, Sadio reste sur la liste. - LE PUBLIC<\/title>\n<meta name=\"robots\" content=\"index, follow, max-snippet:-1, max-image-preview:large, max-video-preview:-1\" \/>\n<link rel=\"canonical\" href=\"https:\/\/www.public.sn\/index.php\/2022\/11\/18\/qatar-meme-forfait-sadio-reste-sur-la-liste\/\" \/>\n<meta property=\"og:locale\" content=\"fr_FR\" \/>\n<meta property=\"og:type\" content=\"article\" \/>\n<meta property=\"og:title\" content=\"Qatar\u00a02022: M\u00eame forfait, Sadio reste sur la liste. - LE PUBLIC\" \/>\n<meta property=\"og:description\" content=\"La nouvelle du forfait de Sadio Man\u00e9 a \u00e9t\u00e9 comme une bombe pour les amateurs du football. Ceux-ci avaient un brin d\u2019espoir que le maitre \u00e0 jouer de l\u2019\u00e9quipe Nationale du S\u00e9n\u00e9gal pourrait rejoindre ses co\u00e9quipiers avant la fin des matchs de poule. Une possibilit\u00e9 d\u00e9sormais \u00e9cart\u00e9e suite \u00e0 son op\u00e9ration. Toutefois l\u2019entraineur national, Aliou Ciss\u00e9 a d\u00e9cid\u00e9 de le maintenir dans la liste des joueurs retenus pour la coupe du monde. Une d\u00e9cision prise en accord avec la f\u00e9d\u00e9ration s\u00e9n\u00e9galaise de football. D\u2019apr\u00e8s le journal Observateur, cette d\u00e9cision a \u00e9t\u00e9 prise pour au moins trois raisons : t\u00e9moigner au double Ballon d\u2019Or la solidarit\u00e9 du S\u00e9n\u00e9gal, lui permettre de b\u00e9n\u00e9ficier d\u2019une m\u00e9daille en cas d\u2019exploit des champions d\u2019Afrique et d\u2019\u00eatre \u00e9ligible pour d\u2019\u00e9ventuelles primes au terme de la comp\u00e9tition.&nbsp;&nbsp; Samba SY.\" \/>\n<meta property=\"og:url\" content=\"https:\/\/www.public.sn\/index.php\/2022\/11\/18\/qatar-meme-forfait-sadio-reste-sur-la-liste\/\" \/>\n<meta property=\"og:site_name\" content=\"LE PUBLIC\" \/>\n<meta property=\"article:published_time\" content=\"2022-11-18T08:13:37+00:00\" \/>\n<meta property=\"article:modified_time\" content=\"2022-11-18T08:13:50+00:00\" \/>\n<meta property=\"og:image\" content=\"https:\/\/www.public.sn\/wp-content\/uploads\/2022\/11\/sadio-mane-1.jpg\" \/>\n\t<meta property=\"og:image:width\" content=\"634\" \/>\n\t<meta property=\"og:image:height\" content=\"871\" \/>\n\t<meta property=\"og:image:type\" content=\"image\/jpeg\" \/>\n<meta name=\"author\" content=\"LA REDACTION\" \/>\n<meta name=\"twitter:card\" content=\"summary_large_image\" \/>\n<meta name=\"twitter:label1\" content=\"\u00c9crit par\" \/>\n\t<meta name=\"twitter:data1\" content=\"LA REDACTION\" \/>\n\t<meta name=\"twitter:label2\" content=\"Dur\u00e9e de lecture estim\u00e9e\" \/>\n\t<meta name=\"twitter:data2\" content=\"1 minute\" \/>\n<script type=\"application\/ld+json\" class=\"yoast-schema-graph\">{\"@context\":\"https:\/\/schema.org\",\"@graph\":[{\"@type\":\"Article\",\"@id\":\"https:\/\/www.public.sn\/index.php\/2022\/11\/18\/qatar-meme-forfait-sadio-reste-sur-la-liste\/#article\",\"isPartOf\":{\"@id\":\"https:\/\/www.public.sn\/index.php\/2022\/11\/18\/qatar-meme-forfait-sadio-reste-sur-la-liste\/\"},\"author\":{\"name\":\"LA REDACTION\",\"@id\":\"https:\/\/www.public.sn\/#\/schema\/person\/cb76c8e1b8becc6be61fb5e92d6d0224\"},\"headline\":\"Qatar\u00a02022: M\u00eame forfait, Sadio reste sur la liste.\",\"datePublished\":\"2022-11-18T08:13:37+00:00\",\"dateModified\":\"2022-11-18T08:13:50+00:00\",\"mainEntityOfPage\":{\"@id\":\"https:\/\/www.public.sn\/index.php\/2022\/11\/18\/qatar-meme-forfait-sadio-reste-sur-la-liste\/\"},\"wordCount\":171,\"commentCount\":0,\"publisher\":{\"@id\":\"https:\/\/www.public.sn\/#organization\"},\"image\":{\"@id\":\"https:\/\/www.public.sn\/index.php\/2022\/11\/18\/qatar-meme-forfait-sadio-reste-sur-la-liste\/#primaryimage\"},\"thumbnailUrl\":\"https:\/\/www.public.sn\/wp-content\/uploads\/2022\/11\/sadio-mane-1.jpg\",\"keywords\":[\"forfait\",\"liste\",\"Sadio Man\u00e9\"],\"articleSection\":[\"ACTUALIT\u00c9S\",\"S\u00c9N\u00c9GAL\",\"SPORTS\"],\"inLanguage\":\"fr-FR\",\"potentialAction\":[{\"@type\":\"CommentAction\",\"name\":\"Comment\",\"target\":[\"https:\/\/www.public.sn\/index.php\/2022\/11\/18\/qatar-meme-forfait-sadio-reste-sur-la-liste\/#respond\"]}]},{\"@type\":\"WebPage\",\"@id\":\"https:\/\/www.public.sn\/index.php\/2022\/11\/18\/qatar-meme-forfait-sadio-reste-sur-la-liste\/\",\"url\":\"https:\/\/www.public.sn\/index.php\/2022\/11\/18\/qatar-meme-forfait-sadio-reste-sur-la-liste\/\",\"name\":\"Qatar\u00a02022: M\u00eame forfait, Sadio reste sur la liste. - LE PUBLIC\",\"isPartOf\":{\"@id\":\"https:\/\/www.public.sn\/#website\"},\"primaryImageOfPage\":{\"@id\":\"https:\/\/www.public.sn\/index.php\/2022\/11\/18\/qatar-meme-forfait-sadio-reste-sur-la-liste\/#primaryimage\"},\"image\":{\"@id\":\"https:\/\/www.public.sn\/index.php\/2022\/11\/18\/qatar-meme-forfait-sadio-reste-sur-la-liste\/#primaryimage\"},\"thumbnailUrl\":\"https:\/\/www.public.sn\/wp-content\/uploads\/2022\/11\/sadio-mane-1.jpg\",\"datePublished\":\"2022-11-18T08:13:37+00:00\",\"dateModified\":\"2022-11-18T08:13:50+00:00\",\"breadcrumb\":{\"@id\":\"https:\/\/www.public.sn\/index.php\/2022\/11\/18\/qatar-meme-forfait-sadio-reste-sur-la-liste\/#breadcrumb\"},\"inLanguage\":\"fr-FR\",\"potentialAction\":[{\"@type\":\"ReadAction\",\"target\":[\"https:\/\/www.public.sn\/index.php\/2022\/11\/18\/qatar-meme-forfait-sadio-reste-sur-la-liste\/\"]}]},{\"@type\":\"ImageObject\",\"inLanguage\":\"fr-FR\",\"@id\":\"https:\/\/www.public.sn\/index.php\/2022\/11\/18\/qatar-meme-forfait-sadio-reste-sur-la-liste\/#primaryimage\",\"url\":\"https:\/\/www.public.sn\/wp-content\/uploads\/2022\/11\/sadio-mane-1.jpg\",\"contentUrl\":\"https:\/\/www.public.sn\/wp-content\/uploads\/2022\/11\/sadio-mane-1.jpg\",\"width\":634,\"height\":871,\"caption\":\"publicsn\"},{\"@type\":\"BreadcrumbList\",\"@id\":\"https:\/\/www.public.sn\/index.php\/2022\/11\/18\/qatar-meme-forfait-sadio-reste-sur-la-liste\/#breadcrumb\",\"itemListElement\":[{\"@type\":\"ListItem\",\"position\":1,\"name\":\"Accueil\",\"item\":\"https:\/\/www.public.sn\/\"},{\"@type\":\"ListItem\",\"position\":2,\"name\":\"Qatar\u00a02022: M\u00eame forfait, Sadio reste sur la liste.\"}]},{\"@type\":\"WebSite\",\"@id\":\"https:\/\/www.public.sn\/#website\",\"url\":\"https:\/\/www.public.sn\/\",\"name\":\"LE PUBLIC\",\"description\":\"\",\"publisher\":{\"@id\":\"https:\/\/www.public.sn\/#organization\"},\"potentialAction\":[{\"@type\":\"SearchAction\",\"target\":{\"@type\":\"EntryPoint\",\"urlTemplate\":\"https:\/\/www.public.sn\/?s={search_term_string}\"},\"query-input\":{\"@type\":\"PropertyValueSpecification\",\"valueRequired\":true,\"valueName\":\"search_term_string\"}}],\"inLanguage\":\"fr-FR\"},{\"@type\":\"Organization\",\"@id\":\"https:\/\/www.public.sn\/#organization\",\"name\":\"LE PUBLIC\",\"url\":\"https:\/\/www.public.sn\/\",\"logo\":{\"@type\":\"ImageObject\",\"inLanguage\":\"fr-FR\",\"@id\":\"https:\/\/www.public.sn\/#\/schema\/logo\/image\/\",\"url\":\"https:\/\/www.public.sn\/wp-content\/uploads\/2024\/05\/cropped-LOGO-PUBLIC.SN_.png\",\"contentUrl\":\"https:\/\/www.public.sn\/wp-content\/uploads\/2024\/05\/cropped-LOGO-PUBLIC.SN_.png\",\"width\":682,\"height\":192,\"caption\":\"LE PUBLIC\"},\"image\":{\"@id\":\"https:\/\/www.public.sn\/#\/schema\/logo\/image\/\"}},{\"@type\":\"Person\",\"@id\":\"https:\/\/www.public.sn\/#\/schema\/person\/cb76c8e1b8becc6be61fb5e92d6d0224\",\"name\":\"LA REDACTION\",\"image\":{\"@type\":\"ImageObject\",\"inLanguage\":\"fr-FR\",\"@id\":\"https:\/\/www.public.sn\/#\/schema\/person\/image\/\",\"url\":\"https:\/\/secure.gravatar.com\/avatar\/2dce5ddd34b8fef0180efe03aa2a9bee7d953856048f9a16b298190a3178407c?s=96&d=mm&r=g\",\"contentUrl\":\"https:\/\/secure.gravatar.com\/avatar\/2dce5ddd34b8fef0180efe03aa2a9bee7d953856048f9a16b298190a3178407c?s=96&d=mm&r=g\",\"caption\":\"LA REDACTION\"},\"url\":\"https:\/\/www.public.sn\/index.php\/author\/editeurpsn\/\"}]}<\/script>\n<!-- \/ Yoast SEO plugin. -->","yoast_head_json":{"title":"Qatar\u00a02022: M\u00eame forfait, Sadio reste sur la liste. - LE PUBLIC","robots":{"index":"index","follow":"follow","max-snippet":"max-snippet:-1","max-image-preview":"max-image-preview:large","max-video-preview":"max-video-preview:-1"},"canonical":"https:\/\/www.public.sn\/index.php\/2022\/11\/18\/qatar-meme-forfait-sadio-reste-sur-la-liste\/","og_locale":"fr_FR","og_type":"article","og_title":"Qatar\u00a02022: M\u00eame forfait, Sadio reste sur la liste. - LE PUBLIC","og_description":"La nouvelle du forfait de Sadio Man\u00e9 a \u00e9t\u00e9 comme une bombe pour les amateurs du football. Ceux-ci avaient un brin d\u2019espoir que le maitre \u00e0 jouer de l\u2019\u00e9quipe Nationale du S\u00e9n\u00e9gal pourrait rejoindre ses co\u00e9quipiers avant la fin des matchs de poule. Une possibilit\u00e9 d\u00e9sormais \u00e9cart\u00e9e suite \u00e0 son op\u00e9ration. Toutefois l\u2019entraineur national, Aliou Ciss\u00e9 a d\u00e9cid\u00e9 de le maintenir dans la liste des joueurs retenus pour la coupe du monde. Une d\u00e9cision prise en accord avec la f\u00e9d\u00e9ration s\u00e9n\u00e9galaise de football. D\u2019apr\u00e8s le journal Observateur, cette d\u00e9cision a \u00e9t\u00e9 prise pour au moins trois raisons : t\u00e9moigner au double Ballon d\u2019Or la solidarit\u00e9 du S\u00e9n\u00e9gal, lui permettre de b\u00e9n\u00e9ficier d\u2019une m\u00e9daille en cas d\u2019exploit des champions d\u2019Afrique et d\u2019\u00eatre \u00e9ligible pour d\u2019\u00e9ventuelles primes au terme de la comp\u00e9tition.&nbsp;&nbsp; Samba SY.","og_url":"https:\/\/www.public.sn\/index.php\/2022\/11\/18\/qatar-meme-forfait-sadio-reste-sur-la-liste\/","og_site_name":"LE PUBLIC","article_published_time":"2022-11-18T08:13:37+00:00","article_modified_time":"2022-11-18T08:13:50+00:00","og_image":[{"width":634,"height":871,"url":"https:\/\/www.public.sn\/wp-content\/uploads\/2022\/11\/sadio-mane-1.jpg","type":"image\/jpeg"}],"author":"LA REDACTION","twitter_card":"summary_large_image","twitter_misc":{"\u00c9crit par":"LA REDACTION","Dur\u00e9e de lecture estim\u00e9e":"1 minute"},"schema":{"@context":"https:\/\/schema.org","@graph":[{"@type":"Article","@id":"https:\/\/www.public.sn\/index.php\/2022\/11\/18\/qatar-meme-forfait-sadio-reste-sur-la-liste\/#article","isPartOf":{"@id":"https:\/\/www.public.sn\/index.php\/2022\/11\/18\/qatar-meme-forfait-sadio-reste-sur-la-liste\/"},"author":{"name":"LA REDACTION","@id":"https:\/\/www.public.sn\/#\/schema\/person\/cb76c8e1b8becc6be61fb5e92d6d0224"},"headline":"Qatar\u00a02022: M\u00eame forfait, Sadio reste sur la liste.","datePublished":"2022-11-18T08:13:37+00:00","dateModified":"2022-11-18T08:13:50+00:00","mainEntityOfPage":{"@id":"https:\/\/www.public.sn\/index.php\/2022\/11\/18\/qatar-meme-forfait-sadio-reste-sur-la-liste\/"},"wordCount":171,"commentCount":0,"publisher":{"@id":"https:\/\/www.public.sn\/#organization"},"image":{"@id":"https:\/\/www.public.sn\/index.php\/2022\/11\/18\/qatar-meme-forfait-sadio-reste-sur-la-liste\/#primaryimage"},"thumbnailUrl":"https:\/\/www.public.sn\/wp-content\/uploads\/2022\/11\/sadio-mane-1.jpg","keywords":["forfait","liste","Sadio Man\u00e9"],"articleSection":["ACTUALIT\u00c9S","S\u00c9N\u00c9GAL","SPORTS"],"inLanguage":"fr-FR","potentialAction":[{"@type":"CommentAction","name":"Comment","target":["https:\/\/www.public.sn\/index.php\/2022\/11\/18\/qatar-meme-forfait-sadio-reste-sur-la-liste\/#respond"]}]},{"@type":"WebPage","@id":"https:\/\/www.public.sn\/index.php\/2022\/11\/18\/qatar-meme-forfait-sadio-reste-sur-la-liste\/","url":"https:\/\/www.public.sn\/index.php\/2022\/11\/18\/qatar-meme-forfait-sadio-reste-sur-la-liste\/","name":"Qatar\u00a02022: M\u00eame forfait, Sadio reste sur la liste. - LE PUBLIC","isPartOf":{"@id":"https:\/\/www.public.sn\/#website"},"primaryImageOfPage":{"@id":"https:\/\/www.public.sn\/index.php\/2022\/11\/18\/qatar-meme-forfait-sadio-reste-sur-la-liste\/#primaryimage"},"image":{"@id":"https:\/\/www.public.sn\/index.php\/2022\/11\/18\/qatar-meme-forfait-sadio-reste-sur-la-liste\/#primaryimage"},"thumbnailUrl":"https:\/\/www.public.sn\/wp-content\/uploads\/2022\/11\/sadio-mane-1.jpg","datePublished":"2022-11-18T08:13:37+00:00","dateModified":"2022-11-18T08:13:50+00:00","breadcrumb":{"@id":"https:\/\/www.public.sn\/index.php\/2022\/11\/18\/qatar-meme-forfait-sadio-reste-sur-la-liste\/#breadcrumb"},"inLanguage":"fr-FR","potentialAction":[{"@type":"ReadAction","target":["https:\/\/www.public.sn\/index.php\/2022\/11\/18\/qatar-meme-forfait-sadio-reste-sur-la-liste\/"]}]},{"@type":"ImageObject","inLanguage":"fr-FR","@id":"https:\/\/www.public.sn\/index.php\/2022\/11\/18\/qatar-meme-forfait-sadio-reste-sur-la-liste\/#primaryimage","url":"https:\/\/www.public.sn\/wp-content\/uploads\/2022\/11\/sadio-mane-1.jpg","contentUrl":"https:\/\/www.public.sn\/wp-content\/uploads\/2022\/11\/sadio-mane-1.jpg","width":634,"height":871,"caption":"publicsn"},{"@type":"BreadcrumbList","@id":"https:\/\/www.public.sn\/index.php\/2022\/11\/18\/qatar-meme-forfait-sadio-reste-sur-la-liste\/#breadcrumb","itemListElement":[{"@type":"ListItem","position":1,"name":"Accueil","item":"https:\/\/www.public.sn\/"},{"@type":"ListItem","position":2,"name":"Qatar\u00a02022: M\u00eame forfait, Sadio reste sur la liste."}]},{"@type":"WebSite","@id":"https:\/\/www.public.sn\/#website","url":"https:\/\/www.public.sn\/","name":"LE PUBLIC","description":"","publisher":{"@id":"https:\/\/www.public.sn\/#organization"},"potentialAction":[{"@type":"SearchAction","target":{"@type":"EntryPoint","urlTemplate":"https:\/\/www.public.sn\/?s={search_term_string}"},"query-input":{"@type":"PropertyValueSpecification","valueRequired":true,"valueName":"search_term_string"}}],"inLanguage":"fr-FR"},{"@type":"Organization","@id":"https:\/\/www.public.sn\/#organization","name":"LE PUBLIC","url":"https:\/\/www.public.sn\/","logo":{"@type":"ImageObject","inLanguage":"fr-FR","@id":"https:\/\/www.public.sn\/#\/schema\/logo\/image\/","url":"https:\/\/www.public.sn\/wp-content\/uploads\/2024\/05\/cropped-LOGO-PUBLIC.SN_.png","contentUrl":"https:\/\/www.public.sn\/wp-content\/uploads\/2024\/05\/cropped-LOGO-PUBLIC.SN_.png","width":682,"height":192,"caption":"LE PUBLIC"},"image":{"@id":"https:\/\/www.public.sn\/#\/schema\/logo\/image\/"}},{"@type":"Person","@id":"https:\/\/www.public.sn\/#\/schema\/person\/cb76c8e1b8becc6be61fb5e92d6d0224","name":"LA REDACTION","image":{"@type":"ImageObject","inLanguage":"fr-FR","@id":"https:\/\/www.public.sn\/#\/schema\/person\/image\/","url":"https:\/\/secure.gravatar.com\/avatar\/2dce5ddd34b8fef0180efe03aa2a9bee7d953856048f9a16b298190a3178407c?s=96&d=mm&r=g","contentUrl":"https:\/\/secure.gravatar.com\/avatar\/2dce5ddd34b8fef0180efe03aa2a9bee7d953856048f9a16b298190a3178407c?s=96&d=mm&r=g","caption":"LA REDACTION"},"url":"https:\/\/www.public.sn\/index.php\/author\/editeurpsn\/"}]}},"jetpack_featured_media_url":"https:\/\/www.public.sn\/wp-content\/uploads\/2022\/11\/sadio-mane-1.jpg","jetpack_sharing_enabled":true,"_links":{"self":[{"href":"https:\/\/www.public.sn\/index.php\/wp-json\/wp\/v2\/posts\/9084","targetHints":{"allow":["GET"]}}],"collection":[{"href":"https:\/\/www.public.sn\/index.php\/wp-json\/wp\/v2\/posts"}],"about":[{"href":"https:\/\/www.public.sn\/index.php\/wp-json\/wp\/v2\/types\/post"}],"author":[{"embeddable":true,"href":"https:\/\/www.public.sn\/index.php\/wp-json\/wp\/v2\/users\/7"}],"replies":[{"embeddable":true,"href":"https:\/\/www.public.sn\/index.php\/wp-json\/wp\/v2\/comments?post=9084"}],"version-history":[{"count":2,"href":"https:\/\/www.public.sn\/index.php\/wp-json\/wp\/v2\/posts\/9084\/revisions"}],"predecessor-version":[{"id":9087,"href":"https:\/\/www.public.sn\/index.php\/wp-json\/wp\/v2\/posts\/9084\/revisions\/9087"}],"wp:featuredmedia":[{"embeddable":true,"href":"https:\/\/www.public.sn\/index.php\/wp-json\/wp\/v2\/media\/9085"}],"wp:attachment":[{"href":"https:\/\/www.public.sn\/index.php\/wp-json\/wp\/v2\/media?parent=9084"}],"wp:term":[{"taxonomy":"category","embeddable":true,"href":"https:\/\/www.public.sn\/index.php\/wp-json\/wp\/v2\/categories?post=9084"},{"taxonomy":"post_tag","embeddable":true,"href":"https:\/\/www.public.sn\/index.php\/wp-json\/wp\/v2\/tags?post=9084"}],"curies":[{"name":"wp","href":"https:\/\/api.w.org\/{rel}","templated":true}]}}