{"id":9122,"date":"2022-11-18T10:28:28","date_gmt":"2022-11-18T10:28:28","guid":{"rendered":"https:\/\/www.public.sn\/?p=9122"},"modified":"2022-11-18T10:28:29","modified_gmt":"2022-11-18T10:28:29","slug":"assemblee-nationale-guy-gagne-le-combat-pour-un-interprete-des-signes","status":"publish","type":"post","link":"https:\/\/www.public.sn\/index.php\/2022\/11\/18\/assemblee-nationale-guy-gagne-le-combat-pour-un-interprete-des-signes\/","title":{"rendered":"Assembl\u00e9e Nationale\u00a0: Guy gagne le combat pour un interpr\u00e8te des signes."},"content":{"rendered":"\n<p><\/p>\n\n\n\n<p>Guy Marius Sagna vient de remporter une nouvelle bataille \u00e0 l\u2019Assembl\u00e9e Nationale. Il avait jug\u00e9 injuste qu\u2019il n\u2019y ait pas d\u2019interpr\u00e8te des signes \u00e0 l\u2019Assembl\u00e9e Nationale pour les malentendants afin de leur permettre de suivre les d\u00e9bats et de comprendre. Une injustice qui vient d\u2019\u00eatre r\u00e9par\u00e9e et l\u2019annonce a \u00e9t\u00e9 faite sur sa page Facebook.<\/p><div class=\"publi-paragraphe1\" style=\"margin-top: 10px;margin-bottom: 10px;margin-left: auto;margin-right: auto;text-align: center;\" id=\"publi-155594327\"><div class=\"publi-adlabel\">Publicit\u00e9<\/div><script async src=\"\/\/pagead2.googlesyndication.com\/pagead\/js\/adsbygoogle.js?client=ca-pub-4089586018074219\" crossorigin=\"anonymous\"><\/script><ins class=\"adsbygoogle\" style=\"display:block;\" data-ad-client=\"ca-pub-4089586018074219\" \ndata-ad-slot=\"2087940154\" \ndata-ad-format=\"auto\"><\/ins>\n<script> \n(adsbygoogle = window.adsbygoogle || []).push({}); \n<\/script>\n<\/div>\n\n\n\n<p><\/p>\n\n\n\n<p>\u00ab&nbsp;J\u2019avais \u00e9crit au pr\u00e9sident de l\u2019Assembl\u00e9e Nationale et je suis revenu dessus ce matin. Depuis des semaines que je porte ce combat pour nos compatriotes vivant en situation de handicap, je suis heureux de cette bataille gagn\u00e9e qui va moins exclure nos compatriotes vivant en situation de handicap des d\u00e9bats de l\u2019Assembl\u00e9e Nationale. Seule la lutte lib\u00e8re. La lutte continue pour les decrets d\u2019application de la loi d\u2019application sociale n2010-15 du 6 Juillet 2010&nbsp;\u00bb. ecrit-il.<\/p>\n\n\n\n<p>Samba SY.<\/p>\n<div class=\"publi-apres-le-contenu\" style=\"margin-top: 10px;margin-bottom: 10px;margin-left: auto;margin-right: auto;text-align: center;\" id=\"publi-3715896635\"><div class=\"publi-adlabel\">Publicit\u00e9<\/div><script async src=\"\/\/pagead2.googlesyndication.com\/pagead\/js\/adsbygoogle.js?client=ca-pub-4089586018074219\" crossorigin=\"anonymous\"><\/script><ins class=\"adsbygoogle\" style=\"display:block;\" data-ad-client=\"ca-pub-4089586018074219\" \ndata-ad-slot=\"2087940154\" \ndata-ad-format=\"auto\"><\/ins>\n<script> \n(adsbygoogle = window.adsbygoogle || []).push({}); \n<\/script>\n<\/div>","protected":false},"excerpt":{"rendered":"<p>Guy Marius Sagna vient de remporter une nouvelle bataille \u00e0 l\u2019Assembl\u00e9e Nationale. Il avait jug\u00e9 injuste qu\u2019il n\u2019y ait pas d\u2019interpr\u00e8te des signes \u00e0 l\u2019Assembl\u00e9e Nationale pour les malentendants afin de leur permettre de suivre les d\u00e9bats et de comprendre. Une injustice qui vient d\u2019\u00eatre r\u00e9par\u00e9e et l\u2019annonce a \u00e9t\u00e9 faite sur sa page Facebook. \u00ab&nbsp;J\u2019avais \u00e9crit au pr\u00e9sident de l\u2019Assembl\u00e9e Nationale et je suis revenu dessus ce matin. Depuis des semaines que je porte ce combat pour nos compatriotes vivant en situation de handicap, je suis heureux de cette bataille gagn\u00e9e qui va moins exclure nos compatriotes vivant en situation de handicap des d\u00e9bats de l\u2019Assembl\u00e9e Nationale. Seule la lutte lib\u00e8re. La lutte continue pour les decrets d\u2019application de la loi d\u2019application sociale n2010-15 du 6 Juillet 2010&nbsp;\u00bb. ecrit-il. Samba SY.<\/p>\n","protected":false},"author":7,"featured_media":9123,"comment_status":"open","ping_status":"open","sticky":false,"template":"","format":"standard","meta":{"_jetpack_memberships_contains_paid_content":false,"footnotes":""},"categories":[375,1,4],"tags":[12,1757,3043],"class_list":["post-9122","post","type-post","status-publish","format-standard","has-post-thumbnail","hentry","category-actualites","category-non-classe","category-societe","tag-assemblee-nationale","tag-guy-marius","tag-interprete-des-signes","entry","has-media","owp-thumbs-layout-horizontal","owp-btn-normal","owp-tabs-layout-horizontal","has-no-thumbnails","has-product-nav"],"yoast_head":"<!-- This site is optimized with the Yoast SEO plugin v25.5 - https:\/\/yoast.com\/wordpress\/plugins\/seo\/ -->\n<title>Assembl\u00e9e Nationale\u00a0: Guy gagne le combat pour un interpr\u00e8te des signes. - LE PUBLIC<\/title>\n<meta name=\"robots\" content=\"index, follow, max-snippet:-1, max-image-preview:large, max-video-preview:-1\" \/>\n<link rel=\"canonical\" href=\"https:\/\/www.public.sn\/index.php\/2022\/11\/18\/assemblee-nationale-guy-gagne-le-combat-pour-un-interprete-des-signes\/\" \/>\n<meta property=\"og:locale\" content=\"fr_FR\" \/>\n<meta property=\"og:type\" content=\"article\" \/>\n<meta property=\"og:title\" content=\"Assembl\u00e9e Nationale\u00a0: Guy gagne le combat pour un interpr\u00e8te des signes. - LE PUBLIC\" \/>\n<meta property=\"og:description\" content=\"Guy Marius Sagna vient de remporter une nouvelle bataille \u00e0 l\u2019Assembl\u00e9e Nationale. Il avait jug\u00e9 injuste qu\u2019il n\u2019y ait pas d\u2019interpr\u00e8te des signes \u00e0 l\u2019Assembl\u00e9e Nationale pour les malentendants afin de leur permettre de suivre les d\u00e9bats et de comprendre. Une injustice qui vient d\u2019\u00eatre r\u00e9par\u00e9e et l\u2019annonce a \u00e9t\u00e9 faite sur sa page Facebook. \u00ab&nbsp;J\u2019avais \u00e9crit au pr\u00e9sident de l\u2019Assembl\u00e9e Nationale et je suis revenu dessus ce matin. Depuis des semaines que je porte ce combat pour nos compatriotes vivant en situation de handicap, je suis heureux de cette bataille gagn\u00e9e qui va moins exclure nos compatriotes vivant en situation de handicap des d\u00e9bats de l\u2019Assembl\u00e9e Nationale. Seule la lutte lib\u00e8re. La lutte continue pour les decrets d\u2019application de la loi d\u2019application sociale n2010-15 du 6 Juillet 2010&nbsp;\u00bb. ecrit-il. Samba SY.\" \/>\n<meta property=\"og:url\" content=\"https:\/\/www.public.sn\/index.php\/2022\/11\/18\/assemblee-nationale-guy-gagne-le-combat-pour-un-interprete-des-signes\/\" \/>\n<meta property=\"og:site_name\" content=\"LE PUBLIC\" \/>\n<meta property=\"article:published_time\" content=\"2022-11-18T10:28:28+00:00\" \/>\n<meta property=\"article:modified_time\" content=\"2022-11-18T10:28:29+00:00\" \/>\n<meta property=\"og:image\" content=\"https:\/\/www.public.sn\/wp-content\/uploads\/2022\/11\/Guy-Marius-Sagna.jpg\" \/>\n\t<meta property=\"og:image:width\" content=\"600\" \/>\n\t<meta property=\"og:image:height\" content=\"463\" \/>\n\t<meta property=\"og:image:type\" content=\"image\/jpeg\" \/>\n<meta name=\"author\" content=\"LA REDACTION\" \/>\n<meta name=\"twitter:card\" content=\"summary_large_image\" \/>\n<meta name=\"twitter:label1\" content=\"\u00c9crit par\" \/>\n\t<meta name=\"twitter:data1\" content=\"LA REDACTION\" \/>\n\t<meta name=\"twitter:label2\" content=\"Dur\u00e9e de lecture estim\u00e9e\" \/>\n\t<meta name=\"twitter:data2\" content=\"1 minute\" \/>\n<script type=\"application\/ld+json\" class=\"yoast-schema-graph\">{\"@context\":\"https:\/\/schema.org\",\"@graph\":[{\"@type\":\"Article\",\"@id\":\"https:\/\/www.public.sn\/index.php\/2022\/11\/18\/assemblee-nationale-guy-gagne-le-combat-pour-un-interprete-des-signes\/#article\",\"isPartOf\":{\"@id\":\"https:\/\/www.public.sn\/index.php\/2022\/11\/18\/assemblee-nationale-guy-gagne-le-combat-pour-un-interprete-des-signes\/\"},\"author\":{\"name\":\"LA REDACTION\",\"@id\":\"https:\/\/www.public.sn\/#\/schema\/person\/cb76c8e1b8becc6be61fb5e92d6d0224\"},\"headline\":\"Assembl\u00e9e Nationale\u00a0: Guy gagne le combat pour un interpr\u00e8te des signes.\",\"datePublished\":\"2022-11-18T10:28:28+00:00\",\"dateModified\":\"2022-11-18T10:28:29+00:00\",\"mainEntityOfPage\":{\"@id\":\"https:\/\/www.public.sn\/index.php\/2022\/11\/18\/assemblee-nationale-guy-gagne-le-combat-pour-un-interprete-des-signes\/\"},\"wordCount\":168,\"commentCount\":0,\"publisher\":{\"@id\":\"https:\/\/www.public.sn\/#organization\"},\"image\":{\"@id\":\"https:\/\/www.public.sn\/index.php\/2022\/11\/18\/assemblee-nationale-guy-gagne-le-combat-pour-un-interprete-des-signes\/#primaryimage\"},\"thumbnailUrl\":\"https:\/\/www.public.sn\/wp-content\/uploads\/2022\/11\/Guy-Marius-Sagna.jpg\",\"keywords\":[\"Assembl\u00e9e Nationale\",\"guy marius\",\"interprete des signes\"],\"articleSection\":[\"ACTUALIT\u00c9S\",\"S\u00c9N\u00c9GAL\",\"SOCIETE\"],\"inLanguage\":\"fr-FR\",\"potentialAction\":[{\"@type\":\"CommentAction\",\"name\":\"Comment\",\"target\":[\"https:\/\/www.public.sn\/index.php\/2022\/11\/18\/assemblee-nationale-guy-gagne-le-combat-pour-un-interprete-des-signes\/#respond\"]}]},{\"@type\":\"WebPage\",\"@id\":\"https:\/\/www.public.sn\/index.php\/2022\/11\/18\/assemblee-nationale-guy-gagne-le-combat-pour-un-interprete-des-signes\/\",\"url\":\"https:\/\/www.public.sn\/index.php\/2022\/11\/18\/assemblee-nationale-guy-gagne-le-combat-pour-un-interprete-des-signes\/\",\"name\":\"Assembl\u00e9e Nationale\u00a0: Guy gagne le combat pour un interpr\u00e8te des signes. - LE PUBLIC\",\"isPartOf\":{\"@id\":\"https:\/\/www.public.sn\/#website\"},\"primaryImageOfPage\":{\"@id\":\"https:\/\/www.public.sn\/index.php\/2022\/11\/18\/assemblee-nationale-guy-gagne-le-combat-pour-un-interprete-des-signes\/#primaryimage\"},\"image\":{\"@id\":\"https:\/\/www.public.sn\/index.php\/2022\/11\/18\/assemblee-nationale-guy-gagne-le-combat-pour-un-interprete-des-signes\/#primaryimage\"},\"thumbnailUrl\":\"https:\/\/www.public.sn\/wp-content\/uploads\/2022\/11\/Guy-Marius-Sagna.jpg\",\"datePublished\":\"2022-11-18T10:28:28+00:00\",\"dateModified\":\"2022-11-18T10:28:29+00:00\",\"breadcrumb\":{\"@id\":\"https:\/\/www.public.sn\/index.php\/2022\/11\/18\/assemblee-nationale-guy-gagne-le-combat-pour-un-interprete-des-signes\/#breadcrumb\"},\"inLanguage\":\"fr-FR\",\"potentialAction\":[{\"@type\":\"ReadAction\",\"target\":[\"https:\/\/www.public.sn\/index.php\/2022\/11\/18\/assemblee-nationale-guy-gagne-le-combat-pour-un-interprete-des-signes\/\"]}]},{\"@type\":\"ImageObject\",\"inLanguage\":\"fr-FR\",\"@id\":\"https:\/\/www.public.sn\/index.php\/2022\/11\/18\/assemblee-nationale-guy-gagne-le-combat-pour-un-interprete-des-signes\/#primaryimage\",\"url\":\"https:\/\/www.public.sn\/wp-content\/uploads\/2022\/11\/Guy-Marius-Sagna.jpg\",\"contentUrl\":\"https:\/\/www.public.sn\/wp-content\/uploads\/2022\/11\/Guy-Marius-Sagna.jpg\",\"width\":600,\"height\":463,\"caption\":\"publicsn\"},{\"@type\":\"BreadcrumbList\",\"@id\":\"https:\/\/www.public.sn\/index.php\/2022\/11\/18\/assemblee-nationale-guy-gagne-le-combat-pour-un-interprete-des-signes\/#breadcrumb\",\"itemListElement\":[{\"@type\":\"ListItem\",\"position\":1,\"name\":\"Accueil\",\"item\":\"https:\/\/www.public.sn\/\"},{\"@type\":\"ListItem\",\"position\":2,\"name\":\"Assembl\u00e9e Nationale\u00a0: Guy gagne le combat pour un interpr\u00e8te des signes.\"}]},{\"@type\":\"WebSite\",\"@id\":\"https:\/\/www.public.sn\/#website\",\"url\":\"https:\/\/www.public.sn\/\",\"name\":\"LE PUBLIC\",\"description\":\"\",\"publisher\":{\"@id\":\"https:\/\/www.public.sn\/#organization\"},\"potentialAction\":[{\"@type\":\"SearchAction\",\"target\":{\"@type\":\"EntryPoint\",\"urlTemplate\":\"https:\/\/www.public.sn\/?s={search_term_string}\"},\"query-input\":{\"@type\":\"PropertyValueSpecification\",\"valueRequired\":true,\"valueName\":\"search_term_string\"}}],\"inLanguage\":\"fr-FR\"},{\"@type\":\"Organization\",\"@id\":\"https:\/\/www.public.sn\/#organization\",\"name\":\"LE PUBLIC\",\"url\":\"https:\/\/www.public.sn\/\",\"logo\":{\"@type\":\"ImageObject\",\"inLanguage\":\"fr-FR\",\"@id\":\"https:\/\/www.public.sn\/#\/schema\/logo\/image\/\",\"url\":\"https:\/\/www.public.sn\/wp-content\/uploads\/2024\/05\/cropped-LOGO-PUBLIC.SN_.png\",\"contentUrl\":\"https:\/\/www.public.sn\/wp-content\/uploads\/2024\/05\/cropped-LOGO-PUBLIC.SN_.png\",\"width\":682,\"height\":192,\"caption\":\"LE PUBLIC\"},\"image\":{\"@id\":\"https:\/\/www.public.sn\/#\/schema\/logo\/image\/\"}},{\"@type\":\"Person\",\"@id\":\"https:\/\/www.public.sn\/#\/schema\/person\/cb76c8e1b8becc6be61fb5e92d6d0224\",\"name\":\"LA REDACTION\",\"image\":{\"@type\":\"ImageObject\",\"inLanguage\":\"fr-FR\",\"@id\":\"https:\/\/www.public.sn\/#\/schema\/person\/image\/\",\"url\":\"https:\/\/secure.gravatar.com\/avatar\/2dce5ddd34b8fef0180efe03aa2a9bee7d953856048f9a16b298190a3178407c?s=96&d=mm&r=g\",\"contentUrl\":\"https:\/\/secure.gravatar.com\/avatar\/2dce5ddd34b8fef0180efe03aa2a9bee7d953856048f9a16b298190a3178407c?s=96&d=mm&r=g\",\"caption\":\"LA REDACTION\"},\"url\":\"https:\/\/www.public.sn\/index.php\/author\/editeurpsn\/\"}]}<\/script>\n<!-- \/ Yoast SEO plugin. -->","yoast_head_json":{"title":"Assembl\u00e9e Nationale\u00a0: Guy gagne le combat pour un interpr\u00e8te des signes. - LE PUBLIC","robots":{"index":"index","follow":"follow","max-snippet":"max-snippet:-1","max-image-preview":"max-image-preview:large","max-video-preview":"max-video-preview:-1"},"canonical":"https:\/\/www.public.sn\/index.php\/2022\/11\/18\/assemblee-nationale-guy-gagne-le-combat-pour-un-interprete-des-signes\/","og_locale":"fr_FR","og_type":"article","og_title":"Assembl\u00e9e Nationale\u00a0: Guy gagne le combat pour un interpr\u00e8te des signes. - LE PUBLIC","og_description":"Guy Marius Sagna vient de remporter une nouvelle bataille \u00e0 l\u2019Assembl\u00e9e Nationale. Il avait jug\u00e9 injuste qu\u2019il n\u2019y ait pas d\u2019interpr\u00e8te des signes \u00e0 l\u2019Assembl\u00e9e Nationale pour les malentendants afin de leur permettre de suivre les d\u00e9bats et de comprendre. Une injustice qui vient d\u2019\u00eatre r\u00e9par\u00e9e et l\u2019annonce a \u00e9t\u00e9 faite sur sa page Facebook. \u00ab&nbsp;J\u2019avais \u00e9crit au pr\u00e9sident de l\u2019Assembl\u00e9e Nationale et je suis revenu dessus ce matin. Depuis des semaines que je porte ce combat pour nos compatriotes vivant en situation de handicap, je suis heureux de cette bataille gagn\u00e9e qui va moins exclure nos compatriotes vivant en situation de handicap des d\u00e9bats de l\u2019Assembl\u00e9e Nationale. Seule la lutte lib\u00e8re. La lutte continue pour les decrets d\u2019application de la loi d\u2019application sociale n2010-15 du 6 Juillet 2010&nbsp;\u00bb. ecrit-il. Samba SY.","og_url":"https:\/\/www.public.sn\/index.php\/2022\/11\/18\/assemblee-nationale-guy-gagne-le-combat-pour-un-interprete-des-signes\/","og_site_name":"LE PUBLIC","article_published_time":"2022-11-18T10:28:28+00:00","article_modified_time":"2022-11-18T10:28:29+00:00","og_image":[{"width":600,"height":463,"url":"https:\/\/www.public.sn\/wp-content\/uploads\/2022\/11\/Guy-Marius-Sagna.jpg","type":"image\/jpeg"}],"author":"LA REDACTION","twitter_card":"summary_large_image","twitter_misc":{"\u00c9crit par":"LA REDACTION","Dur\u00e9e de lecture estim\u00e9e":"1 minute"},"schema":{"@context":"https:\/\/schema.org","@graph":[{"@type":"Article","@id":"https:\/\/www.public.sn\/index.php\/2022\/11\/18\/assemblee-nationale-guy-gagne-le-combat-pour-un-interprete-des-signes\/#article","isPartOf":{"@id":"https:\/\/www.public.sn\/index.php\/2022\/11\/18\/assemblee-nationale-guy-gagne-le-combat-pour-un-interprete-des-signes\/"},"author":{"name":"LA REDACTION","@id":"https:\/\/www.public.sn\/#\/schema\/person\/cb76c8e1b8becc6be61fb5e92d6d0224"},"headline":"Assembl\u00e9e Nationale\u00a0: Guy gagne le combat pour un interpr\u00e8te des signes.","datePublished":"2022-11-18T10:28:28+00:00","dateModified":"2022-11-18T10:28:29+00:00","mainEntityOfPage":{"@id":"https:\/\/www.public.sn\/index.php\/2022\/11\/18\/assemblee-nationale-guy-gagne-le-combat-pour-un-interprete-des-signes\/"},"wordCount":168,"commentCount":0,"publisher":{"@id":"https:\/\/www.public.sn\/#organization"},"image":{"@id":"https:\/\/www.public.sn\/index.php\/2022\/11\/18\/assemblee-nationale-guy-gagne-le-combat-pour-un-interprete-des-signes\/#primaryimage"},"thumbnailUrl":"https:\/\/www.public.sn\/wp-content\/uploads\/2022\/11\/Guy-Marius-Sagna.jpg","keywords":["Assembl\u00e9e Nationale","guy marius","interprete des signes"],"articleSection":["ACTUALIT\u00c9S","S\u00c9N\u00c9GAL","SOCIETE"],"inLanguage":"fr-FR","potentialAction":[{"@type":"CommentAction","name":"Comment","target":["https:\/\/www.public.sn\/index.php\/2022\/11\/18\/assemblee-nationale-guy-gagne-le-combat-pour-un-interprete-des-signes\/#respond"]}]},{"@type":"WebPage","@id":"https:\/\/www.public.sn\/index.php\/2022\/11\/18\/assemblee-nationale-guy-gagne-le-combat-pour-un-interprete-des-signes\/","url":"https:\/\/www.public.sn\/index.php\/2022\/11\/18\/assemblee-nationale-guy-gagne-le-combat-pour-un-interprete-des-signes\/","name":"Assembl\u00e9e Nationale\u00a0: Guy gagne le combat pour un interpr\u00e8te des signes. - LE PUBLIC","isPartOf":{"@id":"https:\/\/www.public.sn\/#website"},"primaryImageOfPage":{"@id":"https:\/\/www.public.sn\/index.php\/2022\/11\/18\/assemblee-nationale-guy-gagne-le-combat-pour-un-interprete-des-signes\/#primaryimage"},"image":{"@id":"https:\/\/www.public.sn\/index.php\/2022\/11\/18\/assemblee-nationale-guy-gagne-le-combat-pour-un-interprete-des-signes\/#primaryimage"},"thumbnailUrl":"https:\/\/www.public.sn\/wp-content\/uploads\/2022\/11\/Guy-Marius-Sagna.jpg","datePublished":"2022-11-18T10:28:28+00:00","dateModified":"2022-11-18T10:28:29+00:00","breadcrumb":{"@id":"https:\/\/www.public.sn\/index.php\/2022\/11\/18\/assemblee-nationale-guy-gagne-le-combat-pour-un-interprete-des-signes\/#breadcrumb"},"inLanguage":"fr-FR","potentialAction":[{"@type":"ReadAction","target":["https:\/\/www.public.sn\/index.php\/2022\/11\/18\/assemblee-nationale-guy-gagne-le-combat-pour-un-interprete-des-signes\/"]}]},{"@type":"ImageObject","inLanguage":"fr-FR","@id":"https:\/\/www.public.sn\/index.php\/2022\/11\/18\/assemblee-nationale-guy-gagne-le-combat-pour-un-interprete-des-signes\/#primaryimage","url":"https:\/\/www.public.sn\/wp-content\/uploads\/2022\/11\/Guy-Marius-Sagna.jpg","contentUrl":"https:\/\/www.public.sn\/wp-content\/uploads\/2022\/11\/Guy-Marius-Sagna.jpg","width":600,"height":463,"caption":"publicsn"},{"@type":"BreadcrumbList","@id":"https:\/\/www.public.sn\/index.php\/2022\/11\/18\/assemblee-nationale-guy-gagne-le-combat-pour-un-interprete-des-signes\/#breadcrumb","itemListElement":[{"@type":"ListItem","position":1,"name":"Accueil","item":"https:\/\/www.public.sn\/"},{"@type":"ListItem","position":2,"name":"Assembl\u00e9e Nationale\u00a0: Guy gagne le combat pour un interpr\u00e8te des signes."}]},{"@type":"WebSite","@id":"https:\/\/www.public.sn\/#website","url":"https:\/\/www.public.sn\/","name":"LE PUBLIC","description":"","publisher":{"@id":"https:\/\/www.public.sn\/#organization"},"potentialAction":[{"@type":"SearchAction","target":{"@type":"EntryPoint","urlTemplate":"https:\/\/www.public.sn\/?s={search_term_string}"},"query-input":{"@type":"PropertyValueSpecification","valueRequired":true,"valueName":"search_term_string"}}],"inLanguage":"fr-FR"},{"@type":"Organization","@id":"https:\/\/www.public.sn\/#organization","name":"LE PUBLIC","url":"https:\/\/www.public.sn\/","logo":{"@type":"ImageObject","inLanguage":"fr-FR","@id":"https:\/\/www.public.sn\/#\/schema\/logo\/image\/","url":"https:\/\/www.public.sn\/wp-content\/uploads\/2024\/05\/cropped-LOGO-PUBLIC.SN_.png","contentUrl":"https:\/\/www.public.sn\/wp-content\/uploads\/2024\/05\/cropped-LOGO-PUBLIC.SN_.png","width":682,"height":192,"caption":"LE PUBLIC"},"image":{"@id":"https:\/\/www.public.sn\/#\/schema\/logo\/image\/"}},{"@type":"Person","@id":"https:\/\/www.public.sn\/#\/schema\/person\/cb76c8e1b8becc6be61fb5e92d6d0224","name":"LA REDACTION","image":{"@type":"ImageObject","inLanguage":"fr-FR","@id":"https:\/\/www.public.sn\/#\/schema\/person\/image\/","url":"https:\/\/secure.gravatar.com\/avatar\/2dce5ddd34b8fef0180efe03aa2a9bee7d953856048f9a16b298190a3178407c?s=96&d=mm&r=g","contentUrl":"https:\/\/secure.gravatar.com\/avatar\/2dce5ddd34b8fef0180efe03aa2a9bee7d953856048f9a16b298190a3178407c?s=96&d=mm&r=g","caption":"LA REDACTION"},"url":"https:\/\/www.public.sn\/index.php\/author\/editeurpsn\/"}]}},"jetpack_featured_media_url":"https:\/\/www.public.sn\/wp-content\/uploads\/2022\/11\/Guy-Marius-Sagna.jpg","jetpack_sharing_enabled":true,"_links":{"self":[{"href":"https:\/\/www.public.sn\/index.php\/wp-json\/wp\/v2\/posts\/9122","targetHints":{"allow":["GET"]}}],"collection":[{"href":"https:\/\/www.public.sn\/index.php\/wp-json\/wp\/v2\/posts"}],"about":[{"href":"https:\/\/www.public.sn\/index.php\/wp-json\/wp\/v2\/types\/post"}],"author":[{"embeddable":true,"href":"https:\/\/www.public.sn\/index.php\/wp-json\/wp\/v2\/users\/7"}],"replies":[{"embeddable":true,"href":"https:\/\/www.public.sn\/index.php\/wp-json\/wp\/v2\/comments?post=9122"}],"version-history":[{"count":2,"href":"https:\/\/www.public.sn\/index.php\/wp-json\/wp\/v2\/posts\/9122\/revisions"}],"predecessor-version":[{"id":9125,"href":"https:\/\/www.public.sn\/index.php\/wp-json\/wp\/v2\/posts\/9122\/revisions\/9125"}],"wp:featuredmedia":[{"embeddable":true,"href":"https:\/\/www.public.sn\/index.php\/wp-json\/wp\/v2\/media\/9123"}],"wp:attachment":[{"href":"https:\/\/www.public.sn\/index.php\/wp-json\/wp\/v2\/media?parent=9122"}],"wp:term":[{"taxonomy":"category","embeddable":true,"href":"https:\/\/www.public.sn\/index.php\/wp-json\/wp\/v2\/categories?post=9122"},{"taxonomy":"post_tag","embeddable":true,"href":"https:\/\/www.public.sn\/index.php\/wp-json\/wp\/v2\/tags?post=9122"}],"curies":[{"name":"wp","href":"https:\/\/api.w.org\/{rel}","templated":true}]}}