{"id":9251,"date":"2022-11-19T08:24:31","date_gmt":"2022-11-19T08:24:31","guid":{"rendered":"https:\/\/www.public.sn\/?p=9251"},"modified":"2022-11-19T08:24:33","modified_gmt":"2022-11-19T08:24:33","slug":"foot-sadio-mane-demarre-sa-reeducation","status":"publish","type":"post","link":"https:\/\/www.public.sn\/index.php\/2022\/11\/19\/foot-sadio-mane-demarre-sa-reeducation\/","title":{"rendered":"Foot\u00a0: Sadio Man\u00e9 d\u00e9marre sa r\u00e9\u00e9ducation."},"content":{"rendered":"\n<p><\/p>\n\n\n\n<p>Forfait pour la Coupe du monde du 20 novembre au 18 d\u00e9cembre, Sadio Man\u00e9 va devoir d\u00e9marrer sa r\u00e9\u00e9ducation. A travers un communiqu\u00e9 le Bayern renseigne que son joueur est \u00e0 Innsbruck depuis \u00a0jeudi soir. <\/p><div class=\"publi-paragraphe1\" style=\"margin-top: 10px;margin-bottom: 10px;margin-left: auto;margin-right: auto;text-align: center;\" id=\"publi-707604365\"><div class=\"publi-adlabel\">Publicit\u00e9<\/div><script async src=\"\/\/pagead2.googlesyndication.com\/pagead\/js\/adsbygoogle.js?client=ca-pub-4089586018074219\" crossorigin=\"anonymous\"><\/script><ins class=\"adsbygoogle\" style=\"display:block;\" data-ad-client=\"ca-pub-4089586018074219\" \ndata-ad-slot=\"2087940154\" \ndata-ad-format=\"auto\"><\/ins>\n<script> \n(adsbygoogle = window.adsbygoogle || []).push({}); \n<\/script>\n<\/div>\n\n\n\n<p><\/p>\n\n\n\n<p>Il est accompagn\u00e9 \u00a0du professeur Christian Fink et du docteur Andy Williams de Londres apr\u00e8s avoir \u00e9t\u00e9 op\u00e9r\u00e9 avec succ\u00e8s. Et \u00a0un tendon a \u00e9t\u00e9 rattach\u00e9 \u00e0 la t\u00eate du p\u00e9ron\u00e9 droit. Le club renseigne que l\u2019attaquant s\u00e9n\u00e9galais va d\u00e9buter sa r\u00e9\u00e9ducation \u00e0 Munich tr\u00e8s prochainement. Sa blessure selon les sp\u00e9cialistes n\u00e9cessite une absence de 3 mois.<\/p>\n\n\n\n<p>Samba SY.<\/p>\n<div class=\"publi-apres-le-contenu\" style=\"margin-top: 10px;margin-bottom: 10px;margin-left: auto;margin-right: auto;text-align: center;\" id=\"publi-1883612328\"><div class=\"publi-adlabel\">Publicit\u00e9<\/div><script async src=\"\/\/pagead2.googlesyndication.com\/pagead\/js\/adsbygoogle.js?client=ca-pub-4089586018074219\" crossorigin=\"anonymous\"><\/script><ins class=\"adsbygoogle\" style=\"display:block;\" data-ad-client=\"ca-pub-4089586018074219\" \ndata-ad-slot=\"2087940154\" \ndata-ad-format=\"auto\"><\/ins>\n<script> \n(adsbygoogle = window.adsbygoogle || []).push({}); \n<\/script>\n<\/div>","protected":false},"excerpt":{"rendered":"<p>Forfait pour la Coupe du monde du 20 novembre au 18 d\u00e9cembre, Sadio Man\u00e9 va devoir d\u00e9marrer sa r\u00e9\u00e9ducation. A travers un communiqu\u00e9 le Bayern renseigne que son joueur est \u00e0 Innsbruck depuis \u00a0jeudi soir. Il est accompagn\u00e9 \u00a0du professeur Christian Fink et du docteur Andy Williams de Londres apr\u00e8s avoir \u00e9t\u00e9 op\u00e9r\u00e9 avec succ\u00e8s. Et \u00a0un tendon a \u00e9t\u00e9 rattach\u00e9 \u00e0 la t\u00eate du p\u00e9ron\u00e9 droit. Le club renseigne que l\u2019attaquant s\u00e9n\u00e9galais va d\u00e9buter sa r\u00e9\u00e9ducation \u00e0 Munich tr\u00e8s prochainement. Sa blessure selon les sp\u00e9cialistes n\u00e9cessite une absence de 3 mois. Samba SY.<\/p>\n","protected":false},"author":7,"featured_media":9252,"comment_status":"open","ping_status":"open","sticky":false,"template":"","format":"standard","meta":{"_jetpack_memberships_contains_paid_content":false,"footnotes":""},"categories":[375,1,7],"tags":[1313,3073,47],"class_list":["post-9251","post","type-post","status-publish","format-standard","has-post-thumbnail","hentry","category-actualites","category-non-classe","category-sport","tag-bayern","tag-reeducation","tag-sadio-mane","entry","has-media","owp-thumbs-layout-horizontal","owp-btn-normal","owp-tabs-layout-horizontal","has-no-thumbnails","has-product-nav"],"yoast_head":"<!-- This site is optimized with the Yoast SEO plugin v25.5 - https:\/\/yoast.com\/wordpress\/plugins\/seo\/ -->\n<title>Foot\u00a0: Sadio Man\u00e9 d\u00e9marre sa r\u00e9\u00e9ducation. - LE PUBLIC<\/title>\n<meta name=\"robots\" content=\"index, follow, max-snippet:-1, max-image-preview:large, max-video-preview:-1\" \/>\n<link rel=\"canonical\" href=\"https:\/\/www.public.sn\/index.php\/2022\/11\/19\/foot-sadio-mane-demarre-sa-reeducation\/\" \/>\n<meta property=\"og:locale\" content=\"fr_FR\" \/>\n<meta property=\"og:type\" content=\"article\" \/>\n<meta property=\"og:title\" content=\"Foot\u00a0: Sadio Man\u00e9 d\u00e9marre sa r\u00e9\u00e9ducation. - LE PUBLIC\" \/>\n<meta property=\"og:description\" content=\"Forfait pour la Coupe du monde du 20 novembre au 18 d\u00e9cembre, Sadio Man\u00e9 va devoir d\u00e9marrer sa r\u00e9\u00e9ducation. A travers un communiqu\u00e9 le Bayern renseigne que son joueur est \u00e0 Innsbruck depuis \u00a0jeudi soir. Il est accompagn\u00e9 \u00a0du professeur Christian Fink et du docteur Andy Williams de Londres apr\u00e8s avoir \u00e9t\u00e9 op\u00e9r\u00e9 avec succ\u00e8s. Et \u00a0un tendon a \u00e9t\u00e9 rattach\u00e9 \u00e0 la t\u00eate du p\u00e9ron\u00e9 droit. Le club renseigne que l\u2019attaquant s\u00e9n\u00e9galais va d\u00e9buter sa r\u00e9\u00e9ducation \u00e0 Munich tr\u00e8s prochainement. Sa blessure selon les sp\u00e9cialistes n\u00e9cessite une absence de 3 mois. Samba SY.\" \/>\n<meta property=\"og:url\" content=\"https:\/\/www.public.sn\/index.php\/2022\/11\/19\/foot-sadio-mane-demarre-sa-reeducation\/\" \/>\n<meta property=\"og:site_name\" content=\"LE PUBLIC\" \/>\n<meta property=\"article:published_time\" content=\"2022-11-19T08:24:31+00:00\" \/>\n<meta property=\"article:modified_time\" content=\"2022-11-19T08:24:33+00:00\" \/>\n<meta property=\"og:image\" content=\"https:\/\/www.public.sn\/wp-content\/uploads\/2022\/11\/sadio-mane-blesse.jpg\" \/>\n\t<meta property=\"og:image:width\" content=\"450\" \/>\n\t<meta property=\"og:image:height\" content=\"600\" \/>\n\t<meta property=\"og:image:type\" content=\"image\/jpeg\" \/>\n<meta name=\"author\" content=\"LA REDACTION\" \/>\n<meta name=\"twitter:card\" content=\"summary_large_image\" \/>\n<meta name=\"twitter:label1\" content=\"\u00c9crit par\" \/>\n\t<meta name=\"twitter:data1\" content=\"LA REDACTION\" \/>\n\t<meta name=\"twitter:label2\" content=\"Dur\u00e9e de lecture estim\u00e9e\" \/>\n\t<meta name=\"twitter:data2\" content=\"1 minute\" \/>\n<script type=\"application\/ld+json\" class=\"yoast-schema-graph\">{\"@context\":\"https:\/\/schema.org\",\"@graph\":[{\"@type\":\"Article\",\"@id\":\"https:\/\/www.public.sn\/index.php\/2022\/11\/19\/foot-sadio-mane-demarre-sa-reeducation\/#article\",\"isPartOf\":{\"@id\":\"https:\/\/www.public.sn\/index.php\/2022\/11\/19\/foot-sadio-mane-demarre-sa-reeducation\/\"},\"author\":{\"name\":\"LA REDACTION\",\"@id\":\"https:\/\/www.public.sn\/#\/schema\/person\/cb76c8e1b8becc6be61fb5e92d6d0224\"},\"headline\":\"Foot\u00a0: Sadio Man\u00e9 d\u00e9marre sa r\u00e9\u00e9ducation.\",\"datePublished\":\"2022-11-19T08:24:31+00:00\",\"dateModified\":\"2022-11-19T08:24:33+00:00\",\"mainEntityOfPage\":{\"@id\":\"https:\/\/www.public.sn\/index.php\/2022\/11\/19\/foot-sadio-mane-demarre-sa-reeducation\/\"},\"wordCount\":112,\"commentCount\":0,\"publisher\":{\"@id\":\"https:\/\/www.public.sn\/#organization\"},\"image\":{\"@id\":\"https:\/\/www.public.sn\/index.php\/2022\/11\/19\/foot-sadio-mane-demarre-sa-reeducation\/#primaryimage\"},\"thumbnailUrl\":\"https:\/\/www.public.sn\/wp-content\/uploads\/2022\/11\/sadio-mane-blesse.jpg\",\"keywords\":[\"bayern\",\"reeducation\",\"Sadio Man\u00e9\"],\"articleSection\":[\"ACTUALIT\u00c9S\",\"S\u00c9N\u00c9GAL\",\"SPORTS\"],\"inLanguage\":\"fr-FR\",\"potentialAction\":[{\"@type\":\"CommentAction\",\"name\":\"Comment\",\"target\":[\"https:\/\/www.public.sn\/index.php\/2022\/11\/19\/foot-sadio-mane-demarre-sa-reeducation\/#respond\"]}]},{\"@type\":\"WebPage\",\"@id\":\"https:\/\/www.public.sn\/index.php\/2022\/11\/19\/foot-sadio-mane-demarre-sa-reeducation\/\",\"url\":\"https:\/\/www.public.sn\/index.php\/2022\/11\/19\/foot-sadio-mane-demarre-sa-reeducation\/\",\"name\":\"Foot\u00a0: Sadio Man\u00e9 d\u00e9marre sa r\u00e9\u00e9ducation. - LE PUBLIC\",\"isPartOf\":{\"@id\":\"https:\/\/www.public.sn\/#website\"},\"primaryImageOfPage\":{\"@id\":\"https:\/\/www.public.sn\/index.php\/2022\/11\/19\/foot-sadio-mane-demarre-sa-reeducation\/#primaryimage\"},\"image\":{\"@id\":\"https:\/\/www.public.sn\/index.php\/2022\/11\/19\/foot-sadio-mane-demarre-sa-reeducation\/#primaryimage\"},\"thumbnailUrl\":\"https:\/\/www.public.sn\/wp-content\/uploads\/2022\/11\/sadio-mane-blesse.jpg\",\"datePublished\":\"2022-11-19T08:24:31+00:00\",\"dateModified\":\"2022-11-19T08:24:33+00:00\",\"breadcrumb\":{\"@id\":\"https:\/\/www.public.sn\/index.php\/2022\/11\/19\/foot-sadio-mane-demarre-sa-reeducation\/#breadcrumb\"},\"inLanguage\":\"fr-FR\",\"potentialAction\":[{\"@type\":\"ReadAction\",\"target\":[\"https:\/\/www.public.sn\/index.php\/2022\/11\/19\/foot-sadio-mane-demarre-sa-reeducation\/\"]}]},{\"@type\":\"ImageObject\",\"inLanguage\":\"fr-FR\",\"@id\":\"https:\/\/www.public.sn\/index.php\/2022\/11\/19\/foot-sadio-mane-demarre-sa-reeducation\/#primaryimage\",\"url\":\"https:\/\/www.public.sn\/wp-content\/uploads\/2022\/11\/sadio-mane-blesse.jpg\",\"contentUrl\":\"https:\/\/www.public.sn\/wp-content\/uploads\/2022\/11\/sadio-mane-blesse.jpg\",\"width\":450,\"height\":600,\"caption\":\"publicsn\"},{\"@type\":\"BreadcrumbList\",\"@id\":\"https:\/\/www.public.sn\/index.php\/2022\/11\/19\/foot-sadio-mane-demarre-sa-reeducation\/#breadcrumb\",\"itemListElement\":[{\"@type\":\"ListItem\",\"position\":1,\"name\":\"Accueil\",\"item\":\"https:\/\/www.public.sn\/\"},{\"@type\":\"ListItem\",\"position\":2,\"name\":\"Foot\u00a0: Sadio Man\u00e9 d\u00e9marre sa r\u00e9\u00e9ducation.\"}]},{\"@type\":\"WebSite\",\"@id\":\"https:\/\/www.public.sn\/#website\",\"url\":\"https:\/\/www.public.sn\/\",\"name\":\"LE PUBLIC\",\"description\":\"\",\"publisher\":{\"@id\":\"https:\/\/www.public.sn\/#organization\"},\"potentialAction\":[{\"@type\":\"SearchAction\",\"target\":{\"@type\":\"EntryPoint\",\"urlTemplate\":\"https:\/\/www.public.sn\/?s={search_term_string}\"},\"query-input\":{\"@type\":\"PropertyValueSpecification\",\"valueRequired\":true,\"valueName\":\"search_term_string\"}}],\"inLanguage\":\"fr-FR\"},{\"@type\":\"Organization\",\"@id\":\"https:\/\/www.public.sn\/#organization\",\"name\":\"LE PUBLIC\",\"url\":\"https:\/\/www.public.sn\/\",\"logo\":{\"@type\":\"ImageObject\",\"inLanguage\":\"fr-FR\",\"@id\":\"https:\/\/www.public.sn\/#\/schema\/logo\/image\/\",\"url\":\"https:\/\/www.public.sn\/wp-content\/uploads\/2024\/05\/cropped-LOGO-PUBLIC.SN_.png\",\"contentUrl\":\"https:\/\/www.public.sn\/wp-content\/uploads\/2024\/05\/cropped-LOGO-PUBLIC.SN_.png\",\"width\":682,\"height\":192,\"caption\":\"LE PUBLIC\"},\"image\":{\"@id\":\"https:\/\/www.public.sn\/#\/schema\/logo\/image\/\"}},{\"@type\":\"Person\",\"@id\":\"https:\/\/www.public.sn\/#\/schema\/person\/cb76c8e1b8becc6be61fb5e92d6d0224\",\"name\":\"LA REDACTION\",\"image\":{\"@type\":\"ImageObject\",\"inLanguage\":\"fr-FR\",\"@id\":\"https:\/\/www.public.sn\/#\/schema\/person\/image\/\",\"url\":\"https:\/\/secure.gravatar.com\/avatar\/2dce5ddd34b8fef0180efe03aa2a9bee7d953856048f9a16b298190a3178407c?s=96&d=mm&r=g\",\"contentUrl\":\"https:\/\/secure.gravatar.com\/avatar\/2dce5ddd34b8fef0180efe03aa2a9bee7d953856048f9a16b298190a3178407c?s=96&d=mm&r=g\",\"caption\":\"LA REDACTION\"},\"url\":\"https:\/\/www.public.sn\/index.php\/author\/editeurpsn\/\"}]}<\/script>\n<!-- \/ Yoast SEO plugin. -->","yoast_head_json":{"title":"Foot\u00a0: Sadio Man\u00e9 d\u00e9marre sa r\u00e9\u00e9ducation. - LE PUBLIC","robots":{"index":"index","follow":"follow","max-snippet":"max-snippet:-1","max-image-preview":"max-image-preview:large","max-video-preview":"max-video-preview:-1"},"canonical":"https:\/\/www.public.sn\/index.php\/2022\/11\/19\/foot-sadio-mane-demarre-sa-reeducation\/","og_locale":"fr_FR","og_type":"article","og_title":"Foot\u00a0: Sadio Man\u00e9 d\u00e9marre sa r\u00e9\u00e9ducation. - LE PUBLIC","og_description":"Forfait pour la Coupe du monde du 20 novembre au 18 d\u00e9cembre, Sadio Man\u00e9 va devoir d\u00e9marrer sa r\u00e9\u00e9ducation. A travers un communiqu\u00e9 le Bayern renseigne que son joueur est \u00e0 Innsbruck depuis \u00a0jeudi soir. Il est accompagn\u00e9 \u00a0du professeur Christian Fink et du docteur Andy Williams de Londres apr\u00e8s avoir \u00e9t\u00e9 op\u00e9r\u00e9 avec succ\u00e8s. Et \u00a0un tendon a \u00e9t\u00e9 rattach\u00e9 \u00e0 la t\u00eate du p\u00e9ron\u00e9 droit. Le club renseigne que l\u2019attaquant s\u00e9n\u00e9galais va d\u00e9buter sa r\u00e9\u00e9ducation \u00e0 Munich tr\u00e8s prochainement. Sa blessure selon les sp\u00e9cialistes n\u00e9cessite une absence de 3 mois. Samba SY.","og_url":"https:\/\/www.public.sn\/index.php\/2022\/11\/19\/foot-sadio-mane-demarre-sa-reeducation\/","og_site_name":"LE PUBLIC","article_published_time":"2022-11-19T08:24:31+00:00","article_modified_time":"2022-11-19T08:24:33+00:00","og_image":[{"width":450,"height":600,"url":"https:\/\/www.public.sn\/wp-content\/uploads\/2022\/11\/sadio-mane-blesse.jpg","type":"image\/jpeg"}],"author":"LA REDACTION","twitter_card":"summary_large_image","twitter_misc":{"\u00c9crit par":"LA REDACTION","Dur\u00e9e de lecture estim\u00e9e":"1 minute"},"schema":{"@context":"https:\/\/schema.org","@graph":[{"@type":"Article","@id":"https:\/\/www.public.sn\/index.php\/2022\/11\/19\/foot-sadio-mane-demarre-sa-reeducation\/#article","isPartOf":{"@id":"https:\/\/www.public.sn\/index.php\/2022\/11\/19\/foot-sadio-mane-demarre-sa-reeducation\/"},"author":{"name":"LA REDACTION","@id":"https:\/\/www.public.sn\/#\/schema\/person\/cb76c8e1b8becc6be61fb5e92d6d0224"},"headline":"Foot\u00a0: Sadio Man\u00e9 d\u00e9marre sa r\u00e9\u00e9ducation.","datePublished":"2022-11-19T08:24:31+00:00","dateModified":"2022-11-19T08:24:33+00:00","mainEntityOfPage":{"@id":"https:\/\/www.public.sn\/index.php\/2022\/11\/19\/foot-sadio-mane-demarre-sa-reeducation\/"},"wordCount":112,"commentCount":0,"publisher":{"@id":"https:\/\/www.public.sn\/#organization"},"image":{"@id":"https:\/\/www.public.sn\/index.php\/2022\/11\/19\/foot-sadio-mane-demarre-sa-reeducation\/#primaryimage"},"thumbnailUrl":"https:\/\/www.public.sn\/wp-content\/uploads\/2022\/11\/sadio-mane-blesse.jpg","keywords":["bayern","reeducation","Sadio Man\u00e9"],"articleSection":["ACTUALIT\u00c9S","S\u00c9N\u00c9GAL","SPORTS"],"inLanguage":"fr-FR","potentialAction":[{"@type":"CommentAction","name":"Comment","target":["https:\/\/www.public.sn\/index.php\/2022\/11\/19\/foot-sadio-mane-demarre-sa-reeducation\/#respond"]}]},{"@type":"WebPage","@id":"https:\/\/www.public.sn\/index.php\/2022\/11\/19\/foot-sadio-mane-demarre-sa-reeducation\/","url":"https:\/\/www.public.sn\/index.php\/2022\/11\/19\/foot-sadio-mane-demarre-sa-reeducation\/","name":"Foot\u00a0: Sadio Man\u00e9 d\u00e9marre sa r\u00e9\u00e9ducation. - LE PUBLIC","isPartOf":{"@id":"https:\/\/www.public.sn\/#website"},"primaryImageOfPage":{"@id":"https:\/\/www.public.sn\/index.php\/2022\/11\/19\/foot-sadio-mane-demarre-sa-reeducation\/#primaryimage"},"image":{"@id":"https:\/\/www.public.sn\/index.php\/2022\/11\/19\/foot-sadio-mane-demarre-sa-reeducation\/#primaryimage"},"thumbnailUrl":"https:\/\/www.public.sn\/wp-content\/uploads\/2022\/11\/sadio-mane-blesse.jpg","datePublished":"2022-11-19T08:24:31+00:00","dateModified":"2022-11-19T08:24:33+00:00","breadcrumb":{"@id":"https:\/\/www.public.sn\/index.php\/2022\/11\/19\/foot-sadio-mane-demarre-sa-reeducation\/#breadcrumb"},"inLanguage":"fr-FR","potentialAction":[{"@type":"ReadAction","target":["https:\/\/www.public.sn\/index.php\/2022\/11\/19\/foot-sadio-mane-demarre-sa-reeducation\/"]}]},{"@type":"ImageObject","inLanguage":"fr-FR","@id":"https:\/\/www.public.sn\/index.php\/2022\/11\/19\/foot-sadio-mane-demarre-sa-reeducation\/#primaryimage","url":"https:\/\/www.public.sn\/wp-content\/uploads\/2022\/11\/sadio-mane-blesse.jpg","contentUrl":"https:\/\/www.public.sn\/wp-content\/uploads\/2022\/11\/sadio-mane-blesse.jpg","width":450,"height":600,"caption":"publicsn"},{"@type":"BreadcrumbList","@id":"https:\/\/www.public.sn\/index.php\/2022\/11\/19\/foot-sadio-mane-demarre-sa-reeducation\/#breadcrumb","itemListElement":[{"@type":"ListItem","position":1,"name":"Accueil","item":"https:\/\/www.public.sn\/"},{"@type":"ListItem","position":2,"name":"Foot\u00a0: Sadio Man\u00e9 d\u00e9marre sa r\u00e9\u00e9ducation."}]},{"@type":"WebSite","@id":"https:\/\/www.public.sn\/#website","url":"https:\/\/www.public.sn\/","name":"LE PUBLIC","description":"","publisher":{"@id":"https:\/\/www.public.sn\/#organization"},"potentialAction":[{"@type":"SearchAction","target":{"@type":"EntryPoint","urlTemplate":"https:\/\/www.public.sn\/?s={search_term_string}"},"query-input":{"@type":"PropertyValueSpecification","valueRequired":true,"valueName":"search_term_string"}}],"inLanguage":"fr-FR"},{"@type":"Organization","@id":"https:\/\/www.public.sn\/#organization","name":"LE PUBLIC","url":"https:\/\/www.public.sn\/","logo":{"@type":"ImageObject","inLanguage":"fr-FR","@id":"https:\/\/www.public.sn\/#\/schema\/logo\/image\/","url":"https:\/\/www.public.sn\/wp-content\/uploads\/2024\/05\/cropped-LOGO-PUBLIC.SN_.png","contentUrl":"https:\/\/www.public.sn\/wp-content\/uploads\/2024\/05\/cropped-LOGO-PUBLIC.SN_.png","width":682,"height":192,"caption":"LE PUBLIC"},"image":{"@id":"https:\/\/www.public.sn\/#\/schema\/logo\/image\/"}},{"@type":"Person","@id":"https:\/\/www.public.sn\/#\/schema\/person\/cb76c8e1b8becc6be61fb5e92d6d0224","name":"LA REDACTION","image":{"@type":"ImageObject","inLanguage":"fr-FR","@id":"https:\/\/www.public.sn\/#\/schema\/person\/image\/","url":"https:\/\/secure.gravatar.com\/avatar\/2dce5ddd34b8fef0180efe03aa2a9bee7d953856048f9a16b298190a3178407c?s=96&d=mm&r=g","contentUrl":"https:\/\/secure.gravatar.com\/avatar\/2dce5ddd34b8fef0180efe03aa2a9bee7d953856048f9a16b298190a3178407c?s=96&d=mm&r=g","caption":"LA REDACTION"},"url":"https:\/\/www.public.sn\/index.php\/author\/editeurpsn\/"}]}},"jetpack_featured_media_url":"https:\/\/www.public.sn\/wp-content\/uploads\/2022\/11\/sadio-mane-blesse.jpg","jetpack_sharing_enabled":true,"_links":{"self":[{"href":"https:\/\/www.public.sn\/index.php\/wp-json\/wp\/v2\/posts\/9251","targetHints":{"allow":["GET"]}}],"collection":[{"href":"https:\/\/www.public.sn\/index.php\/wp-json\/wp\/v2\/posts"}],"about":[{"href":"https:\/\/www.public.sn\/index.php\/wp-json\/wp\/v2\/types\/post"}],"author":[{"embeddable":true,"href":"https:\/\/www.public.sn\/index.php\/wp-json\/wp\/v2\/users\/7"}],"replies":[{"embeddable":true,"href":"https:\/\/www.public.sn\/index.php\/wp-json\/wp\/v2\/comments?post=9251"}],"version-history":[{"count":2,"href":"https:\/\/www.public.sn\/index.php\/wp-json\/wp\/v2\/posts\/9251\/revisions"}],"predecessor-version":[{"id":9254,"href":"https:\/\/www.public.sn\/index.php\/wp-json\/wp\/v2\/posts\/9251\/revisions\/9254"}],"wp:featuredmedia":[{"embeddable":true,"href":"https:\/\/www.public.sn\/index.php\/wp-json\/wp\/v2\/media\/9252"}],"wp:attachment":[{"href":"https:\/\/www.public.sn\/index.php\/wp-json\/wp\/v2\/media?parent=9251"}],"wp:term":[{"taxonomy":"category","embeddable":true,"href":"https:\/\/www.public.sn\/index.php\/wp-json\/wp\/v2\/categories?post=9251"},{"taxonomy":"post_tag","embeddable":true,"href":"https:\/\/www.public.sn\/index.php\/wp-json\/wp\/v2\/tags?post=9251"}],"curies":[{"name":"wp","href":"https:\/\/api.w.org\/{rel}","templated":true}]}}