{"id":9391,"date":"2022-11-19T18:38:44","date_gmt":"2022-11-19T18:38:44","guid":{"rendered":"https:\/\/www.public.sn\/?p=9391"},"modified":"2022-11-19T18:38:47","modified_gmt":"2022-11-19T18:38:47","slug":"qatar-la-participation-de-benzema-compromise","status":"publish","type":"post","link":"https:\/\/www.public.sn\/index.php\/2022\/11\/19\/qatar-la-participation-de-benzema-compromise\/","title":{"rendered":"Qatar\u00a0: La participation de Benzema compromise."},"content":{"rendered":"\n<p><\/p>\n\n\n\n<p>Si la nouvelle se confirme, ce serait un coup dur pour la France. En effet, des informations font \u00e9tat d\u2019une blessure de Karim Benzema. Le joueur du Real Madrid n\u2019aurait pas termin\u00e9 les entrainements. <\/p><div class=\"publi-paragraphe1\" style=\"margin-top: 10px;margin-bottom: 10px;margin-left: auto;margin-right: auto;text-align: center;\" id=\"publi-408238114\"><div class=\"publi-adlabel\">Publicit\u00e9<\/div><script async src=\"\/\/pagead2.googlesyndication.com\/pagead\/js\/adsbygoogle.js?client=ca-pub-4089586018074219\" crossorigin=\"anonymous\"><\/script><ins class=\"adsbygoogle\" style=\"display:block;\" data-ad-client=\"ca-pub-4089586018074219\" \ndata-ad-slot=\"2087940154\" \ndata-ad-format=\"auto\"><\/ins>\n<script> \n(adsbygoogle = window.adsbygoogle || []).push({}); \n<\/script>\n<\/div>\n\n\n\n<p><\/p>\n\n\n\n<p>C\u2019\u00e9tait d\u2019ailleurs la premi\u00e8re fois qu\u2019il participait aux entrainements collectifs car il \u00e9tait l\u00e9g\u00e8rement bless\u00e9 lors de sa convocation par Didier Deschamps. Cette nouvelle blessure pourrait remettre en cause sa participation \u00e0 la coupe du monde.<\/p>\n\n\n\n<p>Samba SY.<\/p>\n<div class=\"publi-apres-le-contenu\" style=\"margin-top: 10px;margin-bottom: 10px;margin-left: auto;margin-right: auto;text-align: center;\" id=\"publi-1242666362\"><div class=\"publi-adlabel\">Publicit\u00e9<\/div><script async src=\"\/\/pagead2.googlesyndication.com\/pagead\/js\/adsbygoogle.js?client=ca-pub-4089586018074219\" crossorigin=\"anonymous\"><\/script><ins class=\"adsbygoogle\" style=\"display:block;\" data-ad-client=\"ca-pub-4089586018074219\" \ndata-ad-slot=\"2087940154\" \ndata-ad-format=\"auto\"><\/ins>\n<script> \n(adsbygoogle = window.adsbygoogle || []).push({}); \n<\/script>\n<\/div>","protected":false},"excerpt":{"rendered":"<p>Si la nouvelle se confirme, ce serait un coup dur pour la France. En effet, des informations font \u00e9tat d\u2019une blessure de Karim Benzema. Le joueur du Real Madrid n\u2019aurait pas termin\u00e9 les entrainements. C\u2019\u00e9tait d\u2019ailleurs la premi\u00e8re fois qu\u2019il participait aux entrainements collectifs car il \u00e9tait l\u00e9g\u00e8rement bless\u00e9 lors de sa convocation par Didier Deschamps. Cette nouvelle blessure pourrait remettre en cause sa participation \u00e0 la coupe du monde. Samba SY.<\/p>\n","protected":false},"author":7,"featured_media":9392,"comment_status":"open","ping_status":"open","sticky":false,"template":"","format":"standard","meta":{"_jetpack_memberships_contains_paid_content":false,"footnotes":""},"categories":[375,550,7],"tags":[1419],"class_list":["post-9391","post","type-post","status-publish","format-standard","has-post-thumbnail","hentry","category-actualites","category-afrique-monde","category-sport","tag-qatar","entry","has-media","owp-thumbs-layout-horizontal","owp-btn-normal","owp-tabs-layout-horizontal","has-no-thumbnails","has-product-nav"],"yoast_head":"<!-- This site is optimized with the Yoast SEO plugin v25.5 - https:\/\/yoast.com\/wordpress\/plugins\/seo\/ -->\n<title>Qatar\u00a0: La participation de Benzema compromise. - LE PUBLIC<\/title>\n<meta name=\"robots\" content=\"index, follow, max-snippet:-1, max-image-preview:large, max-video-preview:-1\" \/>\n<link rel=\"canonical\" href=\"https:\/\/www.public.sn\/index.php\/2022\/11\/19\/qatar-la-participation-de-benzema-compromise\/\" \/>\n<meta property=\"og:locale\" content=\"fr_FR\" \/>\n<meta property=\"og:type\" content=\"article\" \/>\n<meta property=\"og:title\" content=\"Qatar\u00a0: La participation de Benzema compromise. - LE PUBLIC\" \/>\n<meta property=\"og:description\" content=\"Si la nouvelle se confirme, ce serait un coup dur pour la France. En effet, des informations font \u00e9tat d\u2019une blessure de Karim Benzema. Le joueur du Real Madrid n\u2019aurait pas termin\u00e9 les entrainements. C\u2019\u00e9tait d\u2019ailleurs la premi\u00e8re fois qu\u2019il participait aux entrainements collectifs car il \u00e9tait l\u00e9g\u00e8rement bless\u00e9 lors de sa convocation par Didier Deschamps. Cette nouvelle blessure pourrait remettre en cause sa participation \u00e0 la coupe du monde. Samba SY.\" \/>\n<meta property=\"og:url\" content=\"https:\/\/www.public.sn\/index.php\/2022\/11\/19\/qatar-la-participation-de-benzema-compromise\/\" \/>\n<meta property=\"og:site_name\" content=\"LE PUBLIC\" \/>\n<meta property=\"article:published_time\" content=\"2022-11-19T18:38:44+00:00\" \/>\n<meta property=\"article:modified_time\" content=\"2022-11-19T18:38:47+00:00\" \/>\n<meta property=\"og:image\" content=\"https:\/\/www.public.sn\/wp-content\/uploads\/2022\/11\/karim-benzema.jpg\" \/>\n\t<meta property=\"og:image:width\" content=\"711\" \/>\n\t<meta property=\"og:image:height\" content=\"425\" \/>\n\t<meta property=\"og:image:type\" content=\"image\/jpeg\" \/>\n<meta name=\"author\" content=\"LA REDACTION\" \/>\n<meta name=\"twitter:card\" content=\"summary_large_image\" \/>\n<meta name=\"twitter:label1\" content=\"\u00c9crit par\" \/>\n\t<meta name=\"twitter:data1\" content=\"LA REDACTION\" \/>\n\t<meta name=\"twitter:label2\" content=\"Dur\u00e9e de lecture estim\u00e9e\" \/>\n\t<meta name=\"twitter:data2\" content=\"1 minute\" \/>\n<script type=\"application\/ld+json\" class=\"yoast-schema-graph\">{\"@context\":\"https:\/\/schema.org\",\"@graph\":[{\"@type\":\"Article\",\"@id\":\"https:\/\/www.public.sn\/index.php\/2022\/11\/19\/qatar-la-participation-de-benzema-compromise\/#article\",\"isPartOf\":{\"@id\":\"https:\/\/www.public.sn\/index.php\/2022\/11\/19\/qatar-la-participation-de-benzema-compromise\/\"},\"author\":{\"name\":\"LA REDACTION\",\"@id\":\"https:\/\/www.public.sn\/#\/schema\/person\/cb76c8e1b8becc6be61fb5e92d6d0224\"},\"headline\":\"Qatar\u00a0: La participation de Benzema compromise.\",\"datePublished\":\"2022-11-19T18:38:44+00:00\",\"dateModified\":\"2022-11-19T18:38:47+00:00\",\"mainEntityOfPage\":{\"@id\":\"https:\/\/www.public.sn\/index.php\/2022\/11\/19\/qatar-la-participation-de-benzema-compromise\/\"},\"wordCount\":85,\"commentCount\":0,\"publisher\":{\"@id\":\"https:\/\/www.public.sn\/#organization\"},\"image\":{\"@id\":\"https:\/\/www.public.sn\/index.php\/2022\/11\/19\/qatar-la-participation-de-benzema-compromise\/#primaryimage\"},\"thumbnailUrl\":\"https:\/\/www.public.sn\/wp-content\/uploads\/2022\/11\/karim-benzema.jpg\",\"keywords\":[\"qatar\"],\"articleSection\":[\"ACTUALIT\u00c9S\",\"AFRIQUE &amp; MONDE\",\"SPORTS\"],\"inLanguage\":\"fr-FR\",\"potentialAction\":[{\"@type\":\"CommentAction\",\"name\":\"Comment\",\"target\":[\"https:\/\/www.public.sn\/index.php\/2022\/11\/19\/qatar-la-participation-de-benzema-compromise\/#respond\"]}]},{\"@type\":\"WebPage\",\"@id\":\"https:\/\/www.public.sn\/index.php\/2022\/11\/19\/qatar-la-participation-de-benzema-compromise\/\",\"url\":\"https:\/\/www.public.sn\/index.php\/2022\/11\/19\/qatar-la-participation-de-benzema-compromise\/\",\"name\":\"Qatar\u00a0: La participation de Benzema compromise. - LE PUBLIC\",\"isPartOf\":{\"@id\":\"https:\/\/www.public.sn\/#website\"},\"primaryImageOfPage\":{\"@id\":\"https:\/\/www.public.sn\/index.php\/2022\/11\/19\/qatar-la-participation-de-benzema-compromise\/#primaryimage\"},\"image\":{\"@id\":\"https:\/\/www.public.sn\/index.php\/2022\/11\/19\/qatar-la-participation-de-benzema-compromise\/#primaryimage\"},\"thumbnailUrl\":\"https:\/\/www.public.sn\/wp-content\/uploads\/2022\/11\/karim-benzema.jpg\",\"datePublished\":\"2022-11-19T18:38:44+00:00\",\"dateModified\":\"2022-11-19T18:38:47+00:00\",\"breadcrumb\":{\"@id\":\"https:\/\/www.public.sn\/index.php\/2022\/11\/19\/qatar-la-participation-de-benzema-compromise\/#breadcrumb\"},\"inLanguage\":\"fr-FR\",\"potentialAction\":[{\"@type\":\"ReadAction\",\"target\":[\"https:\/\/www.public.sn\/index.php\/2022\/11\/19\/qatar-la-participation-de-benzema-compromise\/\"]}]},{\"@type\":\"ImageObject\",\"inLanguage\":\"fr-FR\",\"@id\":\"https:\/\/www.public.sn\/index.php\/2022\/11\/19\/qatar-la-participation-de-benzema-compromise\/#primaryimage\",\"url\":\"https:\/\/www.public.sn\/wp-content\/uploads\/2022\/11\/karim-benzema.jpg\",\"contentUrl\":\"https:\/\/www.public.sn\/wp-content\/uploads\/2022\/11\/karim-benzema.jpg\",\"width\":711,\"height\":425,\"caption\":\"publicsn\"},{\"@type\":\"BreadcrumbList\",\"@id\":\"https:\/\/www.public.sn\/index.php\/2022\/11\/19\/qatar-la-participation-de-benzema-compromise\/#breadcrumb\",\"itemListElement\":[{\"@type\":\"ListItem\",\"position\":1,\"name\":\"Accueil\",\"item\":\"https:\/\/www.public.sn\/\"},{\"@type\":\"ListItem\",\"position\":2,\"name\":\"Qatar\u00a0: La participation de Benzema compromise.\"}]},{\"@type\":\"WebSite\",\"@id\":\"https:\/\/www.public.sn\/#website\",\"url\":\"https:\/\/www.public.sn\/\",\"name\":\"LE PUBLIC\",\"description\":\"\",\"publisher\":{\"@id\":\"https:\/\/www.public.sn\/#organization\"},\"potentialAction\":[{\"@type\":\"SearchAction\",\"target\":{\"@type\":\"EntryPoint\",\"urlTemplate\":\"https:\/\/www.public.sn\/?s={search_term_string}\"},\"query-input\":{\"@type\":\"PropertyValueSpecification\",\"valueRequired\":true,\"valueName\":\"search_term_string\"}}],\"inLanguage\":\"fr-FR\"},{\"@type\":\"Organization\",\"@id\":\"https:\/\/www.public.sn\/#organization\",\"name\":\"LE PUBLIC\",\"url\":\"https:\/\/www.public.sn\/\",\"logo\":{\"@type\":\"ImageObject\",\"inLanguage\":\"fr-FR\",\"@id\":\"https:\/\/www.public.sn\/#\/schema\/logo\/image\/\",\"url\":\"https:\/\/www.public.sn\/wp-content\/uploads\/2024\/05\/cropped-LOGO-PUBLIC.SN_.png\",\"contentUrl\":\"https:\/\/www.public.sn\/wp-content\/uploads\/2024\/05\/cropped-LOGO-PUBLIC.SN_.png\",\"width\":682,\"height\":192,\"caption\":\"LE PUBLIC\"},\"image\":{\"@id\":\"https:\/\/www.public.sn\/#\/schema\/logo\/image\/\"}},{\"@type\":\"Person\",\"@id\":\"https:\/\/www.public.sn\/#\/schema\/person\/cb76c8e1b8becc6be61fb5e92d6d0224\",\"name\":\"LA REDACTION\",\"image\":{\"@type\":\"ImageObject\",\"inLanguage\":\"fr-FR\",\"@id\":\"https:\/\/www.public.sn\/#\/schema\/person\/image\/\",\"url\":\"https:\/\/secure.gravatar.com\/avatar\/2dce5ddd34b8fef0180efe03aa2a9bee7d953856048f9a16b298190a3178407c?s=96&d=mm&r=g\",\"contentUrl\":\"https:\/\/secure.gravatar.com\/avatar\/2dce5ddd34b8fef0180efe03aa2a9bee7d953856048f9a16b298190a3178407c?s=96&d=mm&r=g\",\"caption\":\"LA REDACTION\"},\"url\":\"https:\/\/www.public.sn\/index.php\/author\/editeurpsn\/\"}]}<\/script>\n<!-- \/ Yoast SEO plugin. -->","yoast_head_json":{"title":"Qatar\u00a0: La participation de Benzema compromise. - LE PUBLIC","robots":{"index":"index","follow":"follow","max-snippet":"max-snippet:-1","max-image-preview":"max-image-preview:large","max-video-preview":"max-video-preview:-1"},"canonical":"https:\/\/www.public.sn\/index.php\/2022\/11\/19\/qatar-la-participation-de-benzema-compromise\/","og_locale":"fr_FR","og_type":"article","og_title":"Qatar\u00a0: La participation de Benzema compromise. - LE PUBLIC","og_description":"Si la nouvelle se confirme, ce serait un coup dur pour la France. En effet, des informations font \u00e9tat d\u2019une blessure de Karim Benzema. Le joueur du Real Madrid n\u2019aurait pas termin\u00e9 les entrainements. C\u2019\u00e9tait d\u2019ailleurs la premi\u00e8re fois qu\u2019il participait aux entrainements collectifs car il \u00e9tait l\u00e9g\u00e8rement bless\u00e9 lors de sa convocation par Didier Deschamps. Cette nouvelle blessure pourrait remettre en cause sa participation \u00e0 la coupe du monde. Samba SY.","og_url":"https:\/\/www.public.sn\/index.php\/2022\/11\/19\/qatar-la-participation-de-benzema-compromise\/","og_site_name":"LE PUBLIC","article_published_time":"2022-11-19T18:38:44+00:00","article_modified_time":"2022-11-19T18:38:47+00:00","og_image":[{"width":711,"height":425,"url":"https:\/\/www.public.sn\/wp-content\/uploads\/2022\/11\/karim-benzema.jpg","type":"image\/jpeg"}],"author":"LA REDACTION","twitter_card":"summary_large_image","twitter_misc":{"\u00c9crit par":"LA REDACTION","Dur\u00e9e de lecture estim\u00e9e":"1 minute"},"schema":{"@context":"https:\/\/schema.org","@graph":[{"@type":"Article","@id":"https:\/\/www.public.sn\/index.php\/2022\/11\/19\/qatar-la-participation-de-benzema-compromise\/#article","isPartOf":{"@id":"https:\/\/www.public.sn\/index.php\/2022\/11\/19\/qatar-la-participation-de-benzema-compromise\/"},"author":{"name":"LA REDACTION","@id":"https:\/\/www.public.sn\/#\/schema\/person\/cb76c8e1b8becc6be61fb5e92d6d0224"},"headline":"Qatar\u00a0: La participation de Benzema compromise.","datePublished":"2022-11-19T18:38:44+00:00","dateModified":"2022-11-19T18:38:47+00:00","mainEntityOfPage":{"@id":"https:\/\/www.public.sn\/index.php\/2022\/11\/19\/qatar-la-participation-de-benzema-compromise\/"},"wordCount":85,"commentCount":0,"publisher":{"@id":"https:\/\/www.public.sn\/#organization"},"image":{"@id":"https:\/\/www.public.sn\/index.php\/2022\/11\/19\/qatar-la-participation-de-benzema-compromise\/#primaryimage"},"thumbnailUrl":"https:\/\/www.public.sn\/wp-content\/uploads\/2022\/11\/karim-benzema.jpg","keywords":["qatar"],"articleSection":["ACTUALIT\u00c9S","AFRIQUE &amp; MONDE","SPORTS"],"inLanguage":"fr-FR","potentialAction":[{"@type":"CommentAction","name":"Comment","target":["https:\/\/www.public.sn\/index.php\/2022\/11\/19\/qatar-la-participation-de-benzema-compromise\/#respond"]}]},{"@type":"WebPage","@id":"https:\/\/www.public.sn\/index.php\/2022\/11\/19\/qatar-la-participation-de-benzema-compromise\/","url":"https:\/\/www.public.sn\/index.php\/2022\/11\/19\/qatar-la-participation-de-benzema-compromise\/","name":"Qatar\u00a0: La participation de Benzema compromise. - LE PUBLIC","isPartOf":{"@id":"https:\/\/www.public.sn\/#website"},"primaryImageOfPage":{"@id":"https:\/\/www.public.sn\/index.php\/2022\/11\/19\/qatar-la-participation-de-benzema-compromise\/#primaryimage"},"image":{"@id":"https:\/\/www.public.sn\/index.php\/2022\/11\/19\/qatar-la-participation-de-benzema-compromise\/#primaryimage"},"thumbnailUrl":"https:\/\/www.public.sn\/wp-content\/uploads\/2022\/11\/karim-benzema.jpg","datePublished":"2022-11-19T18:38:44+00:00","dateModified":"2022-11-19T18:38:47+00:00","breadcrumb":{"@id":"https:\/\/www.public.sn\/index.php\/2022\/11\/19\/qatar-la-participation-de-benzema-compromise\/#breadcrumb"},"inLanguage":"fr-FR","potentialAction":[{"@type":"ReadAction","target":["https:\/\/www.public.sn\/index.php\/2022\/11\/19\/qatar-la-participation-de-benzema-compromise\/"]}]},{"@type":"ImageObject","inLanguage":"fr-FR","@id":"https:\/\/www.public.sn\/index.php\/2022\/11\/19\/qatar-la-participation-de-benzema-compromise\/#primaryimage","url":"https:\/\/www.public.sn\/wp-content\/uploads\/2022\/11\/karim-benzema.jpg","contentUrl":"https:\/\/www.public.sn\/wp-content\/uploads\/2022\/11\/karim-benzema.jpg","width":711,"height":425,"caption":"publicsn"},{"@type":"BreadcrumbList","@id":"https:\/\/www.public.sn\/index.php\/2022\/11\/19\/qatar-la-participation-de-benzema-compromise\/#breadcrumb","itemListElement":[{"@type":"ListItem","position":1,"name":"Accueil","item":"https:\/\/www.public.sn\/"},{"@type":"ListItem","position":2,"name":"Qatar\u00a0: La participation de Benzema compromise."}]},{"@type":"WebSite","@id":"https:\/\/www.public.sn\/#website","url":"https:\/\/www.public.sn\/","name":"LE PUBLIC","description":"","publisher":{"@id":"https:\/\/www.public.sn\/#organization"},"potentialAction":[{"@type":"SearchAction","target":{"@type":"EntryPoint","urlTemplate":"https:\/\/www.public.sn\/?s={search_term_string}"},"query-input":{"@type":"PropertyValueSpecification","valueRequired":true,"valueName":"search_term_string"}}],"inLanguage":"fr-FR"},{"@type":"Organization","@id":"https:\/\/www.public.sn\/#organization","name":"LE PUBLIC","url":"https:\/\/www.public.sn\/","logo":{"@type":"ImageObject","inLanguage":"fr-FR","@id":"https:\/\/www.public.sn\/#\/schema\/logo\/image\/","url":"https:\/\/www.public.sn\/wp-content\/uploads\/2024\/05\/cropped-LOGO-PUBLIC.SN_.png","contentUrl":"https:\/\/www.public.sn\/wp-content\/uploads\/2024\/05\/cropped-LOGO-PUBLIC.SN_.png","width":682,"height":192,"caption":"LE PUBLIC"},"image":{"@id":"https:\/\/www.public.sn\/#\/schema\/logo\/image\/"}},{"@type":"Person","@id":"https:\/\/www.public.sn\/#\/schema\/person\/cb76c8e1b8becc6be61fb5e92d6d0224","name":"LA REDACTION","image":{"@type":"ImageObject","inLanguage":"fr-FR","@id":"https:\/\/www.public.sn\/#\/schema\/person\/image\/","url":"https:\/\/secure.gravatar.com\/avatar\/2dce5ddd34b8fef0180efe03aa2a9bee7d953856048f9a16b298190a3178407c?s=96&d=mm&r=g","contentUrl":"https:\/\/secure.gravatar.com\/avatar\/2dce5ddd34b8fef0180efe03aa2a9bee7d953856048f9a16b298190a3178407c?s=96&d=mm&r=g","caption":"LA REDACTION"},"url":"https:\/\/www.public.sn\/index.php\/author\/editeurpsn\/"}]}},"jetpack_featured_media_url":"https:\/\/www.public.sn\/wp-content\/uploads\/2022\/11\/karim-benzema.jpg","jetpack_sharing_enabled":true,"_links":{"self":[{"href":"https:\/\/www.public.sn\/index.php\/wp-json\/wp\/v2\/posts\/9391","targetHints":{"allow":["GET"]}}],"collection":[{"href":"https:\/\/www.public.sn\/index.php\/wp-json\/wp\/v2\/posts"}],"about":[{"href":"https:\/\/www.public.sn\/index.php\/wp-json\/wp\/v2\/types\/post"}],"author":[{"embeddable":true,"href":"https:\/\/www.public.sn\/index.php\/wp-json\/wp\/v2\/users\/7"}],"replies":[{"embeddable":true,"href":"https:\/\/www.public.sn\/index.php\/wp-json\/wp\/v2\/comments?post=9391"}],"version-history":[{"count":2,"href":"https:\/\/www.public.sn\/index.php\/wp-json\/wp\/v2\/posts\/9391\/revisions"}],"predecessor-version":[{"id":9394,"href":"https:\/\/www.public.sn\/index.php\/wp-json\/wp\/v2\/posts\/9391\/revisions\/9394"}],"wp:featuredmedia":[{"embeddable":true,"href":"https:\/\/www.public.sn\/index.php\/wp-json\/wp\/v2\/media\/9392"}],"wp:attachment":[{"href":"https:\/\/www.public.sn\/index.php\/wp-json\/wp\/v2\/media?parent=9391"}],"wp:term":[{"taxonomy":"category","embeddable":true,"href":"https:\/\/www.public.sn\/index.php\/wp-json\/wp\/v2\/categories?post=9391"},{"taxonomy":"post_tag","embeddable":true,"href":"https:\/\/www.public.sn\/index.php\/wp-json\/wp\/v2\/tags?post=9391"}],"curies":[{"name":"wp","href":"https:\/\/api.w.org\/{rel}","templated":true}]}}