{"id":9403,"date":"2022-11-20T14:59:12","date_gmt":"2022-11-20T14:59:12","guid":{"rendered":"https:\/\/www.public.sn\/?p=9403"},"modified":"2022-11-20T14:59:14","modified_gmt":"2022-11-20T14:59:14","slug":"arrestation-de-pape-ale-niang-malick-thiandoum-cest-un-recul-democratique-public-tv","status":"publish","type":"post","link":"https:\/\/www.public.sn\/index.php\/2022\/11\/20\/arrestation-de-pape-ale-niang-malick-thiandoum-cest-un-recul-democratique-public-tv\/","title":{"rendered":"Arrestation de Pape Al\u00e9 Niang\u00a0: Malick Thiandoum\u00a0 \u00ab\u00a0C\u2019est un recul d\u00e9mocratique\u00a0\u00bb (Public TV)"},"content":{"rendered":"\n<p><strong>Approch\u00e9 par Public TV, Malick Thiandoum a profit\u00e9 de l\u2019occasion pour f\u00e9liciter  la CAP\u00a0 qui a pris l\u2019initiative d\u2019organiser une forte mobilisation pour la lib\u00e9ration de leur coll\u00e8gue arr\u00eat\u00e9 depuis le 6 novembre dernier.\u00a0<\/strong><\/p><div class=\"publi-paragraphe1\" style=\"margin-top: 10px;margin-bottom: 10px;margin-left: auto;margin-right: auto;text-align: center;\" id=\"publi-1604309323\"><div class=\"publi-adlabel\">Publicit\u00e9<\/div><script async src=\"\/\/pagead2.googlesyndication.com\/pagead\/js\/adsbygoogle.js?client=ca-pub-4089586018074219\" crossorigin=\"anonymous\"><\/script><ins class=\"adsbygoogle\" style=\"display:block;\" data-ad-client=\"ca-pub-4089586018074219\" \ndata-ad-slot=\"2087940154\" \ndata-ad-format=\"auto\"><\/ins>\n<script> \n(adsbygoogle = window.adsbygoogle || []).push({}); \n<\/script>\n<\/div>\n\n\n\n<p><strong><em>\u00ab\u00a0C\u2019est un pr\u00e9c\u00e9dent extr\u00eamement \u00a0dangereux, la place d\u2019un journaliste n\u2019est pas \u00e0 la prison. C\u2019est un recul d\u00e9mocratique\u00a0\u00bb dit l<\/em>e journaliste de la Tfm<\/strong><\/p>\n\n\n\n<p>Regardez<\/p>\n\n\n<p><iframe width=\"727\" height=\"409\" src=\"https:\/\/www.youtube.com\/embed\/bCE_B6rwvlA\" title=\"Arrestation de Pape Al\u00e9 Niang, Malick Thiandoum : \" c'est=\"\" une=\"\" recule=\"\" d\u00e9mocratique\"\"=\"\" frameborder=\"0\" allow=\"accelerometer; autoplay; clipboard-write; encrypted-media; gyroscope; picture-in-picture\" allowfullscreen=\"\"><\/iframe><\/p>\n\n\n<p><strong>Maimouna Niang.<\/strong><\/p>\n<div class=\"publi-apres-le-contenu\" style=\"margin-top: 10px;margin-bottom: 10px;margin-left: auto;margin-right: auto;text-align: center;\" id=\"publi-1124890760\"><div class=\"publi-adlabel\">Publicit\u00e9<\/div><script async src=\"\/\/pagead2.googlesyndication.com\/pagead\/js\/adsbygoogle.js?client=ca-pub-4089586018074219\" crossorigin=\"anonymous\"><\/script><ins class=\"adsbygoogle\" style=\"display:block;\" data-ad-client=\"ca-pub-4089586018074219\" \ndata-ad-slot=\"2087940154\" \ndata-ad-format=\"auto\"><\/ins>\n<script> \n(adsbygoogle = window.adsbygoogle || []).push({}); \n<\/script>\n<\/div>","protected":false},"excerpt":{"rendered":"<p>Approch\u00e9 par Public TV, Malick Thiandoum a profit\u00e9 de l\u2019occasion pour f\u00e9liciter la CAP\u00a0 qui a pris l\u2019initiative d\u2019organiser une forte mobilisation pour la lib\u00e9ration de leur coll\u00e8gue arr\u00eat\u00e9 depuis le 6 novembre dernier.\u00a0 \u00ab\u00a0C\u2019est un pr\u00e9c\u00e9dent extr\u00eamement \u00a0dangereux, la place d\u2019un journaliste n\u2019est pas \u00e0 la prison. C\u2019est un recul d\u00e9mocratique\u00a0\u00bb dit le journaliste de la Tfm Regardez<\/p>\n","protected":false},"author":7,"featured_media":9422,"comment_status":"open","ping_status":"open","sticky":false,"template":"","format":"standard","meta":{"_jetpack_memberships_contains_paid_content":false,"footnotes":""},"categories":[961,3,8,1,6],"tags":[3143,2489],"class_list":["post-9403","post","type-post","status-publish","format-standard","has-post-thumbnail","hentry","category-medias","category-politique","category-public-tv","category-non-classe","category-videos","tag-malick-thandoum","tag-pape-ale-niang","entry","has-media","owp-thumbs-layout-horizontal","owp-btn-normal","owp-tabs-layout-horizontal","has-no-thumbnails","has-product-nav"],"yoast_head":"<!-- This site is optimized with the Yoast SEO plugin v25.5 - https:\/\/yoast.com\/wordpress\/plugins\/seo\/ -->\n<title>Arrestation de Pape Al\u00e9 Niang\u00a0: Malick Thiandoum\u00a0 \u00ab\u00a0C\u2019est un recul d\u00e9mocratique\u00a0\u00bb (Public TV) - LE PUBLIC<\/title>\n<meta name=\"robots\" content=\"index, follow, max-snippet:-1, max-image-preview:large, max-video-preview:-1\" \/>\n<link rel=\"canonical\" href=\"https:\/\/www.public.sn\/index.php\/2022\/11\/20\/arrestation-de-pape-ale-niang-malick-thiandoum-cest-un-recul-democratique-public-tv\/\" \/>\n<meta property=\"og:locale\" content=\"fr_FR\" \/>\n<meta property=\"og:type\" content=\"article\" \/>\n<meta property=\"og:title\" content=\"Arrestation de Pape Al\u00e9 Niang\u00a0: Malick Thiandoum\u00a0 \u00ab\u00a0C\u2019est un recul d\u00e9mocratique\u00a0\u00bb (Public TV) - LE PUBLIC\" \/>\n<meta property=\"og:description\" content=\"Approch\u00e9 par Public TV, Malick Thiandoum a profit\u00e9 de l\u2019occasion pour f\u00e9liciter la CAP\u00a0 qui a pris l\u2019initiative d\u2019organiser une forte mobilisation pour la lib\u00e9ration de leur coll\u00e8gue arr\u00eat\u00e9 depuis le 6 novembre dernier.\u00a0 \u00ab\u00a0C\u2019est un pr\u00e9c\u00e9dent extr\u00eamement \u00a0dangereux, la place d\u2019un journaliste n\u2019est pas \u00e0 la prison. C\u2019est un recul d\u00e9mocratique\u00a0\u00bb dit le journaliste de la Tfm Regardez\" \/>\n<meta property=\"og:url\" content=\"https:\/\/www.public.sn\/index.php\/2022\/11\/20\/arrestation-de-pape-ale-niang-malick-thiandoum-cest-un-recul-democratique-public-tv\/\" \/>\n<meta property=\"og:site_name\" content=\"LE PUBLIC\" \/>\n<meta property=\"article:published_time\" content=\"2022-11-20T14:59:12+00:00\" \/>\n<meta property=\"article:modified_time\" content=\"2022-11-20T14:59:14+00:00\" \/>\n<meta property=\"og:image\" content=\"https:\/\/www.public.sn\/wp-content\/uploads\/2022\/11\/Malick-Thiandoum.jpg\" \/>\n\t<meta property=\"og:image:width\" content=\"730\" \/>\n\t<meta property=\"og:image:height\" content=\"413\" \/>\n\t<meta property=\"og:image:type\" content=\"image\/jpeg\" \/>\n<meta name=\"author\" content=\"LA REDACTION\" \/>\n<meta name=\"twitter:card\" content=\"summary_large_image\" \/>\n<meta name=\"twitter:label1\" content=\"\u00c9crit par\" \/>\n\t<meta name=\"twitter:data1\" content=\"LA REDACTION\" \/>\n\t<meta name=\"twitter:label2\" content=\"Dur\u00e9e de lecture estim\u00e9e\" \/>\n\t<meta name=\"twitter:data2\" content=\"1 minute\" \/>\n<script type=\"application\/ld+json\" class=\"yoast-schema-graph\">{\"@context\":\"https:\/\/schema.org\",\"@graph\":[{\"@type\":\"Article\",\"@id\":\"https:\/\/www.public.sn\/index.php\/2022\/11\/20\/arrestation-de-pape-ale-niang-malick-thiandoum-cest-un-recul-democratique-public-tv\/#article\",\"isPartOf\":{\"@id\":\"https:\/\/www.public.sn\/index.php\/2022\/11\/20\/arrestation-de-pape-ale-niang-malick-thiandoum-cest-un-recul-democratique-public-tv\/\"},\"author\":{\"name\":\"LA REDACTION\",\"@id\":\"https:\/\/www.public.sn\/#\/schema\/person\/cb76c8e1b8becc6be61fb5e92d6d0224\"},\"headline\":\"Arrestation de Pape Al\u00e9 Niang\u00a0: Malick Thiandoum\u00a0 \u00ab\u00a0C\u2019est un recul d\u00e9mocratique\u00a0\u00bb (Public TV)\",\"datePublished\":\"2022-11-20T14:59:12+00:00\",\"dateModified\":\"2022-11-20T14:59:14+00:00\",\"mainEntityOfPage\":{\"@id\":\"https:\/\/www.public.sn\/index.php\/2022\/11\/20\/arrestation-de-pape-ale-niang-malick-thiandoum-cest-un-recul-democratique-public-tv\/\"},\"wordCount\":87,\"commentCount\":0,\"publisher\":{\"@id\":\"https:\/\/www.public.sn\/#organization\"},\"image\":{\"@id\":\"https:\/\/www.public.sn\/index.php\/2022\/11\/20\/arrestation-de-pape-ale-niang-malick-thiandoum-cest-un-recul-democratique-public-tv\/#primaryimage\"},\"thumbnailUrl\":\"https:\/\/www.public.sn\/wp-content\/uploads\/2022\/11\/Malick-Thiandoum.jpg\",\"keywords\":[\"Malick Thandoum\",\"Pape Al\u00e9 Niang\"],\"articleSection\":[\"M\u00c9DIAS\",\"POLITIQUE\",\"PUBLIC TV\",\"S\u00c9N\u00c9GAL\",\"VIDEOS\"],\"inLanguage\":\"fr-FR\",\"potentialAction\":[{\"@type\":\"CommentAction\",\"name\":\"Comment\",\"target\":[\"https:\/\/www.public.sn\/index.php\/2022\/11\/20\/arrestation-de-pape-ale-niang-malick-thiandoum-cest-un-recul-democratique-public-tv\/#respond\"]}]},{\"@type\":\"WebPage\",\"@id\":\"https:\/\/www.public.sn\/index.php\/2022\/11\/20\/arrestation-de-pape-ale-niang-malick-thiandoum-cest-un-recul-democratique-public-tv\/\",\"url\":\"https:\/\/www.public.sn\/index.php\/2022\/11\/20\/arrestation-de-pape-ale-niang-malick-thiandoum-cest-un-recul-democratique-public-tv\/\",\"name\":\"Arrestation de Pape Al\u00e9 Niang\u00a0: Malick Thiandoum\u00a0 \u00ab\u00a0C\u2019est un recul d\u00e9mocratique\u00a0\u00bb (Public TV) - LE PUBLIC\",\"isPartOf\":{\"@id\":\"https:\/\/www.public.sn\/#website\"},\"primaryImageOfPage\":{\"@id\":\"https:\/\/www.public.sn\/index.php\/2022\/11\/20\/arrestation-de-pape-ale-niang-malick-thiandoum-cest-un-recul-democratique-public-tv\/#primaryimage\"},\"image\":{\"@id\":\"https:\/\/www.public.sn\/index.php\/2022\/11\/20\/arrestation-de-pape-ale-niang-malick-thiandoum-cest-un-recul-democratique-public-tv\/#primaryimage\"},\"thumbnailUrl\":\"https:\/\/www.public.sn\/wp-content\/uploads\/2022\/11\/Malick-Thiandoum.jpg\",\"datePublished\":\"2022-11-20T14:59:12+00:00\",\"dateModified\":\"2022-11-20T14:59:14+00:00\",\"breadcrumb\":{\"@id\":\"https:\/\/www.public.sn\/index.php\/2022\/11\/20\/arrestation-de-pape-ale-niang-malick-thiandoum-cest-un-recul-democratique-public-tv\/#breadcrumb\"},\"inLanguage\":\"fr-FR\",\"potentialAction\":[{\"@type\":\"ReadAction\",\"target\":[\"https:\/\/www.public.sn\/index.php\/2022\/11\/20\/arrestation-de-pape-ale-niang-malick-thiandoum-cest-un-recul-democratique-public-tv\/\"]}]},{\"@type\":\"ImageObject\",\"inLanguage\":\"fr-FR\",\"@id\":\"https:\/\/www.public.sn\/index.php\/2022\/11\/20\/arrestation-de-pape-ale-niang-malick-thiandoum-cest-un-recul-democratique-public-tv\/#primaryimage\",\"url\":\"https:\/\/www.public.sn\/wp-content\/uploads\/2022\/11\/Malick-Thiandoum.jpg\",\"contentUrl\":\"https:\/\/www.public.sn\/wp-content\/uploads\/2022\/11\/Malick-Thiandoum.jpg\",\"width\":730,\"height\":413},{\"@type\":\"BreadcrumbList\",\"@id\":\"https:\/\/www.public.sn\/index.php\/2022\/11\/20\/arrestation-de-pape-ale-niang-malick-thiandoum-cest-un-recul-democratique-public-tv\/#breadcrumb\",\"itemListElement\":[{\"@type\":\"ListItem\",\"position\":1,\"name\":\"Accueil\",\"item\":\"https:\/\/www.public.sn\/\"},{\"@type\":\"ListItem\",\"position\":2,\"name\":\"Arrestation de Pape Al\u00e9 Niang\u00a0: Malick Thiandoum\u00a0 \u00ab\u00a0C\u2019est un recul d\u00e9mocratique\u00a0\u00bb (Public TV)\"}]},{\"@type\":\"WebSite\",\"@id\":\"https:\/\/www.public.sn\/#website\",\"url\":\"https:\/\/www.public.sn\/\",\"name\":\"LE PUBLIC\",\"description\":\"\",\"publisher\":{\"@id\":\"https:\/\/www.public.sn\/#organization\"},\"potentialAction\":[{\"@type\":\"SearchAction\",\"target\":{\"@type\":\"EntryPoint\",\"urlTemplate\":\"https:\/\/www.public.sn\/?s={search_term_string}\"},\"query-input\":{\"@type\":\"PropertyValueSpecification\",\"valueRequired\":true,\"valueName\":\"search_term_string\"}}],\"inLanguage\":\"fr-FR\"},{\"@type\":\"Organization\",\"@id\":\"https:\/\/www.public.sn\/#organization\",\"name\":\"LE PUBLIC\",\"url\":\"https:\/\/www.public.sn\/\",\"logo\":{\"@type\":\"ImageObject\",\"inLanguage\":\"fr-FR\",\"@id\":\"https:\/\/www.public.sn\/#\/schema\/logo\/image\/\",\"url\":\"https:\/\/www.public.sn\/wp-content\/uploads\/2024\/05\/cropped-LOGO-PUBLIC.SN_.png\",\"contentUrl\":\"https:\/\/www.public.sn\/wp-content\/uploads\/2024\/05\/cropped-LOGO-PUBLIC.SN_.png\",\"width\":682,\"height\":192,\"caption\":\"LE PUBLIC\"},\"image\":{\"@id\":\"https:\/\/www.public.sn\/#\/schema\/logo\/image\/\"}},{\"@type\":\"Person\",\"@id\":\"https:\/\/www.public.sn\/#\/schema\/person\/cb76c8e1b8becc6be61fb5e92d6d0224\",\"name\":\"LA REDACTION\",\"image\":{\"@type\":\"ImageObject\",\"inLanguage\":\"fr-FR\",\"@id\":\"https:\/\/www.public.sn\/#\/schema\/person\/image\/\",\"url\":\"https:\/\/secure.gravatar.com\/avatar\/2dce5ddd34b8fef0180efe03aa2a9bee7d953856048f9a16b298190a3178407c?s=96&d=mm&r=g\",\"contentUrl\":\"https:\/\/secure.gravatar.com\/avatar\/2dce5ddd34b8fef0180efe03aa2a9bee7d953856048f9a16b298190a3178407c?s=96&d=mm&r=g\",\"caption\":\"LA REDACTION\"},\"url\":\"https:\/\/www.public.sn\/index.php\/author\/editeurpsn\/\"}]}<\/script>\n<!-- \/ Yoast SEO plugin. -->","yoast_head_json":{"title":"Arrestation de Pape Al\u00e9 Niang\u00a0: Malick Thiandoum\u00a0 \u00ab\u00a0C\u2019est un recul d\u00e9mocratique\u00a0\u00bb (Public TV) - LE PUBLIC","robots":{"index":"index","follow":"follow","max-snippet":"max-snippet:-1","max-image-preview":"max-image-preview:large","max-video-preview":"max-video-preview:-1"},"canonical":"https:\/\/www.public.sn\/index.php\/2022\/11\/20\/arrestation-de-pape-ale-niang-malick-thiandoum-cest-un-recul-democratique-public-tv\/","og_locale":"fr_FR","og_type":"article","og_title":"Arrestation de Pape Al\u00e9 Niang\u00a0: Malick Thiandoum\u00a0 \u00ab\u00a0C\u2019est un recul d\u00e9mocratique\u00a0\u00bb (Public TV) - LE PUBLIC","og_description":"Approch\u00e9 par Public TV, Malick Thiandoum a profit\u00e9 de l\u2019occasion pour f\u00e9liciter la CAP\u00a0 qui a pris l\u2019initiative d\u2019organiser une forte mobilisation pour la lib\u00e9ration de leur coll\u00e8gue arr\u00eat\u00e9 depuis le 6 novembre dernier.\u00a0 \u00ab\u00a0C\u2019est un pr\u00e9c\u00e9dent extr\u00eamement \u00a0dangereux, la place d\u2019un journaliste n\u2019est pas \u00e0 la prison. C\u2019est un recul d\u00e9mocratique\u00a0\u00bb dit le journaliste de la Tfm Regardez","og_url":"https:\/\/www.public.sn\/index.php\/2022\/11\/20\/arrestation-de-pape-ale-niang-malick-thiandoum-cest-un-recul-democratique-public-tv\/","og_site_name":"LE PUBLIC","article_published_time":"2022-11-20T14:59:12+00:00","article_modified_time":"2022-11-20T14:59:14+00:00","og_image":[{"width":730,"height":413,"url":"https:\/\/www.public.sn\/wp-content\/uploads\/2022\/11\/Malick-Thiandoum.jpg","type":"image\/jpeg"}],"author":"LA REDACTION","twitter_card":"summary_large_image","twitter_misc":{"\u00c9crit par":"LA REDACTION","Dur\u00e9e de lecture estim\u00e9e":"1 minute"},"schema":{"@context":"https:\/\/schema.org","@graph":[{"@type":"Article","@id":"https:\/\/www.public.sn\/index.php\/2022\/11\/20\/arrestation-de-pape-ale-niang-malick-thiandoum-cest-un-recul-democratique-public-tv\/#article","isPartOf":{"@id":"https:\/\/www.public.sn\/index.php\/2022\/11\/20\/arrestation-de-pape-ale-niang-malick-thiandoum-cest-un-recul-democratique-public-tv\/"},"author":{"name":"LA REDACTION","@id":"https:\/\/www.public.sn\/#\/schema\/person\/cb76c8e1b8becc6be61fb5e92d6d0224"},"headline":"Arrestation de Pape Al\u00e9 Niang\u00a0: Malick Thiandoum\u00a0 \u00ab\u00a0C\u2019est un recul d\u00e9mocratique\u00a0\u00bb (Public TV)","datePublished":"2022-11-20T14:59:12+00:00","dateModified":"2022-11-20T14:59:14+00:00","mainEntityOfPage":{"@id":"https:\/\/www.public.sn\/index.php\/2022\/11\/20\/arrestation-de-pape-ale-niang-malick-thiandoum-cest-un-recul-democratique-public-tv\/"},"wordCount":87,"commentCount":0,"publisher":{"@id":"https:\/\/www.public.sn\/#organization"},"image":{"@id":"https:\/\/www.public.sn\/index.php\/2022\/11\/20\/arrestation-de-pape-ale-niang-malick-thiandoum-cest-un-recul-democratique-public-tv\/#primaryimage"},"thumbnailUrl":"https:\/\/www.public.sn\/wp-content\/uploads\/2022\/11\/Malick-Thiandoum.jpg","keywords":["Malick Thandoum","Pape Al\u00e9 Niang"],"articleSection":["M\u00c9DIAS","POLITIQUE","PUBLIC TV","S\u00c9N\u00c9GAL","VIDEOS"],"inLanguage":"fr-FR","potentialAction":[{"@type":"CommentAction","name":"Comment","target":["https:\/\/www.public.sn\/index.php\/2022\/11\/20\/arrestation-de-pape-ale-niang-malick-thiandoum-cest-un-recul-democratique-public-tv\/#respond"]}]},{"@type":"WebPage","@id":"https:\/\/www.public.sn\/index.php\/2022\/11\/20\/arrestation-de-pape-ale-niang-malick-thiandoum-cest-un-recul-democratique-public-tv\/","url":"https:\/\/www.public.sn\/index.php\/2022\/11\/20\/arrestation-de-pape-ale-niang-malick-thiandoum-cest-un-recul-democratique-public-tv\/","name":"Arrestation de Pape Al\u00e9 Niang\u00a0: Malick Thiandoum\u00a0 \u00ab\u00a0C\u2019est un recul d\u00e9mocratique\u00a0\u00bb (Public TV) - LE PUBLIC","isPartOf":{"@id":"https:\/\/www.public.sn\/#website"},"primaryImageOfPage":{"@id":"https:\/\/www.public.sn\/index.php\/2022\/11\/20\/arrestation-de-pape-ale-niang-malick-thiandoum-cest-un-recul-democratique-public-tv\/#primaryimage"},"image":{"@id":"https:\/\/www.public.sn\/index.php\/2022\/11\/20\/arrestation-de-pape-ale-niang-malick-thiandoum-cest-un-recul-democratique-public-tv\/#primaryimage"},"thumbnailUrl":"https:\/\/www.public.sn\/wp-content\/uploads\/2022\/11\/Malick-Thiandoum.jpg","datePublished":"2022-11-20T14:59:12+00:00","dateModified":"2022-11-20T14:59:14+00:00","breadcrumb":{"@id":"https:\/\/www.public.sn\/index.php\/2022\/11\/20\/arrestation-de-pape-ale-niang-malick-thiandoum-cest-un-recul-democratique-public-tv\/#breadcrumb"},"inLanguage":"fr-FR","potentialAction":[{"@type":"ReadAction","target":["https:\/\/www.public.sn\/index.php\/2022\/11\/20\/arrestation-de-pape-ale-niang-malick-thiandoum-cest-un-recul-democratique-public-tv\/"]}]},{"@type":"ImageObject","inLanguage":"fr-FR","@id":"https:\/\/www.public.sn\/index.php\/2022\/11\/20\/arrestation-de-pape-ale-niang-malick-thiandoum-cest-un-recul-democratique-public-tv\/#primaryimage","url":"https:\/\/www.public.sn\/wp-content\/uploads\/2022\/11\/Malick-Thiandoum.jpg","contentUrl":"https:\/\/www.public.sn\/wp-content\/uploads\/2022\/11\/Malick-Thiandoum.jpg","width":730,"height":413},{"@type":"BreadcrumbList","@id":"https:\/\/www.public.sn\/index.php\/2022\/11\/20\/arrestation-de-pape-ale-niang-malick-thiandoum-cest-un-recul-democratique-public-tv\/#breadcrumb","itemListElement":[{"@type":"ListItem","position":1,"name":"Accueil","item":"https:\/\/www.public.sn\/"},{"@type":"ListItem","position":2,"name":"Arrestation de Pape Al\u00e9 Niang\u00a0: Malick Thiandoum\u00a0 \u00ab\u00a0C\u2019est un recul d\u00e9mocratique\u00a0\u00bb (Public TV)"}]},{"@type":"WebSite","@id":"https:\/\/www.public.sn\/#website","url":"https:\/\/www.public.sn\/","name":"LE PUBLIC","description":"","publisher":{"@id":"https:\/\/www.public.sn\/#organization"},"potentialAction":[{"@type":"SearchAction","target":{"@type":"EntryPoint","urlTemplate":"https:\/\/www.public.sn\/?s={search_term_string}"},"query-input":{"@type":"PropertyValueSpecification","valueRequired":true,"valueName":"search_term_string"}}],"inLanguage":"fr-FR"},{"@type":"Organization","@id":"https:\/\/www.public.sn\/#organization","name":"LE PUBLIC","url":"https:\/\/www.public.sn\/","logo":{"@type":"ImageObject","inLanguage":"fr-FR","@id":"https:\/\/www.public.sn\/#\/schema\/logo\/image\/","url":"https:\/\/www.public.sn\/wp-content\/uploads\/2024\/05\/cropped-LOGO-PUBLIC.SN_.png","contentUrl":"https:\/\/www.public.sn\/wp-content\/uploads\/2024\/05\/cropped-LOGO-PUBLIC.SN_.png","width":682,"height":192,"caption":"LE PUBLIC"},"image":{"@id":"https:\/\/www.public.sn\/#\/schema\/logo\/image\/"}},{"@type":"Person","@id":"https:\/\/www.public.sn\/#\/schema\/person\/cb76c8e1b8becc6be61fb5e92d6d0224","name":"LA REDACTION","image":{"@type":"ImageObject","inLanguage":"fr-FR","@id":"https:\/\/www.public.sn\/#\/schema\/person\/image\/","url":"https:\/\/secure.gravatar.com\/avatar\/2dce5ddd34b8fef0180efe03aa2a9bee7d953856048f9a16b298190a3178407c?s=96&d=mm&r=g","contentUrl":"https:\/\/secure.gravatar.com\/avatar\/2dce5ddd34b8fef0180efe03aa2a9bee7d953856048f9a16b298190a3178407c?s=96&d=mm&r=g","caption":"LA REDACTION"},"url":"https:\/\/www.public.sn\/index.php\/author\/editeurpsn\/"}]}},"jetpack_featured_media_url":"https:\/\/www.public.sn\/wp-content\/uploads\/2022\/11\/Malick-Thiandoum.jpg","jetpack_sharing_enabled":true,"_links":{"self":[{"href":"https:\/\/www.public.sn\/index.php\/wp-json\/wp\/v2\/posts\/9403","targetHints":{"allow":["GET"]}}],"collection":[{"href":"https:\/\/www.public.sn\/index.php\/wp-json\/wp\/v2\/posts"}],"about":[{"href":"https:\/\/www.public.sn\/index.php\/wp-json\/wp\/v2\/types\/post"}],"author":[{"embeddable":true,"href":"https:\/\/www.public.sn\/index.php\/wp-json\/wp\/v2\/users\/7"}],"replies":[{"embeddable":true,"href":"https:\/\/www.public.sn\/index.php\/wp-json\/wp\/v2\/comments?post=9403"}],"version-history":[{"count":5,"href":"https:\/\/www.public.sn\/index.php\/wp-json\/wp\/v2\/posts\/9403\/revisions"}],"predecessor-version":[{"id":9456,"href":"https:\/\/www.public.sn\/index.php\/wp-json\/wp\/v2\/posts\/9403\/revisions\/9456"}],"wp:featuredmedia":[{"embeddable":true,"href":"https:\/\/www.public.sn\/index.php\/wp-json\/wp\/v2\/media\/9422"}],"wp:attachment":[{"href":"https:\/\/www.public.sn\/index.php\/wp-json\/wp\/v2\/media?parent=9403"}],"wp:term":[{"taxonomy":"category","embeddable":true,"href":"https:\/\/www.public.sn\/index.php\/wp-json\/wp\/v2\/categories?post=9403"},{"taxonomy":"post_tag","embeddable":true,"href":"https:\/\/www.public.sn\/index.php\/wp-json\/wp\/v2\/tags?post=9403"}],"curies":[{"name":"wp","href":"https:\/\/api.w.org\/{rel}","templated":true}]}}