{"id":9439,"date":"2022-11-20T14:29:45","date_gmt":"2022-11-20T14:29:45","guid":{"rendered":"https:\/\/www.public.sn\/?p=9439"},"modified":"2022-11-20T14:32:56","modified_gmt":"2022-11-20T14:32:56","slug":"affaire-pan-amnistie-karim-et-khalifa-3e-mandant-dauphin-de-macky-pape-modou-fall-sans-langue-de-bois-video","status":"publish","type":"post","link":"https:\/\/www.public.sn\/index.php\/2022\/11\/20\/affaire-pan-amnistie-karim-et-khalifa-3e-mandant-dauphin-de-macky-pape-modou-fall-sans-langue-de-bois-video\/","title":{"rendered":"Affaire PAN, amnistie Karim et Khalifa, 3e mandant, dauphin de Macky  : Pape Modou Fall sans langue de bois (Vid\u00e9o)"},"content":{"rendered":"<p><b>Le directeur de l&rsquo;Emploi \u00e9tait l&rsquo;invit\u00e9 de A\u00efssatou Diop Fall \u00e0 l&rsquo;\u00e9mission \u00abFace 2 Face\u00bb sur la TFM ce dimanche 20 novembre 2022. Pape Modou Fall puisque que c&rsquo;est de lui qu&rsquo;il s&rsquo;agit, face \u00e0 la journaliste s&rsquo;est exprim\u00e9 sur les questions de l&rsquo;heure. L&rsquo;affaire Pape Al\u00e9 Niang qui d\u00e9fraie la chronique, l&rsquo;amnistie de Karim Wade et de Khalifa Sall souhait\u00e9e par \u00a0Macky Sall, la troisi\u00e8me candidature soulev\u00e9e par la mouvance pr\u00e9sidentielle&#8230;ont \u00e9t\u00e9 les sujets abord\u00e9s \u00e0 l&rsquo;\u00e9mission. En effet, le pr\u00e9sident du parti Rassemblement pour la VERITE \/ D\u00cbGG MOO WOOR connu pour son franc-parler, a dit sans parti pris ses v\u00e9rit\u00e9s sur tous ces sujets \u00e9voqu\u00e9s.\u00a0<\/b><\/p><div class=\"publi-paragraphe1\" style=\"margin-top: 10px;margin-bottom: 10px;margin-left: auto;margin-right: auto;text-align: center;\" id=\"publi-3961905371\"><div class=\"publi-adlabel\">Publicit\u00e9<\/div><script async src=\"\/\/pagead2.googlesyndication.com\/pagead\/js\/adsbygoogle.js?client=ca-pub-4089586018074219\" crossorigin=\"anonymous\"><\/script><ins class=\"adsbygoogle\" style=\"display:block;\" data-ad-client=\"ca-pub-4089586018074219\" \ndata-ad-slot=\"2087940154\" \ndata-ad-format=\"auto\"><\/ins>\n<script> \n(adsbygoogle = window.adsbygoogle || []).push({}); \n<\/script>\n<\/div>\n<p>Suivez l&rsquo;int\u00e9gralit\u00e9 de l&rsquo;\u00e9mission<\/p>\n<p><iframe title=\"?TFM LIVE : Face2Face avec Aissatou Diop Fall - Invit\u00e9:- 20 Novembre 2022\" src=\"https:\/\/www.youtube.com\/embed\/vxehNqNNrwk\" width=\"727\" height=\"409\" frameborder=\"0\" allowfullscreen=\"allowfullscreen\"><\/iframe><\/p>\n<div class=\"publi-apres-le-contenu\" style=\"margin-top: 10px;margin-bottom: 10px;margin-left: auto;margin-right: auto;text-align: center;\" id=\"publi-883295711\"><div class=\"publi-adlabel\">Publicit\u00e9<\/div><script async src=\"\/\/pagead2.googlesyndication.com\/pagead\/js\/adsbygoogle.js?client=ca-pub-4089586018074219\" crossorigin=\"anonymous\"><\/script><ins class=\"adsbygoogle\" style=\"display:block;\" data-ad-client=\"ca-pub-4089586018074219\" \ndata-ad-slot=\"2087940154\" \ndata-ad-format=\"auto\"><\/ins>\n<script> \n(adsbygoogle = window.adsbygoogle || []).push({}); \n<\/script>\n<\/div>","protected":false},"excerpt":{"rendered":"<p>Le directeur de l&rsquo;Emploi \u00e9tait l&rsquo;invit\u00e9 de A\u00efssatou Diop Fall \u00e0 l&rsquo;\u00e9mission \u00abFace 2 Face\u00bb sur la TFM ce dimanche 20 novembre 2022. Pape Modou Fall puisque que c&rsquo;est de lui qu&rsquo;il s&rsquo;agit, face \u00e0 la journaliste s&rsquo;est exprim\u00e9 sur les questions de l&rsquo;heure. L&rsquo;affaire Pape Al\u00e9 Niang qui d\u00e9fraie la chronique, l&rsquo;amnistie de Karim Wade et de Khalifa Sall souhait\u00e9e par \u00a0Macky Sall, la troisi\u00e8me candidature soulev\u00e9e par la mouvance pr\u00e9sidentielle&#8230;ont \u00e9t\u00e9 les sujets abord\u00e9s \u00e0 l&rsquo;\u00e9mission. En effet, le pr\u00e9sident du parti Rassemblement pour la VERITE \/ D\u00cbGG MOO WOOR connu pour son franc-parler, a dit sans parti pris ses v\u00e9rit\u00e9s sur tous ces sujets \u00e9voqu\u00e9s.\u00a0 Suivez l&rsquo;int\u00e9gralit\u00e9 de l&rsquo;\u00e9mission<\/p>\n","protected":false},"author":1,"featured_media":9440,"comment_status":"open","ping_status":"open","sticky":false,"template":"","format":"standard","meta":{"_jetpack_memberships_contains_paid_content":false,"footnotes":""},"categories":[375,961,3,1,6],"tags":[3141,2489,3140],"class_list":["post-9439","post","type-post","status-publish","format-standard","has-post-thumbnail","hentry","category-actualites","category-medias","category-politique","category-non-classe","category-videos","tag-aissatou-diop-fall","tag-pape-ale-niang","tag-pape-modou-fall","entry","has-media","owp-thumbs-layout-horizontal","owp-btn-normal","owp-tabs-layout-horizontal","has-no-thumbnails","has-product-nav"],"yoast_head":"<!-- This site is optimized with the Yoast SEO plugin v25.5 - https:\/\/yoast.com\/wordpress\/plugins\/seo\/ -->\n<title>Affaire PAN, amnistie Karim et Khalifa, 3e mandant, dauphin de Macky : Pape Modou Fall sans langue de bois (Vid\u00e9o) - LE PUBLIC<\/title>\n<meta name=\"robots\" content=\"index, follow, max-snippet:-1, max-image-preview:large, max-video-preview:-1\" \/>\n<link rel=\"canonical\" href=\"https:\/\/www.public.sn\/index.php\/2022\/11\/20\/affaire-pan-amnistie-karim-et-khalifa-3e-mandant-dauphin-de-macky-pape-modou-fall-sans-langue-de-bois-video\/\" \/>\n<meta property=\"og:locale\" content=\"fr_FR\" \/>\n<meta property=\"og:type\" content=\"article\" \/>\n<meta property=\"og:title\" content=\"Affaire PAN, amnistie Karim et Khalifa, 3e mandant, dauphin de Macky : Pape Modou Fall sans langue de bois (Vid\u00e9o) - LE PUBLIC\" \/>\n<meta property=\"og:description\" content=\"Le directeur de l&rsquo;Emploi \u00e9tait l&rsquo;invit\u00e9 de A\u00efssatou Diop Fall \u00e0 l&rsquo;\u00e9mission \u00abFace 2 Face\u00bb sur la TFM ce dimanche 20 novembre 2022. Pape Modou Fall puisque que c&rsquo;est de lui qu&rsquo;il s&rsquo;agit, face \u00e0 la journaliste s&rsquo;est exprim\u00e9 sur les questions de l&rsquo;heure. L&rsquo;affaire Pape Al\u00e9 Niang qui d\u00e9fraie la chronique, l&rsquo;amnistie de Karim Wade et de Khalifa Sall souhait\u00e9e par \u00a0Macky Sall, la troisi\u00e8me candidature soulev\u00e9e par la mouvance pr\u00e9sidentielle&#8230;ont \u00e9t\u00e9 les sujets abord\u00e9s \u00e0 l&rsquo;\u00e9mission. En effet, le pr\u00e9sident du parti Rassemblement pour la VERITE \/ D\u00cbGG MOO WOOR connu pour son franc-parler, a dit sans parti pris ses v\u00e9rit\u00e9s sur tous ces sujets \u00e9voqu\u00e9s.\u00a0 Suivez l&rsquo;int\u00e9gralit\u00e9 de l&rsquo;\u00e9mission\" \/>\n<meta property=\"og:url\" content=\"https:\/\/www.public.sn\/index.php\/2022\/11\/20\/affaire-pan-amnistie-karim-et-khalifa-3e-mandant-dauphin-de-macky-pape-modou-fall-sans-langue-de-bois-video\/\" \/>\n<meta property=\"og:site_name\" content=\"LE PUBLIC\" \/>\n<meta property=\"article:published_time\" content=\"2022-11-20T14:29:45+00:00\" \/>\n<meta property=\"article:modified_time\" content=\"2022-11-20T14:32:56+00:00\" \/>\n<meta property=\"og:image\" content=\"https:\/\/www.public.sn\/wp-content\/uploads\/2022\/11\/Aissatou-Diop-Fall-Pape-Modou-Fall.jpg\" \/>\n\t<meta property=\"og:image:width\" content=\"850\" \/>\n\t<meta property=\"og:image:height\" content=\"450\" \/>\n\t<meta property=\"og:image:type\" content=\"image\/jpeg\" \/>\n<meta name=\"author\" content=\"LA REDACTION\" \/>\n<meta name=\"twitter:card\" content=\"summary_large_image\" \/>\n<meta name=\"twitter:label1\" content=\"\u00c9crit par\" \/>\n\t<meta name=\"twitter:data1\" content=\"LA REDACTION\" \/>\n\t<meta name=\"twitter:label2\" content=\"Dur\u00e9e de lecture estim\u00e9e\" \/>\n\t<meta name=\"twitter:data2\" content=\"1 minute\" \/>\n<script type=\"application\/ld+json\" class=\"yoast-schema-graph\">{\"@context\":\"https:\/\/schema.org\",\"@graph\":[{\"@type\":\"Article\",\"@id\":\"https:\/\/www.public.sn\/index.php\/2022\/11\/20\/affaire-pan-amnistie-karim-et-khalifa-3e-mandant-dauphin-de-macky-pape-modou-fall-sans-langue-de-bois-video\/#article\",\"isPartOf\":{\"@id\":\"https:\/\/www.public.sn\/index.php\/2022\/11\/20\/affaire-pan-amnistie-karim-et-khalifa-3e-mandant-dauphin-de-macky-pape-modou-fall-sans-langue-de-bois-video\/\"},\"author\":{\"name\":\"LA REDACTION\",\"@id\":\"https:\/\/www.public.sn\/#\/schema\/person\/e3f4a11b037d4203902db148f9bc8d5a\"},\"headline\":\"Affaire PAN, amnistie Karim et Khalifa, 3e mandant, dauphin de Macky : Pape Modou Fall sans langue de bois (Vid\u00e9o)\",\"datePublished\":\"2022-11-20T14:29:45+00:00\",\"dateModified\":\"2022-11-20T14:32:56+00:00\",\"mainEntityOfPage\":{\"@id\":\"https:\/\/www.public.sn\/index.php\/2022\/11\/20\/affaire-pan-amnistie-karim-et-khalifa-3e-mandant-dauphin-de-macky-pape-modou-fall-sans-langue-de-bois-video\/\"},\"wordCount\":142,\"commentCount\":0,\"publisher\":{\"@id\":\"https:\/\/www.public.sn\/#organization\"},\"image\":{\"@id\":\"https:\/\/www.public.sn\/index.php\/2022\/11\/20\/affaire-pan-amnistie-karim-et-khalifa-3e-mandant-dauphin-de-macky-pape-modou-fall-sans-langue-de-bois-video\/#primaryimage\"},\"thumbnailUrl\":\"https:\/\/www.public.sn\/wp-content\/uploads\/2022\/11\/Aissatou-Diop-Fall-Pape-Modou-Fall.jpg\",\"keywords\":[\"Aissatou Diop Fall\",\"Pape Al\u00e9 Niang\",\"Pape Modou Fall\"],\"articleSection\":[\"ACTUALIT\u00c9S\",\"M\u00c9DIAS\",\"POLITIQUE\",\"S\u00c9N\u00c9GAL\",\"VIDEOS\"],\"inLanguage\":\"fr-FR\",\"potentialAction\":[{\"@type\":\"CommentAction\",\"name\":\"Comment\",\"target\":[\"https:\/\/www.public.sn\/index.php\/2022\/11\/20\/affaire-pan-amnistie-karim-et-khalifa-3e-mandant-dauphin-de-macky-pape-modou-fall-sans-langue-de-bois-video\/#respond\"]}]},{\"@type\":\"WebPage\",\"@id\":\"https:\/\/www.public.sn\/index.php\/2022\/11\/20\/affaire-pan-amnistie-karim-et-khalifa-3e-mandant-dauphin-de-macky-pape-modou-fall-sans-langue-de-bois-video\/\",\"url\":\"https:\/\/www.public.sn\/index.php\/2022\/11\/20\/affaire-pan-amnistie-karim-et-khalifa-3e-mandant-dauphin-de-macky-pape-modou-fall-sans-langue-de-bois-video\/\",\"name\":\"Affaire PAN, amnistie Karim et Khalifa, 3e mandant, dauphin de Macky : Pape Modou Fall sans langue de bois (Vid\u00e9o) - LE PUBLIC\",\"isPartOf\":{\"@id\":\"https:\/\/www.public.sn\/#website\"},\"primaryImageOfPage\":{\"@id\":\"https:\/\/www.public.sn\/index.php\/2022\/11\/20\/affaire-pan-amnistie-karim-et-khalifa-3e-mandant-dauphin-de-macky-pape-modou-fall-sans-langue-de-bois-video\/#primaryimage\"},\"image\":{\"@id\":\"https:\/\/www.public.sn\/index.php\/2022\/11\/20\/affaire-pan-amnistie-karim-et-khalifa-3e-mandant-dauphin-de-macky-pape-modou-fall-sans-langue-de-bois-video\/#primaryimage\"},\"thumbnailUrl\":\"https:\/\/www.public.sn\/wp-content\/uploads\/2022\/11\/Aissatou-Diop-Fall-Pape-Modou-Fall.jpg\",\"datePublished\":\"2022-11-20T14:29:45+00:00\",\"dateModified\":\"2022-11-20T14:32:56+00:00\",\"breadcrumb\":{\"@id\":\"https:\/\/www.public.sn\/index.php\/2022\/11\/20\/affaire-pan-amnistie-karim-et-khalifa-3e-mandant-dauphin-de-macky-pape-modou-fall-sans-langue-de-bois-video\/#breadcrumb\"},\"inLanguage\":\"fr-FR\",\"potentialAction\":[{\"@type\":\"ReadAction\",\"target\":[\"https:\/\/www.public.sn\/index.php\/2022\/11\/20\/affaire-pan-amnistie-karim-et-khalifa-3e-mandant-dauphin-de-macky-pape-modou-fall-sans-langue-de-bois-video\/\"]}]},{\"@type\":\"ImageObject\",\"inLanguage\":\"fr-FR\",\"@id\":\"https:\/\/www.public.sn\/index.php\/2022\/11\/20\/affaire-pan-amnistie-karim-et-khalifa-3e-mandant-dauphin-de-macky-pape-modou-fall-sans-langue-de-bois-video\/#primaryimage\",\"url\":\"https:\/\/www.public.sn\/wp-content\/uploads\/2022\/11\/Aissatou-Diop-Fall-Pape-Modou-Fall.jpg\",\"contentUrl\":\"https:\/\/www.public.sn\/wp-content\/uploads\/2022\/11\/Aissatou-Diop-Fall-Pape-Modou-Fall.jpg\",\"width\":850,\"height\":450},{\"@type\":\"BreadcrumbList\",\"@id\":\"https:\/\/www.public.sn\/index.php\/2022\/11\/20\/affaire-pan-amnistie-karim-et-khalifa-3e-mandant-dauphin-de-macky-pape-modou-fall-sans-langue-de-bois-video\/#breadcrumb\",\"itemListElement\":[{\"@type\":\"ListItem\",\"position\":1,\"name\":\"Accueil\",\"item\":\"https:\/\/www.public.sn\/\"},{\"@type\":\"ListItem\",\"position\":2,\"name\":\"Affaire PAN, amnistie Karim et Khalifa, 3e mandant, dauphin de Macky : Pape Modou Fall sans langue de bois (Vid\u00e9o)\"}]},{\"@type\":\"WebSite\",\"@id\":\"https:\/\/www.public.sn\/#website\",\"url\":\"https:\/\/www.public.sn\/\",\"name\":\"LE PUBLIC\",\"description\":\"\",\"publisher\":{\"@id\":\"https:\/\/www.public.sn\/#organization\"},\"potentialAction\":[{\"@type\":\"SearchAction\",\"target\":{\"@type\":\"EntryPoint\",\"urlTemplate\":\"https:\/\/www.public.sn\/?s={search_term_string}\"},\"query-input\":{\"@type\":\"PropertyValueSpecification\",\"valueRequired\":true,\"valueName\":\"search_term_string\"}}],\"inLanguage\":\"fr-FR\"},{\"@type\":\"Organization\",\"@id\":\"https:\/\/www.public.sn\/#organization\",\"name\":\"LE PUBLIC\",\"url\":\"https:\/\/www.public.sn\/\",\"logo\":{\"@type\":\"ImageObject\",\"inLanguage\":\"fr-FR\",\"@id\":\"https:\/\/www.public.sn\/#\/schema\/logo\/image\/\",\"url\":\"https:\/\/www.public.sn\/wp-content\/uploads\/2024\/05\/cropped-LOGO-PUBLIC.SN_.png\",\"contentUrl\":\"https:\/\/www.public.sn\/wp-content\/uploads\/2024\/05\/cropped-LOGO-PUBLIC.SN_.png\",\"width\":682,\"height\":192,\"caption\":\"LE PUBLIC\"},\"image\":{\"@id\":\"https:\/\/www.public.sn\/#\/schema\/logo\/image\/\"}},{\"@type\":\"Person\",\"@id\":\"https:\/\/www.public.sn\/#\/schema\/person\/e3f4a11b037d4203902db148f9bc8d5a\",\"name\":\"LA REDACTION\",\"image\":{\"@type\":\"ImageObject\",\"inLanguage\":\"fr-FR\",\"@id\":\"https:\/\/www.public.sn\/#\/schema\/person\/image\/\",\"url\":\"https:\/\/secure.gravatar.com\/avatar\/d6c030db45db2883c075085c5d6c6258654a801a93766b49af0b82d4f454e2a5?s=96&d=mm&r=g\",\"contentUrl\":\"https:\/\/secure.gravatar.com\/avatar\/d6c030db45db2883c075085c5d6c6258654a801a93766b49af0b82d4f454e2a5?s=96&d=mm&r=g\",\"caption\":\"LA REDACTION\"},\"sameAs\":[\"http:\/\/www.public.sn\"],\"url\":\"https:\/\/www.public.sn\/index.php\/author\/admin7324\/\"}]}<\/script>\n<!-- \/ Yoast SEO plugin. -->","yoast_head_json":{"title":"Affaire PAN, amnistie Karim et Khalifa, 3e mandant, dauphin de Macky : Pape Modou Fall sans langue de bois (Vid\u00e9o) - LE PUBLIC","robots":{"index":"index","follow":"follow","max-snippet":"max-snippet:-1","max-image-preview":"max-image-preview:large","max-video-preview":"max-video-preview:-1"},"canonical":"https:\/\/www.public.sn\/index.php\/2022\/11\/20\/affaire-pan-amnistie-karim-et-khalifa-3e-mandant-dauphin-de-macky-pape-modou-fall-sans-langue-de-bois-video\/","og_locale":"fr_FR","og_type":"article","og_title":"Affaire PAN, amnistie Karim et Khalifa, 3e mandant, dauphin de Macky : Pape Modou Fall sans langue de bois (Vid\u00e9o) - LE PUBLIC","og_description":"Le directeur de l&rsquo;Emploi \u00e9tait l&rsquo;invit\u00e9 de A\u00efssatou Diop Fall \u00e0 l&rsquo;\u00e9mission \u00abFace 2 Face\u00bb sur la TFM ce dimanche 20 novembre 2022. Pape Modou Fall puisque que c&rsquo;est de lui qu&rsquo;il s&rsquo;agit, face \u00e0 la journaliste s&rsquo;est exprim\u00e9 sur les questions de l&rsquo;heure. L&rsquo;affaire Pape Al\u00e9 Niang qui d\u00e9fraie la chronique, l&rsquo;amnistie de Karim Wade et de Khalifa Sall souhait\u00e9e par \u00a0Macky Sall, la troisi\u00e8me candidature soulev\u00e9e par la mouvance pr\u00e9sidentielle&#8230;ont \u00e9t\u00e9 les sujets abord\u00e9s \u00e0 l&rsquo;\u00e9mission. En effet, le pr\u00e9sident du parti Rassemblement pour la VERITE \/ D\u00cbGG MOO WOOR connu pour son franc-parler, a dit sans parti pris ses v\u00e9rit\u00e9s sur tous ces sujets \u00e9voqu\u00e9s.\u00a0 Suivez l&rsquo;int\u00e9gralit\u00e9 de l&rsquo;\u00e9mission","og_url":"https:\/\/www.public.sn\/index.php\/2022\/11\/20\/affaire-pan-amnistie-karim-et-khalifa-3e-mandant-dauphin-de-macky-pape-modou-fall-sans-langue-de-bois-video\/","og_site_name":"LE PUBLIC","article_published_time":"2022-11-20T14:29:45+00:00","article_modified_time":"2022-11-20T14:32:56+00:00","og_image":[{"width":850,"height":450,"url":"https:\/\/www.public.sn\/wp-content\/uploads\/2022\/11\/Aissatou-Diop-Fall-Pape-Modou-Fall.jpg","type":"image\/jpeg"}],"author":"LA REDACTION","twitter_card":"summary_large_image","twitter_misc":{"\u00c9crit par":"LA REDACTION","Dur\u00e9e de lecture estim\u00e9e":"1 minute"},"schema":{"@context":"https:\/\/schema.org","@graph":[{"@type":"Article","@id":"https:\/\/www.public.sn\/index.php\/2022\/11\/20\/affaire-pan-amnistie-karim-et-khalifa-3e-mandant-dauphin-de-macky-pape-modou-fall-sans-langue-de-bois-video\/#article","isPartOf":{"@id":"https:\/\/www.public.sn\/index.php\/2022\/11\/20\/affaire-pan-amnistie-karim-et-khalifa-3e-mandant-dauphin-de-macky-pape-modou-fall-sans-langue-de-bois-video\/"},"author":{"name":"LA REDACTION","@id":"https:\/\/www.public.sn\/#\/schema\/person\/e3f4a11b037d4203902db148f9bc8d5a"},"headline":"Affaire PAN, amnistie Karim et Khalifa, 3e mandant, dauphin de Macky : Pape Modou Fall sans langue de bois (Vid\u00e9o)","datePublished":"2022-11-20T14:29:45+00:00","dateModified":"2022-11-20T14:32:56+00:00","mainEntityOfPage":{"@id":"https:\/\/www.public.sn\/index.php\/2022\/11\/20\/affaire-pan-amnistie-karim-et-khalifa-3e-mandant-dauphin-de-macky-pape-modou-fall-sans-langue-de-bois-video\/"},"wordCount":142,"commentCount":0,"publisher":{"@id":"https:\/\/www.public.sn\/#organization"},"image":{"@id":"https:\/\/www.public.sn\/index.php\/2022\/11\/20\/affaire-pan-amnistie-karim-et-khalifa-3e-mandant-dauphin-de-macky-pape-modou-fall-sans-langue-de-bois-video\/#primaryimage"},"thumbnailUrl":"https:\/\/www.public.sn\/wp-content\/uploads\/2022\/11\/Aissatou-Diop-Fall-Pape-Modou-Fall.jpg","keywords":["Aissatou Diop Fall","Pape Al\u00e9 Niang","Pape Modou Fall"],"articleSection":["ACTUALIT\u00c9S","M\u00c9DIAS","POLITIQUE","S\u00c9N\u00c9GAL","VIDEOS"],"inLanguage":"fr-FR","potentialAction":[{"@type":"CommentAction","name":"Comment","target":["https:\/\/www.public.sn\/index.php\/2022\/11\/20\/affaire-pan-amnistie-karim-et-khalifa-3e-mandant-dauphin-de-macky-pape-modou-fall-sans-langue-de-bois-video\/#respond"]}]},{"@type":"WebPage","@id":"https:\/\/www.public.sn\/index.php\/2022\/11\/20\/affaire-pan-amnistie-karim-et-khalifa-3e-mandant-dauphin-de-macky-pape-modou-fall-sans-langue-de-bois-video\/","url":"https:\/\/www.public.sn\/index.php\/2022\/11\/20\/affaire-pan-amnistie-karim-et-khalifa-3e-mandant-dauphin-de-macky-pape-modou-fall-sans-langue-de-bois-video\/","name":"Affaire PAN, amnistie Karim et Khalifa, 3e mandant, dauphin de Macky : Pape Modou Fall sans langue de bois (Vid\u00e9o) - LE PUBLIC","isPartOf":{"@id":"https:\/\/www.public.sn\/#website"},"primaryImageOfPage":{"@id":"https:\/\/www.public.sn\/index.php\/2022\/11\/20\/affaire-pan-amnistie-karim-et-khalifa-3e-mandant-dauphin-de-macky-pape-modou-fall-sans-langue-de-bois-video\/#primaryimage"},"image":{"@id":"https:\/\/www.public.sn\/index.php\/2022\/11\/20\/affaire-pan-amnistie-karim-et-khalifa-3e-mandant-dauphin-de-macky-pape-modou-fall-sans-langue-de-bois-video\/#primaryimage"},"thumbnailUrl":"https:\/\/www.public.sn\/wp-content\/uploads\/2022\/11\/Aissatou-Diop-Fall-Pape-Modou-Fall.jpg","datePublished":"2022-11-20T14:29:45+00:00","dateModified":"2022-11-20T14:32:56+00:00","breadcrumb":{"@id":"https:\/\/www.public.sn\/index.php\/2022\/11\/20\/affaire-pan-amnistie-karim-et-khalifa-3e-mandant-dauphin-de-macky-pape-modou-fall-sans-langue-de-bois-video\/#breadcrumb"},"inLanguage":"fr-FR","potentialAction":[{"@type":"ReadAction","target":["https:\/\/www.public.sn\/index.php\/2022\/11\/20\/affaire-pan-amnistie-karim-et-khalifa-3e-mandant-dauphin-de-macky-pape-modou-fall-sans-langue-de-bois-video\/"]}]},{"@type":"ImageObject","inLanguage":"fr-FR","@id":"https:\/\/www.public.sn\/index.php\/2022\/11\/20\/affaire-pan-amnistie-karim-et-khalifa-3e-mandant-dauphin-de-macky-pape-modou-fall-sans-langue-de-bois-video\/#primaryimage","url":"https:\/\/www.public.sn\/wp-content\/uploads\/2022\/11\/Aissatou-Diop-Fall-Pape-Modou-Fall.jpg","contentUrl":"https:\/\/www.public.sn\/wp-content\/uploads\/2022\/11\/Aissatou-Diop-Fall-Pape-Modou-Fall.jpg","width":850,"height":450},{"@type":"BreadcrumbList","@id":"https:\/\/www.public.sn\/index.php\/2022\/11\/20\/affaire-pan-amnistie-karim-et-khalifa-3e-mandant-dauphin-de-macky-pape-modou-fall-sans-langue-de-bois-video\/#breadcrumb","itemListElement":[{"@type":"ListItem","position":1,"name":"Accueil","item":"https:\/\/www.public.sn\/"},{"@type":"ListItem","position":2,"name":"Affaire PAN, amnistie Karim et Khalifa, 3e mandant, dauphin de Macky : Pape Modou Fall sans langue de bois (Vid\u00e9o)"}]},{"@type":"WebSite","@id":"https:\/\/www.public.sn\/#website","url":"https:\/\/www.public.sn\/","name":"LE PUBLIC","description":"","publisher":{"@id":"https:\/\/www.public.sn\/#organization"},"potentialAction":[{"@type":"SearchAction","target":{"@type":"EntryPoint","urlTemplate":"https:\/\/www.public.sn\/?s={search_term_string}"},"query-input":{"@type":"PropertyValueSpecification","valueRequired":true,"valueName":"search_term_string"}}],"inLanguage":"fr-FR"},{"@type":"Organization","@id":"https:\/\/www.public.sn\/#organization","name":"LE PUBLIC","url":"https:\/\/www.public.sn\/","logo":{"@type":"ImageObject","inLanguage":"fr-FR","@id":"https:\/\/www.public.sn\/#\/schema\/logo\/image\/","url":"https:\/\/www.public.sn\/wp-content\/uploads\/2024\/05\/cropped-LOGO-PUBLIC.SN_.png","contentUrl":"https:\/\/www.public.sn\/wp-content\/uploads\/2024\/05\/cropped-LOGO-PUBLIC.SN_.png","width":682,"height":192,"caption":"LE PUBLIC"},"image":{"@id":"https:\/\/www.public.sn\/#\/schema\/logo\/image\/"}},{"@type":"Person","@id":"https:\/\/www.public.sn\/#\/schema\/person\/e3f4a11b037d4203902db148f9bc8d5a","name":"LA REDACTION","image":{"@type":"ImageObject","inLanguage":"fr-FR","@id":"https:\/\/www.public.sn\/#\/schema\/person\/image\/","url":"https:\/\/secure.gravatar.com\/avatar\/d6c030db45db2883c075085c5d6c6258654a801a93766b49af0b82d4f454e2a5?s=96&d=mm&r=g","contentUrl":"https:\/\/secure.gravatar.com\/avatar\/d6c030db45db2883c075085c5d6c6258654a801a93766b49af0b82d4f454e2a5?s=96&d=mm&r=g","caption":"LA REDACTION"},"sameAs":["http:\/\/www.public.sn"],"url":"https:\/\/www.public.sn\/index.php\/author\/admin7324\/"}]}},"jetpack_featured_media_url":"https:\/\/www.public.sn\/wp-content\/uploads\/2022\/11\/Aissatou-Diop-Fall-Pape-Modou-Fall.jpg","jetpack_sharing_enabled":true,"_links":{"self":[{"href":"https:\/\/www.public.sn\/index.php\/wp-json\/wp\/v2\/posts\/9439","targetHints":{"allow":["GET"]}}],"collection":[{"href":"https:\/\/www.public.sn\/index.php\/wp-json\/wp\/v2\/posts"}],"about":[{"href":"https:\/\/www.public.sn\/index.php\/wp-json\/wp\/v2\/types\/post"}],"author":[{"embeddable":true,"href":"https:\/\/www.public.sn\/index.php\/wp-json\/wp\/v2\/users\/1"}],"replies":[{"embeddable":true,"href":"https:\/\/www.public.sn\/index.php\/wp-json\/wp\/v2\/comments?post=9439"}],"version-history":[{"count":4,"href":"https:\/\/www.public.sn\/index.php\/wp-json\/wp\/v2\/posts\/9439\/revisions"}],"predecessor-version":[{"id":9444,"href":"https:\/\/www.public.sn\/index.php\/wp-json\/wp\/v2\/posts\/9439\/revisions\/9444"}],"wp:featuredmedia":[{"embeddable":true,"href":"https:\/\/www.public.sn\/index.php\/wp-json\/wp\/v2\/media\/9440"}],"wp:attachment":[{"href":"https:\/\/www.public.sn\/index.php\/wp-json\/wp\/v2\/media?parent=9439"}],"wp:term":[{"taxonomy":"category","embeddable":true,"href":"https:\/\/www.public.sn\/index.php\/wp-json\/wp\/v2\/categories?post=9439"},{"taxonomy":"post_tag","embeddable":true,"href":"https:\/\/www.public.sn\/index.php\/wp-json\/wp\/v2\/tags?post=9439"}],"curies":[{"name":"wp","href":"https:\/\/api.w.org\/{rel}","templated":true}]}}