{"id":9473,"date":"2022-11-20T18:35:11","date_gmt":"2022-11-20T18:35:11","guid":{"rendered":"https:\/\/www.public.sn\/?p=9473"},"modified":"2022-11-20T18:35:13","modified_gmt":"2022-11-20T18:35:13","slug":"suivez-ledition-speciale-de-public-tv-sur-louverture-de-la-coupe-du-monde-qatar-2022","status":"publish","type":"post","link":"https:\/\/www.public.sn\/index.php\/2022\/11\/20\/suivez-ledition-speciale-de-public-tv-sur-louverture-de-la-coupe-du-monde-qatar-2022\/","title":{"rendered":"Suivez l&rsquo;\u00e9dition sp\u00e9ciale de Public TV  sur l&rsquo;ouverture de la Coupe du monde Qatar 2022"},"content":{"rendered":"<p><strong>La 22e \u00e9dition du Mondial de football a d\u00e9but\u00e9 dimanche. Apr\u00e8s une c\u00e9r\u00e9monie d\u2019ouverture de trente minutes, le match Qatar-Equateur a \u00e9t\u00e9 le temps fort de la journ\u00e9e. Demain, lundi 21 novembre, le S\u00e9n\u00e9gal fera face aux Pays-Bas. Sur ce, Public.sn vous offre une \u00e9dition sp\u00e9ciale sur l&rsquo;ouverture de la Coupe du monde, occasion aussi pour\u00a0 la r\u00e9dactions de parler un peu sur la premi\u00e8re sortie des Lions.<\/strong><\/p><div class=\"publi-paragraphe1\" style=\"margin-top: 10px;margin-bottom: 10px;margin-left: auto;margin-right: auto;text-align: center;\" id=\"publi-478414671\"><div class=\"publi-adlabel\">Publicit\u00e9<\/div><script async src=\"\/\/pagead2.googlesyndication.com\/pagead\/js\/adsbygoogle.js?client=ca-pub-4089586018074219\" crossorigin=\"anonymous\"><\/script><ins class=\"adsbygoogle\" style=\"display:block;\" data-ad-client=\"ca-pub-4089586018074219\" \ndata-ad-slot=\"2087940154\" \ndata-ad-format=\"auto\"><\/ins>\n<script> \n(adsbygoogle = window.adsbygoogle || []).push({}); \n<\/script>\n<\/div>\n<p>Suivez !<\/p>\n<p><iframe title=\"Edition speciale: SENEGAL VS PAYS BAS\" src=\"https:\/\/www.youtube.com\/embed\/VfFOpavEz2o\" width=\"727\" height=\"409\" frameborder=\"0\" allowfullscreen=\"allowfullscreen\"><\/iframe><\/p>\n<div class=\"publi-apres-le-contenu\" style=\"margin-top: 10px;margin-bottom: 10px;margin-left: auto;margin-right: auto;text-align: center;\" id=\"publi-3825296200\"><div class=\"publi-adlabel\">Publicit\u00e9<\/div><script async src=\"\/\/pagead2.googlesyndication.com\/pagead\/js\/adsbygoogle.js?client=ca-pub-4089586018074219\" crossorigin=\"anonymous\"><\/script><ins class=\"adsbygoogle\" style=\"display:block;\" data-ad-client=\"ca-pub-4089586018074219\" \ndata-ad-slot=\"2087940154\" \ndata-ad-format=\"auto\"><\/ins>\n<script> \n(adsbygoogle = window.adsbygoogle || []).push({}); \n<\/script>\n<\/div>","protected":false},"excerpt":{"rendered":"<p>La 22e \u00e9dition du Mondial de football a d\u00e9but\u00e9 dimanche. Apr\u00e8s une c\u00e9r\u00e9monie d\u2019ouverture de trente minutes, le match Qatar-Equateur a \u00e9t\u00e9 le temps fort de la journ\u00e9e. Demain, lundi 21 novembre, le S\u00e9n\u00e9gal fera face aux Pays-Bas. Sur ce, Public.sn vous offre une \u00e9dition sp\u00e9ciale sur l&rsquo;ouverture de la Coupe du monde, occasion aussi pour\u00a0 la r\u00e9dactions de parler un peu sur la premi\u00e8re sortie des Lions. Suivez !<\/p>\n","protected":false},"author":1,"featured_media":9476,"comment_status":"open","ping_status":"open","sticky":false,"template":"","format":"standard","meta":{"_jetpack_memberships_contains_paid_content":false,"footnotes":""},"categories":[375,1,7,372,6],"tags":[1550,56],"class_list":["post-9473","post","type-post","status-publish","format-standard","has-post-thumbnail","hentry","category-actualites","category-non-classe","category-sport","category-vedette","category-videos","tag-lions","tag-qatar-2022","entry","has-media","owp-thumbs-layout-horizontal","owp-btn-normal","owp-tabs-layout-horizontal","has-no-thumbnails","has-product-nav"],"yoast_head":"<!-- This site is optimized with the Yoast SEO plugin v25.5 - https:\/\/yoast.com\/wordpress\/plugins\/seo\/ -->\n<title>Suivez l&#039;\u00e9dition sp\u00e9ciale de Public TV sur l&#039;ouverture de la Coupe du monde Qatar 2022 - LE PUBLIC<\/title>\n<meta name=\"robots\" content=\"index, follow, max-snippet:-1, max-image-preview:large, max-video-preview:-1\" \/>\n<link rel=\"canonical\" href=\"https:\/\/www.public.sn\/index.php\/2022\/11\/20\/suivez-ledition-speciale-de-public-tv-sur-louverture-de-la-coupe-du-monde-qatar-2022\/\" \/>\n<meta property=\"og:locale\" content=\"fr_FR\" \/>\n<meta property=\"og:type\" content=\"article\" \/>\n<meta property=\"og:title\" content=\"Suivez l&#039;\u00e9dition sp\u00e9ciale de Public TV sur l&#039;ouverture de la Coupe du monde Qatar 2022 - LE PUBLIC\" \/>\n<meta property=\"og:description\" content=\"La 22e \u00e9dition du Mondial de football a d\u00e9but\u00e9 dimanche. Apr\u00e8s une c\u00e9r\u00e9monie d\u2019ouverture de trente minutes, le match Qatar-Equateur a \u00e9t\u00e9 le temps fort de la journ\u00e9e. Demain, lundi 21 novembre, le S\u00e9n\u00e9gal fera face aux Pays-Bas. Sur ce, Public.sn vous offre une \u00e9dition sp\u00e9ciale sur l&rsquo;ouverture de la Coupe du monde, occasion aussi pour\u00a0 la r\u00e9dactions de parler un peu sur la premi\u00e8re sortie des Lions. Suivez !\" \/>\n<meta property=\"og:url\" content=\"https:\/\/www.public.sn\/index.php\/2022\/11\/20\/suivez-ledition-speciale-de-public-tv-sur-louverture-de-la-coupe-du-monde-qatar-2022\/\" \/>\n<meta property=\"og:site_name\" content=\"LE PUBLIC\" \/>\n<meta property=\"article:published_time\" content=\"2022-11-20T18:35:11+00:00\" \/>\n<meta property=\"article:modified_time\" content=\"2022-11-20T18:35:13+00:00\" \/>\n<meta property=\"og:image\" content=\"https:\/\/www.public.sn\/wp-content\/uploads\/2022\/11\/miniature-dim-20-nov.jpg\" \/>\n\t<meta property=\"og:image:width\" content=\"1920\" \/>\n\t<meta property=\"og:image:height\" content=\"1080\" \/>\n\t<meta property=\"og:image:type\" content=\"image\/jpeg\" \/>\n<meta name=\"author\" content=\"LA REDACTION\" \/>\n<meta name=\"twitter:card\" content=\"summary_large_image\" \/>\n<meta name=\"twitter:label1\" content=\"\u00c9crit par\" \/>\n\t<meta name=\"twitter:data1\" content=\"LA REDACTION\" \/>\n\t<meta name=\"twitter:label2\" content=\"Dur\u00e9e de lecture estim\u00e9e\" \/>\n\t<meta name=\"twitter:data2\" content=\"1 minute\" \/>\n<script type=\"application\/ld+json\" class=\"yoast-schema-graph\">{\"@context\":\"https:\/\/schema.org\",\"@graph\":[{\"@type\":\"Article\",\"@id\":\"https:\/\/www.public.sn\/index.php\/2022\/11\/20\/suivez-ledition-speciale-de-public-tv-sur-louverture-de-la-coupe-du-monde-qatar-2022\/#article\",\"isPartOf\":{\"@id\":\"https:\/\/www.public.sn\/index.php\/2022\/11\/20\/suivez-ledition-speciale-de-public-tv-sur-louverture-de-la-coupe-du-monde-qatar-2022\/\"},\"author\":{\"name\":\"LA REDACTION\",\"@id\":\"https:\/\/www.public.sn\/#\/schema\/person\/e3f4a11b037d4203902db148f9bc8d5a\"},\"headline\":\"Suivez l&rsquo;\u00e9dition sp\u00e9ciale de Public TV sur l&rsquo;ouverture de la Coupe du monde Qatar 2022\",\"datePublished\":\"2022-11-20T18:35:11+00:00\",\"dateModified\":\"2022-11-20T18:35:13+00:00\",\"mainEntityOfPage\":{\"@id\":\"https:\/\/www.public.sn\/index.php\/2022\/11\/20\/suivez-ledition-speciale-de-public-tv-sur-louverture-de-la-coupe-du-monde-qatar-2022\/\"},\"wordCount\":96,\"commentCount\":0,\"publisher\":{\"@id\":\"https:\/\/www.public.sn\/#organization\"},\"image\":{\"@id\":\"https:\/\/www.public.sn\/index.php\/2022\/11\/20\/suivez-ledition-speciale-de-public-tv-sur-louverture-de-la-coupe-du-monde-qatar-2022\/#primaryimage\"},\"thumbnailUrl\":\"https:\/\/www.public.sn\/wp-content\/uploads\/2022\/11\/miniature-dim-20-nov.jpg\",\"keywords\":[\"lions\",\"Qatar 2022\"],\"articleSection\":[\"ACTUALIT\u00c9S\",\"S\u00c9N\u00c9GAL\",\"SPORTS\",\"VEDETTE\",\"VIDEOS\"],\"inLanguage\":\"fr-FR\",\"potentialAction\":[{\"@type\":\"CommentAction\",\"name\":\"Comment\",\"target\":[\"https:\/\/www.public.sn\/index.php\/2022\/11\/20\/suivez-ledition-speciale-de-public-tv-sur-louverture-de-la-coupe-du-monde-qatar-2022\/#respond\"]}]},{\"@type\":\"WebPage\",\"@id\":\"https:\/\/www.public.sn\/index.php\/2022\/11\/20\/suivez-ledition-speciale-de-public-tv-sur-louverture-de-la-coupe-du-monde-qatar-2022\/\",\"url\":\"https:\/\/www.public.sn\/index.php\/2022\/11\/20\/suivez-ledition-speciale-de-public-tv-sur-louverture-de-la-coupe-du-monde-qatar-2022\/\",\"name\":\"Suivez l'\u00e9dition sp\u00e9ciale de Public TV sur l'ouverture de la Coupe du monde Qatar 2022 - LE PUBLIC\",\"isPartOf\":{\"@id\":\"https:\/\/www.public.sn\/#website\"},\"primaryImageOfPage\":{\"@id\":\"https:\/\/www.public.sn\/index.php\/2022\/11\/20\/suivez-ledition-speciale-de-public-tv-sur-louverture-de-la-coupe-du-monde-qatar-2022\/#primaryimage\"},\"image\":{\"@id\":\"https:\/\/www.public.sn\/index.php\/2022\/11\/20\/suivez-ledition-speciale-de-public-tv-sur-louverture-de-la-coupe-du-monde-qatar-2022\/#primaryimage\"},\"thumbnailUrl\":\"https:\/\/www.public.sn\/wp-content\/uploads\/2022\/11\/miniature-dim-20-nov.jpg\",\"datePublished\":\"2022-11-20T18:35:11+00:00\",\"dateModified\":\"2022-11-20T18:35:13+00:00\",\"breadcrumb\":{\"@id\":\"https:\/\/www.public.sn\/index.php\/2022\/11\/20\/suivez-ledition-speciale-de-public-tv-sur-louverture-de-la-coupe-du-monde-qatar-2022\/#breadcrumb\"},\"inLanguage\":\"fr-FR\",\"potentialAction\":[{\"@type\":\"ReadAction\",\"target\":[\"https:\/\/www.public.sn\/index.php\/2022\/11\/20\/suivez-ledition-speciale-de-public-tv-sur-louverture-de-la-coupe-du-monde-qatar-2022\/\"]}]},{\"@type\":\"ImageObject\",\"inLanguage\":\"fr-FR\",\"@id\":\"https:\/\/www.public.sn\/index.php\/2022\/11\/20\/suivez-ledition-speciale-de-public-tv-sur-louverture-de-la-coupe-du-monde-qatar-2022\/#primaryimage\",\"url\":\"https:\/\/www.public.sn\/wp-content\/uploads\/2022\/11\/miniature-dim-20-nov.jpg\",\"contentUrl\":\"https:\/\/www.public.sn\/wp-content\/uploads\/2022\/11\/miniature-dim-20-nov.jpg\",\"width\":1920,\"height\":1080},{\"@type\":\"BreadcrumbList\",\"@id\":\"https:\/\/www.public.sn\/index.php\/2022\/11\/20\/suivez-ledition-speciale-de-public-tv-sur-louverture-de-la-coupe-du-monde-qatar-2022\/#breadcrumb\",\"itemListElement\":[{\"@type\":\"ListItem\",\"position\":1,\"name\":\"Accueil\",\"item\":\"https:\/\/www.public.sn\/\"},{\"@type\":\"ListItem\",\"position\":2,\"name\":\"Suivez l&rsquo;\u00e9dition sp\u00e9ciale de Public TV sur l&rsquo;ouverture de la Coupe du monde Qatar 2022\"}]},{\"@type\":\"WebSite\",\"@id\":\"https:\/\/www.public.sn\/#website\",\"url\":\"https:\/\/www.public.sn\/\",\"name\":\"LE PUBLIC\",\"description\":\"\",\"publisher\":{\"@id\":\"https:\/\/www.public.sn\/#organization\"},\"potentialAction\":[{\"@type\":\"SearchAction\",\"target\":{\"@type\":\"EntryPoint\",\"urlTemplate\":\"https:\/\/www.public.sn\/?s={search_term_string}\"},\"query-input\":{\"@type\":\"PropertyValueSpecification\",\"valueRequired\":true,\"valueName\":\"search_term_string\"}}],\"inLanguage\":\"fr-FR\"},{\"@type\":\"Organization\",\"@id\":\"https:\/\/www.public.sn\/#organization\",\"name\":\"LE PUBLIC\",\"url\":\"https:\/\/www.public.sn\/\",\"logo\":{\"@type\":\"ImageObject\",\"inLanguage\":\"fr-FR\",\"@id\":\"https:\/\/www.public.sn\/#\/schema\/logo\/image\/\",\"url\":\"https:\/\/www.public.sn\/wp-content\/uploads\/2024\/05\/cropped-LOGO-PUBLIC.SN_.png\",\"contentUrl\":\"https:\/\/www.public.sn\/wp-content\/uploads\/2024\/05\/cropped-LOGO-PUBLIC.SN_.png\",\"width\":682,\"height\":192,\"caption\":\"LE PUBLIC\"},\"image\":{\"@id\":\"https:\/\/www.public.sn\/#\/schema\/logo\/image\/\"}},{\"@type\":\"Person\",\"@id\":\"https:\/\/www.public.sn\/#\/schema\/person\/e3f4a11b037d4203902db148f9bc8d5a\",\"name\":\"LA REDACTION\",\"image\":{\"@type\":\"ImageObject\",\"inLanguage\":\"fr-FR\",\"@id\":\"https:\/\/www.public.sn\/#\/schema\/person\/image\/\",\"url\":\"https:\/\/secure.gravatar.com\/avatar\/d6c030db45db2883c075085c5d6c6258654a801a93766b49af0b82d4f454e2a5?s=96&d=mm&r=g\",\"contentUrl\":\"https:\/\/secure.gravatar.com\/avatar\/d6c030db45db2883c075085c5d6c6258654a801a93766b49af0b82d4f454e2a5?s=96&d=mm&r=g\",\"caption\":\"LA REDACTION\"},\"sameAs\":[\"http:\/\/www.public.sn\"],\"url\":\"https:\/\/www.public.sn\/index.php\/author\/admin7324\/\"}]}<\/script>\n<!-- \/ Yoast SEO plugin. -->","yoast_head_json":{"title":"Suivez l'\u00e9dition sp\u00e9ciale de Public TV sur l'ouverture de la Coupe du monde Qatar 2022 - LE PUBLIC","robots":{"index":"index","follow":"follow","max-snippet":"max-snippet:-1","max-image-preview":"max-image-preview:large","max-video-preview":"max-video-preview:-1"},"canonical":"https:\/\/www.public.sn\/index.php\/2022\/11\/20\/suivez-ledition-speciale-de-public-tv-sur-louverture-de-la-coupe-du-monde-qatar-2022\/","og_locale":"fr_FR","og_type":"article","og_title":"Suivez l'\u00e9dition sp\u00e9ciale de Public TV sur l'ouverture de la Coupe du monde Qatar 2022 - LE PUBLIC","og_description":"La 22e \u00e9dition du Mondial de football a d\u00e9but\u00e9 dimanche. Apr\u00e8s une c\u00e9r\u00e9monie d\u2019ouverture de trente minutes, le match Qatar-Equateur a \u00e9t\u00e9 le temps fort de la journ\u00e9e. Demain, lundi 21 novembre, le S\u00e9n\u00e9gal fera face aux Pays-Bas. Sur ce, Public.sn vous offre une \u00e9dition sp\u00e9ciale sur l&rsquo;ouverture de la Coupe du monde, occasion aussi pour\u00a0 la r\u00e9dactions de parler un peu sur la premi\u00e8re sortie des Lions. Suivez !","og_url":"https:\/\/www.public.sn\/index.php\/2022\/11\/20\/suivez-ledition-speciale-de-public-tv-sur-louverture-de-la-coupe-du-monde-qatar-2022\/","og_site_name":"LE PUBLIC","article_published_time":"2022-11-20T18:35:11+00:00","article_modified_time":"2022-11-20T18:35:13+00:00","og_image":[{"width":1920,"height":1080,"url":"https:\/\/www.public.sn\/wp-content\/uploads\/2022\/11\/miniature-dim-20-nov.jpg","type":"image\/jpeg"}],"author":"LA REDACTION","twitter_card":"summary_large_image","twitter_misc":{"\u00c9crit par":"LA REDACTION","Dur\u00e9e de lecture estim\u00e9e":"1 minute"},"schema":{"@context":"https:\/\/schema.org","@graph":[{"@type":"Article","@id":"https:\/\/www.public.sn\/index.php\/2022\/11\/20\/suivez-ledition-speciale-de-public-tv-sur-louverture-de-la-coupe-du-monde-qatar-2022\/#article","isPartOf":{"@id":"https:\/\/www.public.sn\/index.php\/2022\/11\/20\/suivez-ledition-speciale-de-public-tv-sur-louverture-de-la-coupe-du-monde-qatar-2022\/"},"author":{"name":"LA REDACTION","@id":"https:\/\/www.public.sn\/#\/schema\/person\/e3f4a11b037d4203902db148f9bc8d5a"},"headline":"Suivez l&rsquo;\u00e9dition sp\u00e9ciale de Public TV sur l&rsquo;ouverture de la Coupe du monde Qatar 2022","datePublished":"2022-11-20T18:35:11+00:00","dateModified":"2022-11-20T18:35:13+00:00","mainEntityOfPage":{"@id":"https:\/\/www.public.sn\/index.php\/2022\/11\/20\/suivez-ledition-speciale-de-public-tv-sur-louverture-de-la-coupe-du-monde-qatar-2022\/"},"wordCount":96,"commentCount":0,"publisher":{"@id":"https:\/\/www.public.sn\/#organization"},"image":{"@id":"https:\/\/www.public.sn\/index.php\/2022\/11\/20\/suivez-ledition-speciale-de-public-tv-sur-louverture-de-la-coupe-du-monde-qatar-2022\/#primaryimage"},"thumbnailUrl":"https:\/\/www.public.sn\/wp-content\/uploads\/2022\/11\/miniature-dim-20-nov.jpg","keywords":["lions","Qatar 2022"],"articleSection":["ACTUALIT\u00c9S","S\u00c9N\u00c9GAL","SPORTS","VEDETTE","VIDEOS"],"inLanguage":"fr-FR","potentialAction":[{"@type":"CommentAction","name":"Comment","target":["https:\/\/www.public.sn\/index.php\/2022\/11\/20\/suivez-ledition-speciale-de-public-tv-sur-louverture-de-la-coupe-du-monde-qatar-2022\/#respond"]}]},{"@type":"WebPage","@id":"https:\/\/www.public.sn\/index.php\/2022\/11\/20\/suivez-ledition-speciale-de-public-tv-sur-louverture-de-la-coupe-du-monde-qatar-2022\/","url":"https:\/\/www.public.sn\/index.php\/2022\/11\/20\/suivez-ledition-speciale-de-public-tv-sur-louverture-de-la-coupe-du-monde-qatar-2022\/","name":"Suivez l'\u00e9dition sp\u00e9ciale de Public TV sur l'ouverture de la Coupe du monde Qatar 2022 - LE PUBLIC","isPartOf":{"@id":"https:\/\/www.public.sn\/#website"},"primaryImageOfPage":{"@id":"https:\/\/www.public.sn\/index.php\/2022\/11\/20\/suivez-ledition-speciale-de-public-tv-sur-louverture-de-la-coupe-du-monde-qatar-2022\/#primaryimage"},"image":{"@id":"https:\/\/www.public.sn\/index.php\/2022\/11\/20\/suivez-ledition-speciale-de-public-tv-sur-louverture-de-la-coupe-du-monde-qatar-2022\/#primaryimage"},"thumbnailUrl":"https:\/\/www.public.sn\/wp-content\/uploads\/2022\/11\/miniature-dim-20-nov.jpg","datePublished":"2022-11-20T18:35:11+00:00","dateModified":"2022-11-20T18:35:13+00:00","breadcrumb":{"@id":"https:\/\/www.public.sn\/index.php\/2022\/11\/20\/suivez-ledition-speciale-de-public-tv-sur-louverture-de-la-coupe-du-monde-qatar-2022\/#breadcrumb"},"inLanguage":"fr-FR","potentialAction":[{"@type":"ReadAction","target":["https:\/\/www.public.sn\/index.php\/2022\/11\/20\/suivez-ledition-speciale-de-public-tv-sur-louverture-de-la-coupe-du-monde-qatar-2022\/"]}]},{"@type":"ImageObject","inLanguage":"fr-FR","@id":"https:\/\/www.public.sn\/index.php\/2022\/11\/20\/suivez-ledition-speciale-de-public-tv-sur-louverture-de-la-coupe-du-monde-qatar-2022\/#primaryimage","url":"https:\/\/www.public.sn\/wp-content\/uploads\/2022\/11\/miniature-dim-20-nov.jpg","contentUrl":"https:\/\/www.public.sn\/wp-content\/uploads\/2022\/11\/miniature-dim-20-nov.jpg","width":1920,"height":1080},{"@type":"BreadcrumbList","@id":"https:\/\/www.public.sn\/index.php\/2022\/11\/20\/suivez-ledition-speciale-de-public-tv-sur-louverture-de-la-coupe-du-monde-qatar-2022\/#breadcrumb","itemListElement":[{"@type":"ListItem","position":1,"name":"Accueil","item":"https:\/\/www.public.sn\/"},{"@type":"ListItem","position":2,"name":"Suivez l&rsquo;\u00e9dition sp\u00e9ciale de Public TV sur l&rsquo;ouverture de la Coupe du monde Qatar 2022"}]},{"@type":"WebSite","@id":"https:\/\/www.public.sn\/#website","url":"https:\/\/www.public.sn\/","name":"LE PUBLIC","description":"","publisher":{"@id":"https:\/\/www.public.sn\/#organization"},"potentialAction":[{"@type":"SearchAction","target":{"@type":"EntryPoint","urlTemplate":"https:\/\/www.public.sn\/?s={search_term_string}"},"query-input":{"@type":"PropertyValueSpecification","valueRequired":true,"valueName":"search_term_string"}}],"inLanguage":"fr-FR"},{"@type":"Organization","@id":"https:\/\/www.public.sn\/#organization","name":"LE PUBLIC","url":"https:\/\/www.public.sn\/","logo":{"@type":"ImageObject","inLanguage":"fr-FR","@id":"https:\/\/www.public.sn\/#\/schema\/logo\/image\/","url":"https:\/\/www.public.sn\/wp-content\/uploads\/2024\/05\/cropped-LOGO-PUBLIC.SN_.png","contentUrl":"https:\/\/www.public.sn\/wp-content\/uploads\/2024\/05\/cropped-LOGO-PUBLIC.SN_.png","width":682,"height":192,"caption":"LE PUBLIC"},"image":{"@id":"https:\/\/www.public.sn\/#\/schema\/logo\/image\/"}},{"@type":"Person","@id":"https:\/\/www.public.sn\/#\/schema\/person\/e3f4a11b037d4203902db148f9bc8d5a","name":"LA REDACTION","image":{"@type":"ImageObject","inLanguage":"fr-FR","@id":"https:\/\/www.public.sn\/#\/schema\/person\/image\/","url":"https:\/\/secure.gravatar.com\/avatar\/d6c030db45db2883c075085c5d6c6258654a801a93766b49af0b82d4f454e2a5?s=96&d=mm&r=g","contentUrl":"https:\/\/secure.gravatar.com\/avatar\/d6c030db45db2883c075085c5d6c6258654a801a93766b49af0b82d4f454e2a5?s=96&d=mm&r=g","caption":"LA REDACTION"},"sameAs":["http:\/\/www.public.sn"],"url":"https:\/\/www.public.sn\/index.php\/author\/admin7324\/"}]}},"jetpack_featured_media_url":"https:\/\/www.public.sn\/wp-content\/uploads\/2022\/11\/miniature-dim-20-nov.jpg","jetpack_sharing_enabled":true,"_links":{"self":[{"href":"https:\/\/www.public.sn\/index.php\/wp-json\/wp\/v2\/posts\/9473","targetHints":{"allow":["GET"]}}],"collection":[{"href":"https:\/\/www.public.sn\/index.php\/wp-json\/wp\/v2\/posts"}],"about":[{"href":"https:\/\/www.public.sn\/index.php\/wp-json\/wp\/v2\/types\/post"}],"author":[{"embeddable":true,"href":"https:\/\/www.public.sn\/index.php\/wp-json\/wp\/v2\/users\/1"}],"replies":[{"embeddable":true,"href":"https:\/\/www.public.sn\/index.php\/wp-json\/wp\/v2\/comments?post=9473"}],"version-history":[{"count":4,"href":"https:\/\/www.public.sn\/index.php\/wp-json\/wp\/v2\/posts\/9473\/revisions"}],"predecessor-version":[{"id":9478,"href":"https:\/\/www.public.sn\/index.php\/wp-json\/wp\/v2\/posts\/9473\/revisions\/9478"}],"wp:featuredmedia":[{"embeddable":true,"href":"https:\/\/www.public.sn\/index.php\/wp-json\/wp\/v2\/media\/9476"}],"wp:attachment":[{"href":"https:\/\/www.public.sn\/index.php\/wp-json\/wp\/v2\/media?parent=9473"}],"wp:term":[{"taxonomy":"category","embeddable":true,"href":"https:\/\/www.public.sn\/index.php\/wp-json\/wp\/v2\/categories?post=9473"},{"taxonomy":"post_tag","embeddable":true,"href":"https:\/\/www.public.sn\/index.php\/wp-json\/wp\/v2\/tags?post=9473"}],"curies":[{"name":"wp","href":"https:\/\/api.w.org\/{rel}","templated":true}]}}