{"id":9488,"date":"2022-11-21T08:19:34","date_gmt":"2022-11-21T08:19:34","guid":{"rendered":"https:\/\/www.public.sn\/?p=9488"},"modified":"2022-11-21T08:19:35","modified_gmt":"2022-11-21T08:19:35","slug":"demarrage-de-la-campagne-arachidiere-ce-lundi","status":"publish","type":"post","link":"https:\/\/www.public.sn\/index.php\/2022\/11\/21\/demarrage-de-la-campagne-arachidiere-ce-lundi\/","title":{"rendered":"D\u00e9marrage de la campagne arachidi\u00e8re ce Lundi."},"content":{"rendered":"<p>Demarrage ce Lundi de la campagne de commercialisation de l\u2019arachide. Mais d\u00e9j\u00e0 sur les march\u00e9s noir, les paysans se r\u00e9jouissent du fait que le prix au kilogramme est vendu \u00e0260 FCFA, sup\u00e9rieur au prix plancher fix\u00e9 par le CNIA et les autorit\u00e9s qui est de 275FCFA.<\/p><div class=\"publi-paragraphe1\" style=\"margin-top: 10px;margin-bottom: 10px;margin-left: auto;margin-right: auto;text-align: center;\" id=\"publi-767108062\"><div class=\"publi-adlabel\">Publicit\u00e9<\/div><script async src=\"\/\/pagead2.googlesyndication.com\/pagead\/js\/adsbygoogle.js?client=ca-pub-4089586018074219\" crossorigin=\"anonymous\"><\/script><ins class=\"adsbygoogle\" style=\"display:block;\" data-ad-client=\"ca-pub-4089586018074219\" \ndata-ad-slot=\"2087940154\" \ndata-ad-format=\"auto\"><\/ins>\n<script> \n(adsbygoogle = window.adsbygoogle || []).push({}); \n<\/script>\n<\/div>\n<p>Les paysans esp\u00e8rent qu\u2019avec l\u2019arriv\u00e9e des \u00e9trangers, le prix pourrait aller jusqu\u2019\u00e0 400FCFA. Du cot\u00e9 de la SONACOS, le directeur g\u00e9n\u00e9ral rappelle que toutes les dispositions sont prises pour une bonne campagne arachidi\u00e8re.<\/p>\n<p>Et d\u2019ailleurs 52 Milliards sont d\u00e9j\u00e0 mobilis\u00e9s pour l\u2019achat des graines. Les \u00ab s\u00e9kko \u00bb sont d\u00e9j\u00e0 pr\u00eats pour accueillir l\u2019arachide des paysans.<br \/>\nSamba SY.<\/p>\n<div class=\"publi-apres-le-contenu\" style=\"margin-top: 10px;margin-bottom: 10px;margin-left: auto;margin-right: auto;text-align: center;\" id=\"publi-3526039452\"><div class=\"publi-adlabel\">Publicit\u00e9<\/div><script async src=\"\/\/pagead2.googlesyndication.com\/pagead\/js\/adsbygoogle.js?client=ca-pub-4089586018074219\" crossorigin=\"anonymous\"><\/script><ins class=\"adsbygoogle\" style=\"display:block;\" data-ad-client=\"ca-pub-4089586018074219\" \ndata-ad-slot=\"2087940154\" \ndata-ad-format=\"auto\"><\/ins>\n<script> \n(adsbygoogle = window.adsbygoogle || []).push({}); \n<\/script>\n<\/div>","protected":false},"excerpt":{"rendered":"<p>Demarrage ce Lundi de la campagne de commercialisation de l\u2019arachide. Mais d\u00e9j\u00e0 sur les march\u00e9s noir, les paysans se r\u00e9jouissent du fait que le prix au kilogramme est vendu \u00e0260 FCFA, sup\u00e9rieur au prix plancher fix\u00e9 par le CNIA et les autorit\u00e9s qui est de 275FCFA. Les paysans esp\u00e8rent qu\u2019avec l\u2019arriv\u00e9e des \u00e9trangers, le prix pourrait aller jusqu\u2019\u00e0 400FCFA. Du cot\u00e9 de la SONACOS, le directeur g\u00e9n\u00e9ral rappelle que toutes les dispositions sont prises pour une bonne campagne arachidi\u00e8re. Et d\u2019ailleurs 52 Milliards sont d\u00e9j\u00e0 mobilis\u00e9s pour l\u2019achat des graines. Les \u00ab s\u00e9kko \u00bb sont d\u00e9j\u00e0 pr\u00eats pour accueillir l\u2019arachide des paysans. Samba SY.<\/p>\n","protected":false},"author":7,"featured_media":9489,"comment_status":"open","ping_status":"open","sticky":false,"template":"","format":"standard","meta":{"_jetpack_memberships_contains_paid_content":false,"footnotes":""},"categories":[375,1,4],"tags":[3151,3153,3152],"class_list":["post-9488","post","type-post","status-publish","format-standard","has-post-thumbnail","hentry","category-actualites","category-non-classe","category-societe","tag-campagne-arachidiere-2","tag-modou-diagne-fada","tag-patsans","entry","has-media","owp-thumbs-layout-horizontal","owp-btn-normal","owp-tabs-layout-horizontal","has-no-thumbnails","has-product-nav"],"yoast_head":"<!-- This site is optimized with the Yoast SEO plugin v25.5 - https:\/\/yoast.com\/wordpress\/plugins\/seo\/ -->\n<title>D\u00e9marrage de la campagne arachidi\u00e8re ce Lundi. - LE PUBLIC<\/title>\n<meta name=\"robots\" content=\"index, follow, max-snippet:-1, max-image-preview:large, max-video-preview:-1\" \/>\n<link rel=\"canonical\" href=\"https:\/\/www.public.sn\/index.php\/2022\/11\/21\/demarrage-de-la-campagne-arachidiere-ce-lundi\/\" \/>\n<meta property=\"og:locale\" content=\"fr_FR\" \/>\n<meta property=\"og:type\" content=\"article\" \/>\n<meta property=\"og:title\" content=\"D\u00e9marrage de la campagne arachidi\u00e8re ce Lundi. - LE PUBLIC\" \/>\n<meta property=\"og:description\" content=\"Demarrage ce Lundi de la campagne de commercialisation de l\u2019arachide. Mais d\u00e9j\u00e0 sur les march\u00e9s noir, les paysans se r\u00e9jouissent du fait que le prix au kilogramme est vendu \u00e0260 FCFA, sup\u00e9rieur au prix plancher fix\u00e9 par le CNIA et les autorit\u00e9s qui est de 275FCFA. Les paysans esp\u00e8rent qu\u2019avec l\u2019arriv\u00e9e des \u00e9trangers, le prix pourrait aller jusqu\u2019\u00e0 400FCFA. Du cot\u00e9 de la SONACOS, le directeur g\u00e9n\u00e9ral rappelle que toutes les dispositions sont prises pour une bonne campagne arachidi\u00e8re. Et d\u2019ailleurs 52 Milliards sont d\u00e9j\u00e0 mobilis\u00e9s pour l\u2019achat des graines. Les \u00ab s\u00e9kko \u00bb sont d\u00e9j\u00e0 pr\u00eats pour accueillir l\u2019arachide des paysans. Samba SY.\" \/>\n<meta property=\"og:url\" content=\"https:\/\/www.public.sn\/index.php\/2022\/11\/21\/demarrage-de-la-campagne-arachidiere-ce-lundi\/\" \/>\n<meta property=\"og:site_name\" content=\"LE PUBLIC\" \/>\n<meta property=\"article:published_time\" content=\"2022-11-21T08:19:34+00:00\" \/>\n<meta property=\"article:modified_time\" content=\"2022-11-21T08:19:35+00:00\" \/>\n<meta property=\"og:image\" content=\"https:\/\/www.public.sn\/wp-content\/uploads\/2022\/11\/campagne-arachide.jpg\" \/>\n\t<meta property=\"og:image:width\" content=\"640\" \/>\n\t<meta property=\"og:image:height\" content=\"427\" \/>\n\t<meta property=\"og:image:type\" content=\"image\/jpeg\" \/>\n<meta name=\"author\" content=\"LA REDACTION\" \/>\n<meta name=\"twitter:card\" content=\"summary_large_image\" \/>\n<meta name=\"twitter:label1\" content=\"\u00c9crit par\" \/>\n\t<meta name=\"twitter:data1\" content=\"LA REDACTION\" \/>\n\t<meta name=\"twitter:label2\" content=\"Dur\u00e9e de lecture estim\u00e9e\" \/>\n\t<meta name=\"twitter:data2\" content=\"1 minute\" \/>\n<script type=\"application\/ld+json\" class=\"yoast-schema-graph\">{\"@context\":\"https:\/\/schema.org\",\"@graph\":[{\"@type\":\"Article\",\"@id\":\"https:\/\/www.public.sn\/index.php\/2022\/11\/21\/demarrage-de-la-campagne-arachidiere-ce-lundi\/#article\",\"isPartOf\":{\"@id\":\"https:\/\/www.public.sn\/index.php\/2022\/11\/21\/demarrage-de-la-campagne-arachidiere-ce-lundi\/\"},\"author\":{\"name\":\"LA REDACTION\",\"@id\":\"https:\/\/www.public.sn\/#\/schema\/person\/cb76c8e1b8becc6be61fb5e92d6d0224\"},\"headline\":\"D\u00e9marrage de la campagne arachidi\u00e8re ce Lundi.\",\"datePublished\":\"2022-11-21T08:19:34+00:00\",\"dateModified\":\"2022-11-21T08:19:35+00:00\",\"mainEntityOfPage\":{\"@id\":\"https:\/\/www.public.sn\/index.php\/2022\/11\/21\/demarrage-de-la-campagne-arachidiere-ce-lundi\/\"},\"wordCount\":130,\"commentCount\":0,\"publisher\":{\"@id\":\"https:\/\/www.public.sn\/#organization\"},\"image\":{\"@id\":\"https:\/\/www.public.sn\/index.php\/2022\/11\/21\/demarrage-de-la-campagne-arachidiere-ce-lundi\/#primaryimage\"},\"thumbnailUrl\":\"https:\/\/www.public.sn\/wp-content\/uploads\/2022\/11\/campagne-arachide.jpg\",\"keywords\":[\"campagne arachidi\u00e9re\",\"modou diagne fada\",\"patsans\"],\"articleSection\":[\"ACTUALIT\u00c9S\",\"S\u00c9N\u00c9GAL\",\"SOCIETE\"],\"inLanguage\":\"fr-FR\",\"potentialAction\":[{\"@type\":\"CommentAction\",\"name\":\"Comment\",\"target\":[\"https:\/\/www.public.sn\/index.php\/2022\/11\/21\/demarrage-de-la-campagne-arachidiere-ce-lundi\/#respond\"]}]},{\"@type\":\"WebPage\",\"@id\":\"https:\/\/www.public.sn\/index.php\/2022\/11\/21\/demarrage-de-la-campagne-arachidiere-ce-lundi\/\",\"url\":\"https:\/\/www.public.sn\/index.php\/2022\/11\/21\/demarrage-de-la-campagne-arachidiere-ce-lundi\/\",\"name\":\"D\u00e9marrage de la campagne arachidi\u00e8re ce Lundi. - LE PUBLIC\",\"isPartOf\":{\"@id\":\"https:\/\/www.public.sn\/#website\"},\"primaryImageOfPage\":{\"@id\":\"https:\/\/www.public.sn\/index.php\/2022\/11\/21\/demarrage-de-la-campagne-arachidiere-ce-lundi\/#primaryimage\"},\"image\":{\"@id\":\"https:\/\/www.public.sn\/index.php\/2022\/11\/21\/demarrage-de-la-campagne-arachidiere-ce-lundi\/#primaryimage\"},\"thumbnailUrl\":\"https:\/\/www.public.sn\/wp-content\/uploads\/2022\/11\/campagne-arachide.jpg\",\"datePublished\":\"2022-11-21T08:19:34+00:00\",\"dateModified\":\"2022-11-21T08:19:35+00:00\",\"breadcrumb\":{\"@id\":\"https:\/\/www.public.sn\/index.php\/2022\/11\/21\/demarrage-de-la-campagne-arachidiere-ce-lundi\/#breadcrumb\"},\"inLanguage\":\"fr-FR\",\"potentialAction\":[{\"@type\":\"ReadAction\",\"target\":[\"https:\/\/www.public.sn\/index.php\/2022\/11\/21\/demarrage-de-la-campagne-arachidiere-ce-lundi\/\"]}]},{\"@type\":\"ImageObject\",\"inLanguage\":\"fr-FR\",\"@id\":\"https:\/\/www.public.sn\/index.php\/2022\/11\/21\/demarrage-de-la-campagne-arachidiere-ce-lundi\/#primaryimage\",\"url\":\"https:\/\/www.public.sn\/wp-content\/uploads\/2022\/11\/campagne-arachide.jpg\",\"contentUrl\":\"https:\/\/www.public.sn\/wp-content\/uploads\/2022\/11\/campagne-arachide.jpg\",\"width\":640,\"height\":427,\"caption\":\"publicssn\"},{\"@type\":\"BreadcrumbList\",\"@id\":\"https:\/\/www.public.sn\/index.php\/2022\/11\/21\/demarrage-de-la-campagne-arachidiere-ce-lundi\/#breadcrumb\",\"itemListElement\":[{\"@type\":\"ListItem\",\"position\":1,\"name\":\"Accueil\",\"item\":\"https:\/\/www.public.sn\/\"},{\"@type\":\"ListItem\",\"position\":2,\"name\":\"D\u00e9marrage de la campagne arachidi\u00e8re ce Lundi.\"}]},{\"@type\":\"WebSite\",\"@id\":\"https:\/\/www.public.sn\/#website\",\"url\":\"https:\/\/www.public.sn\/\",\"name\":\"LE PUBLIC\",\"description\":\"\",\"publisher\":{\"@id\":\"https:\/\/www.public.sn\/#organization\"},\"potentialAction\":[{\"@type\":\"SearchAction\",\"target\":{\"@type\":\"EntryPoint\",\"urlTemplate\":\"https:\/\/www.public.sn\/?s={search_term_string}\"},\"query-input\":{\"@type\":\"PropertyValueSpecification\",\"valueRequired\":true,\"valueName\":\"search_term_string\"}}],\"inLanguage\":\"fr-FR\"},{\"@type\":\"Organization\",\"@id\":\"https:\/\/www.public.sn\/#organization\",\"name\":\"LE PUBLIC\",\"url\":\"https:\/\/www.public.sn\/\",\"logo\":{\"@type\":\"ImageObject\",\"inLanguage\":\"fr-FR\",\"@id\":\"https:\/\/www.public.sn\/#\/schema\/logo\/image\/\",\"url\":\"https:\/\/www.public.sn\/wp-content\/uploads\/2024\/05\/cropped-LOGO-PUBLIC.SN_.png\",\"contentUrl\":\"https:\/\/www.public.sn\/wp-content\/uploads\/2024\/05\/cropped-LOGO-PUBLIC.SN_.png\",\"width\":682,\"height\":192,\"caption\":\"LE PUBLIC\"},\"image\":{\"@id\":\"https:\/\/www.public.sn\/#\/schema\/logo\/image\/\"}},{\"@type\":\"Person\",\"@id\":\"https:\/\/www.public.sn\/#\/schema\/person\/cb76c8e1b8becc6be61fb5e92d6d0224\",\"name\":\"LA REDACTION\",\"image\":{\"@type\":\"ImageObject\",\"inLanguage\":\"fr-FR\",\"@id\":\"https:\/\/www.public.sn\/#\/schema\/person\/image\/\",\"url\":\"https:\/\/secure.gravatar.com\/avatar\/2dce5ddd34b8fef0180efe03aa2a9bee7d953856048f9a16b298190a3178407c?s=96&d=mm&r=g\",\"contentUrl\":\"https:\/\/secure.gravatar.com\/avatar\/2dce5ddd34b8fef0180efe03aa2a9bee7d953856048f9a16b298190a3178407c?s=96&d=mm&r=g\",\"caption\":\"LA REDACTION\"},\"url\":\"https:\/\/www.public.sn\/index.php\/author\/editeurpsn\/\"}]}<\/script>\n<!-- \/ Yoast SEO plugin. -->","yoast_head_json":{"title":"D\u00e9marrage de la campagne arachidi\u00e8re ce Lundi. - LE PUBLIC","robots":{"index":"index","follow":"follow","max-snippet":"max-snippet:-1","max-image-preview":"max-image-preview:large","max-video-preview":"max-video-preview:-1"},"canonical":"https:\/\/www.public.sn\/index.php\/2022\/11\/21\/demarrage-de-la-campagne-arachidiere-ce-lundi\/","og_locale":"fr_FR","og_type":"article","og_title":"D\u00e9marrage de la campagne arachidi\u00e8re ce Lundi. - LE PUBLIC","og_description":"Demarrage ce Lundi de la campagne de commercialisation de l\u2019arachide. Mais d\u00e9j\u00e0 sur les march\u00e9s noir, les paysans se r\u00e9jouissent du fait que le prix au kilogramme est vendu \u00e0260 FCFA, sup\u00e9rieur au prix plancher fix\u00e9 par le CNIA et les autorit\u00e9s qui est de 275FCFA. Les paysans esp\u00e8rent qu\u2019avec l\u2019arriv\u00e9e des \u00e9trangers, le prix pourrait aller jusqu\u2019\u00e0 400FCFA. Du cot\u00e9 de la SONACOS, le directeur g\u00e9n\u00e9ral rappelle que toutes les dispositions sont prises pour une bonne campagne arachidi\u00e8re. Et d\u2019ailleurs 52 Milliards sont d\u00e9j\u00e0 mobilis\u00e9s pour l\u2019achat des graines. Les \u00ab s\u00e9kko \u00bb sont d\u00e9j\u00e0 pr\u00eats pour accueillir l\u2019arachide des paysans. Samba SY.","og_url":"https:\/\/www.public.sn\/index.php\/2022\/11\/21\/demarrage-de-la-campagne-arachidiere-ce-lundi\/","og_site_name":"LE PUBLIC","article_published_time":"2022-11-21T08:19:34+00:00","article_modified_time":"2022-11-21T08:19:35+00:00","og_image":[{"width":640,"height":427,"url":"https:\/\/www.public.sn\/wp-content\/uploads\/2022\/11\/campagne-arachide.jpg","type":"image\/jpeg"}],"author":"LA REDACTION","twitter_card":"summary_large_image","twitter_misc":{"\u00c9crit par":"LA REDACTION","Dur\u00e9e de lecture estim\u00e9e":"1 minute"},"schema":{"@context":"https:\/\/schema.org","@graph":[{"@type":"Article","@id":"https:\/\/www.public.sn\/index.php\/2022\/11\/21\/demarrage-de-la-campagne-arachidiere-ce-lundi\/#article","isPartOf":{"@id":"https:\/\/www.public.sn\/index.php\/2022\/11\/21\/demarrage-de-la-campagne-arachidiere-ce-lundi\/"},"author":{"name":"LA REDACTION","@id":"https:\/\/www.public.sn\/#\/schema\/person\/cb76c8e1b8becc6be61fb5e92d6d0224"},"headline":"D\u00e9marrage de la campagne arachidi\u00e8re ce Lundi.","datePublished":"2022-11-21T08:19:34+00:00","dateModified":"2022-11-21T08:19:35+00:00","mainEntityOfPage":{"@id":"https:\/\/www.public.sn\/index.php\/2022\/11\/21\/demarrage-de-la-campagne-arachidiere-ce-lundi\/"},"wordCount":130,"commentCount":0,"publisher":{"@id":"https:\/\/www.public.sn\/#organization"},"image":{"@id":"https:\/\/www.public.sn\/index.php\/2022\/11\/21\/demarrage-de-la-campagne-arachidiere-ce-lundi\/#primaryimage"},"thumbnailUrl":"https:\/\/www.public.sn\/wp-content\/uploads\/2022\/11\/campagne-arachide.jpg","keywords":["campagne arachidi\u00e9re","modou diagne fada","patsans"],"articleSection":["ACTUALIT\u00c9S","S\u00c9N\u00c9GAL","SOCIETE"],"inLanguage":"fr-FR","potentialAction":[{"@type":"CommentAction","name":"Comment","target":["https:\/\/www.public.sn\/index.php\/2022\/11\/21\/demarrage-de-la-campagne-arachidiere-ce-lundi\/#respond"]}]},{"@type":"WebPage","@id":"https:\/\/www.public.sn\/index.php\/2022\/11\/21\/demarrage-de-la-campagne-arachidiere-ce-lundi\/","url":"https:\/\/www.public.sn\/index.php\/2022\/11\/21\/demarrage-de-la-campagne-arachidiere-ce-lundi\/","name":"D\u00e9marrage de la campagne arachidi\u00e8re ce Lundi. - LE PUBLIC","isPartOf":{"@id":"https:\/\/www.public.sn\/#website"},"primaryImageOfPage":{"@id":"https:\/\/www.public.sn\/index.php\/2022\/11\/21\/demarrage-de-la-campagne-arachidiere-ce-lundi\/#primaryimage"},"image":{"@id":"https:\/\/www.public.sn\/index.php\/2022\/11\/21\/demarrage-de-la-campagne-arachidiere-ce-lundi\/#primaryimage"},"thumbnailUrl":"https:\/\/www.public.sn\/wp-content\/uploads\/2022\/11\/campagne-arachide.jpg","datePublished":"2022-11-21T08:19:34+00:00","dateModified":"2022-11-21T08:19:35+00:00","breadcrumb":{"@id":"https:\/\/www.public.sn\/index.php\/2022\/11\/21\/demarrage-de-la-campagne-arachidiere-ce-lundi\/#breadcrumb"},"inLanguage":"fr-FR","potentialAction":[{"@type":"ReadAction","target":["https:\/\/www.public.sn\/index.php\/2022\/11\/21\/demarrage-de-la-campagne-arachidiere-ce-lundi\/"]}]},{"@type":"ImageObject","inLanguage":"fr-FR","@id":"https:\/\/www.public.sn\/index.php\/2022\/11\/21\/demarrage-de-la-campagne-arachidiere-ce-lundi\/#primaryimage","url":"https:\/\/www.public.sn\/wp-content\/uploads\/2022\/11\/campagne-arachide.jpg","contentUrl":"https:\/\/www.public.sn\/wp-content\/uploads\/2022\/11\/campagne-arachide.jpg","width":640,"height":427,"caption":"publicssn"},{"@type":"BreadcrumbList","@id":"https:\/\/www.public.sn\/index.php\/2022\/11\/21\/demarrage-de-la-campagne-arachidiere-ce-lundi\/#breadcrumb","itemListElement":[{"@type":"ListItem","position":1,"name":"Accueil","item":"https:\/\/www.public.sn\/"},{"@type":"ListItem","position":2,"name":"D\u00e9marrage de la campagne arachidi\u00e8re ce Lundi."}]},{"@type":"WebSite","@id":"https:\/\/www.public.sn\/#website","url":"https:\/\/www.public.sn\/","name":"LE PUBLIC","description":"","publisher":{"@id":"https:\/\/www.public.sn\/#organization"},"potentialAction":[{"@type":"SearchAction","target":{"@type":"EntryPoint","urlTemplate":"https:\/\/www.public.sn\/?s={search_term_string}"},"query-input":{"@type":"PropertyValueSpecification","valueRequired":true,"valueName":"search_term_string"}}],"inLanguage":"fr-FR"},{"@type":"Organization","@id":"https:\/\/www.public.sn\/#organization","name":"LE PUBLIC","url":"https:\/\/www.public.sn\/","logo":{"@type":"ImageObject","inLanguage":"fr-FR","@id":"https:\/\/www.public.sn\/#\/schema\/logo\/image\/","url":"https:\/\/www.public.sn\/wp-content\/uploads\/2024\/05\/cropped-LOGO-PUBLIC.SN_.png","contentUrl":"https:\/\/www.public.sn\/wp-content\/uploads\/2024\/05\/cropped-LOGO-PUBLIC.SN_.png","width":682,"height":192,"caption":"LE PUBLIC"},"image":{"@id":"https:\/\/www.public.sn\/#\/schema\/logo\/image\/"}},{"@type":"Person","@id":"https:\/\/www.public.sn\/#\/schema\/person\/cb76c8e1b8becc6be61fb5e92d6d0224","name":"LA REDACTION","image":{"@type":"ImageObject","inLanguage":"fr-FR","@id":"https:\/\/www.public.sn\/#\/schema\/person\/image\/","url":"https:\/\/secure.gravatar.com\/avatar\/2dce5ddd34b8fef0180efe03aa2a9bee7d953856048f9a16b298190a3178407c?s=96&d=mm&r=g","contentUrl":"https:\/\/secure.gravatar.com\/avatar\/2dce5ddd34b8fef0180efe03aa2a9bee7d953856048f9a16b298190a3178407c?s=96&d=mm&r=g","caption":"LA REDACTION"},"url":"https:\/\/www.public.sn\/index.php\/author\/editeurpsn\/"}]}},"jetpack_featured_media_url":"https:\/\/www.public.sn\/wp-content\/uploads\/2022\/11\/campagne-arachide.jpg","jetpack_sharing_enabled":true,"_links":{"self":[{"href":"https:\/\/www.public.sn\/index.php\/wp-json\/wp\/v2\/posts\/9488","targetHints":{"allow":["GET"]}}],"collection":[{"href":"https:\/\/www.public.sn\/index.php\/wp-json\/wp\/v2\/posts"}],"about":[{"href":"https:\/\/www.public.sn\/index.php\/wp-json\/wp\/v2\/types\/post"}],"author":[{"embeddable":true,"href":"https:\/\/www.public.sn\/index.php\/wp-json\/wp\/v2\/users\/7"}],"replies":[{"embeddable":true,"href":"https:\/\/www.public.sn\/index.php\/wp-json\/wp\/v2\/comments?post=9488"}],"version-history":[{"count":2,"href":"https:\/\/www.public.sn\/index.php\/wp-json\/wp\/v2\/posts\/9488\/revisions"}],"predecessor-version":[{"id":9491,"href":"https:\/\/www.public.sn\/index.php\/wp-json\/wp\/v2\/posts\/9488\/revisions\/9491"}],"wp:featuredmedia":[{"embeddable":true,"href":"https:\/\/www.public.sn\/index.php\/wp-json\/wp\/v2\/media\/9489"}],"wp:attachment":[{"href":"https:\/\/www.public.sn\/index.php\/wp-json\/wp\/v2\/media?parent=9488"}],"wp:term":[{"taxonomy":"category","embeddable":true,"href":"https:\/\/www.public.sn\/index.php\/wp-json\/wp\/v2\/categories?post=9488"},{"taxonomy":"post_tag","embeddable":true,"href":"https:\/\/www.public.sn\/index.php\/wp-json\/wp\/v2\/tags?post=9488"}],"curies":[{"name":"wp","href":"https:\/\/api.w.org\/{rel}","templated":true}]}}