{"id":9496,"date":"2022-11-21T09:02:43","date_gmt":"2022-11-21T09:02:43","guid":{"rendered":"https:\/\/www.public.sn\/?p=9496"},"modified":"2022-11-21T09:02:45","modified_gmt":"2022-11-21T09:02:45","slug":"qatar-2022-senegal-pays-bas-une-finale-avant-lheure","status":"publish","type":"post","link":"https:\/\/www.public.sn\/index.php\/2022\/11\/21\/qatar-2022-senegal-pays-bas-une-finale-avant-lheure\/","title":{"rendered":"Qatar 2022 : S\u00e9n\u00e9gal\/ Pays Bas, une finale avant l\u2019heure."},"content":{"rendered":"<p>Le match entre le S\u00e9n\u00e9gal et les Pays-Bas au stade Al Thumama Stadium de Doha de cet apr\u00e8s midi est sans nul doute le choc de la poule A. un match tr\u00e8s attendu entre deux pays aux styles l\u00e9g\u00e8rement diff\u00e9rents.<\/p><div class=\"publi-paragraphe1\" style=\"margin-top: 10px;margin-bottom: 10px;margin-left: auto;margin-right: auto;text-align: center;\" id=\"publi-1182817431\"><div class=\"publi-adlabel\">Publicit\u00e9<\/div><script async src=\"\/\/pagead2.googlesyndication.com\/pagead\/js\/adsbygoogle.js?client=ca-pub-4089586018074219\" crossorigin=\"anonymous\"><\/script><ins class=\"adsbygoogle\" style=\"display:block;\" data-ad-client=\"ca-pub-4089586018074219\" \ndata-ad-slot=\"2087940154\" \ndata-ad-format=\"auto\"><\/ins>\n<script> \n(adsbygoogle = window.adsbygoogle || []).push({}); \n<\/script>\n<\/div>\n<p>Les lions du S\u00e9n\u00e9gal vont devoir confirmer leur statut de champion d\u2019Afrique. Une rencontre qui ne sera pas de tout repos selon plusieurs sp\u00e9cialistes. En effet le Pays Bas est une \u00e9quipe redout\u00e9e qui \u00e0 d\u2019excellents joueurs et qui est l\u2019une des meilleures en Europe m\u00eame s\u2019ils vont devoir se passer de leur attaquant Depay bless\u00e9.<\/p>\n<p>Ils sont 8 eme au classement mondial alors que le S\u00e9n\u00e9gal est \u00e0 la 18eme place. Un match qui sera d\u00e9terminant pour la suite de la comp\u00e9tition car l\u2019affiche est consid\u00e9r\u00e9 comme la finale de la coupe.<br \/>\nSamba SY.<\/p>\n<div class=\"publi-apres-le-contenu\" style=\"margin-top: 10px;margin-bottom: 10px;margin-left: auto;margin-right: auto;text-align: center;\" id=\"publi-2387046624\"><div class=\"publi-adlabel\">Publicit\u00e9<\/div><script async src=\"\/\/pagead2.googlesyndication.com\/pagead\/js\/adsbygoogle.js?client=ca-pub-4089586018074219\" crossorigin=\"anonymous\"><\/script><ins class=\"adsbygoogle\" style=\"display:block;\" data-ad-client=\"ca-pub-4089586018074219\" \ndata-ad-slot=\"2087940154\" \ndata-ad-format=\"auto\"><\/ins>\n<script> \n(adsbygoogle = window.adsbygoogle || []).push({}); \n<\/script>\n<\/div>","protected":false},"excerpt":{"rendered":"<p>Le match entre le S\u00e9n\u00e9gal et les Pays-Bas au stade Al Thumama Stadium de Doha de cet apr\u00e8s midi est sans nul doute le choc de la poule A. un match tr\u00e8s attendu entre deux pays aux styles l\u00e9g\u00e8rement diff\u00e9rents. Les lions du S\u00e9n\u00e9gal vont devoir confirmer leur statut de champion d\u2019Afrique. Une rencontre qui ne sera pas de tout repos selon plusieurs sp\u00e9cialistes. En effet le Pays Bas est une \u00e9quipe redout\u00e9e qui \u00e0 d\u2019excellents joueurs et qui est l\u2019une des meilleures en Europe m\u00eame s\u2019ils vont devoir se passer de leur attaquant Depay bless\u00e9. Ils sont 8 eme au classement mondial alors que le S\u00e9n\u00e9gal est \u00e0 la 18eme place. Un match qui sera d\u00e9terminant pour la suite de la comp\u00e9tition car l\u2019affiche est consid\u00e9r\u00e9 comme la finale de la coupe. Samba SY.<\/p>\n","protected":false},"author":7,"featured_media":9497,"comment_status":"open","ping_status":"open","sticky":false,"template":"","format":"standard","meta":{"_jetpack_memberships_contains_paid_content":false,"footnotes":""},"categories":[375,1,7],"tags":[2762,56,1404],"class_list":["post-9496","post","type-post","status-publish","format-standard","has-post-thumbnail","hentry","category-actualites","category-non-classe","category-sport","tag-pays-bas-2","tag-qatar-2022","tag-senegal-2","entry","has-media","owp-thumbs-layout-horizontal","owp-btn-normal","owp-tabs-layout-horizontal","has-no-thumbnails","has-product-nav"],"yoast_head":"<!-- This site is optimized with the Yoast SEO plugin v25.5 - https:\/\/yoast.com\/wordpress\/plugins\/seo\/ -->\n<title>Qatar 2022 : S\u00e9n\u00e9gal\/ Pays Bas, une finale avant l\u2019heure. - LE PUBLIC<\/title>\n<meta name=\"robots\" content=\"index, follow, max-snippet:-1, max-image-preview:large, max-video-preview:-1\" \/>\n<link rel=\"canonical\" href=\"https:\/\/www.public.sn\/index.php\/2022\/11\/21\/qatar-2022-senegal-pays-bas-une-finale-avant-lheure\/\" \/>\n<meta property=\"og:locale\" content=\"fr_FR\" \/>\n<meta property=\"og:type\" content=\"article\" \/>\n<meta property=\"og:title\" content=\"Qatar 2022 : S\u00e9n\u00e9gal\/ Pays Bas, une finale avant l\u2019heure. - LE PUBLIC\" \/>\n<meta property=\"og:description\" content=\"Le match entre le S\u00e9n\u00e9gal et les Pays-Bas au stade Al Thumama Stadium de Doha de cet apr\u00e8s midi est sans nul doute le choc de la poule A. un match tr\u00e8s attendu entre deux pays aux styles l\u00e9g\u00e8rement diff\u00e9rents. Les lions du S\u00e9n\u00e9gal vont devoir confirmer leur statut de champion d\u2019Afrique. Une rencontre qui ne sera pas de tout repos selon plusieurs sp\u00e9cialistes. En effet le Pays Bas est une \u00e9quipe redout\u00e9e qui \u00e0 d\u2019excellents joueurs et qui est l\u2019une des meilleures en Europe m\u00eame s\u2019ils vont devoir se passer de leur attaquant Depay bless\u00e9. Ils sont 8 eme au classement mondial alors que le S\u00e9n\u00e9gal est \u00e0 la 18eme place. Un match qui sera d\u00e9terminant pour la suite de la comp\u00e9tition car l\u2019affiche est consid\u00e9r\u00e9 comme la finale de la coupe. Samba SY.\" \/>\n<meta property=\"og:url\" content=\"https:\/\/www.public.sn\/index.php\/2022\/11\/21\/qatar-2022-senegal-pays-bas-une-finale-avant-lheure\/\" \/>\n<meta property=\"og:site_name\" content=\"LE PUBLIC\" \/>\n<meta property=\"article:published_time\" content=\"2022-11-21T09:02:43+00:00\" \/>\n<meta property=\"article:modified_time\" content=\"2022-11-21T09:02:45+00:00\" \/>\n<meta property=\"og:image\" content=\"https:\/\/www.public.sn\/wp-content\/uploads\/2022\/11\/seengal-vs-pays-bas.jpg\" \/>\n\t<meta property=\"og:image:width\" content=\"1200\" \/>\n\t<meta property=\"og:image:height\" content=\"675\" \/>\n\t<meta property=\"og:image:type\" content=\"image\/jpeg\" \/>\n<meta name=\"author\" content=\"LA REDACTION\" \/>\n<meta name=\"twitter:card\" content=\"summary_large_image\" \/>\n<meta name=\"twitter:label1\" content=\"\u00c9crit par\" \/>\n\t<meta name=\"twitter:data1\" content=\"LA REDACTION\" \/>\n\t<meta name=\"twitter:label2\" content=\"Dur\u00e9e de lecture estim\u00e9e\" \/>\n\t<meta name=\"twitter:data2\" content=\"1 minute\" \/>\n<script type=\"application\/ld+json\" class=\"yoast-schema-graph\">{\"@context\":\"https:\/\/schema.org\",\"@graph\":[{\"@type\":\"Article\",\"@id\":\"https:\/\/www.public.sn\/index.php\/2022\/11\/21\/qatar-2022-senegal-pays-bas-une-finale-avant-lheure\/#article\",\"isPartOf\":{\"@id\":\"https:\/\/www.public.sn\/index.php\/2022\/11\/21\/qatar-2022-senegal-pays-bas-une-finale-avant-lheure\/\"},\"author\":{\"name\":\"LA REDACTION\",\"@id\":\"https:\/\/www.public.sn\/#\/schema\/person\/cb76c8e1b8becc6be61fb5e92d6d0224\"},\"headline\":\"Qatar 2022 : S\u00e9n\u00e9gal\/ Pays Bas, une finale avant l\u2019heure.\",\"datePublished\":\"2022-11-21T09:02:43+00:00\",\"dateModified\":\"2022-11-21T09:02:45+00:00\",\"mainEntityOfPage\":{\"@id\":\"https:\/\/www.public.sn\/index.php\/2022\/11\/21\/qatar-2022-senegal-pays-bas-une-finale-avant-lheure\/\"},\"wordCount\":165,\"commentCount\":0,\"publisher\":{\"@id\":\"https:\/\/www.public.sn\/#organization\"},\"image\":{\"@id\":\"https:\/\/www.public.sn\/index.php\/2022\/11\/21\/qatar-2022-senegal-pays-bas-une-finale-avant-lheure\/#primaryimage\"},\"thumbnailUrl\":\"https:\/\/www.public.sn\/wp-content\/uploads\/2022\/11\/seengal-vs-pays-bas.jpg\",\"keywords\":[\"pays bas\",\"Qatar 2022\",\"senegal\"],\"articleSection\":[\"ACTUALIT\u00c9S\",\"S\u00c9N\u00c9GAL\",\"SPORTS\"],\"inLanguage\":\"fr-FR\",\"potentialAction\":[{\"@type\":\"CommentAction\",\"name\":\"Comment\",\"target\":[\"https:\/\/www.public.sn\/index.php\/2022\/11\/21\/qatar-2022-senegal-pays-bas-une-finale-avant-lheure\/#respond\"]}]},{\"@type\":\"WebPage\",\"@id\":\"https:\/\/www.public.sn\/index.php\/2022\/11\/21\/qatar-2022-senegal-pays-bas-une-finale-avant-lheure\/\",\"url\":\"https:\/\/www.public.sn\/index.php\/2022\/11\/21\/qatar-2022-senegal-pays-bas-une-finale-avant-lheure\/\",\"name\":\"Qatar 2022 : S\u00e9n\u00e9gal\/ Pays Bas, une finale avant l\u2019heure. - LE PUBLIC\",\"isPartOf\":{\"@id\":\"https:\/\/www.public.sn\/#website\"},\"primaryImageOfPage\":{\"@id\":\"https:\/\/www.public.sn\/index.php\/2022\/11\/21\/qatar-2022-senegal-pays-bas-une-finale-avant-lheure\/#primaryimage\"},\"image\":{\"@id\":\"https:\/\/www.public.sn\/index.php\/2022\/11\/21\/qatar-2022-senegal-pays-bas-une-finale-avant-lheure\/#primaryimage\"},\"thumbnailUrl\":\"https:\/\/www.public.sn\/wp-content\/uploads\/2022\/11\/seengal-vs-pays-bas.jpg\",\"datePublished\":\"2022-11-21T09:02:43+00:00\",\"dateModified\":\"2022-11-21T09:02:45+00:00\",\"breadcrumb\":{\"@id\":\"https:\/\/www.public.sn\/index.php\/2022\/11\/21\/qatar-2022-senegal-pays-bas-une-finale-avant-lheure\/#breadcrumb\"},\"inLanguage\":\"fr-FR\",\"potentialAction\":[{\"@type\":\"ReadAction\",\"target\":[\"https:\/\/www.public.sn\/index.php\/2022\/11\/21\/qatar-2022-senegal-pays-bas-une-finale-avant-lheure\/\"]}]},{\"@type\":\"ImageObject\",\"inLanguage\":\"fr-FR\",\"@id\":\"https:\/\/www.public.sn\/index.php\/2022\/11\/21\/qatar-2022-senegal-pays-bas-une-finale-avant-lheure\/#primaryimage\",\"url\":\"https:\/\/www.public.sn\/wp-content\/uploads\/2022\/11\/seengal-vs-pays-bas.jpg\",\"contentUrl\":\"https:\/\/www.public.sn\/wp-content\/uploads\/2022\/11\/seengal-vs-pays-bas.jpg\",\"width\":1200,\"height\":675,\"caption\":\"publicsn\"},{\"@type\":\"BreadcrumbList\",\"@id\":\"https:\/\/www.public.sn\/index.php\/2022\/11\/21\/qatar-2022-senegal-pays-bas-une-finale-avant-lheure\/#breadcrumb\",\"itemListElement\":[{\"@type\":\"ListItem\",\"position\":1,\"name\":\"Accueil\",\"item\":\"https:\/\/www.public.sn\/\"},{\"@type\":\"ListItem\",\"position\":2,\"name\":\"Qatar 2022 : S\u00e9n\u00e9gal\/ Pays Bas, une finale avant l\u2019heure.\"}]},{\"@type\":\"WebSite\",\"@id\":\"https:\/\/www.public.sn\/#website\",\"url\":\"https:\/\/www.public.sn\/\",\"name\":\"LE PUBLIC\",\"description\":\"\",\"publisher\":{\"@id\":\"https:\/\/www.public.sn\/#organization\"},\"potentialAction\":[{\"@type\":\"SearchAction\",\"target\":{\"@type\":\"EntryPoint\",\"urlTemplate\":\"https:\/\/www.public.sn\/?s={search_term_string}\"},\"query-input\":{\"@type\":\"PropertyValueSpecification\",\"valueRequired\":true,\"valueName\":\"search_term_string\"}}],\"inLanguage\":\"fr-FR\"},{\"@type\":\"Organization\",\"@id\":\"https:\/\/www.public.sn\/#organization\",\"name\":\"LE PUBLIC\",\"url\":\"https:\/\/www.public.sn\/\",\"logo\":{\"@type\":\"ImageObject\",\"inLanguage\":\"fr-FR\",\"@id\":\"https:\/\/www.public.sn\/#\/schema\/logo\/image\/\",\"url\":\"https:\/\/www.public.sn\/wp-content\/uploads\/2024\/05\/cropped-LOGO-PUBLIC.SN_.png\",\"contentUrl\":\"https:\/\/www.public.sn\/wp-content\/uploads\/2024\/05\/cropped-LOGO-PUBLIC.SN_.png\",\"width\":682,\"height\":192,\"caption\":\"LE PUBLIC\"},\"image\":{\"@id\":\"https:\/\/www.public.sn\/#\/schema\/logo\/image\/\"}},{\"@type\":\"Person\",\"@id\":\"https:\/\/www.public.sn\/#\/schema\/person\/cb76c8e1b8becc6be61fb5e92d6d0224\",\"name\":\"LA REDACTION\",\"image\":{\"@type\":\"ImageObject\",\"inLanguage\":\"fr-FR\",\"@id\":\"https:\/\/www.public.sn\/#\/schema\/person\/image\/\",\"url\":\"https:\/\/secure.gravatar.com\/avatar\/2dce5ddd34b8fef0180efe03aa2a9bee7d953856048f9a16b298190a3178407c?s=96&d=mm&r=g\",\"contentUrl\":\"https:\/\/secure.gravatar.com\/avatar\/2dce5ddd34b8fef0180efe03aa2a9bee7d953856048f9a16b298190a3178407c?s=96&d=mm&r=g\",\"caption\":\"LA REDACTION\"},\"url\":\"https:\/\/www.public.sn\/index.php\/author\/editeurpsn\/\"}]}<\/script>\n<!-- \/ Yoast SEO plugin. -->","yoast_head_json":{"title":"Qatar 2022 : S\u00e9n\u00e9gal\/ Pays Bas, une finale avant l\u2019heure. - LE PUBLIC","robots":{"index":"index","follow":"follow","max-snippet":"max-snippet:-1","max-image-preview":"max-image-preview:large","max-video-preview":"max-video-preview:-1"},"canonical":"https:\/\/www.public.sn\/index.php\/2022\/11\/21\/qatar-2022-senegal-pays-bas-une-finale-avant-lheure\/","og_locale":"fr_FR","og_type":"article","og_title":"Qatar 2022 : S\u00e9n\u00e9gal\/ Pays Bas, une finale avant l\u2019heure. - LE PUBLIC","og_description":"Le match entre le S\u00e9n\u00e9gal et les Pays-Bas au stade Al Thumama Stadium de Doha de cet apr\u00e8s midi est sans nul doute le choc de la poule A. un match tr\u00e8s attendu entre deux pays aux styles l\u00e9g\u00e8rement diff\u00e9rents. Les lions du S\u00e9n\u00e9gal vont devoir confirmer leur statut de champion d\u2019Afrique. Une rencontre qui ne sera pas de tout repos selon plusieurs sp\u00e9cialistes. En effet le Pays Bas est une \u00e9quipe redout\u00e9e qui \u00e0 d\u2019excellents joueurs et qui est l\u2019une des meilleures en Europe m\u00eame s\u2019ils vont devoir se passer de leur attaquant Depay bless\u00e9. Ils sont 8 eme au classement mondial alors que le S\u00e9n\u00e9gal est \u00e0 la 18eme place. Un match qui sera d\u00e9terminant pour la suite de la comp\u00e9tition car l\u2019affiche est consid\u00e9r\u00e9 comme la finale de la coupe. Samba SY.","og_url":"https:\/\/www.public.sn\/index.php\/2022\/11\/21\/qatar-2022-senegal-pays-bas-une-finale-avant-lheure\/","og_site_name":"LE PUBLIC","article_published_time":"2022-11-21T09:02:43+00:00","article_modified_time":"2022-11-21T09:02:45+00:00","og_image":[{"width":1200,"height":675,"url":"https:\/\/www.public.sn\/wp-content\/uploads\/2022\/11\/seengal-vs-pays-bas.jpg","type":"image\/jpeg"}],"author":"LA REDACTION","twitter_card":"summary_large_image","twitter_misc":{"\u00c9crit par":"LA REDACTION","Dur\u00e9e de lecture estim\u00e9e":"1 minute"},"schema":{"@context":"https:\/\/schema.org","@graph":[{"@type":"Article","@id":"https:\/\/www.public.sn\/index.php\/2022\/11\/21\/qatar-2022-senegal-pays-bas-une-finale-avant-lheure\/#article","isPartOf":{"@id":"https:\/\/www.public.sn\/index.php\/2022\/11\/21\/qatar-2022-senegal-pays-bas-une-finale-avant-lheure\/"},"author":{"name":"LA REDACTION","@id":"https:\/\/www.public.sn\/#\/schema\/person\/cb76c8e1b8becc6be61fb5e92d6d0224"},"headline":"Qatar 2022 : S\u00e9n\u00e9gal\/ Pays Bas, une finale avant l\u2019heure.","datePublished":"2022-11-21T09:02:43+00:00","dateModified":"2022-11-21T09:02:45+00:00","mainEntityOfPage":{"@id":"https:\/\/www.public.sn\/index.php\/2022\/11\/21\/qatar-2022-senegal-pays-bas-une-finale-avant-lheure\/"},"wordCount":165,"commentCount":0,"publisher":{"@id":"https:\/\/www.public.sn\/#organization"},"image":{"@id":"https:\/\/www.public.sn\/index.php\/2022\/11\/21\/qatar-2022-senegal-pays-bas-une-finale-avant-lheure\/#primaryimage"},"thumbnailUrl":"https:\/\/www.public.sn\/wp-content\/uploads\/2022\/11\/seengal-vs-pays-bas.jpg","keywords":["pays bas","Qatar 2022","senegal"],"articleSection":["ACTUALIT\u00c9S","S\u00c9N\u00c9GAL","SPORTS"],"inLanguage":"fr-FR","potentialAction":[{"@type":"CommentAction","name":"Comment","target":["https:\/\/www.public.sn\/index.php\/2022\/11\/21\/qatar-2022-senegal-pays-bas-une-finale-avant-lheure\/#respond"]}]},{"@type":"WebPage","@id":"https:\/\/www.public.sn\/index.php\/2022\/11\/21\/qatar-2022-senegal-pays-bas-une-finale-avant-lheure\/","url":"https:\/\/www.public.sn\/index.php\/2022\/11\/21\/qatar-2022-senegal-pays-bas-une-finale-avant-lheure\/","name":"Qatar 2022 : S\u00e9n\u00e9gal\/ Pays Bas, une finale avant l\u2019heure. - LE PUBLIC","isPartOf":{"@id":"https:\/\/www.public.sn\/#website"},"primaryImageOfPage":{"@id":"https:\/\/www.public.sn\/index.php\/2022\/11\/21\/qatar-2022-senegal-pays-bas-une-finale-avant-lheure\/#primaryimage"},"image":{"@id":"https:\/\/www.public.sn\/index.php\/2022\/11\/21\/qatar-2022-senegal-pays-bas-une-finale-avant-lheure\/#primaryimage"},"thumbnailUrl":"https:\/\/www.public.sn\/wp-content\/uploads\/2022\/11\/seengal-vs-pays-bas.jpg","datePublished":"2022-11-21T09:02:43+00:00","dateModified":"2022-11-21T09:02:45+00:00","breadcrumb":{"@id":"https:\/\/www.public.sn\/index.php\/2022\/11\/21\/qatar-2022-senegal-pays-bas-une-finale-avant-lheure\/#breadcrumb"},"inLanguage":"fr-FR","potentialAction":[{"@type":"ReadAction","target":["https:\/\/www.public.sn\/index.php\/2022\/11\/21\/qatar-2022-senegal-pays-bas-une-finale-avant-lheure\/"]}]},{"@type":"ImageObject","inLanguage":"fr-FR","@id":"https:\/\/www.public.sn\/index.php\/2022\/11\/21\/qatar-2022-senegal-pays-bas-une-finale-avant-lheure\/#primaryimage","url":"https:\/\/www.public.sn\/wp-content\/uploads\/2022\/11\/seengal-vs-pays-bas.jpg","contentUrl":"https:\/\/www.public.sn\/wp-content\/uploads\/2022\/11\/seengal-vs-pays-bas.jpg","width":1200,"height":675,"caption":"publicsn"},{"@type":"BreadcrumbList","@id":"https:\/\/www.public.sn\/index.php\/2022\/11\/21\/qatar-2022-senegal-pays-bas-une-finale-avant-lheure\/#breadcrumb","itemListElement":[{"@type":"ListItem","position":1,"name":"Accueil","item":"https:\/\/www.public.sn\/"},{"@type":"ListItem","position":2,"name":"Qatar 2022 : S\u00e9n\u00e9gal\/ Pays Bas, une finale avant l\u2019heure."}]},{"@type":"WebSite","@id":"https:\/\/www.public.sn\/#website","url":"https:\/\/www.public.sn\/","name":"LE PUBLIC","description":"","publisher":{"@id":"https:\/\/www.public.sn\/#organization"},"potentialAction":[{"@type":"SearchAction","target":{"@type":"EntryPoint","urlTemplate":"https:\/\/www.public.sn\/?s={search_term_string}"},"query-input":{"@type":"PropertyValueSpecification","valueRequired":true,"valueName":"search_term_string"}}],"inLanguage":"fr-FR"},{"@type":"Organization","@id":"https:\/\/www.public.sn\/#organization","name":"LE PUBLIC","url":"https:\/\/www.public.sn\/","logo":{"@type":"ImageObject","inLanguage":"fr-FR","@id":"https:\/\/www.public.sn\/#\/schema\/logo\/image\/","url":"https:\/\/www.public.sn\/wp-content\/uploads\/2024\/05\/cropped-LOGO-PUBLIC.SN_.png","contentUrl":"https:\/\/www.public.sn\/wp-content\/uploads\/2024\/05\/cropped-LOGO-PUBLIC.SN_.png","width":682,"height":192,"caption":"LE PUBLIC"},"image":{"@id":"https:\/\/www.public.sn\/#\/schema\/logo\/image\/"}},{"@type":"Person","@id":"https:\/\/www.public.sn\/#\/schema\/person\/cb76c8e1b8becc6be61fb5e92d6d0224","name":"LA REDACTION","image":{"@type":"ImageObject","inLanguage":"fr-FR","@id":"https:\/\/www.public.sn\/#\/schema\/person\/image\/","url":"https:\/\/secure.gravatar.com\/avatar\/2dce5ddd34b8fef0180efe03aa2a9bee7d953856048f9a16b298190a3178407c?s=96&d=mm&r=g","contentUrl":"https:\/\/secure.gravatar.com\/avatar\/2dce5ddd34b8fef0180efe03aa2a9bee7d953856048f9a16b298190a3178407c?s=96&d=mm&r=g","caption":"LA REDACTION"},"url":"https:\/\/www.public.sn\/index.php\/author\/editeurpsn\/"}]}},"jetpack_featured_media_url":"https:\/\/www.public.sn\/wp-content\/uploads\/2022\/11\/seengal-vs-pays-bas.jpg","jetpack_sharing_enabled":true,"_links":{"self":[{"href":"https:\/\/www.public.sn\/index.php\/wp-json\/wp\/v2\/posts\/9496","targetHints":{"allow":["GET"]}}],"collection":[{"href":"https:\/\/www.public.sn\/index.php\/wp-json\/wp\/v2\/posts"}],"about":[{"href":"https:\/\/www.public.sn\/index.php\/wp-json\/wp\/v2\/types\/post"}],"author":[{"embeddable":true,"href":"https:\/\/www.public.sn\/index.php\/wp-json\/wp\/v2\/users\/7"}],"replies":[{"embeddable":true,"href":"https:\/\/www.public.sn\/index.php\/wp-json\/wp\/v2\/comments?post=9496"}],"version-history":[{"count":1,"href":"https:\/\/www.public.sn\/index.php\/wp-json\/wp\/v2\/posts\/9496\/revisions"}],"predecessor-version":[{"id":9498,"href":"https:\/\/www.public.sn\/index.php\/wp-json\/wp\/v2\/posts\/9496\/revisions\/9498"}],"wp:featuredmedia":[{"embeddable":true,"href":"https:\/\/www.public.sn\/index.php\/wp-json\/wp\/v2\/media\/9497"}],"wp:attachment":[{"href":"https:\/\/www.public.sn\/index.php\/wp-json\/wp\/v2\/media?parent=9496"}],"wp:term":[{"taxonomy":"category","embeddable":true,"href":"https:\/\/www.public.sn\/index.php\/wp-json\/wp\/v2\/categories?post=9496"},{"taxonomy":"post_tag","embeddable":true,"href":"https:\/\/www.public.sn\/index.php\/wp-json\/wp\/v2\/tags?post=9496"}],"curies":[{"name":"wp","href":"https:\/\/api.w.org\/{rel}","templated":true}]}}