{"id":9525,"date":"2022-11-21T10:38:20","date_gmt":"2022-11-21T10:38:20","guid":{"rendered":"https:\/\/www.public.sn\/?p=9525"},"modified":"2022-11-21T10:38:21","modified_gmt":"2022-11-21T10:38:21","slug":"cheikh-issa-sall-maire-de-mbour-macky-doit-a-nouveau-se-presenter","status":"publish","type":"post","link":"https:\/\/www.public.sn\/index.php\/2022\/11\/21\/cheikh-issa-sall-maire-de-mbour-macky-doit-a-nouveau-se-presenter\/","title":{"rendered":"Cheikh Issa Sall, maire de Mbour : \u00ab Macky doit \u00e0 nouveau se pr\u00e9senter\u00bb."},"content":{"rendered":"<p>A l\u2019occasion d\u2019une rencontre avec les jeunes dans la cadre du projet \u00ab Xeyu Ndaw ni \u00bb, le maire de Mbour demande aux s\u00e9n\u00e9galais d\u2019accorder au pr\u00e9sident de la R\u00e9publique un nouveau quinquennat pour qu\u2019il puisse se pr\u00e9senter en 2024.<\/p><div class=\"publi-paragraphe1\" style=\"margin-top: 10px;margin-bottom: 10px;margin-left: auto;margin-right: auto;text-align: center;\" id=\"publi-940145597\"><div class=\"publi-adlabel\">Publicit\u00e9<\/div><script async src=\"\/\/pagead2.googlesyndication.com\/pagead\/js\/adsbygoogle.js?client=ca-pub-4089586018074219\" crossorigin=\"anonymous\"><\/script><ins class=\"adsbygoogle\" style=\"display:block;\" data-ad-client=\"ca-pub-4089586018074219\" \ndata-ad-slot=\"2087940154\" \ndata-ad-format=\"auto\"><\/ins>\n<script> \n(adsbygoogle = window.adsbygoogle || []).push({}); \n<\/script>\n<\/div>\n<p>Pour Cheikh Issa Sall, \u00ab pour la stabilit\u00e9  et la paix dans ce pays, nous lan\u00e7ons un appel solennel aupr\u00e8s des population s\u00e9n\u00e9galaises \u00e0 accorder un autre mandat au pr\u00e9sident de la R\u00e9publique, dans un climat apais\u00e9 pour qu\u2019il puisse r\u00e9aliser les projets en cours. Nous lui demandons de se pr\u00e9senter comme candidat de Benno Bokk Yaakar pour un  second quinquennat en 2024 \u00bb.<\/p>\n<p>L\u2019occasion a \u00e9t\u00e9 saisie par le maire de Mbour de revenir sur les r\u00e9alisations et projets en cours dans sa localit\u00e9 afin de faciliter l\u2019acc\u00e8s \u00e0 l\u2019emploi ou aux financements des jeunes. C\u2019est ainsi que le plan \u00ab\u00a0Yessal Mbour \u00a0\u00bb est en marche et consiste \u00e0 r\u00e9aliser et \u00e0 r\u00e9nover certaines infrastructures routi\u00e8res, \u00e9ducatives de la ville. Le programme de pavage \u00e0 grande \u00e9chelle de Mbour est \u00e9galement entam\u00e9 et une usine de pavage est envisag\u00e9e \u00e0 l\u2019entr\u00e9e de la ville.<\/p>\n<p>Au niveau des stades, celui de Caroline Faye est en r\u00e9novation ainsi que le stade municipal, des terrains de basket et Hand Ball vont \u00eatre aussi construits. Les subventions passent de 20 Millions \u00e0 240 Millions de FCFA pour un objectif d\u2019un Milliard.<\/p>\n<p>Samba SY.<\/p>\n<div class=\"publi-apres-le-contenu\" style=\"margin-top: 10px;margin-bottom: 10px;margin-left: auto;margin-right: auto;text-align: center;\" id=\"publi-2192985691\"><div class=\"publi-adlabel\">Publicit\u00e9<\/div><script async src=\"\/\/pagead2.googlesyndication.com\/pagead\/js\/adsbygoogle.js?client=ca-pub-4089586018074219\" crossorigin=\"anonymous\"><\/script><ins class=\"adsbygoogle\" style=\"display:block;\" data-ad-client=\"ca-pub-4089586018074219\" \ndata-ad-slot=\"2087940154\" \ndata-ad-format=\"auto\"><\/ins>\n<script> \n(adsbygoogle = window.adsbygoogle || []).push({}); \n<\/script>\n<\/div>","protected":false},"excerpt":{"rendered":"<p>A l\u2019occasion d\u2019une rencontre avec les jeunes dans la cadre du projet \u00ab Xeyu Ndaw ni \u00bb, le maire de Mbour demande aux s\u00e9n\u00e9galais d\u2019accorder au pr\u00e9sident de la R\u00e9publique un nouveau quinquennat pour qu\u2019il puisse se pr\u00e9senter en 2024. Pour Cheikh Issa Sall, \u00ab pour la stabilit\u00e9 et la paix dans ce pays, nous lan\u00e7ons un appel solennel aupr\u00e8s des population s\u00e9n\u00e9galaises \u00e0 accorder un autre mandat au pr\u00e9sident de la R\u00e9publique, dans un climat apais\u00e9 pour qu\u2019il puisse r\u00e9aliser les projets en cours. Nous lui demandons de se pr\u00e9senter comme candidat de Benno Bokk Yaakar pour un second quinquennat en 2024 \u00bb. L\u2019occasion a \u00e9t\u00e9 saisie par le maire de Mbour de revenir sur les r\u00e9alisations et projets en cours dans sa localit\u00e9 afin de faciliter l\u2019acc\u00e8s \u00e0 l\u2019emploi ou aux financements des jeunes. C\u2019est ainsi que le plan \u00ab\u00a0Yessal Mbour \u00a0\u00bb est en marche et consiste \u00e0 r\u00e9aliser et \u00e0 r\u00e9nover certaines infrastructures routi\u00e8res, \u00e9ducatives de la ville. Le programme de pavage \u00e0 grande \u00e9chelle de Mbour est \u00e9galement entam\u00e9 et une usine de pavage est envisag\u00e9e \u00e0 l\u2019entr\u00e9e de la ville. Au niveau des stades, celui de Caroline Faye est en r\u00e9novation ainsi que le stade municipal, des terrains de basket et Hand Ball vont \u00eatre aussi construits. Les subventions passent de 20 Millions \u00e0 240 Millions de FCFA pour un objectif d\u2019un Milliard. Samba SY.<\/p>\n","protected":false},"author":7,"featured_media":9526,"comment_status":"open","ping_status":"open","sticky":false,"template":"","format":"standard","meta":{"_jetpack_memberships_contains_paid_content":false,"footnotes":""},"categories":[375,1,4],"tags":[1539,3171,3172],"class_list":["post-9525","post","type-post","status-publish","format-standard","has-post-thumbnail","hentry","category-actualites","category-non-classe","category-societe","tag-candidature-macky","tag-cheikh-issa-sall","tag-yeyu-ndaw-ni","entry","has-media","owp-thumbs-layout-horizontal","owp-btn-normal","owp-tabs-layout-horizontal","has-no-thumbnails","has-product-nav"],"yoast_head":"<!-- This site is optimized with the Yoast SEO plugin v25.5 - https:\/\/yoast.com\/wordpress\/plugins\/seo\/ -->\n<title>Cheikh Issa Sall, maire de Mbour : \u00ab Macky doit \u00e0 nouveau se pr\u00e9senter\u00bb. - LE PUBLIC<\/title>\n<meta name=\"robots\" content=\"index, follow, max-snippet:-1, max-image-preview:large, max-video-preview:-1\" \/>\n<link rel=\"canonical\" href=\"https:\/\/www.public.sn\/index.php\/2022\/11\/21\/cheikh-issa-sall-maire-de-mbour-macky-doit-a-nouveau-se-presenter\/\" \/>\n<meta property=\"og:locale\" content=\"fr_FR\" \/>\n<meta property=\"og:type\" content=\"article\" \/>\n<meta property=\"og:title\" content=\"Cheikh Issa Sall, maire de Mbour : \u00ab Macky doit \u00e0 nouveau se pr\u00e9senter\u00bb. - LE PUBLIC\" \/>\n<meta property=\"og:description\" content=\"A l\u2019occasion d\u2019une rencontre avec les jeunes dans la cadre du projet \u00ab Xeyu Ndaw ni \u00bb, le maire de Mbour demande aux s\u00e9n\u00e9galais d\u2019accorder au pr\u00e9sident de la R\u00e9publique un nouveau quinquennat pour qu\u2019il puisse se pr\u00e9senter en 2024. Pour Cheikh Issa Sall, \u00ab pour la stabilit\u00e9 et la paix dans ce pays, nous lan\u00e7ons un appel solennel aupr\u00e8s des population s\u00e9n\u00e9galaises \u00e0 accorder un autre mandat au pr\u00e9sident de la R\u00e9publique, dans un climat apais\u00e9 pour qu\u2019il puisse r\u00e9aliser les projets en cours. Nous lui demandons de se pr\u00e9senter comme candidat de Benno Bokk Yaakar pour un second quinquennat en 2024 \u00bb. L\u2019occasion a \u00e9t\u00e9 saisie par le maire de Mbour de revenir sur les r\u00e9alisations et projets en cours dans sa localit\u00e9 afin de faciliter l\u2019acc\u00e8s \u00e0 l\u2019emploi ou aux financements des jeunes. C\u2019est ainsi que le plan \u00ab\u00a0Yessal Mbour \u00a0\u00bb est en marche et consiste \u00e0 r\u00e9aliser et \u00e0 r\u00e9nover certaines infrastructures routi\u00e8res, \u00e9ducatives de la ville. Le programme de pavage \u00e0 grande \u00e9chelle de Mbour est \u00e9galement entam\u00e9 et une usine de pavage est envisag\u00e9e \u00e0 l\u2019entr\u00e9e de la ville. Au niveau des stades, celui de Caroline Faye est en r\u00e9novation ainsi que le stade municipal, des terrains de basket et Hand Ball vont \u00eatre aussi construits. Les subventions passent de 20 Millions \u00e0 240 Millions de FCFA pour un objectif d\u2019un Milliard. Samba SY.\" \/>\n<meta property=\"og:url\" content=\"https:\/\/www.public.sn\/index.php\/2022\/11\/21\/cheikh-issa-sall-maire-de-mbour-macky-doit-a-nouveau-se-presenter\/\" \/>\n<meta property=\"og:site_name\" content=\"LE PUBLIC\" \/>\n<meta property=\"article:published_time\" content=\"2022-11-21T10:38:20+00:00\" \/>\n<meta property=\"article:modified_time\" content=\"2022-11-21T10:38:21+00:00\" \/>\n<meta property=\"og:image\" content=\"https:\/\/www.public.sn\/wp-content\/uploads\/2022\/11\/ISSA-sall.webp\" \/>\n\t<meta property=\"og:image:width\" content=\"1080\" \/>\n\t<meta property=\"og:image:height\" content=\"810\" \/>\n\t<meta property=\"og:image:type\" content=\"image\/webp\" \/>\n<meta name=\"author\" content=\"LA REDACTION\" \/>\n<meta name=\"twitter:card\" content=\"summary_large_image\" \/>\n<meta name=\"twitter:label1\" content=\"\u00c9crit par\" \/>\n\t<meta name=\"twitter:data1\" content=\"LA REDACTION\" \/>\n\t<meta name=\"twitter:label2\" content=\"Dur\u00e9e de lecture estim\u00e9e\" \/>\n\t<meta name=\"twitter:data2\" content=\"2 minutes\" \/>\n<script type=\"application\/ld+json\" class=\"yoast-schema-graph\">{\"@context\":\"https:\/\/schema.org\",\"@graph\":[{\"@type\":\"Article\",\"@id\":\"https:\/\/www.public.sn\/index.php\/2022\/11\/21\/cheikh-issa-sall-maire-de-mbour-macky-doit-a-nouveau-se-presenter\/#article\",\"isPartOf\":{\"@id\":\"https:\/\/www.public.sn\/index.php\/2022\/11\/21\/cheikh-issa-sall-maire-de-mbour-macky-doit-a-nouveau-se-presenter\/\"},\"author\":{\"name\":\"LA REDACTION\",\"@id\":\"https:\/\/www.public.sn\/#\/schema\/person\/cb76c8e1b8becc6be61fb5e92d6d0224\"},\"headline\":\"Cheikh Issa Sall, maire de Mbour : \u00ab Macky doit \u00e0 nouveau se pr\u00e9senter\u00bb.\",\"datePublished\":\"2022-11-21T10:38:20+00:00\",\"dateModified\":\"2022-11-21T10:38:21+00:00\",\"mainEntityOfPage\":{\"@id\":\"https:\/\/www.public.sn\/index.php\/2022\/11\/21\/cheikh-issa-sall-maire-de-mbour-macky-doit-a-nouveau-se-presenter\/\"},\"wordCount\":258,\"commentCount\":0,\"publisher\":{\"@id\":\"https:\/\/www.public.sn\/#organization\"},\"image\":{\"@id\":\"https:\/\/www.public.sn\/index.php\/2022\/11\/21\/cheikh-issa-sall-maire-de-mbour-macky-doit-a-nouveau-se-presenter\/#primaryimage\"},\"thumbnailUrl\":\"https:\/\/www.public.sn\/wp-content\/uploads\/2022\/11\/ISSA-sall.webp\",\"keywords\":[\"candidature macky\",\"cheikh issa sall\",\"yeyu ndaw ni\"],\"articleSection\":[\"ACTUALIT\u00c9S\",\"S\u00c9N\u00c9GAL\",\"SOCIETE\"],\"inLanguage\":\"fr-FR\",\"potentialAction\":[{\"@type\":\"CommentAction\",\"name\":\"Comment\",\"target\":[\"https:\/\/www.public.sn\/index.php\/2022\/11\/21\/cheikh-issa-sall-maire-de-mbour-macky-doit-a-nouveau-se-presenter\/#respond\"]}]},{\"@type\":\"WebPage\",\"@id\":\"https:\/\/www.public.sn\/index.php\/2022\/11\/21\/cheikh-issa-sall-maire-de-mbour-macky-doit-a-nouveau-se-presenter\/\",\"url\":\"https:\/\/www.public.sn\/index.php\/2022\/11\/21\/cheikh-issa-sall-maire-de-mbour-macky-doit-a-nouveau-se-presenter\/\",\"name\":\"Cheikh Issa Sall, maire de Mbour : \u00ab Macky doit \u00e0 nouveau se pr\u00e9senter\u00bb. - LE PUBLIC\",\"isPartOf\":{\"@id\":\"https:\/\/www.public.sn\/#website\"},\"primaryImageOfPage\":{\"@id\":\"https:\/\/www.public.sn\/index.php\/2022\/11\/21\/cheikh-issa-sall-maire-de-mbour-macky-doit-a-nouveau-se-presenter\/#primaryimage\"},\"image\":{\"@id\":\"https:\/\/www.public.sn\/index.php\/2022\/11\/21\/cheikh-issa-sall-maire-de-mbour-macky-doit-a-nouveau-se-presenter\/#primaryimage\"},\"thumbnailUrl\":\"https:\/\/www.public.sn\/wp-content\/uploads\/2022\/11\/ISSA-sall.webp\",\"datePublished\":\"2022-11-21T10:38:20+00:00\",\"dateModified\":\"2022-11-21T10:38:21+00:00\",\"breadcrumb\":{\"@id\":\"https:\/\/www.public.sn\/index.php\/2022\/11\/21\/cheikh-issa-sall-maire-de-mbour-macky-doit-a-nouveau-se-presenter\/#breadcrumb\"},\"inLanguage\":\"fr-FR\",\"potentialAction\":[{\"@type\":\"ReadAction\",\"target\":[\"https:\/\/www.public.sn\/index.php\/2022\/11\/21\/cheikh-issa-sall-maire-de-mbour-macky-doit-a-nouveau-se-presenter\/\"]}]},{\"@type\":\"ImageObject\",\"inLanguage\":\"fr-FR\",\"@id\":\"https:\/\/www.public.sn\/index.php\/2022\/11\/21\/cheikh-issa-sall-maire-de-mbour-macky-doit-a-nouveau-se-presenter\/#primaryimage\",\"url\":\"https:\/\/www.public.sn\/wp-content\/uploads\/2022\/11\/ISSA-sall.webp\",\"contentUrl\":\"https:\/\/www.public.sn\/wp-content\/uploads\/2022\/11\/ISSA-sall.webp\",\"width\":1080,\"height\":810,\"caption\":\"publicssn\"},{\"@type\":\"BreadcrumbList\",\"@id\":\"https:\/\/www.public.sn\/index.php\/2022\/11\/21\/cheikh-issa-sall-maire-de-mbour-macky-doit-a-nouveau-se-presenter\/#breadcrumb\",\"itemListElement\":[{\"@type\":\"ListItem\",\"position\":1,\"name\":\"Accueil\",\"item\":\"https:\/\/www.public.sn\/\"},{\"@type\":\"ListItem\",\"position\":2,\"name\":\"Cheikh Issa Sall, maire de Mbour : \u00ab Macky doit \u00e0 nouveau se pr\u00e9senter\u00bb.\"}]},{\"@type\":\"WebSite\",\"@id\":\"https:\/\/www.public.sn\/#website\",\"url\":\"https:\/\/www.public.sn\/\",\"name\":\"LE PUBLIC\",\"description\":\"\",\"publisher\":{\"@id\":\"https:\/\/www.public.sn\/#organization\"},\"potentialAction\":[{\"@type\":\"SearchAction\",\"target\":{\"@type\":\"EntryPoint\",\"urlTemplate\":\"https:\/\/www.public.sn\/?s={search_term_string}\"},\"query-input\":{\"@type\":\"PropertyValueSpecification\",\"valueRequired\":true,\"valueName\":\"search_term_string\"}}],\"inLanguage\":\"fr-FR\"},{\"@type\":\"Organization\",\"@id\":\"https:\/\/www.public.sn\/#organization\",\"name\":\"LE PUBLIC\",\"url\":\"https:\/\/www.public.sn\/\",\"logo\":{\"@type\":\"ImageObject\",\"inLanguage\":\"fr-FR\",\"@id\":\"https:\/\/www.public.sn\/#\/schema\/logo\/image\/\",\"url\":\"https:\/\/www.public.sn\/wp-content\/uploads\/2024\/05\/cropped-LOGO-PUBLIC.SN_.png\",\"contentUrl\":\"https:\/\/www.public.sn\/wp-content\/uploads\/2024\/05\/cropped-LOGO-PUBLIC.SN_.png\",\"width\":682,\"height\":192,\"caption\":\"LE PUBLIC\"},\"image\":{\"@id\":\"https:\/\/www.public.sn\/#\/schema\/logo\/image\/\"}},{\"@type\":\"Person\",\"@id\":\"https:\/\/www.public.sn\/#\/schema\/person\/cb76c8e1b8becc6be61fb5e92d6d0224\",\"name\":\"LA REDACTION\",\"image\":{\"@type\":\"ImageObject\",\"inLanguage\":\"fr-FR\",\"@id\":\"https:\/\/www.public.sn\/#\/schema\/person\/image\/\",\"url\":\"https:\/\/secure.gravatar.com\/avatar\/2dce5ddd34b8fef0180efe03aa2a9bee7d953856048f9a16b298190a3178407c?s=96&d=mm&r=g\",\"contentUrl\":\"https:\/\/secure.gravatar.com\/avatar\/2dce5ddd34b8fef0180efe03aa2a9bee7d953856048f9a16b298190a3178407c?s=96&d=mm&r=g\",\"caption\":\"LA REDACTION\"},\"url\":\"https:\/\/www.public.sn\/index.php\/author\/editeurpsn\/\"}]}<\/script>\n<!-- \/ Yoast SEO plugin. -->","yoast_head_json":{"title":"Cheikh Issa Sall, maire de Mbour : \u00ab Macky doit \u00e0 nouveau se pr\u00e9senter\u00bb. - LE PUBLIC","robots":{"index":"index","follow":"follow","max-snippet":"max-snippet:-1","max-image-preview":"max-image-preview:large","max-video-preview":"max-video-preview:-1"},"canonical":"https:\/\/www.public.sn\/index.php\/2022\/11\/21\/cheikh-issa-sall-maire-de-mbour-macky-doit-a-nouveau-se-presenter\/","og_locale":"fr_FR","og_type":"article","og_title":"Cheikh Issa Sall, maire de Mbour : \u00ab Macky doit \u00e0 nouveau se pr\u00e9senter\u00bb. - LE PUBLIC","og_description":"A l\u2019occasion d\u2019une rencontre avec les jeunes dans la cadre du projet \u00ab Xeyu Ndaw ni \u00bb, le maire de Mbour demande aux s\u00e9n\u00e9galais d\u2019accorder au pr\u00e9sident de la R\u00e9publique un nouveau quinquennat pour qu\u2019il puisse se pr\u00e9senter en 2024. Pour Cheikh Issa Sall, \u00ab pour la stabilit\u00e9 et la paix dans ce pays, nous lan\u00e7ons un appel solennel aupr\u00e8s des population s\u00e9n\u00e9galaises \u00e0 accorder un autre mandat au pr\u00e9sident de la R\u00e9publique, dans un climat apais\u00e9 pour qu\u2019il puisse r\u00e9aliser les projets en cours. Nous lui demandons de se pr\u00e9senter comme candidat de Benno Bokk Yaakar pour un second quinquennat en 2024 \u00bb. L\u2019occasion a \u00e9t\u00e9 saisie par le maire de Mbour de revenir sur les r\u00e9alisations et projets en cours dans sa localit\u00e9 afin de faciliter l\u2019acc\u00e8s \u00e0 l\u2019emploi ou aux financements des jeunes. C\u2019est ainsi que le plan \u00ab\u00a0Yessal Mbour \u00a0\u00bb est en marche et consiste \u00e0 r\u00e9aliser et \u00e0 r\u00e9nover certaines infrastructures routi\u00e8res, \u00e9ducatives de la ville. Le programme de pavage \u00e0 grande \u00e9chelle de Mbour est \u00e9galement entam\u00e9 et une usine de pavage est envisag\u00e9e \u00e0 l\u2019entr\u00e9e de la ville. Au niveau des stades, celui de Caroline Faye est en r\u00e9novation ainsi que le stade municipal, des terrains de basket et Hand Ball vont \u00eatre aussi construits. Les subventions passent de 20 Millions \u00e0 240 Millions de FCFA pour un objectif d\u2019un Milliard. Samba SY.","og_url":"https:\/\/www.public.sn\/index.php\/2022\/11\/21\/cheikh-issa-sall-maire-de-mbour-macky-doit-a-nouveau-se-presenter\/","og_site_name":"LE PUBLIC","article_published_time":"2022-11-21T10:38:20+00:00","article_modified_time":"2022-11-21T10:38:21+00:00","og_image":[{"width":1080,"height":810,"url":"https:\/\/www.public.sn\/wp-content\/uploads\/2022\/11\/ISSA-sall.webp","type":"image\/webp"}],"author":"LA REDACTION","twitter_card":"summary_large_image","twitter_misc":{"\u00c9crit par":"LA REDACTION","Dur\u00e9e de lecture estim\u00e9e":"2 minutes"},"schema":{"@context":"https:\/\/schema.org","@graph":[{"@type":"Article","@id":"https:\/\/www.public.sn\/index.php\/2022\/11\/21\/cheikh-issa-sall-maire-de-mbour-macky-doit-a-nouveau-se-presenter\/#article","isPartOf":{"@id":"https:\/\/www.public.sn\/index.php\/2022\/11\/21\/cheikh-issa-sall-maire-de-mbour-macky-doit-a-nouveau-se-presenter\/"},"author":{"name":"LA REDACTION","@id":"https:\/\/www.public.sn\/#\/schema\/person\/cb76c8e1b8becc6be61fb5e92d6d0224"},"headline":"Cheikh Issa Sall, maire de Mbour : \u00ab Macky doit \u00e0 nouveau se pr\u00e9senter\u00bb.","datePublished":"2022-11-21T10:38:20+00:00","dateModified":"2022-11-21T10:38:21+00:00","mainEntityOfPage":{"@id":"https:\/\/www.public.sn\/index.php\/2022\/11\/21\/cheikh-issa-sall-maire-de-mbour-macky-doit-a-nouveau-se-presenter\/"},"wordCount":258,"commentCount":0,"publisher":{"@id":"https:\/\/www.public.sn\/#organization"},"image":{"@id":"https:\/\/www.public.sn\/index.php\/2022\/11\/21\/cheikh-issa-sall-maire-de-mbour-macky-doit-a-nouveau-se-presenter\/#primaryimage"},"thumbnailUrl":"https:\/\/www.public.sn\/wp-content\/uploads\/2022\/11\/ISSA-sall.webp","keywords":["candidature macky","cheikh issa sall","yeyu ndaw ni"],"articleSection":["ACTUALIT\u00c9S","S\u00c9N\u00c9GAL","SOCIETE"],"inLanguage":"fr-FR","potentialAction":[{"@type":"CommentAction","name":"Comment","target":["https:\/\/www.public.sn\/index.php\/2022\/11\/21\/cheikh-issa-sall-maire-de-mbour-macky-doit-a-nouveau-se-presenter\/#respond"]}]},{"@type":"WebPage","@id":"https:\/\/www.public.sn\/index.php\/2022\/11\/21\/cheikh-issa-sall-maire-de-mbour-macky-doit-a-nouveau-se-presenter\/","url":"https:\/\/www.public.sn\/index.php\/2022\/11\/21\/cheikh-issa-sall-maire-de-mbour-macky-doit-a-nouveau-se-presenter\/","name":"Cheikh Issa Sall, maire de Mbour : \u00ab Macky doit \u00e0 nouveau se pr\u00e9senter\u00bb. - LE PUBLIC","isPartOf":{"@id":"https:\/\/www.public.sn\/#website"},"primaryImageOfPage":{"@id":"https:\/\/www.public.sn\/index.php\/2022\/11\/21\/cheikh-issa-sall-maire-de-mbour-macky-doit-a-nouveau-se-presenter\/#primaryimage"},"image":{"@id":"https:\/\/www.public.sn\/index.php\/2022\/11\/21\/cheikh-issa-sall-maire-de-mbour-macky-doit-a-nouveau-se-presenter\/#primaryimage"},"thumbnailUrl":"https:\/\/www.public.sn\/wp-content\/uploads\/2022\/11\/ISSA-sall.webp","datePublished":"2022-11-21T10:38:20+00:00","dateModified":"2022-11-21T10:38:21+00:00","breadcrumb":{"@id":"https:\/\/www.public.sn\/index.php\/2022\/11\/21\/cheikh-issa-sall-maire-de-mbour-macky-doit-a-nouveau-se-presenter\/#breadcrumb"},"inLanguage":"fr-FR","potentialAction":[{"@type":"ReadAction","target":["https:\/\/www.public.sn\/index.php\/2022\/11\/21\/cheikh-issa-sall-maire-de-mbour-macky-doit-a-nouveau-se-presenter\/"]}]},{"@type":"ImageObject","inLanguage":"fr-FR","@id":"https:\/\/www.public.sn\/index.php\/2022\/11\/21\/cheikh-issa-sall-maire-de-mbour-macky-doit-a-nouveau-se-presenter\/#primaryimage","url":"https:\/\/www.public.sn\/wp-content\/uploads\/2022\/11\/ISSA-sall.webp","contentUrl":"https:\/\/www.public.sn\/wp-content\/uploads\/2022\/11\/ISSA-sall.webp","width":1080,"height":810,"caption":"publicssn"},{"@type":"BreadcrumbList","@id":"https:\/\/www.public.sn\/index.php\/2022\/11\/21\/cheikh-issa-sall-maire-de-mbour-macky-doit-a-nouveau-se-presenter\/#breadcrumb","itemListElement":[{"@type":"ListItem","position":1,"name":"Accueil","item":"https:\/\/www.public.sn\/"},{"@type":"ListItem","position":2,"name":"Cheikh Issa Sall, maire de Mbour : \u00ab Macky doit \u00e0 nouveau se pr\u00e9senter\u00bb."}]},{"@type":"WebSite","@id":"https:\/\/www.public.sn\/#website","url":"https:\/\/www.public.sn\/","name":"LE PUBLIC","description":"","publisher":{"@id":"https:\/\/www.public.sn\/#organization"},"potentialAction":[{"@type":"SearchAction","target":{"@type":"EntryPoint","urlTemplate":"https:\/\/www.public.sn\/?s={search_term_string}"},"query-input":{"@type":"PropertyValueSpecification","valueRequired":true,"valueName":"search_term_string"}}],"inLanguage":"fr-FR"},{"@type":"Organization","@id":"https:\/\/www.public.sn\/#organization","name":"LE PUBLIC","url":"https:\/\/www.public.sn\/","logo":{"@type":"ImageObject","inLanguage":"fr-FR","@id":"https:\/\/www.public.sn\/#\/schema\/logo\/image\/","url":"https:\/\/www.public.sn\/wp-content\/uploads\/2024\/05\/cropped-LOGO-PUBLIC.SN_.png","contentUrl":"https:\/\/www.public.sn\/wp-content\/uploads\/2024\/05\/cropped-LOGO-PUBLIC.SN_.png","width":682,"height":192,"caption":"LE PUBLIC"},"image":{"@id":"https:\/\/www.public.sn\/#\/schema\/logo\/image\/"}},{"@type":"Person","@id":"https:\/\/www.public.sn\/#\/schema\/person\/cb76c8e1b8becc6be61fb5e92d6d0224","name":"LA REDACTION","image":{"@type":"ImageObject","inLanguage":"fr-FR","@id":"https:\/\/www.public.sn\/#\/schema\/person\/image\/","url":"https:\/\/secure.gravatar.com\/avatar\/2dce5ddd34b8fef0180efe03aa2a9bee7d953856048f9a16b298190a3178407c?s=96&d=mm&r=g","contentUrl":"https:\/\/secure.gravatar.com\/avatar\/2dce5ddd34b8fef0180efe03aa2a9bee7d953856048f9a16b298190a3178407c?s=96&d=mm&r=g","caption":"LA REDACTION"},"url":"https:\/\/www.public.sn\/index.php\/author\/editeurpsn\/"}]}},"jetpack_featured_media_url":"https:\/\/www.public.sn\/wp-content\/uploads\/2022\/11\/ISSA-sall.webp","jetpack_sharing_enabled":true,"_links":{"self":[{"href":"https:\/\/www.public.sn\/index.php\/wp-json\/wp\/v2\/posts\/9525","targetHints":{"allow":["GET"]}}],"collection":[{"href":"https:\/\/www.public.sn\/index.php\/wp-json\/wp\/v2\/posts"}],"about":[{"href":"https:\/\/www.public.sn\/index.php\/wp-json\/wp\/v2\/types\/post"}],"author":[{"embeddable":true,"href":"https:\/\/www.public.sn\/index.php\/wp-json\/wp\/v2\/users\/7"}],"replies":[{"embeddable":true,"href":"https:\/\/www.public.sn\/index.php\/wp-json\/wp\/v2\/comments?post=9525"}],"version-history":[{"count":2,"href":"https:\/\/www.public.sn\/index.php\/wp-json\/wp\/v2\/posts\/9525\/revisions"}],"predecessor-version":[{"id":9528,"href":"https:\/\/www.public.sn\/index.php\/wp-json\/wp\/v2\/posts\/9525\/revisions\/9528"}],"wp:featuredmedia":[{"embeddable":true,"href":"https:\/\/www.public.sn\/index.php\/wp-json\/wp\/v2\/media\/9526"}],"wp:attachment":[{"href":"https:\/\/www.public.sn\/index.php\/wp-json\/wp\/v2\/media?parent=9525"}],"wp:term":[{"taxonomy":"category","embeddable":true,"href":"https:\/\/www.public.sn\/index.php\/wp-json\/wp\/v2\/categories?post=9525"},{"taxonomy":"post_tag","embeddable":true,"href":"https:\/\/www.public.sn\/index.php\/wp-json\/wp\/v2\/tags?post=9525"}],"curies":[{"name":"wp","href":"https:\/\/api.w.org\/{rel}","templated":true}]}}