{"id":9570,"date":"2022-11-21T12:15:18","date_gmt":"2022-11-21T12:15:18","guid":{"rendered":"https:\/\/www.public.sn\/?p=9570"},"modified":"2022-11-21T12:15:19","modified_gmt":"2022-11-21T12:15:19","slug":"match-senegal-arret-des-cours-a-15h","status":"publish","type":"post","link":"https:\/\/www.public.sn\/index.php\/2022\/11\/21\/match-senegal-arret-des-cours-a-15h\/","title":{"rendered":"Match S\u00e9n\u00e9gal : Arr\u00eat des cours \u00e0 15h."},"content":{"rendered":"\n<p>Le S\u00e9n\u00e9gal entre en lice ce Lundi pour son premier match de la coupe du monde au Qatar. Selon les ECHOS, les autorit\u00e9s ont pris la d\u00e9cision de faire arr\u00eater les cours \u00e0 partir de 15heures. <\/p><div class=\"publi-paragraphe1\" style=\"margin-top: 10px;margin-bottom: 10px;margin-left: auto;margin-right: auto;text-align: center;\" id=\"publi-3891617309\"><div class=\"publi-adlabel\">Publicit\u00e9<\/div><script async src=\"\/\/pagead2.googlesyndication.com\/pagead\/js\/adsbygoogle.js?client=ca-pub-4089586018074219\" crossorigin=\"anonymous\"><\/script><ins class=\"adsbygoogle\" style=\"display:block;\" data-ad-client=\"ca-pub-4089586018074219\" \ndata-ad-slot=\"2087940154\" \ndata-ad-format=\"auto\"><\/ins>\n<script> \n(adsbygoogle = window.adsbygoogle || []).push({}); \n<\/script>\n<\/div>\n\n\n\n<p><\/p>\n\n\n\n<p>Elles veulent ainsi permettre aux \u00e9l\u00e8ves de pouvoir suivre la coupe du monde mais surtout la prestation de l\u2019\u00e9quipe nationale du S\u00e9n\u00e9gal. Les lions jouent \u00e0 16H contre le pays Bas.<\/p>\n\n\n\n<p>Samba SY.<\/p>\n<div class=\"publi-apres-le-contenu\" style=\"margin-top: 10px;margin-bottom: 10px;margin-left: auto;margin-right: auto;text-align: center;\" id=\"publi-1783617826\"><div class=\"publi-adlabel\">Publicit\u00e9<\/div><script async src=\"\/\/pagead2.googlesyndication.com\/pagead\/js\/adsbygoogle.js?client=ca-pub-4089586018074219\" crossorigin=\"anonymous\"><\/script><ins class=\"adsbygoogle\" style=\"display:block;\" data-ad-client=\"ca-pub-4089586018074219\" \ndata-ad-slot=\"2087940154\" \ndata-ad-format=\"auto\"><\/ins>\n<script> \n(adsbygoogle = window.adsbygoogle || []).push({}); \n<\/script>\n<\/div>","protected":false},"excerpt":{"rendered":"<p>Le S\u00e9n\u00e9gal entre en lice ce Lundi pour son premier match de la coupe du monde au Qatar. Selon les ECHOS, les autorit\u00e9s ont pris la d\u00e9cision de faire arr\u00eater les cours \u00e0 partir de 15heures. Elles veulent ainsi permettre aux \u00e9l\u00e8ves de pouvoir suivre la coupe du monde mais surtout la prestation de l\u2019\u00e9quipe nationale du S\u00e9n\u00e9gal. Les lions jouent \u00e0 16H contre le pays Bas. Samba SY.<\/p>\n","protected":false},"author":7,"featured_media":9571,"comment_status":"open","ping_status":"open","sticky":false,"template":"","format":"standard","meta":{"_jetpack_memberships_contains_paid_content":false,"footnotes":""},"categories":[375,1,7],"tags":[3186,68,1404],"class_list":["post-9570","post","type-post","status-publish","format-standard","has-post-thumbnail","hentry","category-actualites","category-non-classe","category-sport","tag-arrets-cours","tag-football","tag-senegal-2","entry","has-media","owp-thumbs-layout-horizontal","owp-btn-normal","owp-tabs-layout-horizontal","has-no-thumbnails","has-product-nav"],"yoast_head":"<!-- This site is optimized with the Yoast SEO plugin v25.5 - https:\/\/yoast.com\/wordpress\/plugins\/seo\/ -->\n<title>Match S\u00e9n\u00e9gal : Arr\u00eat des cours \u00e0 15h. - LE PUBLIC<\/title>\n<meta name=\"robots\" content=\"index, follow, max-snippet:-1, max-image-preview:large, max-video-preview:-1\" \/>\n<link rel=\"canonical\" href=\"https:\/\/www.public.sn\/index.php\/2022\/11\/21\/match-senegal-arret-des-cours-a-15h\/\" \/>\n<meta property=\"og:locale\" content=\"fr_FR\" \/>\n<meta property=\"og:type\" content=\"article\" \/>\n<meta property=\"og:title\" content=\"Match S\u00e9n\u00e9gal : Arr\u00eat des cours \u00e0 15h. - LE PUBLIC\" \/>\n<meta property=\"og:description\" content=\"Le S\u00e9n\u00e9gal entre en lice ce Lundi pour son premier match de la coupe du monde au Qatar. Selon les ECHOS, les autorit\u00e9s ont pris la d\u00e9cision de faire arr\u00eater les cours \u00e0 partir de 15heures. Elles veulent ainsi permettre aux \u00e9l\u00e8ves de pouvoir suivre la coupe du monde mais surtout la prestation de l\u2019\u00e9quipe nationale du S\u00e9n\u00e9gal. Les lions jouent \u00e0 16H contre le pays Bas. Samba SY.\" \/>\n<meta property=\"og:url\" content=\"https:\/\/www.public.sn\/index.php\/2022\/11\/21\/match-senegal-arret-des-cours-a-15h\/\" \/>\n<meta property=\"og:site_name\" content=\"LE PUBLIC\" \/>\n<meta property=\"article:published_time\" content=\"2022-11-21T12:15:18+00:00\" \/>\n<meta property=\"article:modified_time\" content=\"2022-11-21T12:15:19+00:00\" \/>\n<meta property=\"og:image\" content=\"https:\/\/www.public.sn\/wp-content\/uploads\/2022\/11\/lions.webp\" \/>\n\t<meta property=\"og:image:width\" content=\"696\" \/>\n\t<meta property=\"og:image:height\" content=\"1505\" \/>\n\t<meta property=\"og:image:type\" content=\"image\/webp\" \/>\n<meta name=\"author\" content=\"LA REDACTION\" \/>\n<meta name=\"twitter:card\" content=\"summary_large_image\" \/>\n<meta name=\"twitter:label1\" content=\"\u00c9crit par\" \/>\n\t<meta name=\"twitter:data1\" content=\"LA REDACTION\" \/>\n\t<meta name=\"twitter:label2\" content=\"Dur\u00e9e de lecture estim\u00e9e\" \/>\n\t<meta name=\"twitter:data2\" content=\"1 minute\" \/>\n<script type=\"application\/ld+json\" class=\"yoast-schema-graph\">{\"@context\":\"https:\/\/schema.org\",\"@graph\":[{\"@type\":\"Article\",\"@id\":\"https:\/\/www.public.sn\/index.php\/2022\/11\/21\/match-senegal-arret-des-cours-a-15h\/#article\",\"isPartOf\":{\"@id\":\"https:\/\/www.public.sn\/index.php\/2022\/11\/21\/match-senegal-arret-des-cours-a-15h\/\"},\"author\":{\"name\":\"LA REDACTION\",\"@id\":\"https:\/\/www.public.sn\/#\/schema\/person\/cb76c8e1b8becc6be61fb5e92d6d0224\"},\"headline\":\"Match S\u00e9n\u00e9gal : Arr\u00eat des cours \u00e0 15h.\",\"datePublished\":\"2022-11-21T12:15:18+00:00\",\"dateModified\":\"2022-11-21T12:15:19+00:00\",\"mainEntityOfPage\":{\"@id\":\"https:\/\/www.public.sn\/index.php\/2022\/11\/21\/match-senegal-arret-des-cours-a-15h\/\"},\"wordCount\":85,\"commentCount\":0,\"publisher\":{\"@id\":\"https:\/\/www.public.sn\/#organization\"},\"image\":{\"@id\":\"https:\/\/www.public.sn\/index.php\/2022\/11\/21\/match-senegal-arret-des-cours-a-15h\/#primaryimage\"},\"thumbnailUrl\":\"https:\/\/www.public.sn\/wp-content\/uploads\/2022\/11\/lions.webp\",\"keywords\":[\"arrets cours\",\"Football\",\"senegal\"],\"articleSection\":[\"ACTUALIT\u00c9S\",\"S\u00c9N\u00c9GAL\",\"SPORTS\"],\"inLanguage\":\"fr-FR\",\"potentialAction\":[{\"@type\":\"CommentAction\",\"name\":\"Comment\",\"target\":[\"https:\/\/www.public.sn\/index.php\/2022\/11\/21\/match-senegal-arret-des-cours-a-15h\/#respond\"]}]},{\"@type\":\"WebPage\",\"@id\":\"https:\/\/www.public.sn\/index.php\/2022\/11\/21\/match-senegal-arret-des-cours-a-15h\/\",\"url\":\"https:\/\/www.public.sn\/index.php\/2022\/11\/21\/match-senegal-arret-des-cours-a-15h\/\",\"name\":\"Match S\u00e9n\u00e9gal : Arr\u00eat des cours \u00e0 15h. - LE PUBLIC\",\"isPartOf\":{\"@id\":\"https:\/\/www.public.sn\/#website\"},\"primaryImageOfPage\":{\"@id\":\"https:\/\/www.public.sn\/index.php\/2022\/11\/21\/match-senegal-arret-des-cours-a-15h\/#primaryimage\"},\"image\":{\"@id\":\"https:\/\/www.public.sn\/index.php\/2022\/11\/21\/match-senegal-arret-des-cours-a-15h\/#primaryimage\"},\"thumbnailUrl\":\"https:\/\/www.public.sn\/wp-content\/uploads\/2022\/11\/lions.webp\",\"datePublished\":\"2022-11-21T12:15:18+00:00\",\"dateModified\":\"2022-11-21T12:15:19+00:00\",\"breadcrumb\":{\"@id\":\"https:\/\/www.public.sn\/index.php\/2022\/11\/21\/match-senegal-arret-des-cours-a-15h\/#breadcrumb\"},\"inLanguage\":\"fr-FR\",\"potentialAction\":[{\"@type\":\"ReadAction\",\"target\":[\"https:\/\/www.public.sn\/index.php\/2022\/11\/21\/match-senegal-arret-des-cours-a-15h\/\"]}]},{\"@type\":\"ImageObject\",\"inLanguage\":\"fr-FR\",\"@id\":\"https:\/\/www.public.sn\/index.php\/2022\/11\/21\/match-senegal-arret-des-cours-a-15h\/#primaryimage\",\"url\":\"https:\/\/www.public.sn\/wp-content\/uploads\/2022\/11\/lions.webp\",\"contentUrl\":\"https:\/\/www.public.sn\/wp-content\/uploads\/2022\/11\/lions.webp\",\"width\":696,\"height\":1505,\"caption\":\"publicsn\"},{\"@type\":\"BreadcrumbList\",\"@id\":\"https:\/\/www.public.sn\/index.php\/2022\/11\/21\/match-senegal-arret-des-cours-a-15h\/#breadcrumb\",\"itemListElement\":[{\"@type\":\"ListItem\",\"position\":1,\"name\":\"Accueil\",\"item\":\"https:\/\/www.public.sn\/\"},{\"@type\":\"ListItem\",\"position\":2,\"name\":\"Match S\u00e9n\u00e9gal : Arr\u00eat des cours \u00e0 15h.\"}]},{\"@type\":\"WebSite\",\"@id\":\"https:\/\/www.public.sn\/#website\",\"url\":\"https:\/\/www.public.sn\/\",\"name\":\"LE PUBLIC\",\"description\":\"\",\"publisher\":{\"@id\":\"https:\/\/www.public.sn\/#organization\"},\"potentialAction\":[{\"@type\":\"SearchAction\",\"target\":{\"@type\":\"EntryPoint\",\"urlTemplate\":\"https:\/\/www.public.sn\/?s={search_term_string}\"},\"query-input\":{\"@type\":\"PropertyValueSpecification\",\"valueRequired\":true,\"valueName\":\"search_term_string\"}}],\"inLanguage\":\"fr-FR\"},{\"@type\":\"Organization\",\"@id\":\"https:\/\/www.public.sn\/#organization\",\"name\":\"LE PUBLIC\",\"url\":\"https:\/\/www.public.sn\/\",\"logo\":{\"@type\":\"ImageObject\",\"inLanguage\":\"fr-FR\",\"@id\":\"https:\/\/www.public.sn\/#\/schema\/logo\/image\/\",\"url\":\"https:\/\/www.public.sn\/wp-content\/uploads\/2024\/05\/cropped-LOGO-PUBLIC.SN_.png\",\"contentUrl\":\"https:\/\/www.public.sn\/wp-content\/uploads\/2024\/05\/cropped-LOGO-PUBLIC.SN_.png\",\"width\":682,\"height\":192,\"caption\":\"LE PUBLIC\"},\"image\":{\"@id\":\"https:\/\/www.public.sn\/#\/schema\/logo\/image\/\"}},{\"@type\":\"Person\",\"@id\":\"https:\/\/www.public.sn\/#\/schema\/person\/cb76c8e1b8becc6be61fb5e92d6d0224\",\"name\":\"LA REDACTION\",\"image\":{\"@type\":\"ImageObject\",\"inLanguage\":\"fr-FR\",\"@id\":\"https:\/\/www.public.sn\/#\/schema\/person\/image\/\",\"url\":\"https:\/\/secure.gravatar.com\/avatar\/2dce5ddd34b8fef0180efe03aa2a9bee7d953856048f9a16b298190a3178407c?s=96&d=mm&r=g\",\"contentUrl\":\"https:\/\/secure.gravatar.com\/avatar\/2dce5ddd34b8fef0180efe03aa2a9bee7d953856048f9a16b298190a3178407c?s=96&d=mm&r=g\",\"caption\":\"LA REDACTION\"},\"url\":\"https:\/\/www.public.sn\/index.php\/author\/editeurpsn\/\"}]}<\/script>\n<!-- \/ Yoast SEO plugin. -->","yoast_head_json":{"title":"Match S\u00e9n\u00e9gal : Arr\u00eat des cours \u00e0 15h. - LE PUBLIC","robots":{"index":"index","follow":"follow","max-snippet":"max-snippet:-1","max-image-preview":"max-image-preview:large","max-video-preview":"max-video-preview:-1"},"canonical":"https:\/\/www.public.sn\/index.php\/2022\/11\/21\/match-senegal-arret-des-cours-a-15h\/","og_locale":"fr_FR","og_type":"article","og_title":"Match S\u00e9n\u00e9gal : Arr\u00eat des cours \u00e0 15h. - LE PUBLIC","og_description":"Le S\u00e9n\u00e9gal entre en lice ce Lundi pour son premier match de la coupe du monde au Qatar. Selon les ECHOS, les autorit\u00e9s ont pris la d\u00e9cision de faire arr\u00eater les cours \u00e0 partir de 15heures. Elles veulent ainsi permettre aux \u00e9l\u00e8ves de pouvoir suivre la coupe du monde mais surtout la prestation de l\u2019\u00e9quipe nationale du S\u00e9n\u00e9gal. Les lions jouent \u00e0 16H contre le pays Bas. Samba SY.","og_url":"https:\/\/www.public.sn\/index.php\/2022\/11\/21\/match-senegal-arret-des-cours-a-15h\/","og_site_name":"LE PUBLIC","article_published_time":"2022-11-21T12:15:18+00:00","article_modified_time":"2022-11-21T12:15:19+00:00","og_image":[{"width":696,"height":1505,"url":"https:\/\/www.public.sn\/wp-content\/uploads\/2022\/11\/lions.webp","type":"image\/webp"}],"author":"LA REDACTION","twitter_card":"summary_large_image","twitter_misc":{"\u00c9crit par":"LA REDACTION","Dur\u00e9e de lecture estim\u00e9e":"1 minute"},"schema":{"@context":"https:\/\/schema.org","@graph":[{"@type":"Article","@id":"https:\/\/www.public.sn\/index.php\/2022\/11\/21\/match-senegal-arret-des-cours-a-15h\/#article","isPartOf":{"@id":"https:\/\/www.public.sn\/index.php\/2022\/11\/21\/match-senegal-arret-des-cours-a-15h\/"},"author":{"name":"LA REDACTION","@id":"https:\/\/www.public.sn\/#\/schema\/person\/cb76c8e1b8becc6be61fb5e92d6d0224"},"headline":"Match S\u00e9n\u00e9gal : Arr\u00eat des cours \u00e0 15h.","datePublished":"2022-11-21T12:15:18+00:00","dateModified":"2022-11-21T12:15:19+00:00","mainEntityOfPage":{"@id":"https:\/\/www.public.sn\/index.php\/2022\/11\/21\/match-senegal-arret-des-cours-a-15h\/"},"wordCount":85,"commentCount":0,"publisher":{"@id":"https:\/\/www.public.sn\/#organization"},"image":{"@id":"https:\/\/www.public.sn\/index.php\/2022\/11\/21\/match-senegal-arret-des-cours-a-15h\/#primaryimage"},"thumbnailUrl":"https:\/\/www.public.sn\/wp-content\/uploads\/2022\/11\/lions.webp","keywords":["arrets cours","Football","senegal"],"articleSection":["ACTUALIT\u00c9S","S\u00c9N\u00c9GAL","SPORTS"],"inLanguage":"fr-FR","potentialAction":[{"@type":"CommentAction","name":"Comment","target":["https:\/\/www.public.sn\/index.php\/2022\/11\/21\/match-senegal-arret-des-cours-a-15h\/#respond"]}]},{"@type":"WebPage","@id":"https:\/\/www.public.sn\/index.php\/2022\/11\/21\/match-senegal-arret-des-cours-a-15h\/","url":"https:\/\/www.public.sn\/index.php\/2022\/11\/21\/match-senegal-arret-des-cours-a-15h\/","name":"Match S\u00e9n\u00e9gal : Arr\u00eat des cours \u00e0 15h. - LE PUBLIC","isPartOf":{"@id":"https:\/\/www.public.sn\/#website"},"primaryImageOfPage":{"@id":"https:\/\/www.public.sn\/index.php\/2022\/11\/21\/match-senegal-arret-des-cours-a-15h\/#primaryimage"},"image":{"@id":"https:\/\/www.public.sn\/index.php\/2022\/11\/21\/match-senegal-arret-des-cours-a-15h\/#primaryimage"},"thumbnailUrl":"https:\/\/www.public.sn\/wp-content\/uploads\/2022\/11\/lions.webp","datePublished":"2022-11-21T12:15:18+00:00","dateModified":"2022-11-21T12:15:19+00:00","breadcrumb":{"@id":"https:\/\/www.public.sn\/index.php\/2022\/11\/21\/match-senegal-arret-des-cours-a-15h\/#breadcrumb"},"inLanguage":"fr-FR","potentialAction":[{"@type":"ReadAction","target":["https:\/\/www.public.sn\/index.php\/2022\/11\/21\/match-senegal-arret-des-cours-a-15h\/"]}]},{"@type":"ImageObject","inLanguage":"fr-FR","@id":"https:\/\/www.public.sn\/index.php\/2022\/11\/21\/match-senegal-arret-des-cours-a-15h\/#primaryimage","url":"https:\/\/www.public.sn\/wp-content\/uploads\/2022\/11\/lions.webp","contentUrl":"https:\/\/www.public.sn\/wp-content\/uploads\/2022\/11\/lions.webp","width":696,"height":1505,"caption":"publicsn"},{"@type":"BreadcrumbList","@id":"https:\/\/www.public.sn\/index.php\/2022\/11\/21\/match-senegal-arret-des-cours-a-15h\/#breadcrumb","itemListElement":[{"@type":"ListItem","position":1,"name":"Accueil","item":"https:\/\/www.public.sn\/"},{"@type":"ListItem","position":2,"name":"Match S\u00e9n\u00e9gal : Arr\u00eat des cours \u00e0 15h."}]},{"@type":"WebSite","@id":"https:\/\/www.public.sn\/#website","url":"https:\/\/www.public.sn\/","name":"LE PUBLIC","description":"","publisher":{"@id":"https:\/\/www.public.sn\/#organization"},"potentialAction":[{"@type":"SearchAction","target":{"@type":"EntryPoint","urlTemplate":"https:\/\/www.public.sn\/?s={search_term_string}"},"query-input":{"@type":"PropertyValueSpecification","valueRequired":true,"valueName":"search_term_string"}}],"inLanguage":"fr-FR"},{"@type":"Organization","@id":"https:\/\/www.public.sn\/#organization","name":"LE PUBLIC","url":"https:\/\/www.public.sn\/","logo":{"@type":"ImageObject","inLanguage":"fr-FR","@id":"https:\/\/www.public.sn\/#\/schema\/logo\/image\/","url":"https:\/\/www.public.sn\/wp-content\/uploads\/2024\/05\/cropped-LOGO-PUBLIC.SN_.png","contentUrl":"https:\/\/www.public.sn\/wp-content\/uploads\/2024\/05\/cropped-LOGO-PUBLIC.SN_.png","width":682,"height":192,"caption":"LE PUBLIC"},"image":{"@id":"https:\/\/www.public.sn\/#\/schema\/logo\/image\/"}},{"@type":"Person","@id":"https:\/\/www.public.sn\/#\/schema\/person\/cb76c8e1b8becc6be61fb5e92d6d0224","name":"LA REDACTION","image":{"@type":"ImageObject","inLanguage":"fr-FR","@id":"https:\/\/www.public.sn\/#\/schema\/person\/image\/","url":"https:\/\/secure.gravatar.com\/avatar\/2dce5ddd34b8fef0180efe03aa2a9bee7d953856048f9a16b298190a3178407c?s=96&d=mm&r=g","contentUrl":"https:\/\/secure.gravatar.com\/avatar\/2dce5ddd34b8fef0180efe03aa2a9bee7d953856048f9a16b298190a3178407c?s=96&d=mm&r=g","caption":"LA REDACTION"},"url":"https:\/\/www.public.sn\/index.php\/author\/editeurpsn\/"}]}},"jetpack_featured_media_url":"https:\/\/www.public.sn\/wp-content\/uploads\/2022\/11\/lions.webp","jetpack_sharing_enabled":true,"_links":{"self":[{"href":"https:\/\/www.public.sn\/index.php\/wp-json\/wp\/v2\/posts\/9570","targetHints":{"allow":["GET"]}}],"collection":[{"href":"https:\/\/www.public.sn\/index.php\/wp-json\/wp\/v2\/posts"}],"about":[{"href":"https:\/\/www.public.sn\/index.php\/wp-json\/wp\/v2\/types\/post"}],"author":[{"embeddable":true,"href":"https:\/\/www.public.sn\/index.php\/wp-json\/wp\/v2\/users\/7"}],"replies":[{"embeddable":true,"href":"https:\/\/www.public.sn\/index.php\/wp-json\/wp\/v2\/comments?post=9570"}],"version-history":[{"count":2,"href":"https:\/\/www.public.sn\/index.php\/wp-json\/wp\/v2\/posts\/9570\/revisions"}],"predecessor-version":[{"id":9573,"href":"https:\/\/www.public.sn\/index.php\/wp-json\/wp\/v2\/posts\/9570\/revisions\/9573"}],"wp:featuredmedia":[{"embeddable":true,"href":"https:\/\/www.public.sn\/index.php\/wp-json\/wp\/v2\/media\/9571"}],"wp:attachment":[{"href":"https:\/\/www.public.sn\/index.php\/wp-json\/wp\/v2\/media?parent=9570"}],"wp:term":[{"taxonomy":"category","embeddable":true,"href":"https:\/\/www.public.sn\/index.php\/wp-json\/wp\/v2\/categories?post=9570"},{"taxonomy":"post_tag","embeddable":true,"href":"https:\/\/www.public.sn\/index.php\/wp-json\/wp\/v2\/tags?post=9570"}],"curies":[{"name":"wp","href":"https:\/\/api.w.org\/{rel}","templated":true}]}}