{"id":96,"date":"2022-08-18T11:25:46","date_gmt":"2022-08-18T09:25:46","guid":{"rendered":"https:\/\/www.public.sn\/?p=96"},"modified":"2022-08-18T12:29:45","modified_gmt":"2022-08-18T10:29:45","slug":"les-deputes-de-la-mouvance-presidentielle-attendus-au-palais-ce-samedi","status":"publish","type":"post","link":"https:\/\/www.public.sn\/index.php\/2022\/08\/18\/les-deputes-de-la-mouvance-presidentielle-attendus-au-palais-ce-samedi\/","title":{"rendered":"Les d\u00e9put\u00e9s de la mouvance pr\u00e9sidentielle attendus au palais ce samedi."},"content":{"rendered":"\n<h2 class=\"wp-block-heading\"><em>Macky Sall re\u00e7oit ses \u00ab\u00a0d\u00e9put\u00e9s\u00a0\u00bb pour les r\u00e9glages de la premi\u00e8re session pr\u00e9vue ce 14 septembre.<\/em><\/h2>\n\n\n\n<p class=\"has-text-align-left\">Le pr\u00e9sident de la R\u00e9publique peaufine sa strat\u00e9gie. Exit les l\u00e9gislatives, le chef de l&rsquo;\u00e9tat Macky Sall re\u00e7oit, samedi prochain, au palais, les d\u00e9put\u00e9s de la mouvance pr\u00e9sidentielle. D&rsquo;apr\u00e8s le journal Les \u00c9chos qui donne la nouvelle, Macky Sall tient \u00e0 cette rencontre avec ses 82 d\u00e9put\u00e9s issus des derni\u00e8res \u00e9lections du 31 Juillet. La preuve, rapporte ce journal, le Pr\u00e9sident Macky Sall a \u00e9court\u00e9 sa tourn\u00e9e africaine. Il rentre finalement aujourd&rsquo;hui alors que son retour \u00e9tait pr\u00e9vu demain vendredi 19 aout 2022. \u00c0 signaler que le camp pr\u00e9sidentiel a perdu la majorit\u00e9 absolue \u00e0 l&rsquo;Assembl\u00e9e Nationale avant d&rsquo;obtenir la majorit\u00e9 par le ralliement de Pape Diop, leader de Bokk Giss-Giss. Pour rappel, la 13\u00e8me l\u00e9gislature expire ce 14 septembre prochain. Pour la premi\u00e8re session de la 14\u00e8me l\u00e9gislature, c&rsquo;est le chef de l&rsquo;\u00e9tat qui fixe la date d&rsquo;ouverture selon l&rsquo;article 63 de la constitution.<\/p><div class=\"publi-paragraphe1\" style=\"margin-top: 10px;margin-bottom: 10px;margin-left: auto;margin-right: auto;text-align: center;\" id=\"publi-4088633012\"><div class=\"publi-adlabel\">Publicit\u00e9<\/div><script async src=\"\/\/pagead2.googlesyndication.com\/pagead\/js\/adsbygoogle.js?client=ca-pub-4089586018074219\" crossorigin=\"anonymous\"><\/script><ins class=\"adsbygoogle\" style=\"display:block;\" data-ad-client=\"ca-pub-4089586018074219\" \ndata-ad-slot=\"2087940154\" \ndata-ad-format=\"auto\"><\/ins>\n<script> \n(adsbygoogle = window.adsbygoogle || []).push({}); \n<\/script>\n<\/div>\n\n\n\n<p><em>R\u00e9daction Public SN<\/em><\/p>\n<div class=\"publi-apres-le-contenu\" style=\"margin-top: 10px;margin-bottom: 10px;margin-left: auto;margin-right: auto;text-align: center;\" id=\"publi-1949776858\"><div class=\"publi-adlabel\">Publicit\u00e9<\/div><script async src=\"\/\/pagead2.googlesyndication.com\/pagead\/js\/adsbygoogle.js?client=ca-pub-4089586018074219\" crossorigin=\"anonymous\"><\/script><ins class=\"adsbygoogle\" style=\"display:block;\" data-ad-client=\"ca-pub-4089586018074219\" \ndata-ad-slot=\"2087940154\" \ndata-ad-format=\"auto\"><\/ins>\n<script> \n(adsbygoogle = window.adsbygoogle || []).push({}); \n<\/script>\n<\/div>","protected":false},"excerpt":{"rendered":"<p>Macky Sall re\u00e7oit ses \u00ab\u00a0d\u00e9put\u00e9s\u00a0\u00bb pour les r\u00e9glages de la premi\u00e8re session pr\u00e9vue ce 14 septembre. Le pr\u00e9sident de la R\u00e9publique peaufine sa strat\u00e9gie. Exit les l\u00e9gislatives, le chef de l&rsquo;\u00e9tat Macky Sall re\u00e7oit, samedi prochain, au palais, les d\u00e9put\u00e9s de la mouvance pr\u00e9sidentielle. D&rsquo;apr\u00e8s le journal Les \u00c9chos qui donne la nouvelle, Macky Sall tient \u00e0 cette rencontre avec ses 82 d\u00e9put\u00e9s issus des derni\u00e8res \u00e9lections du 31 Juillet. La preuve, rapporte ce journal, le Pr\u00e9sident Macky Sall a \u00e9court\u00e9 sa tourn\u00e9e africaine. Il rentre finalement aujourd&rsquo;hui alors que son retour \u00e9tait pr\u00e9vu demain vendredi 19 aout 2022. \u00c0 signaler que le camp pr\u00e9sidentiel a perdu la majorit\u00e9 absolue \u00e0 l&rsquo;Assembl\u00e9e Nationale avant d&rsquo;obtenir la majorit\u00e9 par le ralliement de Pape Diop, leader de Bokk Giss-Giss. Pour rappel, la 13\u00e8me l\u00e9gislature expire ce 14 septembre prochain. Pour la premi\u00e8re session de la 14\u00e8me l\u00e9gislature, c&rsquo;est le chef de l&rsquo;\u00e9tat qui fixe la date d&rsquo;ouverture selon l&rsquo;article 63 de la constitution. R\u00e9daction Public SN<\/p>\n","protected":false},"author":1,"featured_media":101,"comment_status":"open","ping_status":"open","sticky":false,"template":"","format":"standard","meta":{"_jetpack_memberships_contains_paid_content":false,"footnotes":""},"categories":[3],"tags":[12,15,11,14,13],"class_list":["post-96","post","type-post","status-publish","format-standard","has-post-thumbnail","hentry","category-politique","tag-assemblee-nationale","tag-deputes","tag-macky-sall","tag-nouveau-gouvernement","tag-primature","entry","has-media","owp-thumbs-layout-horizontal","owp-btn-normal","owp-tabs-layout-horizontal","has-no-thumbnails","has-product-nav"],"yoast_head":"<!-- This site is optimized with the Yoast SEO plugin v25.5 - https:\/\/yoast.com\/wordpress\/plugins\/seo\/ -->\n<title>Les d\u00e9put\u00e9s de la mouvance pr\u00e9sidentielle attendus au palais ce samedi. - LE PUBLIC<\/title>\n<meta name=\"robots\" content=\"index, follow, max-snippet:-1, max-image-preview:large, max-video-preview:-1\" \/>\n<link rel=\"canonical\" href=\"https:\/\/www.public.sn\/index.php\/2022\/08\/18\/les-deputes-de-la-mouvance-presidentielle-attendus-au-palais-ce-samedi\/\" \/>\n<meta property=\"og:locale\" content=\"fr_FR\" \/>\n<meta property=\"og:type\" content=\"article\" \/>\n<meta property=\"og:title\" content=\"Les d\u00e9put\u00e9s de la mouvance pr\u00e9sidentielle attendus au palais ce samedi. - LE PUBLIC\" \/>\n<meta property=\"og:description\" content=\"Macky Sall re\u00e7oit ses \u00ab\u00a0d\u00e9put\u00e9s\u00a0\u00bb pour les r\u00e9glages de la premi\u00e8re session pr\u00e9vue ce 14 septembre. Le pr\u00e9sident de la R\u00e9publique peaufine sa strat\u00e9gie. Exit les l\u00e9gislatives, le chef de l&rsquo;\u00e9tat Macky Sall re\u00e7oit, samedi prochain, au palais, les d\u00e9put\u00e9s de la mouvance pr\u00e9sidentielle. D&rsquo;apr\u00e8s le journal Les \u00c9chos qui donne la nouvelle, Macky Sall tient \u00e0 cette rencontre avec ses 82 d\u00e9put\u00e9s issus des derni\u00e8res \u00e9lections du 31 Juillet. La preuve, rapporte ce journal, le Pr\u00e9sident Macky Sall a \u00e9court\u00e9 sa tourn\u00e9e africaine. Il rentre finalement aujourd&rsquo;hui alors que son retour \u00e9tait pr\u00e9vu demain vendredi 19 aout 2022. \u00c0 signaler que le camp pr\u00e9sidentiel a perdu la majorit\u00e9 absolue \u00e0 l&rsquo;Assembl\u00e9e Nationale avant d&rsquo;obtenir la majorit\u00e9 par le ralliement de Pape Diop, leader de Bokk Giss-Giss. Pour rappel, la 13\u00e8me l\u00e9gislature expire ce 14 septembre prochain. Pour la premi\u00e8re session de la 14\u00e8me l\u00e9gislature, c&rsquo;est le chef de l&rsquo;\u00e9tat qui fixe la date d&rsquo;ouverture selon l&rsquo;article 63 de la constitution. R\u00e9daction Public SN\" \/>\n<meta property=\"og:url\" content=\"https:\/\/www.public.sn\/index.php\/2022\/08\/18\/les-deputes-de-la-mouvance-presidentielle-attendus-au-palais-ce-samedi\/\" \/>\n<meta property=\"og:site_name\" content=\"LE PUBLIC\" \/>\n<meta property=\"article:published_time\" content=\"2022-08-18T09:25:46+00:00\" \/>\n<meta property=\"article:modified_time\" content=\"2022-08-18T10:29:45+00:00\" \/>\n<meta property=\"og:image\" content=\"https:\/\/www.public.sn\/wp-content\/uploads\/2022\/08\/40558997-34408138.jpeg\" \/>\n\t<meta property=\"og:image:width\" content=\"818\" \/>\n\t<meta property=\"og:image:height\" content=\"535\" \/>\n\t<meta property=\"og:image:type\" content=\"image\/jpeg\" \/>\n<meta name=\"author\" content=\"LA REDACTION\" \/>\n<meta name=\"twitter:card\" content=\"summary_large_image\" \/>\n<meta name=\"twitter:label1\" content=\"\u00c9crit par\" \/>\n\t<meta name=\"twitter:data1\" content=\"LA REDACTION\" \/>\n\t<meta name=\"twitter:label2\" content=\"Dur\u00e9e de lecture estim\u00e9e\" \/>\n\t<meta name=\"twitter:data2\" content=\"1 minute\" \/>\n<script type=\"application\/ld+json\" class=\"yoast-schema-graph\">{\"@context\":\"https:\/\/schema.org\",\"@graph\":[{\"@type\":\"Article\",\"@id\":\"https:\/\/www.public.sn\/index.php\/2022\/08\/18\/les-deputes-de-la-mouvance-presidentielle-attendus-au-palais-ce-samedi\/#article\",\"isPartOf\":{\"@id\":\"https:\/\/www.public.sn\/index.php\/2022\/08\/18\/les-deputes-de-la-mouvance-presidentielle-attendus-au-palais-ce-samedi\/\"},\"author\":{\"name\":\"LA REDACTION\",\"@id\":\"https:\/\/www.public.sn\/#\/schema\/person\/e3f4a11b037d4203902db148f9bc8d5a\"},\"headline\":\"Les d\u00e9put\u00e9s de la mouvance pr\u00e9sidentielle attendus au palais ce samedi.\",\"datePublished\":\"2022-08-18T09:25:46+00:00\",\"dateModified\":\"2022-08-18T10:29:45+00:00\",\"mainEntityOfPage\":{\"@id\":\"https:\/\/www.public.sn\/index.php\/2022\/08\/18\/les-deputes-de-la-mouvance-presidentielle-attendus-au-palais-ce-samedi\/\"},\"wordCount\":197,\"commentCount\":0,\"publisher\":{\"@id\":\"https:\/\/www.public.sn\/#organization\"},\"image\":{\"@id\":\"https:\/\/www.public.sn\/index.php\/2022\/08\/18\/les-deputes-de-la-mouvance-presidentielle-attendus-au-palais-ce-samedi\/#primaryimage\"},\"thumbnailUrl\":\"https:\/\/www.public.sn\/wp-content\/uploads\/2022\/08\/40558997-34408138.jpeg\",\"keywords\":[\"Assembl\u00e9e Nationale\",\"D\u00e9put\u00e9s\",\"Macky Sall\",\"Nouveau Gouvernement\",\"Primature\"],\"articleSection\":[\"POLITIQUE\"],\"inLanguage\":\"fr-FR\",\"potentialAction\":[{\"@type\":\"CommentAction\",\"name\":\"Comment\",\"target\":[\"https:\/\/www.public.sn\/index.php\/2022\/08\/18\/les-deputes-de-la-mouvance-presidentielle-attendus-au-palais-ce-samedi\/#respond\"]}]},{\"@type\":\"WebPage\",\"@id\":\"https:\/\/www.public.sn\/index.php\/2022\/08\/18\/les-deputes-de-la-mouvance-presidentielle-attendus-au-palais-ce-samedi\/\",\"url\":\"https:\/\/www.public.sn\/index.php\/2022\/08\/18\/les-deputes-de-la-mouvance-presidentielle-attendus-au-palais-ce-samedi\/\",\"name\":\"Les d\u00e9put\u00e9s de la mouvance pr\u00e9sidentielle attendus au palais ce samedi. - LE PUBLIC\",\"isPartOf\":{\"@id\":\"https:\/\/www.public.sn\/#website\"},\"primaryImageOfPage\":{\"@id\":\"https:\/\/www.public.sn\/index.php\/2022\/08\/18\/les-deputes-de-la-mouvance-presidentielle-attendus-au-palais-ce-samedi\/#primaryimage\"},\"image\":{\"@id\":\"https:\/\/www.public.sn\/index.php\/2022\/08\/18\/les-deputes-de-la-mouvance-presidentielle-attendus-au-palais-ce-samedi\/#primaryimage\"},\"thumbnailUrl\":\"https:\/\/www.public.sn\/wp-content\/uploads\/2022\/08\/40558997-34408138.jpeg\",\"datePublished\":\"2022-08-18T09:25:46+00:00\",\"dateModified\":\"2022-08-18T10:29:45+00:00\",\"breadcrumb\":{\"@id\":\"https:\/\/www.public.sn\/index.php\/2022\/08\/18\/les-deputes-de-la-mouvance-presidentielle-attendus-au-palais-ce-samedi\/#breadcrumb\"},\"inLanguage\":\"fr-FR\",\"potentialAction\":[{\"@type\":\"ReadAction\",\"target\":[\"https:\/\/www.public.sn\/index.php\/2022\/08\/18\/les-deputes-de-la-mouvance-presidentielle-attendus-au-palais-ce-samedi\/\"]}]},{\"@type\":\"ImageObject\",\"inLanguage\":\"fr-FR\",\"@id\":\"https:\/\/www.public.sn\/index.php\/2022\/08\/18\/les-deputes-de-la-mouvance-presidentielle-attendus-au-palais-ce-samedi\/#primaryimage\",\"url\":\"https:\/\/www.public.sn\/wp-content\/uploads\/2022\/08\/40558997-34408138.jpeg\",\"contentUrl\":\"https:\/\/www.public.sn\/wp-content\/uploads\/2022\/08\/40558997-34408138.jpeg\",\"width\":818,\"height\":535},{\"@type\":\"BreadcrumbList\",\"@id\":\"https:\/\/www.public.sn\/index.php\/2022\/08\/18\/les-deputes-de-la-mouvance-presidentielle-attendus-au-palais-ce-samedi\/#breadcrumb\",\"itemListElement\":[{\"@type\":\"ListItem\",\"position\":1,\"name\":\"Accueil\",\"item\":\"https:\/\/www.public.sn\/\"},{\"@type\":\"ListItem\",\"position\":2,\"name\":\"Les d\u00e9put\u00e9s de la mouvance pr\u00e9sidentielle attendus au palais ce samedi.\"}]},{\"@type\":\"WebSite\",\"@id\":\"https:\/\/www.public.sn\/#website\",\"url\":\"https:\/\/www.public.sn\/\",\"name\":\"LE PUBLIC\",\"description\":\"\",\"publisher\":{\"@id\":\"https:\/\/www.public.sn\/#organization\"},\"potentialAction\":[{\"@type\":\"SearchAction\",\"target\":{\"@type\":\"EntryPoint\",\"urlTemplate\":\"https:\/\/www.public.sn\/?s={search_term_string}\"},\"query-input\":{\"@type\":\"PropertyValueSpecification\",\"valueRequired\":true,\"valueName\":\"search_term_string\"}}],\"inLanguage\":\"fr-FR\"},{\"@type\":\"Organization\",\"@id\":\"https:\/\/www.public.sn\/#organization\",\"name\":\"LE PUBLIC\",\"url\":\"https:\/\/www.public.sn\/\",\"logo\":{\"@type\":\"ImageObject\",\"inLanguage\":\"fr-FR\",\"@id\":\"https:\/\/www.public.sn\/#\/schema\/logo\/image\/\",\"url\":\"https:\/\/www.public.sn\/wp-content\/uploads\/2024\/05\/cropped-LOGO-PUBLIC.SN_.png\",\"contentUrl\":\"https:\/\/www.public.sn\/wp-content\/uploads\/2024\/05\/cropped-LOGO-PUBLIC.SN_.png\",\"width\":682,\"height\":192,\"caption\":\"LE PUBLIC\"},\"image\":{\"@id\":\"https:\/\/www.public.sn\/#\/schema\/logo\/image\/\"}},{\"@type\":\"Person\",\"@id\":\"https:\/\/www.public.sn\/#\/schema\/person\/e3f4a11b037d4203902db148f9bc8d5a\",\"name\":\"LA REDACTION\",\"image\":{\"@type\":\"ImageObject\",\"inLanguage\":\"fr-FR\",\"@id\":\"https:\/\/www.public.sn\/#\/schema\/person\/image\/\",\"url\":\"https:\/\/secure.gravatar.com\/avatar\/d6c030db45db2883c075085c5d6c6258654a801a93766b49af0b82d4f454e2a5?s=96&d=mm&r=g\",\"contentUrl\":\"https:\/\/secure.gravatar.com\/avatar\/d6c030db45db2883c075085c5d6c6258654a801a93766b49af0b82d4f454e2a5?s=96&d=mm&r=g\",\"caption\":\"LA REDACTION\"},\"sameAs\":[\"http:\/\/www.public.sn\"],\"url\":\"https:\/\/www.public.sn\/index.php\/author\/admin7324\/\"}]}<\/script>\n<!-- \/ Yoast SEO plugin. -->","yoast_head_json":{"title":"Les d\u00e9put\u00e9s de la mouvance pr\u00e9sidentielle attendus au palais ce samedi. - LE PUBLIC","robots":{"index":"index","follow":"follow","max-snippet":"max-snippet:-1","max-image-preview":"max-image-preview:large","max-video-preview":"max-video-preview:-1"},"canonical":"https:\/\/www.public.sn\/index.php\/2022\/08\/18\/les-deputes-de-la-mouvance-presidentielle-attendus-au-palais-ce-samedi\/","og_locale":"fr_FR","og_type":"article","og_title":"Les d\u00e9put\u00e9s de la mouvance pr\u00e9sidentielle attendus au palais ce samedi. - LE PUBLIC","og_description":"Macky Sall re\u00e7oit ses \u00ab\u00a0d\u00e9put\u00e9s\u00a0\u00bb pour les r\u00e9glages de la premi\u00e8re session pr\u00e9vue ce 14 septembre. Le pr\u00e9sident de la R\u00e9publique peaufine sa strat\u00e9gie. Exit les l\u00e9gislatives, le chef de l&rsquo;\u00e9tat Macky Sall re\u00e7oit, samedi prochain, au palais, les d\u00e9put\u00e9s de la mouvance pr\u00e9sidentielle. D&rsquo;apr\u00e8s le journal Les \u00c9chos qui donne la nouvelle, Macky Sall tient \u00e0 cette rencontre avec ses 82 d\u00e9put\u00e9s issus des derni\u00e8res \u00e9lections du 31 Juillet. La preuve, rapporte ce journal, le Pr\u00e9sident Macky Sall a \u00e9court\u00e9 sa tourn\u00e9e africaine. Il rentre finalement aujourd&rsquo;hui alors que son retour \u00e9tait pr\u00e9vu demain vendredi 19 aout 2022. \u00c0 signaler que le camp pr\u00e9sidentiel a perdu la majorit\u00e9 absolue \u00e0 l&rsquo;Assembl\u00e9e Nationale avant d&rsquo;obtenir la majorit\u00e9 par le ralliement de Pape Diop, leader de Bokk Giss-Giss. Pour rappel, la 13\u00e8me l\u00e9gislature expire ce 14 septembre prochain. Pour la premi\u00e8re session de la 14\u00e8me l\u00e9gislature, c&rsquo;est le chef de l&rsquo;\u00e9tat qui fixe la date d&rsquo;ouverture selon l&rsquo;article 63 de la constitution. R\u00e9daction Public SN","og_url":"https:\/\/www.public.sn\/index.php\/2022\/08\/18\/les-deputes-de-la-mouvance-presidentielle-attendus-au-palais-ce-samedi\/","og_site_name":"LE PUBLIC","article_published_time":"2022-08-18T09:25:46+00:00","article_modified_time":"2022-08-18T10:29:45+00:00","og_image":[{"width":818,"height":535,"url":"https:\/\/www.public.sn\/wp-content\/uploads\/2022\/08\/40558997-34408138.jpeg","type":"image\/jpeg"}],"author":"LA REDACTION","twitter_card":"summary_large_image","twitter_misc":{"\u00c9crit par":"LA REDACTION","Dur\u00e9e de lecture estim\u00e9e":"1 minute"},"schema":{"@context":"https:\/\/schema.org","@graph":[{"@type":"Article","@id":"https:\/\/www.public.sn\/index.php\/2022\/08\/18\/les-deputes-de-la-mouvance-presidentielle-attendus-au-palais-ce-samedi\/#article","isPartOf":{"@id":"https:\/\/www.public.sn\/index.php\/2022\/08\/18\/les-deputes-de-la-mouvance-presidentielle-attendus-au-palais-ce-samedi\/"},"author":{"name":"LA REDACTION","@id":"https:\/\/www.public.sn\/#\/schema\/person\/e3f4a11b037d4203902db148f9bc8d5a"},"headline":"Les d\u00e9put\u00e9s de la mouvance pr\u00e9sidentielle attendus au palais ce samedi.","datePublished":"2022-08-18T09:25:46+00:00","dateModified":"2022-08-18T10:29:45+00:00","mainEntityOfPage":{"@id":"https:\/\/www.public.sn\/index.php\/2022\/08\/18\/les-deputes-de-la-mouvance-presidentielle-attendus-au-palais-ce-samedi\/"},"wordCount":197,"commentCount":0,"publisher":{"@id":"https:\/\/www.public.sn\/#organization"},"image":{"@id":"https:\/\/www.public.sn\/index.php\/2022\/08\/18\/les-deputes-de-la-mouvance-presidentielle-attendus-au-palais-ce-samedi\/#primaryimage"},"thumbnailUrl":"https:\/\/www.public.sn\/wp-content\/uploads\/2022\/08\/40558997-34408138.jpeg","keywords":["Assembl\u00e9e Nationale","D\u00e9put\u00e9s","Macky Sall","Nouveau Gouvernement","Primature"],"articleSection":["POLITIQUE"],"inLanguage":"fr-FR","potentialAction":[{"@type":"CommentAction","name":"Comment","target":["https:\/\/www.public.sn\/index.php\/2022\/08\/18\/les-deputes-de-la-mouvance-presidentielle-attendus-au-palais-ce-samedi\/#respond"]}]},{"@type":"WebPage","@id":"https:\/\/www.public.sn\/index.php\/2022\/08\/18\/les-deputes-de-la-mouvance-presidentielle-attendus-au-palais-ce-samedi\/","url":"https:\/\/www.public.sn\/index.php\/2022\/08\/18\/les-deputes-de-la-mouvance-presidentielle-attendus-au-palais-ce-samedi\/","name":"Les d\u00e9put\u00e9s de la mouvance pr\u00e9sidentielle attendus au palais ce samedi. - LE PUBLIC","isPartOf":{"@id":"https:\/\/www.public.sn\/#website"},"primaryImageOfPage":{"@id":"https:\/\/www.public.sn\/index.php\/2022\/08\/18\/les-deputes-de-la-mouvance-presidentielle-attendus-au-palais-ce-samedi\/#primaryimage"},"image":{"@id":"https:\/\/www.public.sn\/index.php\/2022\/08\/18\/les-deputes-de-la-mouvance-presidentielle-attendus-au-palais-ce-samedi\/#primaryimage"},"thumbnailUrl":"https:\/\/www.public.sn\/wp-content\/uploads\/2022\/08\/40558997-34408138.jpeg","datePublished":"2022-08-18T09:25:46+00:00","dateModified":"2022-08-18T10:29:45+00:00","breadcrumb":{"@id":"https:\/\/www.public.sn\/index.php\/2022\/08\/18\/les-deputes-de-la-mouvance-presidentielle-attendus-au-palais-ce-samedi\/#breadcrumb"},"inLanguage":"fr-FR","potentialAction":[{"@type":"ReadAction","target":["https:\/\/www.public.sn\/index.php\/2022\/08\/18\/les-deputes-de-la-mouvance-presidentielle-attendus-au-palais-ce-samedi\/"]}]},{"@type":"ImageObject","inLanguage":"fr-FR","@id":"https:\/\/www.public.sn\/index.php\/2022\/08\/18\/les-deputes-de-la-mouvance-presidentielle-attendus-au-palais-ce-samedi\/#primaryimage","url":"https:\/\/www.public.sn\/wp-content\/uploads\/2022\/08\/40558997-34408138.jpeg","contentUrl":"https:\/\/www.public.sn\/wp-content\/uploads\/2022\/08\/40558997-34408138.jpeg","width":818,"height":535},{"@type":"BreadcrumbList","@id":"https:\/\/www.public.sn\/index.php\/2022\/08\/18\/les-deputes-de-la-mouvance-presidentielle-attendus-au-palais-ce-samedi\/#breadcrumb","itemListElement":[{"@type":"ListItem","position":1,"name":"Accueil","item":"https:\/\/www.public.sn\/"},{"@type":"ListItem","position":2,"name":"Les d\u00e9put\u00e9s de la mouvance pr\u00e9sidentielle attendus au palais ce samedi."}]},{"@type":"WebSite","@id":"https:\/\/www.public.sn\/#website","url":"https:\/\/www.public.sn\/","name":"LE PUBLIC","description":"","publisher":{"@id":"https:\/\/www.public.sn\/#organization"},"potentialAction":[{"@type":"SearchAction","target":{"@type":"EntryPoint","urlTemplate":"https:\/\/www.public.sn\/?s={search_term_string}"},"query-input":{"@type":"PropertyValueSpecification","valueRequired":true,"valueName":"search_term_string"}}],"inLanguage":"fr-FR"},{"@type":"Organization","@id":"https:\/\/www.public.sn\/#organization","name":"LE PUBLIC","url":"https:\/\/www.public.sn\/","logo":{"@type":"ImageObject","inLanguage":"fr-FR","@id":"https:\/\/www.public.sn\/#\/schema\/logo\/image\/","url":"https:\/\/www.public.sn\/wp-content\/uploads\/2024\/05\/cropped-LOGO-PUBLIC.SN_.png","contentUrl":"https:\/\/www.public.sn\/wp-content\/uploads\/2024\/05\/cropped-LOGO-PUBLIC.SN_.png","width":682,"height":192,"caption":"LE PUBLIC"},"image":{"@id":"https:\/\/www.public.sn\/#\/schema\/logo\/image\/"}},{"@type":"Person","@id":"https:\/\/www.public.sn\/#\/schema\/person\/e3f4a11b037d4203902db148f9bc8d5a","name":"LA REDACTION","image":{"@type":"ImageObject","inLanguage":"fr-FR","@id":"https:\/\/www.public.sn\/#\/schema\/person\/image\/","url":"https:\/\/secure.gravatar.com\/avatar\/d6c030db45db2883c075085c5d6c6258654a801a93766b49af0b82d4f454e2a5?s=96&d=mm&r=g","contentUrl":"https:\/\/secure.gravatar.com\/avatar\/d6c030db45db2883c075085c5d6c6258654a801a93766b49af0b82d4f454e2a5?s=96&d=mm&r=g","caption":"LA REDACTION"},"sameAs":["http:\/\/www.public.sn"],"url":"https:\/\/www.public.sn\/index.php\/author\/admin7324\/"}]}},"jetpack_featured_media_url":"https:\/\/www.public.sn\/wp-content\/uploads\/2022\/08\/40558997-34408138.jpeg","jetpack_sharing_enabled":true,"_links":{"self":[{"href":"https:\/\/www.public.sn\/index.php\/wp-json\/wp\/v2\/posts\/96","targetHints":{"allow":["GET"]}}],"collection":[{"href":"https:\/\/www.public.sn\/index.php\/wp-json\/wp\/v2\/posts"}],"about":[{"href":"https:\/\/www.public.sn\/index.php\/wp-json\/wp\/v2\/types\/post"}],"author":[{"embeddable":true,"href":"https:\/\/www.public.sn\/index.php\/wp-json\/wp\/v2\/users\/1"}],"replies":[{"embeddable":true,"href":"https:\/\/www.public.sn\/index.php\/wp-json\/wp\/v2\/comments?post=96"}],"version-history":[{"count":9,"href":"https:\/\/www.public.sn\/index.php\/wp-json\/wp\/v2\/posts\/96\/revisions"}],"predecessor-version":[{"id":115,"href":"https:\/\/www.public.sn\/index.php\/wp-json\/wp\/v2\/posts\/96\/revisions\/115"}],"wp:featuredmedia":[{"embeddable":true,"href":"https:\/\/www.public.sn\/index.php\/wp-json\/wp\/v2\/media\/101"}],"wp:attachment":[{"href":"https:\/\/www.public.sn\/index.php\/wp-json\/wp\/v2\/media?parent=96"}],"wp:term":[{"taxonomy":"category","embeddable":true,"href":"https:\/\/www.public.sn\/index.php\/wp-json\/wp\/v2\/categories?post=96"},{"taxonomy":"post_tag","embeddable":true,"href":"https:\/\/www.public.sn\/index.php\/wp-json\/wp\/v2\/tags?post=96"}],"curies":[{"name":"wp","href":"https:\/\/api.w.org\/{rel}","templated":true}]}}