{"id":9625,"date":"2022-11-21T17:10:35","date_gmt":"2022-11-21T17:10:35","guid":{"rendered":"https:\/\/www.public.sn\/?p=9625"},"modified":"2022-11-21T17:10:37","modified_gmt":"2022-11-21T17:10:37","slug":"le-cnra-suspend-les-programmes-de-emedia","status":"publish","type":"post","link":"https:\/\/www.public.sn\/index.php\/2022\/11\/21\/le-cnra-suspend-les-programmes-de-emedia\/","title":{"rendered":"Le CNRA suspend les programmes de EMedia."},"content":{"rendered":"\n<p><\/p>\n\n\n\n<p>\u00abLe groupe Emedia, par voie de communiqu\u00e9, affirmait qu\u2019il n\u2019entend nullement respecter les droits exclusifs de la RTS (\u2026) \u00bb, lit-on dans le communiqu\u00e9. Il est reproch\u00e9 \u00e0 la cha\u00eene de t\u00e9l\u00e9 du groupe E-media, de d\u00e9buter la retransmission de la coupe du monde Qatar 2022. La d\u00e9cision a \u00e9t\u00e9 prise en application de l\u2019article 7\u00a0 in fine de la loi n\u00b0 2006-04 du 04 janvier 2006 portant cr\u00e9ation du CNRA. <\/p><div class=\"publi-paragraphe1\" style=\"margin-top: 10px;margin-bottom: 10px;margin-left: auto;margin-right: auto;text-align: center;\" id=\"publi-1687719432\"><div class=\"publi-adlabel\">Publicit\u00e9<\/div><script async src=\"\/\/pagead2.googlesyndication.com\/pagead\/js\/adsbygoogle.js?client=ca-pub-4089586018074219\" crossorigin=\"anonymous\"><\/script><ins class=\"adsbygoogle\" style=\"display:block;\" data-ad-client=\"ca-pub-4089586018074219\" \ndata-ad-slot=\"2087940154\" \ndata-ad-format=\"auto\"><\/ins>\n<script> \n(adsbygoogle = window.adsbygoogle || []).push({}); \n<\/script>\n<\/div>\n\n\n\n<p><\/p>\n\n\n\n<p>\u00a0Elle rappelle que \u00abla diffusion des programmes de ITV est suspendue d\u00e8s que la t\u00e9l\u00e9vision d\u00e9bute la retransmission d\u2019un match\u00a0 de la coupe du monde Qatar 2022\u00bb,. Et \u00a0en cas de r\u00e9cidive, apr\u00e8s la reprise de la diffusion des programmes d\u2019ITV apr\u00e8s le match dont la diffusion a \u00e9t\u00e9 entreprise, ladite cha\u00eene fera l\u2019objet de sanctions plus lourdes, conform\u00e9ment \u00e0 la r\u00e9glementation.<\/p>\n\n\n\n<p><\/p>\n\n\n\n<p>Pour rappel, les droits exclusifs de la coupe du monde ont \u00e9t\u00e9 accord\u00e9s par la RTS lors d\u2019un appel d&rsquo;offres. Le groupe Emedia, en comp\u00e9tition pour ces m\u00eames droits, n\u2019avait pas tard\u00e9 \u00e0 protester. Une plainte a&nbsp; \u00e9t\u00e9 d\u00e9pos\u00e9e par le groupe au niveau du d\u00e9partement du March\u00e9 r\u00e9gional de la coop\u00e9ration de la commission de l\u2019Uemoa. Mais avant le d\u00e9but du mondial la DIDA avait mis en garde les chaines de t\u00e9l\u00e9vision qui seraient tenter de diffuser les matchs sans avoir acquis les droits.<\/p>\n\n\n\n<p>Samba SY.<\/p>\n<div class=\"publi-apres-le-contenu\" style=\"margin-top: 10px;margin-bottom: 10px;margin-left: auto;margin-right: auto;text-align: center;\" id=\"publi-1401214793\"><div class=\"publi-adlabel\">Publicit\u00e9<\/div><script async src=\"\/\/pagead2.googlesyndication.com\/pagead\/js\/adsbygoogle.js?client=ca-pub-4089586018074219\" crossorigin=\"anonymous\"><\/script><ins class=\"adsbygoogle\" style=\"display:block;\" data-ad-client=\"ca-pub-4089586018074219\" \ndata-ad-slot=\"2087940154\" \ndata-ad-format=\"auto\"><\/ins>\n<script> \n(adsbygoogle = window.adsbygoogle || []).push({}); \n<\/script>\n<\/div>","protected":false},"excerpt":{"rendered":"<p>\u00abLe groupe Emedia, par voie de communiqu\u00e9, affirmait qu\u2019il n\u2019entend nullement respecter les droits exclusifs de la RTS (\u2026) \u00bb, lit-on dans le communiqu\u00e9. Il est reproch\u00e9 \u00e0 la cha\u00eene de t\u00e9l\u00e9 du groupe E-media, de d\u00e9buter la retransmission de la coupe du monde Qatar 2022. La d\u00e9cision a \u00e9t\u00e9 prise en application de l\u2019article 7\u00a0 in fine de la loi n\u00b0 2006-04 du 04 janvier 2006 portant cr\u00e9ation du CNRA. \u00a0Elle rappelle que \u00abla diffusion des programmes de ITV est suspendue d\u00e8s que la t\u00e9l\u00e9vision d\u00e9bute la retransmission d\u2019un match\u00a0 de la coupe du monde Qatar 2022\u00bb,. Et \u00a0en cas de r\u00e9cidive, apr\u00e8s la reprise de la diffusion des programmes d\u2019ITV apr\u00e8s le match dont la diffusion a \u00e9t\u00e9 entreprise, ladite cha\u00eene fera l\u2019objet de sanctions plus lourdes, conform\u00e9ment \u00e0 la r\u00e9glementation. Pour rappel, les droits exclusifs de la coupe du monde ont \u00e9t\u00e9 accord\u00e9s par la RTS lors d\u2019un appel d&rsquo;offres. Le groupe Emedia, en comp\u00e9tition pour ces m\u00eames droits, n\u2019avait pas tard\u00e9 \u00e0 protester. Une plainte a&nbsp; \u00e9t\u00e9 d\u00e9pos\u00e9e par le groupe au niveau du d\u00e9partement du March\u00e9 r\u00e9gional de la coop\u00e9ration de la commission de l\u2019Uemoa. Mais avant le d\u00e9but du mondial la DIDA avait mis en garde les chaines de t\u00e9l\u00e9vision qui seraient tenter de diffuser les matchs sans avoir acquis les droits. Samba SY.<\/p>\n","protected":false},"author":7,"featured_media":9626,"comment_status":"open","ping_status":"open","sticky":false,"template":"","format":"standard","meta":{"_jetpack_memberships_contains_paid_content":false,"footnotes":""},"categories":[375,961,1],"tags":[861,419,3202],"class_list":["post-9625","post","type-post","status-publish","format-standard","has-post-thumbnail","hentry","category-actualites","category-medias","category-non-classe","tag-cnra","tag-emedia","tag-suspension-programme","entry","has-media","owp-thumbs-layout-horizontal","owp-btn-normal","owp-tabs-layout-horizontal","has-no-thumbnails","has-product-nav"],"yoast_head":"<!-- This site is optimized with the Yoast SEO plugin v25.5 - https:\/\/yoast.com\/wordpress\/plugins\/seo\/ -->\n<title>Le CNRA suspend les programmes de EMedia. - LE PUBLIC<\/title>\n<meta name=\"robots\" content=\"index, follow, max-snippet:-1, max-image-preview:large, max-video-preview:-1\" \/>\n<link rel=\"canonical\" href=\"https:\/\/www.public.sn\/index.php\/2022\/11\/21\/le-cnra-suspend-les-programmes-de-emedia\/\" \/>\n<meta property=\"og:locale\" content=\"fr_FR\" \/>\n<meta property=\"og:type\" content=\"article\" \/>\n<meta property=\"og:title\" content=\"Le CNRA suspend les programmes de EMedia. - LE PUBLIC\" \/>\n<meta property=\"og:description\" content=\"\u00abLe groupe Emedia, par voie de communiqu\u00e9, affirmait qu\u2019il n\u2019entend nullement respecter les droits exclusifs de la RTS (\u2026) \u00bb, lit-on dans le communiqu\u00e9. Il est reproch\u00e9 \u00e0 la cha\u00eene de t\u00e9l\u00e9 du groupe E-media, de d\u00e9buter la retransmission de la coupe du monde Qatar 2022. La d\u00e9cision a \u00e9t\u00e9 prise en application de l\u2019article 7\u00a0 in fine de la loi n\u00b0 2006-04 du 04 janvier 2006 portant cr\u00e9ation du CNRA. \u00a0Elle rappelle que \u00abla diffusion des programmes de ITV est suspendue d\u00e8s que la t\u00e9l\u00e9vision d\u00e9bute la retransmission d\u2019un match\u00a0 de la coupe du monde Qatar 2022\u00bb,. Et \u00a0en cas de r\u00e9cidive, apr\u00e8s la reprise de la diffusion des programmes d\u2019ITV apr\u00e8s le match dont la diffusion a \u00e9t\u00e9 entreprise, ladite cha\u00eene fera l\u2019objet de sanctions plus lourdes, conform\u00e9ment \u00e0 la r\u00e9glementation. Pour rappel, les droits exclusifs de la coupe du monde ont \u00e9t\u00e9 accord\u00e9s par la RTS lors d\u2019un appel d&rsquo;offres. Le groupe Emedia, en comp\u00e9tition pour ces m\u00eames droits, n\u2019avait pas tard\u00e9 \u00e0 protester. Une plainte a&nbsp; \u00e9t\u00e9 d\u00e9pos\u00e9e par le groupe au niveau du d\u00e9partement du March\u00e9 r\u00e9gional de la coop\u00e9ration de la commission de l\u2019Uemoa. Mais avant le d\u00e9but du mondial la DIDA avait mis en garde les chaines de t\u00e9l\u00e9vision qui seraient tenter de diffuser les matchs sans avoir acquis les droits. Samba SY.\" \/>\n<meta property=\"og:url\" content=\"https:\/\/www.public.sn\/index.php\/2022\/11\/21\/le-cnra-suspend-les-programmes-de-emedia\/\" \/>\n<meta property=\"og:site_name\" content=\"LE PUBLIC\" \/>\n<meta property=\"article:published_time\" content=\"2022-11-21T17:10:35+00:00\" \/>\n<meta property=\"article:modified_time\" content=\"2022-11-21T17:10:37+00:00\" \/>\n<meta property=\"og:image\" content=\"https:\/\/www.public.sn\/wp-content\/uploads\/2022\/11\/babacar-diagne.jpg\" \/>\n\t<meta property=\"og:image:width\" content=\"276\" \/>\n\t<meta property=\"og:image:height\" content=\"183\" \/>\n\t<meta property=\"og:image:type\" content=\"image\/jpeg\" \/>\n<meta name=\"author\" content=\"LA REDACTION\" \/>\n<meta name=\"twitter:card\" content=\"summary_large_image\" \/>\n<meta name=\"twitter:label1\" content=\"\u00c9crit par\" \/>\n\t<meta name=\"twitter:data1\" content=\"LA REDACTION\" \/>\n\t<meta name=\"twitter:label2\" content=\"Dur\u00e9e de lecture estim\u00e9e\" \/>\n\t<meta name=\"twitter:data2\" content=\"2 minutes\" \/>\n<script type=\"application\/ld+json\" class=\"yoast-schema-graph\">{\"@context\":\"https:\/\/schema.org\",\"@graph\":[{\"@type\":\"Article\",\"@id\":\"https:\/\/www.public.sn\/index.php\/2022\/11\/21\/le-cnra-suspend-les-programmes-de-emedia\/#article\",\"isPartOf\":{\"@id\":\"https:\/\/www.public.sn\/index.php\/2022\/11\/21\/le-cnra-suspend-les-programmes-de-emedia\/\"},\"author\":{\"name\":\"LA REDACTION\",\"@id\":\"https:\/\/www.public.sn\/#\/schema\/person\/cb76c8e1b8becc6be61fb5e92d6d0224\"},\"headline\":\"Le CNRA suspend les programmes de EMedia.\",\"datePublished\":\"2022-11-21T17:10:35+00:00\",\"dateModified\":\"2022-11-21T17:10:37+00:00\",\"mainEntityOfPage\":{\"@id\":\"https:\/\/www.public.sn\/index.php\/2022\/11\/21\/le-cnra-suspend-les-programmes-de-emedia\/\"},\"wordCount\":253,\"commentCount\":0,\"publisher\":{\"@id\":\"https:\/\/www.public.sn\/#organization\"},\"image\":{\"@id\":\"https:\/\/www.public.sn\/index.php\/2022\/11\/21\/le-cnra-suspend-les-programmes-de-emedia\/#primaryimage\"},\"thumbnailUrl\":\"https:\/\/www.public.sn\/wp-content\/uploads\/2022\/11\/babacar-diagne.jpg\",\"keywords\":[\"CNRA\",\"Emedia\",\"suspension programme\"],\"articleSection\":[\"ACTUALIT\u00c9S\",\"M\u00c9DIAS\",\"S\u00c9N\u00c9GAL\"],\"inLanguage\":\"fr-FR\",\"potentialAction\":[{\"@type\":\"CommentAction\",\"name\":\"Comment\",\"target\":[\"https:\/\/www.public.sn\/index.php\/2022\/11\/21\/le-cnra-suspend-les-programmes-de-emedia\/#respond\"]}]},{\"@type\":\"WebPage\",\"@id\":\"https:\/\/www.public.sn\/index.php\/2022\/11\/21\/le-cnra-suspend-les-programmes-de-emedia\/\",\"url\":\"https:\/\/www.public.sn\/index.php\/2022\/11\/21\/le-cnra-suspend-les-programmes-de-emedia\/\",\"name\":\"Le CNRA suspend les programmes de EMedia. - LE PUBLIC\",\"isPartOf\":{\"@id\":\"https:\/\/www.public.sn\/#website\"},\"primaryImageOfPage\":{\"@id\":\"https:\/\/www.public.sn\/index.php\/2022\/11\/21\/le-cnra-suspend-les-programmes-de-emedia\/#primaryimage\"},\"image\":{\"@id\":\"https:\/\/www.public.sn\/index.php\/2022\/11\/21\/le-cnra-suspend-les-programmes-de-emedia\/#primaryimage\"},\"thumbnailUrl\":\"https:\/\/www.public.sn\/wp-content\/uploads\/2022\/11\/babacar-diagne.jpg\",\"datePublished\":\"2022-11-21T17:10:35+00:00\",\"dateModified\":\"2022-11-21T17:10:37+00:00\",\"breadcrumb\":{\"@id\":\"https:\/\/www.public.sn\/index.php\/2022\/11\/21\/le-cnra-suspend-les-programmes-de-emedia\/#breadcrumb\"},\"inLanguage\":\"fr-FR\",\"potentialAction\":[{\"@type\":\"ReadAction\",\"target\":[\"https:\/\/www.public.sn\/index.php\/2022\/11\/21\/le-cnra-suspend-les-programmes-de-emedia\/\"]}]},{\"@type\":\"ImageObject\",\"inLanguage\":\"fr-FR\",\"@id\":\"https:\/\/www.public.sn\/index.php\/2022\/11\/21\/le-cnra-suspend-les-programmes-de-emedia\/#primaryimage\",\"url\":\"https:\/\/www.public.sn\/wp-content\/uploads\/2022\/11\/babacar-diagne.jpg\",\"contentUrl\":\"https:\/\/www.public.sn\/wp-content\/uploads\/2022\/11\/babacar-diagne.jpg\",\"width\":276,\"height\":183,\"caption\":\"publicsn\"},{\"@type\":\"BreadcrumbList\",\"@id\":\"https:\/\/www.public.sn\/index.php\/2022\/11\/21\/le-cnra-suspend-les-programmes-de-emedia\/#breadcrumb\",\"itemListElement\":[{\"@type\":\"ListItem\",\"position\":1,\"name\":\"Accueil\",\"item\":\"https:\/\/www.public.sn\/\"},{\"@type\":\"ListItem\",\"position\":2,\"name\":\"Le CNRA suspend les programmes de EMedia.\"}]},{\"@type\":\"WebSite\",\"@id\":\"https:\/\/www.public.sn\/#website\",\"url\":\"https:\/\/www.public.sn\/\",\"name\":\"LE PUBLIC\",\"description\":\"\",\"publisher\":{\"@id\":\"https:\/\/www.public.sn\/#organization\"},\"potentialAction\":[{\"@type\":\"SearchAction\",\"target\":{\"@type\":\"EntryPoint\",\"urlTemplate\":\"https:\/\/www.public.sn\/?s={search_term_string}\"},\"query-input\":{\"@type\":\"PropertyValueSpecification\",\"valueRequired\":true,\"valueName\":\"search_term_string\"}}],\"inLanguage\":\"fr-FR\"},{\"@type\":\"Organization\",\"@id\":\"https:\/\/www.public.sn\/#organization\",\"name\":\"LE PUBLIC\",\"url\":\"https:\/\/www.public.sn\/\",\"logo\":{\"@type\":\"ImageObject\",\"inLanguage\":\"fr-FR\",\"@id\":\"https:\/\/www.public.sn\/#\/schema\/logo\/image\/\",\"url\":\"https:\/\/www.public.sn\/wp-content\/uploads\/2024\/05\/cropped-LOGO-PUBLIC.SN_.png\",\"contentUrl\":\"https:\/\/www.public.sn\/wp-content\/uploads\/2024\/05\/cropped-LOGO-PUBLIC.SN_.png\",\"width\":682,\"height\":192,\"caption\":\"LE PUBLIC\"},\"image\":{\"@id\":\"https:\/\/www.public.sn\/#\/schema\/logo\/image\/\"}},{\"@type\":\"Person\",\"@id\":\"https:\/\/www.public.sn\/#\/schema\/person\/cb76c8e1b8becc6be61fb5e92d6d0224\",\"name\":\"LA REDACTION\",\"image\":{\"@type\":\"ImageObject\",\"inLanguage\":\"fr-FR\",\"@id\":\"https:\/\/www.public.sn\/#\/schema\/person\/image\/\",\"url\":\"https:\/\/secure.gravatar.com\/avatar\/2dce5ddd34b8fef0180efe03aa2a9bee7d953856048f9a16b298190a3178407c?s=96&d=mm&r=g\",\"contentUrl\":\"https:\/\/secure.gravatar.com\/avatar\/2dce5ddd34b8fef0180efe03aa2a9bee7d953856048f9a16b298190a3178407c?s=96&d=mm&r=g\",\"caption\":\"LA REDACTION\"},\"url\":\"https:\/\/www.public.sn\/index.php\/author\/editeurpsn\/\"}]}<\/script>\n<!-- \/ Yoast SEO plugin. -->","yoast_head_json":{"title":"Le CNRA suspend les programmes de EMedia. - LE PUBLIC","robots":{"index":"index","follow":"follow","max-snippet":"max-snippet:-1","max-image-preview":"max-image-preview:large","max-video-preview":"max-video-preview:-1"},"canonical":"https:\/\/www.public.sn\/index.php\/2022\/11\/21\/le-cnra-suspend-les-programmes-de-emedia\/","og_locale":"fr_FR","og_type":"article","og_title":"Le CNRA suspend les programmes de EMedia. - LE PUBLIC","og_description":"\u00abLe groupe Emedia, par voie de communiqu\u00e9, affirmait qu\u2019il n\u2019entend nullement respecter les droits exclusifs de la RTS (\u2026) \u00bb, lit-on dans le communiqu\u00e9. Il est reproch\u00e9 \u00e0 la cha\u00eene de t\u00e9l\u00e9 du groupe E-media, de d\u00e9buter la retransmission de la coupe du monde Qatar 2022. La d\u00e9cision a \u00e9t\u00e9 prise en application de l\u2019article 7\u00a0 in fine de la loi n\u00b0 2006-04 du 04 janvier 2006 portant cr\u00e9ation du CNRA. \u00a0Elle rappelle que \u00abla diffusion des programmes de ITV est suspendue d\u00e8s que la t\u00e9l\u00e9vision d\u00e9bute la retransmission d\u2019un match\u00a0 de la coupe du monde Qatar 2022\u00bb,. Et \u00a0en cas de r\u00e9cidive, apr\u00e8s la reprise de la diffusion des programmes d\u2019ITV apr\u00e8s le match dont la diffusion a \u00e9t\u00e9 entreprise, ladite cha\u00eene fera l\u2019objet de sanctions plus lourdes, conform\u00e9ment \u00e0 la r\u00e9glementation. Pour rappel, les droits exclusifs de la coupe du monde ont \u00e9t\u00e9 accord\u00e9s par la RTS lors d\u2019un appel d&rsquo;offres. Le groupe Emedia, en comp\u00e9tition pour ces m\u00eames droits, n\u2019avait pas tard\u00e9 \u00e0 protester. Une plainte a&nbsp; \u00e9t\u00e9 d\u00e9pos\u00e9e par le groupe au niveau du d\u00e9partement du March\u00e9 r\u00e9gional de la coop\u00e9ration de la commission de l\u2019Uemoa. Mais avant le d\u00e9but du mondial la DIDA avait mis en garde les chaines de t\u00e9l\u00e9vision qui seraient tenter de diffuser les matchs sans avoir acquis les droits. Samba SY.","og_url":"https:\/\/www.public.sn\/index.php\/2022\/11\/21\/le-cnra-suspend-les-programmes-de-emedia\/","og_site_name":"LE PUBLIC","article_published_time":"2022-11-21T17:10:35+00:00","article_modified_time":"2022-11-21T17:10:37+00:00","og_image":[{"width":276,"height":183,"url":"https:\/\/www.public.sn\/wp-content\/uploads\/2022\/11\/babacar-diagne.jpg","type":"image\/jpeg"}],"author":"LA REDACTION","twitter_card":"summary_large_image","twitter_misc":{"\u00c9crit par":"LA REDACTION","Dur\u00e9e de lecture estim\u00e9e":"2 minutes"},"schema":{"@context":"https:\/\/schema.org","@graph":[{"@type":"Article","@id":"https:\/\/www.public.sn\/index.php\/2022\/11\/21\/le-cnra-suspend-les-programmes-de-emedia\/#article","isPartOf":{"@id":"https:\/\/www.public.sn\/index.php\/2022\/11\/21\/le-cnra-suspend-les-programmes-de-emedia\/"},"author":{"name":"LA REDACTION","@id":"https:\/\/www.public.sn\/#\/schema\/person\/cb76c8e1b8becc6be61fb5e92d6d0224"},"headline":"Le CNRA suspend les programmes de EMedia.","datePublished":"2022-11-21T17:10:35+00:00","dateModified":"2022-11-21T17:10:37+00:00","mainEntityOfPage":{"@id":"https:\/\/www.public.sn\/index.php\/2022\/11\/21\/le-cnra-suspend-les-programmes-de-emedia\/"},"wordCount":253,"commentCount":0,"publisher":{"@id":"https:\/\/www.public.sn\/#organization"},"image":{"@id":"https:\/\/www.public.sn\/index.php\/2022\/11\/21\/le-cnra-suspend-les-programmes-de-emedia\/#primaryimage"},"thumbnailUrl":"https:\/\/www.public.sn\/wp-content\/uploads\/2022\/11\/babacar-diagne.jpg","keywords":["CNRA","Emedia","suspension programme"],"articleSection":["ACTUALIT\u00c9S","M\u00c9DIAS","S\u00c9N\u00c9GAL"],"inLanguage":"fr-FR","potentialAction":[{"@type":"CommentAction","name":"Comment","target":["https:\/\/www.public.sn\/index.php\/2022\/11\/21\/le-cnra-suspend-les-programmes-de-emedia\/#respond"]}]},{"@type":"WebPage","@id":"https:\/\/www.public.sn\/index.php\/2022\/11\/21\/le-cnra-suspend-les-programmes-de-emedia\/","url":"https:\/\/www.public.sn\/index.php\/2022\/11\/21\/le-cnra-suspend-les-programmes-de-emedia\/","name":"Le CNRA suspend les programmes de EMedia. - LE PUBLIC","isPartOf":{"@id":"https:\/\/www.public.sn\/#website"},"primaryImageOfPage":{"@id":"https:\/\/www.public.sn\/index.php\/2022\/11\/21\/le-cnra-suspend-les-programmes-de-emedia\/#primaryimage"},"image":{"@id":"https:\/\/www.public.sn\/index.php\/2022\/11\/21\/le-cnra-suspend-les-programmes-de-emedia\/#primaryimage"},"thumbnailUrl":"https:\/\/www.public.sn\/wp-content\/uploads\/2022\/11\/babacar-diagne.jpg","datePublished":"2022-11-21T17:10:35+00:00","dateModified":"2022-11-21T17:10:37+00:00","breadcrumb":{"@id":"https:\/\/www.public.sn\/index.php\/2022\/11\/21\/le-cnra-suspend-les-programmes-de-emedia\/#breadcrumb"},"inLanguage":"fr-FR","potentialAction":[{"@type":"ReadAction","target":["https:\/\/www.public.sn\/index.php\/2022\/11\/21\/le-cnra-suspend-les-programmes-de-emedia\/"]}]},{"@type":"ImageObject","inLanguage":"fr-FR","@id":"https:\/\/www.public.sn\/index.php\/2022\/11\/21\/le-cnra-suspend-les-programmes-de-emedia\/#primaryimage","url":"https:\/\/www.public.sn\/wp-content\/uploads\/2022\/11\/babacar-diagne.jpg","contentUrl":"https:\/\/www.public.sn\/wp-content\/uploads\/2022\/11\/babacar-diagne.jpg","width":276,"height":183,"caption":"publicsn"},{"@type":"BreadcrumbList","@id":"https:\/\/www.public.sn\/index.php\/2022\/11\/21\/le-cnra-suspend-les-programmes-de-emedia\/#breadcrumb","itemListElement":[{"@type":"ListItem","position":1,"name":"Accueil","item":"https:\/\/www.public.sn\/"},{"@type":"ListItem","position":2,"name":"Le CNRA suspend les programmes de EMedia."}]},{"@type":"WebSite","@id":"https:\/\/www.public.sn\/#website","url":"https:\/\/www.public.sn\/","name":"LE PUBLIC","description":"","publisher":{"@id":"https:\/\/www.public.sn\/#organization"},"potentialAction":[{"@type":"SearchAction","target":{"@type":"EntryPoint","urlTemplate":"https:\/\/www.public.sn\/?s={search_term_string}"},"query-input":{"@type":"PropertyValueSpecification","valueRequired":true,"valueName":"search_term_string"}}],"inLanguage":"fr-FR"},{"@type":"Organization","@id":"https:\/\/www.public.sn\/#organization","name":"LE PUBLIC","url":"https:\/\/www.public.sn\/","logo":{"@type":"ImageObject","inLanguage":"fr-FR","@id":"https:\/\/www.public.sn\/#\/schema\/logo\/image\/","url":"https:\/\/www.public.sn\/wp-content\/uploads\/2024\/05\/cropped-LOGO-PUBLIC.SN_.png","contentUrl":"https:\/\/www.public.sn\/wp-content\/uploads\/2024\/05\/cropped-LOGO-PUBLIC.SN_.png","width":682,"height":192,"caption":"LE PUBLIC"},"image":{"@id":"https:\/\/www.public.sn\/#\/schema\/logo\/image\/"}},{"@type":"Person","@id":"https:\/\/www.public.sn\/#\/schema\/person\/cb76c8e1b8becc6be61fb5e92d6d0224","name":"LA REDACTION","image":{"@type":"ImageObject","inLanguage":"fr-FR","@id":"https:\/\/www.public.sn\/#\/schema\/person\/image\/","url":"https:\/\/secure.gravatar.com\/avatar\/2dce5ddd34b8fef0180efe03aa2a9bee7d953856048f9a16b298190a3178407c?s=96&d=mm&r=g","contentUrl":"https:\/\/secure.gravatar.com\/avatar\/2dce5ddd34b8fef0180efe03aa2a9bee7d953856048f9a16b298190a3178407c?s=96&d=mm&r=g","caption":"LA REDACTION"},"url":"https:\/\/www.public.sn\/index.php\/author\/editeurpsn\/"}]}},"jetpack_featured_media_url":"https:\/\/www.public.sn\/wp-content\/uploads\/2022\/11\/babacar-diagne.jpg","jetpack_sharing_enabled":true,"_links":{"self":[{"href":"https:\/\/www.public.sn\/index.php\/wp-json\/wp\/v2\/posts\/9625","targetHints":{"allow":["GET"]}}],"collection":[{"href":"https:\/\/www.public.sn\/index.php\/wp-json\/wp\/v2\/posts"}],"about":[{"href":"https:\/\/www.public.sn\/index.php\/wp-json\/wp\/v2\/types\/post"}],"author":[{"embeddable":true,"href":"https:\/\/www.public.sn\/index.php\/wp-json\/wp\/v2\/users\/7"}],"replies":[{"embeddable":true,"href":"https:\/\/www.public.sn\/index.php\/wp-json\/wp\/v2\/comments?post=9625"}],"version-history":[{"count":2,"href":"https:\/\/www.public.sn\/index.php\/wp-json\/wp\/v2\/posts\/9625\/revisions"}],"predecessor-version":[{"id":9628,"href":"https:\/\/www.public.sn\/index.php\/wp-json\/wp\/v2\/posts\/9625\/revisions\/9628"}],"wp:featuredmedia":[{"embeddable":true,"href":"https:\/\/www.public.sn\/index.php\/wp-json\/wp\/v2\/media\/9626"}],"wp:attachment":[{"href":"https:\/\/www.public.sn\/index.php\/wp-json\/wp\/v2\/media?parent=9625"}],"wp:term":[{"taxonomy":"category","embeddable":true,"href":"https:\/\/www.public.sn\/index.php\/wp-json\/wp\/v2\/categories?post=9625"},{"taxonomy":"post_tag","embeddable":true,"href":"https:\/\/www.public.sn\/index.php\/wp-json\/wp\/v2\/tags?post=9625"}],"curies":[{"name":"wp","href":"https:\/\/api.w.org\/{rel}","templated":true}]}}