{"id":9658,"date":"2022-11-22T09:30:57","date_gmt":"2022-11-22T09:30:57","guid":{"rendered":"https:\/\/www.public.sn\/?p=9658"},"modified":"2022-11-22T09:31:00","modified_gmt":"2022-11-22T09:31:00","slug":"petite-cote-la-police-et-la-gendarmerie-aux-trousses-des-delinquants","status":"publish","type":"post","link":"https:\/\/www.public.sn\/index.php\/2022\/11\/22\/petite-cote-la-police-et-la-gendarmerie-aux-trousses-des-delinquants\/","title":{"rendered":"Petite C\u00f4te\u00a0: La police et la Gendarmerie aux trousses des d\u00e9linquants."},"content":{"rendered":"\n<p><\/p>\n\n\n\n<p>La lutte contre le banditisme est une pr\u00e9occupation des forces de d\u00e9fense et de s\u00e9curit\u00e9. C\u2019est \u00e0 cet effet que la gendarmerie et la police ont d\u00e9roul\u00e9 une troisi\u00e8me op\u00e9ration coup-de-poing mixte dans le d\u00e9partement de Mbour.<\/p><div class=\"publi-paragraphe1\" style=\"margin-top: 10px;margin-bottom: 10px;margin-left: auto;margin-right: auto;text-align: center;\" id=\"publi-2334429356\"><div class=\"publi-adlabel\">Publicit\u00e9<\/div><script async src=\"\/\/pagead2.googlesyndication.com\/pagead\/js\/adsbygoogle.js?client=ca-pub-4089586018074219\" crossorigin=\"anonymous\"><\/script><ins class=\"adsbygoogle\" style=\"display:block;\" data-ad-client=\"ca-pub-4089586018074219\" \ndata-ad-slot=\"2087940154\" \ndata-ad-format=\"auto\"><\/ins>\n<script> \n(adsbygoogle = window.adsbygoogle || []).push({}); \n<\/script>\n<\/div>\n\n\n\n<p><\/p>\n\n\n\n<p>Les forces combin\u00e9es ont entam\u00e9 des op\u00e9rations conjointes pour lutter contre le grand banditisme au niveau de la Petite C\u00f4te afin de lutter contre la d\u00e9linquance et la criminalit\u00e9.<\/p>\n\n\n\n<p><\/p>\n\n\n\n<p>Une op\u00e9ration qui a permis d&rsquo;interpeller 185 personnes pour diverses infractions, 21 v\u00e9hicules sont mis en fourri\u00e8re et 22 motos immobilis\u00e9s pour d\u00e9faut de papiers administratifs et d\u00e9faut de port de casque. La police et la gendarmerie entendent combiner leurs forces pour mettre hors d\u2019\u00e9tat de nuire les d\u00e9linquants au niveau de la Petite C\u00f4te.<\/p>\n\n\n\n<p><\/p>\n\n\n\n<p>Samba SY.<\/p>\n<div class=\"publi-apres-le-contenu\" style=\"margin-top: 10px;margin-bottom: 10px;margin-left: auto;margin-right: auto;text-align: center;\" id=\"publi-3125120872\"><div class=\"publi-adlabel\">Publicit\u00e9<\/div><script async src=\"\/\/pagead2.googlesyndication.com\/pagead\/js\/adsbygoogle.js?client=ca-pub-4089586018074219\" crossorigin=\"anonymous\"><\/script><ins class=\"adsbygoogle\" style=\"display:block;\" data-ad-client=\"ca-pub-4089586018074219\" \ndata-ad-slot=\"2087940154\" \ndata-ad-format=\"auto\"><\/ins>\n<script> \n(adsbygoogle = window.adsbygoogle || []).push({}); \n<\/script>\n<\/div>","protected":false},"excerpt":{"rendered":"<p>La lutte contre le banditisme est une pr\u00e9occupation des forces de d\u00e9fense et de s\u00e9curit\u00e9. C\u2019est \u00e0 cet effet que la gendarmerie et la police ont d\u00e9roul\u00e9 une troisi\u00e8me op\u00e9ration coup-de-poing mixte dans le d\u00e9partement de Mbour. Les forces combin\u00e9es ont entam\u00e9 des op\u00e9rations conjointes pour lutter contre le grand banditisme au niveau de la Petite C\u00f4te afin de lutter contre la d\u00e9linquance et la criminalit\u00e9. Une op\u00e9ration qui a permis d&rsquo;interpeller 185 personnes pour diverses infractions, 21 v\u00e9hicules sont mis en fourri\u00e8re et 22 motos immobilis\u00e9s pour d\u00e9faut de papiers administratifs et d\u00e9faut de port de casque. La police et la gendarmerie entendent combiner leurs forces pour mettre hors d\u2019\u00e9tat de nuire les d\u00e9linquants au niveau de la Petite C\u00f4te. Samba SY.<\/p>\n","protected":false},"author":7,"featured_media":9659,"comment_status":"open","ping_status":"open","sticky":false,"template":"","format":"standard","meta":{"_jetpack_memberships_contains_paid_content":false,"footnotes":""},"categories":[375,379,1],"tags":[198,1527,37],"class_list":["post-9658","post","type-post","status-publish","format-standard","has-post-thumbnail","hentry","category-actualites","category-faits-divers","category-non-classe","tag-gendarmerie","tag-petite-cote","tag-police","entry","has-media","owp-thumbs-layout-horizontal","owp-btn-normal","owp-tabs-layout-horizontal","has-no-thumbnails","has-product-nav"],"yoast_head":"<!-- This site is optimized with the Yoast SEO plugin v25.5 - https:\/\/yoast.com\/wordpress\/plugins\/seo\/ -->\n<title>Petite C\u00f4te\u00a0: La police et la Gendarmerie aux trousses des d\u00e9linquants. - LE PUBLIC<\/title>\n<meta name=\"robots\" content=\"index, follow, max-snippet:-1, max-image-preview:large, max-video-preview:-1\" \/>\n<link rel=\"canonical\" href=\"https:\/\/www.public.sn\/index.php\/2022\/11\/22\/petite-cote-la-police-et-la-gendarmerie-aux-trousses-des-delinquants\/\" \/>\n<meta property=\"og:locale\" content=\"fr_FR\" \/>\n<meta property=\"og:type\" content=\"article\" \/>\n<meta property=\"og:title\" content=\"Petite C\u00f4te\u00a0: La police et la Gendarmerie aux trousses des d\u00e9linquants. - LE PUBLIC\" \/>\n<meta property=\"og:description\" content=\"La lutte contre le banditisme est une pr\u00e9occupation des forces de d\u00e9fense et de s\u00e9curit\u00e9. C\u2019est \u00e0 cet effet que la gendarmerie et la police ont d\u00e9roul\u00e9 une troisi\u00e8me op\u00e9ration coup-de-poing mixte dans le d\u00e9partement de Mbour. Les forces combin\u00e9es ont entam\u00e9 des op\u00e9rations conjointes pour lutter contre le grand banditisme au niveau de la Petite C\u00f4te afin de lutter contre la d\u00e9linquance et la criminalit\u00e9. Une op\u00e9ration qui a permis d&rsquo;interpeller 185 personnes pour diverses infractions, 21 v\u00e9hicules sont mis en fourri\u00e8re et 22 motos immobilis\u00e9s pour d\u00e9faut de papiers administratifs et d\u00e9faut de port de casque. La police et la gendarmerie entendent combiner leurs forces pour mettre hors d\u2019\u00e9tat de nuire les d\u00e9linquants au niveau de la Petite C\u00f4te. Samba SY.\" \/>\n<meta property=\"og:url\" content=\"https:\/\/www.public.sn\/index.php\/2022\/11\/22\/petite-cote-la-police-et-la-gendarmerie-aux-trousses-des-delinquants\/\" \/>\n<meta property=\"og:site_name\" content=\"LE PUBLIC\" \/>\n<meta property=\"article:published_time\" content=\"2022-11-22T09:30:57+00:00\" \/>\n<meta property=\"article:modified_time\" content=\"2022-11-22T09:31:00+00:00\" \/>\n<meta property=\"og:image\" content=\"https:\/\/www.public.sn\/wp-content\/uploads\/2022\/11\/mbour-1.jpg\" \/>\n\t<meta property=\"og:image:width\" content=\"600\" \/>\n\t<meta property=\"og:image:height\" content=\"372\" \/>\n\t<meta property=\"og:image:type\" content=\"image\/jpeg\" \/>\n<meta name=\"author\" content=\"LA REDACTION\" \/>\n<meta name=\"twitter:card\" content=\"summary_large_image\" \/>\n<meta name=\"twitter:label1\" content=\"\u00c9crit par\" \/>\n\t<meta name=\"twitter:data1\" content=\"LA REDACTION\" \/>\n\t<meta name=\"twitter:label2\" content=\"Dur\u00e9e de lecture estim\u00e9e\" \/>\n\t<meta name=\"twitter:data2\" content=\"1 minute\" \/>\n<script type=\"application\/ld+json\" class=\"yoast-schema-graph\">{\"@context\":\"https:\/\/schema.org\",\"@graph\":[{\"@type\":\"Article\",\"@id\":\"https:\/\/www.public.sn\/index.php\/2022\/11\/22\/petite-cote-la-police-et-la-gendarmerie-aux-trousses-des-delinquants\/#article\",\"isPartOf\":{\"@id\":\"https:\/\/www.public.sn\/index.php\/2022\/11\/22\/petite-cote-la-police-et-la-gendarmerie-aux-trousses-des-delinquants\/\"},\"author\":{\"name\":\"LA REDACTION\",\"@id\":\"https:\/\/www.public.sn\/#\/schema\/person\/cb76c8e1b8becc6be61fb5e92d6d0224\"},\"headline\":\"Petite C\u00f4te\u00a0: La police et la Gendarmerie aux trousses des d\u00e9linquants.\",\"datePublished\":\"2022-11-22T09:30:57+00:00\",\"dateModified\":\"2022-11-22T09:31:00+00:00\",\"mainEntityOfPage\":{\"@id\":\"https:\/\/www.public.sn\/index.php\/2022\/11\/22\/petite-cote-la-police-et-la-gendarmerie-aux-trousses-des-delinquants\/\"},\"wordCount\":153,\"commentCount\":0,\"publisher\":{\"@id\":\"https:\/\/www.public.sn\/#organization\"},\"image\":{\"@id\":\"https:\/\/www.public.sn\/index.php\/2022\/11\/22\/petite-cote-la-police-et-la-gendarmerie-aux-trousses-des-delinquants\/#primaryimage\"},\"thumbnailUrl\":\"https:\/\/www.public.sn\/wp-content\/uploads\/2022\/11\/mbour-1.jpg\",\"keywords\":[\"Gendarmerie\",\"petite cote\",\"Police\"],\"articleSection\":[\"ACTUALIT\u00c9S\",\"FAITS DIVERS\",\"S\u00c9N\u00c9GAL\"],\"inLanguage\":\"fr-FR\",\"potentialAction\":[{\"@type\":\"CommentAction\",\"name\":\"Comment\",\"target\":[\"https:\/\/www.public.sn\/index.php\/2022\/11\/22\/petite-cote-la-police-et-la-gendarmerie-aux-trousses-des-delinquants\/#respond\"]}]},{\"@type\":\"WebPage\",\"@id\":\"https:\/\/www.public.sn\/index.php\/2022\/11\/22\/petite-cote-la-police-et-la-gendarmerie-aux-trousses-des-delinquants\/\",\"url\":\"https:\/\/www.public.sn\/index.php\/2022\/11\/22\/petite-cote-la-police-et-la-gendarmerie-aux-trousses-des-delinquants\/\",\"name\":\"Petite C\u00f4te\u00a0: La police et la Gendarmerie aux trousses des d\u00e9linquants. - LE PUBLIC\",\"isPartOf\":{\"@id\":\"https:\/\/www.public.sn\/#website\"},\"primaryImageOfPage\":{\"@id\":\"https:\/\/www.public.sn\/index.php\/2022\/11\/22\/petite-cote-la-police-et-la-gendarmerie-aux-trousses-des-delinquants\/#primaryimage\"},\"image\":{\"@id\":\"https:\/\/www.public.sn\/index.php\/2022\/11\/22\/petite-cote-la-police-et-la-gendarmerie-aux-trousses-des-delinquants\/#primaryimage\"},\"thumbnailUrl\":\"https:\/\/www.public.sn\/wp-content\/uploads\/2022\/11\/mbour-1.jpg\",\"datePublished\":\"2022-11-22T09:30:57+00:00\",\"dateModified\":\"2022-11-22T09:31:00+00:00\",\"breadcrumb\":{\"@id\":\"https:\/\/www.public.sn\/index.php\/2022\/11\/22\/petite-cote-la-police-et-la-gendarmerie-aux-trousses-des-delinquants\/#breadcrumb\"},\"inLanguage\":\"fr-FR\",\"potentialAction\":[{\"@type\":\"ReadAction\",\"target\":[\"https:\/\/www.public.sn\/index.php\/2022\/11\/22\/petite-cote-la-police-et-la-gendarmerie-aux-trousses-des-delinquants\/\"]}]},{\"@type\":\"ImageObject\",\"inLanguage\":\"fr-FR\",\"@id\":\"https:\/\/www.public.sn\/index.php\/2022\/11\/22\/petite-cote-la-police-et-la-gendarmerie-aux-trousses-des-delinquants\/#primaryimage\",\"url\":\"https:\/\/www.public.sn\/wp-content\/uploads\/2022\/11\/mbour-1.jpg\",\"contentUrl\":\"https:\/\/www.public.sn\/wp-content\/uploads\/2022\/11\/mbour-1.jpg\",\"width\":600,\"height\":372,\"caption\":\"publicsn\"},{\"@type\":\"BreadcrumbList\",\"@id\":\"https:\/\/www.public.sn\/index.php\/2022\/11\/22\/petite-cote-la-police-et-la-gendarmerie-aux-trousses-des-delinquants\/#breadcrumb\",\"itemListElement\":[{\"@type\":\"ListItem\",\"position\":1,\"name\":\"Accueil\",\"item\":\"https:\/\/www.public.sn\/\"},{\"@type\":\"ListItem\",\"position\":2,\"name\":\"Petite C\u00f4te\u00a0: La police et la Gendarmerie aux trousses des d\u00e9linquants.\"}]},{\"@type\":\"WebSite\",\"@id\":\"https:\/\/www.public.sn\/#website\",\"url\":\"https:\/\/www.public.sn\/\",\"name\":\"LE PUBLIC\",\"description\":\"\",\"publisher\":{\"@id\":\"https:\/\/www.public.sn\/#organization\"},\"potentialAction\":[{\"@type\":\"SearchAction\",\"target\":{\"@type\":\"EntryPoint\",\"urlTemplate\":\"https:\/\/www.public.sn\/?s={search_term_string}\"},\"query-input\":{\"@type\":\"PropertyValueSpecification\",\"valueRequired\":true,\"valueName\":\"search_term_string\"}}],\"inLanguage\":\"fr-FR\"},{\"@type\":\"Organization\",\"@id\":\"https:\/\/www.public.sn\/#organization\",\"name\":\"LE PUBLIC\",\"url\":\"https:\/\/www.public.sn\/\",\"logo\":{\"@type\":\"ImageObject\",\"inLanguage\":\"fr-FR\",\"@id\":\"https:\/\/www.public.sn\/#\/schema\/logo\/image\/\",\"url\":\"https:\/\/www.public.sn\/wp-content\/uploads\/2024\/05\/cropped-LOGO-PUBLIC.SN_.png\",\"contentUrl\":\"https:\/\/www.public.sn\/wp-content\/uploads\/2024\/05\/cropped-LOGO-PUBLIC.SN_.png\",\"width\":682,\"height\":192,\"caption\":\"LE PUBLIC\"},\"image\":{\"@id\":\"https:\/\/www.public.sn\/#\/schema\/logo\/image\/\"}},{\"@type\":\"Person\",\"@id\":\"https:\/\/www.public.sn\/#\/schema\/person\/cb76c8e1b8becc6be61fb5e92d6d0224\",\"name\":\"LA REDACTION\",\"image\":{\"@type\":\"ImageObject\",\"inLanguage\":\"fr-FR\",\"@id\":\"https:\/\/www.public.sn\/#\/schema\/person\/image\/\",\"url\":\"https:\/\/secure.gravatar.com\/avatar\/2dce5ddd34b8fef0180efe03aa2a9bee7d953856048f9a16b298190a3178407c?s=96&d=mm&r=g\",\"contentUrl\":\"https:\/\/secure.gravatar.com\/avatar\/2dce5ddd34b8fef0180efe03aa2a9bee7d953856048f9a16b298190a3178407c?s=96&d=mm&r=g\",\"caption\":\"LA REDACTION\"},\"url\":\"https:\/\/www.public.sn\/index.php\/author\/editeurpsn\/\"}]}<\/script>\n<!-- \/ Yoast SEO plugin. -->","yoast_head_json":{"title":"Petite C\u00f4te\u00a0: La police et la Gendarmerie aux trousses des d\u00e9linquants. - LE PUBLIC","robots":{"index":"index","follow":"follow","max-snippet":"max-snippet:-1","max-image-preview":"max-image-preview:large","max-video-preview":"max-video-preview:-1"},"canonical":"https:\/\/www.public.sn\/index.php\/2022\/11\/22\/petite-cote-la-police-et-la-gendarmerie-aux-trousses-des-delinquants\/","og_locale":"fr_FR","og_type":"article","og_title":"Petite C\u00f4te\u00a0: La police et la Gendarmerie aux trousses des d\u00e9linquants. - LE PUBLIC","og_description":"La lutte contre le banditisme est une pr\u00e9occupation des forces de d\u00e9fense et de s\u00e9curit\u00e9. C\u2019est \u00e0 cet effet que la gendarmerie et la police ont d\u00e9roul\u00e9 une troisi\u00e8me op\u00e9ration coup-de-poing mixte dans le d\u00e9partement de Mbour. Les forces combin\u00e9es ont entam\u00e9 des op\u00e9rations conjointes pour lutter contre le grand banditisme au niveau de la Petite C\u00f4te afin de lutter contre la d\u00e9linquance et la criminalit\u00e9. Une op\u00e9ration qui a permis d&rsquo;interpeller 185 personnes pour diverses infractions, 21 v\u00e9hicules sont mis en fourri\u00e8re et 22 motos immobilis\u00e9s pour d\u00e9faut de papiers administratifs et d\u00e9faut de port de casque. La police et la gendarmerie entendent combiner leurs forces pour mettre hors d\u2019\u00e9tat de nuire les d\u00e9linquants au niveau de la Petite C\u00f4te. Samba SY.","og_url":"https:\/\/www.public.sn\/index.php\/2022\/11\/22\/petite-cote-la-police-et-la-gendarmerie-aux-trousses-des-delinquants\/","og_site_name":"LE PUBLIC","article_published_time":"2022-11-22T09:30:57+00:00","article_modified_time":"2022-11-22T09:31:00+00:00","og_image":[{"width":600,"height":372,"url":"https:\/\/www.public.sn\/wp-content\/uploads\/2022\/11\/mbour-1.jpg","type":"image\/jpeg"}],"author":"LA REDACTION","twitter_card":"summary_large_image","twitter_misc":{"\u00c9crit par":"LA REDACTION","Dur\u00e9e de lecture estim\u00e9e":"1 minute"},"schema":{"@context":"https:\/\/schema.org","@graph":[{"@type":"Article","@id":"https:\/\/www.public.sn\/index.php\/2022\/11\/22\/petite-cote-la-police-et-la-gendarmerie-aux-trousses-des-delinquants\/#article","isPartOf":{"@id":"https:\/\/www.public.sn\/index.php\/2022\/11\/22\/petite-cote-la-police-et-la-gendarmerie-aux-trousses-des-delinquants\/"},"author":{"name":"LA REDACTION","@id":"https:\/\/www.public.sn\/#\/schema\/person\/cb76c8e1b8becc6be61fb5e92d6d0224"},"headline":"Petite C\u00f4te\u00a0: La police et la Gendarmerie aux trousses des d\u00e9linquants.","datePublished":"2022-11-22T09:30:57+00:00","dateModified":"2022-11-22T09:31:00+00:00","mainEntityOfPage":{"@id":"https:\/\/www.public.sn\/index.php\/2022\/11\/22\/petite-cote-la-police-et-la-gendarmerie-aux-trousses-des-delinquants\/"},"wordCount":153,"commentCount":0,"publisher":{"@id":"https:\/\/www.public.sn\/#organization"},"image":{"@id":"https:\/\/www.public.sn\/index.php\/2022\/11\/22\/petite-cote-la-police-et-la-gendarmerie-aux-trousses-des-delinquants\/#primaryimage"},"thumbnailUrl":"https:\/\/www.public.sn\/wp-content\/uploads\/2022\/11\/mbour-1.jpg","keywords":["Gendarmerie","petite cote","Police"],"articleSection":["ACTUALIT\u00c9S","FAITS DIVERS","S\u00c9N\u00c9GAL"],"inLanguage":"fr-FR","potentialAction":[{"@type":"CommentAction","name":"Comment","target":["https:\/\/www.public.sn\/index.php\/2022\/11\/22\/petite-cote-la-police-et-la-gendarmerie-aux-trousses-des-delinquants\/#respond"]}]},{"@type":"WebPage","@id":"https:\/\/www.public.sn\/index.php\/2022\/11\/22\/petite-cote-la-police-et-la-gendarmerie-aux-trousses-des-delinquants\/","url":"https:\/\/www.public.sn\/index.php\/2022\/11\/22\/petite-cote-la-police-et-la-gendarmerie-aux-trousses-des-delinquants\/","name":"Petite C\u00f4te\u00a0: La police et la Gendarmerie aux trousses des d\u00e9linquants. - LE PUBLIC","isPartOf":{"@id":"https:\/\/www.public.sn\/#website"},"primaryImageOfPage":{"@id":"https:\/\/www.public.sn\/index.php\/2022\/11\/22\/petite-cote-la-police-et-la-gendarmerie-aux-trousses-des-delinquants\/#primaryimage"},"image":{"@id":"https:\/\/www.public.sn\/index.php\/2022\/11\/22\/petite-cote-la-police-et-la-gendarmerie-aux-trousses-des-delinquants\/#primaryimage"},"thumbnailUrl":"https:\/\/www.public.sn\/wp-content\/uploads\/2022\/11\/mbour-1.jpg","datePublished":"2022-11-22T09:30:57+00:00","dateModified":"2022-11-22T09:31:00+00:00","breadcrumb":{"@id":"https:\/\/www.public.sn\/index.php\/2022\/11\/22\/petite-cote-la-police-et-la-gendarmerie-aux-trousses-des-delinquants\/#breadcrumb"},"inLanguage":"fr-FR","potentialAction":[{"@type":"ReadAction","target":["https:\/\/www.public.sn\/index.php\/2022\/11\/22\/petite-cote-la-police-et-la-gendarmerie-aux-trousses-des-delinquants\/"]}]},{"@type":"ImageObject","inLanguage":"fr-FR","@id":"https:\/\/www.public.sn\/index.php\/2022\/11\/22\/petite-cote-la-police-et-la-gendarmerie-aux-trousses-des-delinquants\/#primaryimage","url":"https:\/\/www.public.sn\/wp-content\/uploads\/2022\/11\/mbour-1.jpg","contentUrl":"https:\/\/www.public.sn\/wp-content\/uploads\/2022\/11\/mbour-1.jpg","width":600,"height":372,"caption":"publicsn"},{"@type":"BreadcrumbList","@id":"https:\/\/www.public.sn\/index.php\/2022\/11\/22\/petite-cote-la-police-et-la-gendarmerie-aux-trousses-des-delinquants\/#breadcrumb","itemListElement":[{"@type":"ListItem","position":1,"name":"Accueil","item":"https:\/\/www.public.sn\/"},{"@type":"ListItem","position":2,"name":"Petite C\u00f4te\u00a0: La police et la Gendarmerie aux trousses des d\u00e9linquants."}]},{"@type":"WebSite","@id":"https:\/\/www.public.sn\/#website","url":"https:\/\/www.public.sn\/","name":"LE PUBLIC","description":"","publisher":{"@id":"https:\/\/www.public.sn\/#organization"},"potentialAction":[{"@type":"SearchAction","target":{"@type":"EntryPoint","urlTemplate":"https:\/\/www.public.sn\/?s={search_term_string}"},"query-input":{"@type":"PropertyValueSpecification","valueRequired":true,"valueName":"search_term_string"}}],"inLanguage":"fr-FR"},{"@type":"Organization","@id":"https:\/\/www.public.sn\/#organization","name":"LE PUBLIC","url":"https:\/\/www.public.sn\/","logo":{"@type":"ImageObject","inLanguage":"fr-FR","@id":"https:\/\/www.public.sn\/#\/schema\/logo\/image\/","url":"https:\/\/www.public.sn\/wp-content\/uploads\/2024\/05\/cropped-LOGO-PUBLIC.SN_.png","contentUrl":"https:\/\/www.public.sn\/wp-content\/uploads\/2024\/05\/cropped-LOGO-PUBLIC.SN_.png","width":682,"height":192,"caption":"LE PUBLIC"},"image":{"@id":"https:\/\/www.public.sn\/#\/schema\/logo\/image\/"}},{"@type":"Person","@id":"https:\/\/www.public.sn\/#\/schema\/person\/cb76c8e1b8becc6be61fb5e92d6d0224","name":"LA REDACTION","image":{"@type":"ImageObject","inLanguage":"fr-FR","@id":"https:\/\/www.public.sn\/#\/schema\/person\/image\/","url":"https:\/\/secure.gravatar.com\/avatar\/2dce5ddd34b8fef0180efe03aa2a9bee7d953856048f9a16b298190a3178407c?s=96&d=mm&r=g","contentUrl":"https:\/\/secure.gravatar.com\/avatar\/2dce5ddd34b8fef0180efe03aa2a9bee7d953856048f9a16b298190a3178407c?s=96&d=mm&r=g","caption":"LA REDACTION"},"url":"https:\/\/www.public.sn\/index.php\/author\/editeurpsn\/"}]}},"jetpack_featured_media_url":"https:\/\/www.public.sn\/wp-content\/uploads\/2022\/11\/mbour-1.jpg","jetpack_sharing_enabled":true,"_links":{"self":[{"href":"https:\/\/www.public.sn\/index.php\/wp-json\/wp\/v2\/posts\/9658","targetHints":{"allow":["GET"]}}],"collection":[{"href":"https:\/\/www.public.sn\/index.php\/wp-json\/wp\/v2\/posts"}],"about":[{"href":"https:\/\/www.public.sn\/index.php\/wp-json\/wp\/v2\/types\/post"}],"author":[{"embeddable":true,"href":"https:\/\/www.public.sn\/index.php\/wp-json\/wp\/v2\/users\/7"}],"replies":[{"embeddable":true,"href":"https:\/\/www.public.sn\/index.php\/wp-json\/wp\/v2\/comments?post=9658"}],"version-history":[{"count":1,"href":"https:\/\/www.public.sn\/index.php\/wp-json\/wp\/v2\/posts\/9658\/revisions"}],"predecessor-version":[{"id":9660,"href":"https:\/\/www.public.sn\/index.php\/wp-json\/wp\/v2\/posts\/9658\/revisions\/9660"}],"wp:featuredmedia":[{"embeddable":true,"href":"https:\/\/www.public.sn\/index.php\/wp-json\/wp\/v2\/media\/9659"}],"wp:attachment":[{"href":"https:\/\/www.public.sn\/index.php\/wp-json\/wp\/v2\/media?parent=9658"}],"wp:term":[{"taxonomy":"category","embeddable":true,"href":"https:\/\/www.public.sn\/index.php\/wp-json\/wp\/v2\/categories?post=9658"},{"taxonomy":"post_tag","embeddable":true,"href":"https:\/\/www.public.sn\/index.php\/wp-json\/wp\/v2\/tags?post=9658"}],"curies":[{"name":"wp","href":"https:\/\/api.w.org\/{rel}","templated":true}]}}