{"id":9737,"date":"2022-11-22T13:22:00","date_gmt":"2022-11-22T13:22:00","guid":{"rendered":"https:\/\/www.public.sn\/?p=9737"},"modified":"2022-11-22T13:22:02","modified_gmt":"2022-11-22T13:22:02","slug":"emedia-contre-attaque","status":"publish","type":"post","link":"https:\/\/www.public.sn\/index.php\/2022\/11\/22\/emedia-contre-attaque\/","title":{"rendered":"Emedia contre attaque."},"content":{"rendered":"\n<p><\/p>\n\n\n\n<p>Dans un communiqu\u00e9 le groupe Emedia a \u00ab fermement condamn\u00e9 cette d\u00e9cision prise par le r\u00e9gulateur d\u2019interdire \u00e0 sa cha\u00eene ITV de diffuser les matches de la Coupe du monde de football Qatar 2022 \u00bb.\u00a0<\/p><div class=\"publi-paragraphe1\" style=\"margin-top: 10px;margin-bottom: 10px;margin-left: auto;margin-right: auto;text-align: center;\" id=\"publi-3152423668\"><div class=\"publi-adlabel\">Publicit\u00e9<\/div><script async src=\"\/\/pagead2.googlesyndication.com\/pagead\/js\/adsbygoogle.js?client=ca-pub-4089586018074219\" crossorigin=\"anonymous\"><\/script><ins class=\"adsbygoogle\" style=\"display:block;\" data-ad-client=\"ca-pub-4089586018074219\" \ndata-ad-slot=\"2087940154\" \ndata-ad-format=\"auto\"><\/ins>\n<script> \n(adsbygoogle = window.adsbygoogle || []).push({}); \n<\/script>\n<\/div>\n\n\n\n<p><\/p>\n\n\n\n<p>Emedia \u00a0dit \u00eatre \u00ab victime de connivences et de forfaitures \u00bb en \u00e9tant \u00ab priv\u00e9 de son droit de retransmission conquis en toute transparence \u00e0 la suite d\u2019un appel d\u2019offres de la FIFA \u00bb. Cet incident risque de \u00ab porter atteinte \u00e0 l&rsquo;image \u00bb du groupe tout en ruinant \u00ab ses performances appr\u00e9ci\u00e9es par (ses) partenaires \u00e9conomiques et sociaux \u00bb.\u00a0<\/p>\n\n\n\n<p><\/p>\n\n\n\n<p>Pour &nbsp;Emedia, le&nbsp; CNRA \u00ab se rend complice de la d\u00e9gradation de l&rsquo;\u00e9cosyst\u00e8me des m\u00e9dias \u00bb et &nbsp;d\u00e9plore le \u00ab silence \u00e9tonnant des autorit\u00e9s \u00e9tatiques \u00bb. E-Media entend ainsi engager \u00ab un combat de principe \u00bb et compte saisir la justice pour&nbsp; \u00ab pr\u00e9server ses droits\u00bb.&nbsp;<\/p>\n\n\n\n<p>Samba SY.<\/p>\n<div class=\"publi-apres-le-contenu\" style=\"margin-top: 10px;margin-bottom: 10px;margin-left: auto;margin-right: auto;text-align: center;\" id=\"publi-240816281\"><div class=\"publi-adlabel\">Publicit\u00e9<\/div><script async src=\"\/\/pagead2.googlesyndication.com\/pagead\/js\/adsbygoogle.js?client=ca-pub-4089586018074219\" crossorigin=\"anonymous\"><\/script><ins class=\"adsbygoogle\" style=\"display:block;\" data-ad-client=\"ca-pub-4089586018074219\" \ndata-ad-slot=\"2087940154\" \ndata-ad-format=\"auto\"><\/ins>\n<script> \n(adsbygoogle = window.adsbygoogle || []).push({}); \n<\/script>\n<\/div>","protected":false},"excerpt":{"rendered":"<p>Dans un communiqu\u00e9 le groupe Emedia a \u00ab fermement condamn\u00e9 cette d\u00e9cision prise par le r\u00e9gulateur d\u2019interdire \u00e0 sa cha\u00eene ITV de diffuser les matches de la Coupe du monde de football Qatar 2022 \u00bb.\u00a0 Emedia \u00a0dit \u00eatre \u00ab victime de connivences et de forfaitures \u00bb en \u00e9tant \u00ab priv\u00e9 de son droit de retransmission conquis en toute transparence \u00e0 la suite d\u2019un appel d\u2019offres de la FIFA \u00bb. Cet incident risque de \u00ab porter atteinte \u00e0 l&rsquo;image \u00bb du groupe tout en ruinant \u00ab ses performances appr\u00e9ci\u00e9es par (ses) partenaires \u00e9conomiques et sociaux \u00bb.\u00a0 Pour &nbsp;Emedia, le&nbsp; CNRA \u00ab se rend complice de la d\u00e9gradation de l&rsquo;\u00e9cosyst\u00e8me des m\u00e9dias \u00bb et &nbsp;d\u00e9plore le \u00ab silence \u00e9tonnant des autorit\u00e9s \u00e9tatiques \u00bb. E-Media entend ainsi engager \u00ab un combat de principe \u00bb et compte saisir la justice pour&nbsp; \u00ab pr\u00e9server ses droits\u00bb.&nbsp; Samba SY.<\/p>\n","protected":false},"author":7,"featured_media":9739,"comment_status":"open","ping_status":"open","sticky":false,"template":"","format":"standard","meta":{"_jetpack_memberships_contains_paid_content":false,"footnotes":""},"categories":[375,961,1],"tags":[3239,419,657],"class_list":["post-9737","post","type-post","status-publish","format-standard","has-post-thumbnail","hentry","category-actualites","category-medias","category-non-classe","tag-differend-rts","tag-emedia","tag-mamoudou-ibra-kane","entry","has-media","owp-thumbs-layout-horizontal","owp-btn-normal","owp-tabs-layout-horizontal","has-no-thumbnails","has-product-nav"],"yoast_head":"<!-- This site is optimized with the Yoast SEO plugin v25.5 - https:\/\/yoast.com\/wordpress\/plugins\/seo\/ -->\n<title>Emedia contre attaque. - LE PUBLIC<\/title>\n<meta name=\"robots\" content=\"index, follow, max-snippet:-1, max-image-preview:large, max-video-preview:-1\" \/>\n<link rel=\"canonical\" href=\"https:\/\/www.public.sn\/index.php\/2022\/11\/22\/emedia-contre-attaque\/\" \/>\n<meta property=\"og:locale\" content=\"fr_FR\" \/>\n<meta property=\"og:type\" content=\"article\" \/>\n<meta property=\"og:title\" content=\"Emedia contre attaque. - LE PUBLIC\" \/>\n<meta property=\"og:description\" content=\"Dans un communiqu\u00e9 le groupe Emedia a \u00ab fermement condamn\u00e9 cette d\u00e9cision prise par le r\u00e9gulateur d\u2019interdire \u00e0 sa cha\u00eene ITV de diffuser les matches de la Coupe du monde de football Qatar 2022 \u00bb.\u00a0 Emedia \u00a0dit \u00eatre \u00ab victime de connivences et de forfaitures \u00bb en \u00e9tant \u00ab priv\u00e9 de son droit de retransmission conquis en toute transparence \u00e0 la suite d\u2019un appel d\u2019offres de la FIFA \u00bb. Cet incident risque de \u00ab porter atteinte \u00e0 l&rsquo;image \u00bb du groupe tout en ruinant \u00ab ses performances appr\u00e9ci\u00e9es par (ses) partenaires \u00e9conomiques et sociaux \u00bb.\u00a0 Pour &nbsp;Emedia, le&nbsp; CNRA \u00ab se rend complice de la d\u00e9gradation de l&rsquo;\u00e9cosyst\u00e8me des m\u00e9dias \u00bb et &nbsp;d\u00e9plore le \u00ab silence \u00e9tonnant des autorit\u00e9s \u00e9tatiques \u00bb. E-Media entend ainsi engager \u00ab un combat de principe \u00bb et compte saisir la justice pour&nbsp; \u00ab pr\u00e9server ses droits\u00bb.&nbsp; Samba SY.\" \/>\n<meta property=\"og:url\" content=\"https:\/\/www.public.sn\/index.php\/2022\/11\/22\/emedia-contre-attaque\/\" \/>\n<meta property=\"og:site_name\" content=\"LE PUBLIC\" \/>\n<meta property=\"article:published_time\" content=\"2022-11-22T13:22:00+00:00\" \/>\n<meta property=\"article:modified_time\" content=\"2022-11-22T13:22:02+00:00\" \/>\n<meta property=\"og:image\" content=\"https:\/\/www.public.sn\/wp-content\/uploads\/2022\/11\/aa-3.jpg\" \/>\n\t<meta property=\"og:image:width\" content=\"612\" \/>\n\t<meta property=\"og:image:height\" content=\"298\" \/>\n\t<meta property=\"og:image:type\" content=\"image\/jpeg\" \/>\n<meta name=\"author\" content=\"LA REDACTION\" \/>\n<meta name=\"twitter:card\" content=\"summary_large_image\" \/>\n<meta name=\"twitter:label1\" content=\"\u00c9crit par\" \/>\n\t<meta name=\"twitter:data1\" content=\"LA REDACTION\" \/>\n\t<meta name=\"twitter:label2\" content=\"Dur\u00e9e de lecture estim\u00e9e\" \/>\n\t<meta name=\"twitter:data2\" content=\"1 minute\" \/>\n<script type=\"application\/ld+json\" class=\"yoast-schema-graph\">{\"@context\":\"https:\/\/schema.org\",\"@graph\":[{\"@type\":\"Article\",\"@id\":\"https:\/\/www.public.sn\/index.php\/2022\/11\/22\/emedia-contre-attaque\/#article\",\"isPartOf\":{\"@id\":\"https:\/\/www.public.sn\/index.php\/2022\/11\/22\/emedia-contre-attaque\/\"},\"author\":{\"name\":\"LA REDACTION\",\"@id\":\"https:\/\/www.public.sn\/#\/schema\/person\/cb76c8e1b8becc6be61fb5e92d6d0224\"},\"headline\":\"Emedia contre attaque.\",\"datePublished\":\"2022-11-22T13:22:00+00:00\",\"dateModified\":\"2022-11-22T13:22:02+00:00\",\"mainEntityOfPage\":{\"@id\":\"https:\/\/www.public.sn\/index.php\/2022\/11\/22\/emedia-contre-attaque\/\"},\"wordCount\":145,\"commentCount\":0,\"publisher\":{\"@id\":\"https:\/\/www.public.sn\/#organization\"},\"image\":{\"@id\":\"https:\/\/www.public.sn\/index.php\/2022\/11\/22\/emedia-contre-attaque\/#primaryimage\"},\"thumbnailUrl\":\"https:\/\/www.public.sn\/wp-content\/uploads\/2022\/11\/aa-3.jpg\",\"keywords\":[\"differend rts\",\"Emedia\",\"Mamoudou IBRA Kane\"],\"articleSection\":[\"ACTUALIT\u00c9S\",\"M\u00c9DIAS\",\"S\u00c9N\u00c9GAL\"],\"inLanguage\":\"fr-FR\",\"potentialAction\":[{\"@type\":\"CommentAction\",\"name\":\"Comment\",\"target\":[\"https:\/\/www.public.sn\/index.php\/2022\/11\/22\/emedia-contre-attaque\/#respond\"]}]},{\"@type\":\"WebPage\",\"@id\":\"https:\/\/www.public.sn\/index.php\/2022\/11\/22\/emedia-contre-attaque\/\",\"url\":\"https:\/\/www.public.sn\/index.php\/2022\/11\/22\/emedia-contre-attaque\/\",\"name\":\"Emedia contre attaque. - LE PUBLIC\",\"isPartOf\":{\"@id\":\"https:\/\/www.public.sn\/#website\"},\"primaryImageOfPage\":{\"@id\":\"https:\/\/www.public.sn\/index.php\/2022\/11\/22\/emedia-contre-attaque\/#primaryimage\"},\"image\":{\"@id\":\"https:\/\/www.public.sn\/index.php\/2022\/11\/22\/emedia-contre-attaque\/#primaryimage\"},\"thumbnailUrl\":\"https:\/\/www.public.sn\/wp-content\/uploads\/2022\/11\/aa-3.jpg\",\"datePublished\":\"2022-11-22T13:22:00+00:00\",\"dateModified\":\"2022-11-22T13:22:02+00:00\",\"breadcrumb\":{\"@id\":\"https:\/\/www.public.sn\/index.php\/2022\/11\/22\/emedia-contre-attaque\/#breadcrumb\"},\"inLanguage\":\"fr-FR\",\"potentialAction\":[{\"@type\":\"ReadAction\",\"target\":[\"https:\/\/www.public.sn\/index.php\/2022\/11\/22\/emedia-contre-attaque\/\"]}]},{\"@type\":\"ImageObject\",\"inLanguage\":\"fr-FR\",\"@id\":\"https:\/\/www.public.sn\/index.php\/2022\/11\/22\/emedia-contre-attaque\/#primaryimage\",\"url\":\"https:\/\/www.public.sn\/wp-content\/uploads\/2022\/11\/aa-3.jpg\",\"contentUrl\":\"https:\/\/www.public.sn\/wp-content\/uploads\/2022\/11\/aa-3.jpg\",\"width\":612,\"height\":298,\"caption\":\"publicsn\"},{\"@type\":\"BreadcrumbList\",\"@id\":\"https:\/\/www.public.sn\/index.php\/2022\/11\/22\/emedia-contre-attaque\/#breadcrumb\",\"itemListElement\":[{\"@type\":\"ListItem\",\"position\":1,\"name\":\"Accueil\",\"item\":\"https:\/\/www.public.sn\/\"},{\"@type\":\"ListItem\",\"position\":2,\"name\":\"Emedia contre attaque.\"}]},{\"@type\":\"WebSite\",\"@id\":\"https:\/\/www.public.sn\/#website\",\"url\":\"https:\/\/www.public.sn\/\",\"name\":\"LE PUBLIC\",\"description\":\"\",\"publisher\":{\"@id\":\"https:\/\/www.public.sn\/#organization\"},\"potentialAction\":[{\"@type\":\"SearchAction\",\"target\":{\"@type\":\"EntryPoint\",\"urlTemplate\":\"https:\/\/www.public.sn\/?s={search_term_string}\"},\"query-input\":{\"@type\":\"PropertyValueSpecification\",\"valueRequired\":true,\"valueName\":\"search_term_string\"}}],\"inLanguage\":\"fr-FR\"},{\"@type\":\"Organization\",\"@id\":\"https:\/\/www.public.sn\/#organization\",\"name\":\"LE PUBLIC\",\"url\":\"https:\/\/www.public.sn\/\",\"logo\":{\"@type\":\"ImageObject\",\"inLanguage\":\"fr-FR\",\"@id\":\"https:\/\/www.public.sn\/#\/schema\/logo\/image\/\",\"url\":\"https:\/\/www.public.sn\/wp-content\/uploads\/2024\/05\/cropped-LOGO-PUBLIC.SN_.png\",\"contentUrl\":\"https:\/\/www.public.sn\/wp-content\/uploads\/2024\/05\/cropped-LOGO-PUBLIC.SN_.png\",\"width\":682,\"height\":192,\"caption\":\"LE PUBLIC\"},\"image\":{\"@id\":\"https:\/\/www.public.sn\/#\/schema\/logo\/image\/\"}},{\"@type\":\"Person\",\"@id\":\"https:\/\/www.public.sn\/#\/schema\/person\/cb76c8e1b8becc6be61fb5e92d6d0224\",\"name\":\"LA REDACTION\",\"image\":{\"@type\":\"ImageObject\",\"inLanguage\":\"fr-FR\",\"@id\":\"https:\/\/www.public.sn\/#\/schema\/person\/image\/\",\"url\":\"https:\/\/secure.gravatar.com\/avatar\/2dce5ddd34b8fef0180efe03aa2a9bee7d953856048f9a16b298190a3178407c?s=96&d=mm&r=g\",\"contentUrl\":\"https:\/\/secure.gravatar.com\/avatar\/2dce5ddd34b8fef0180efe03aa2a9bee7d953856048f9a16b298190a3178407c?s=96&d=mm&r=g\",\"caption\":\"LA REDACTION\"},\"url\":\"https:\/\/www.public.sn\/index.php\/author\/editeurpsn\/\"}]}<\/script>\n<!-- \/ Yoast SEO plugin. -->","yoast_head_json":{"title":"Emedia contre attaque. - LE PUBLIC","robots":{"index":"index","follow":"follow","max-snippet":"max-snippet:-1","max-image-preview":"max-image-preview:large","max-video-preview":"max-video-preview:-1"},"canonical":"https:\/\/www.public.sn\/index.php\/2022\/11\/22\/emedia-contre-attaque\/","og_locale":"fr_FR","og_type":"article","og_title":"Emedia contre attaque. - LE PUBLIC","og_description":"Dans un communiqu\u00e9 le groupe Emedia a \u00ab fermement condamn\u00e9 cette d\u00e9cision prise par le r\u00e9gulateur d\u2019interdire \u00e0 sa cha\u00eene ITV de diffuser les matches de la Coupe du monde de football Qatar 2022 \u00bb.\u00a0 Emedia \u00a0dit \u00eatre \u00ab victime de connivences et de forfaitures \u00bb en \u00e9tant \u00ab priv\u00e9 de son droit de retransmission conquis en toute transparence \u00e0 la suite d\u2019un appel d\u2019offres de la FIFA \u00bb. Cet incident risque de \u00ab porter atteinte \u00e0 l&rsquo;image \u00bb du groupe tout en ruinant \u00ab ses performances appr\u00e9ci\u00e9es par (ses) partenaires \u00e9conomiques et sociaux \u00bb.\u00a0 Pour &nbsp;Emedia, le&nbsp; CNRA \u00ab se rend complice de la d\u00e9gradation de l&rsquo;\u00e9cosyst\u00e8me des m\u00e9dias \u00bb et &nbsp;d\u00e9plore le \u00ab silence \u00e9tonnant des autorit\u00e9s \u00e9tatiques \u00bb. E-Media entend ainsi engager \u00ab un combat de principe \u00bb et compte saisir la justice pour&nbsp; \u00ab pr\u00e9server ses droits\u00bb.&nbsp; Samba SY.","og_url":"https:\/\/www.public.sn\/index.php\/2022\/11\/22\/emedia-contre-attaque\/","og_site_name":"LE PUBLIC","article_published_time":"2022-11-22T13:22:00+00:00","article_modified_time":"2022-11-22T13:22:02+00:00","og_image":[{"width":612,"height":298,"url":"https:\/\/www.public.sn\/wp-content\/uploads\/2022\/11\/aa-3.jpg","type":"image\/jpeg"}],"author":"LA REDACTION","twitter_card":"summary_large_image","twitter_misc":{"\u00c9crit par":"LA REDACTION","Dur\u00e9e de lecture estim\u00e9e":"1 minute"},"schema":{"@context":"https:\/\/schema.org","@graph":[{"@type":"Article","@id":"https:\/\/www.public.sn\/index.php\/2022\/11\/22\/emedia-contre-attaque\/#article","isPartOf":{"@id":"https:\/\/www.public.sn\/index.php\/2022\/11\/22\/emedia-contre-attaque\/"},"author":{"name":"LA REDACTION","@id":"https:\/\/www.public.sn\/#\/schema\/person\/cb76c8e1b8becc6be61fb5e92d6d0224"},"headline":"Emedia contre attaque.","datePublished":"2022-11-22T13:22:00+00:00","dateModified":"2022-11-22T13:22:02+00:00","mainEntityOfPage":{"@id":"https:\/\/www.public.sn\/index.php\/2022\/11\/22\/emedia-contre-attaque\/"},"wordCount":145,"commentCount":0,"publisher":{"@id":"https:\/\/www.public.sn\/#organization"},"image":{"@id":"https:\/\/www.public.sn\/index.php\/2022\/11\/22\/emedia-contre-attaque\/#primaryimage"},"thumbnailUrl":"https:\/\/www.public.sn\/wp-content\/uploads\/2022\/11\/aa-3.jpg","keywords":["differend rts","Emedia","Mamoudou IBRA Kane"],"articleSection":["ACTUALIT\u00c9S","M\u00c9DIAS","S\u00c9N\u00c9GAL"],"inLanguage":"fr-FR","potentialAction":[{"@type":"CommentAction","name":"Comment","target":["https:\/\/www.public.sn\/index.php\/2022\/11\/22\/emedia-contre-attaque\/#respond"]}]},{"@type":"WebPage","@id":"https:\/\/www.public.sn\/index.php\/2022\/11\/22\/emedia-contre-attaque\/","url":"https:\/\/www.public.sn\/index.php\/2022\/11\/22\/emedia-contre-attaque\/","name":"Emedia contre attaque. - LE PUBLIC","isPartOf":{"@id":"https:\/\/www.public.sn\/#website"},"primaryImageOfPage":{"@id":"https:\/\/www.public.sn\/index.php\/2022\/11\/22\/emedia-contre-attaque\/#primaryimage"},"image":{"@id":"https:\/\/www.public.sn\/index.php\/2022\/11\/22\/emedia-contre-attaque\/#primaryimage"},"thumbnailUrl":"https:\/\/www.public.sn\/wp-content\/uploads\/2022\/11\/aa-3.jpg","datePublished":"2022-11-22T13:22:00+00:00","dateModified":"2022-11-22T13:22:02+00:00","breadcrumb":{"@id":"https:\/\/www.public.sn\/index.php\/2022\/11\/22\/emedia-contre-attaque\/#breadcrumb"},"inLanguage":"fr-FR","potentialAction":[{"@type":"ReadAction","target":["https:\/\/www.public.sn\/index.php\/2022\/11\/22\/emedia-contre-attaque\/"]}]},{"@type":"ImageObject","inLanguage":"fr-FR","@id":"https:\/\/www.public.sn\/index.php\/2022\/11\/22\/emedia-contre-attaque\/#primaryimage","url":"https:\/\/www.public.sn\/wp-content\/uploads\/2022\/11\/aa-3.jpg","contentUrl":"https:\/\/www.public.sn\/wp-content\/uploads\/2022\/11\/aa-3.jpg","width":612,"height":298,"caption":"publicsn"},{"@type":"BreadcrumbList","@id":"https:\/\/www.public.sn\/index.php\/2022\/11\/22\/emedia-contre-attaque\/#breadcrumb","itemListElement":[{"@type":"ListItem","position":1,"name":"Accueil","item":"https:\/\/www.public.sn\/"},{"@type":"ListItem","position":2,"name":"Emedia contre attaque."}]},{"@type":"WebSite","@id":"https:\/\/www.public.sn\/#website","url":"https:\/\/www.public.sn\/","name":"LE PUBLIC","description":"","publisher":{"@id":"https:\/\/www.public.sn\/#organization"},"potentialAction":[{"@type":"SearchAction","target":{"@type":"EntryPoint","urlTemplate":"https:\/\/www.public.sn\/?s={search_term_string}"},"query-input":{"@type":"PropertyValueSpecification","valueRequired":true,"valueName":"search_term_string"}}],"inLanguage":"fr-FR"},{"@type":"Organization","@id":"https:\/\/www.public.sn\/#organization","name":"LE PUBLIC","url":"https:\/\/www.public.sn\/","logo":{"@type":"ImageObject","inLanguage":"fr-FR","@id":"https:\/\/www.public.sn\/#\/schema\/logo\/image\/","url":"https:\/\/www.public.sn\/wp-content\/uploads\/2024\/05\/cropped-LOGO-PUBLIC.SN_.png","contentUrl":"https:\/\/www.public.sn\/wp-content\/uploads\/2024\/05\/cropped-LOGO-PUBLIC.SN_.png","width":682,"height":192,"caption":"LE PUBLIC"},"image":{"@id":"https:\/\/www.public.sn\/#\/schema\/logo\/image\/"}},{"@type":"Person","@id":"https:\/\/www.public.sn\/#\/schema\/person\/cb76c8e1b8becc6be61fb5e92d6d0224","name":"LA REDACTION","image":{"@type":"ImageObject","inLanguage":"fr-FR","@id":"https:\/\/www.public.sn\/#\/schema\/person\/image\/","url":"https:\/\/secure.gravatar.com\/avatar\/2dce5ddd34b8fef0180efe03aa2a9bee7d953856048f9a16b298190a3178407c?s=96&d=mm&r=g","contentUrl":"https:\/\/secure.gravatar.com\/avatar\/2dce5ddd34b8fef0180efe03aa2a9bee7d953856048f9a16b298190a3178407c?s=96&d=mm&r=g","caption":"LA REDACTION"},"url":"https:\/\/www.public.sn\/index.php\/author\/editeurpsn\/"}]}},"jetpack_featured_media_url":"https:\/\/www.public.sn\/wp-content\/uploads\/2022\/11\/aa-3.jpg","jetpack_sharing_enabled":true,"_links":{"self":[{"href":"https:\/\/www.public.sn\/index.php\/wp-json\/wp\/v2\/posts\/9737","targetHints":{"allow":["GET"]}}],"collection":[{"href":"https:\/\/www.public.sn\/index.php\/wp-json\/wp\/v2\/posts"}],"about":[{"href":"https:\/\/www.public.sn\/index.php\/wp-json\/wp\/v2\/types\/post"}],"author":[{"embeddable":true,"href":"https:\/\/www.public.sn\/index.php\/wp-json\/wp\/v2\/users\/7"}],"replies":[{"embeddable":true,"href":"https:\/\/www.public.sn\/index.php\/wp-json\/wp\/v2\/comments?post=9737"}],"version-history":[{"count":2,"href":"https:\/\/www.public.sn\/index.php\/wp-json\/wp\/v2\/posts\/9737\/revisions"}],"predecessor-version":[{"id":9741,"href":"https:\/\/www.public.sn\/index.php\/wp-json\/wp\/v2\/posts\/9737\/revisions\/9741"}],"wp:featuredmedia":[{"embeddable":true,"href":"https:\/\/www.public.sn\/index.php\/wp-json\/wp\/v2\/media\/9739"}],"wp:attachment":[{"href":"https:\/\/www.public.sn\/index.php\/wp-json\/wp\/v2\/media?parent=9737"}],"wp:term":[{"taxonomy":"category","embeddable":true,"href":"https:\/\/www.public.sn\/index.php\/wp-json\/wp\/v2\/categories?post=9737"},{"taxonomy":"post_tag","embeddable":true,"href":"https:\/\/www.public.sn\/index.php\/wp-json\/wp\/v2\/tags?post=9737"}],"curies":[{"name":"wp","href":"https:\/\/api.w.org\/{rel}","templated":true}]}}