{"id":9742,"date":"2022-11-22T13:32:14","date_gmt":"2022-11-22T13:32:14","guid":{"rendered":"https:\/\/www.public.sn\/?p=9742"},"modified":"2022-11-22T13:32:32","modified_gmt":"2022-11-22T13:32:32","slug":"abdou-diallo-donne-de-ses-nouvelles","status":"publish","type":"post","link":"https:\/\/www.public.sn\/index.php\/2022\/11\/22\/abdou-diallo-donne-de-ses-nouvelles\/","title":{"rendered":"Abdou Diallo donne de ses nouvelles."},"content":{"rendered":"\n<p><\/p>\n\n\n\n<p>.\u00ab Le combat ne fait que commencer ! \u00bb. C\u2019est le message fort du d\u00e9fenseur Abdou Diallo. Il \u00e9tait sorti su blessure lors de la d\u00e9faite de l\u2019\u00e9quipe du S\u00e9n\u00e9gal face aux Pays Bas.<\/p><div class=\"publi-paragraphe1\" style=\"margin-top: 10px;margin-bottom: 10px;margin-left: auto;margin-right: auto;text-align: center;\" id=\"publi-3775562935\"><div class=\"publi-adlabel\">Publicit\u00e9<\/div><script async src=\"\/\/pagead2.googlesyndication.com\/pagead\/js\/adsbygoogle.js?client=ca-pub-4089586018074219\" crossorigin=\"anonymous\"><\/script><ins class=\"adsbygoogle\" style=\"display:block;\" data-ad-client=\"ca-pub-4089586018074219\" \ndata-ad-slot=\"2087940154\" \ndata-ad-format=\"auto\"><\/ins>\n<script> \n(adsbygoogle = window.adsbygoogle || []).push({}); \n<\/script>\n<\/div>\n\n\n\n<p><\/p>\n\n\n\n<p> Abdou Diallo quia \u00e9t\u00e9 l\u2019auteur d\u2019un match assez correct. Sa blessure ainsi que celle de Cheikhou Kouyat\u00e9 ont fait basculer le match selon certains sp\u00e9cialistes. Abdou Diallo donne rendez vous aux supporters ce Vendredi contre le Qatar, pays organisateur. Les deux pays ont forc\u00e9ment besoin d\u2019une victoire pour esp\u00e9rer poursuivre l\u2019aventure.<\/p>\n\n\n\n<p><\/p>\n\n\n\n<p>Samba SY.<\/p>\n<div class=\"publi-apres-le-contenu\" style=\"margin-top: 10px;margin-bottom: 10px;margin-left: auto;margin-right: auto;text-align: center;\" id=\"publi-2230065823\"><div class=\"publi-adlabel\">Publicit\u00e9<\/div><script async src=\"\/\/pagead2.googlesyndication.com\/pagead\/js\/adsbygoogle.js?client=ca-pub-4089586018074219\" crossorigin=\"anonymous\"><\/script><ins class=\"adsbygoogle\" style=\"display:block;\" data-ad-client=\"ca-pub-4089586018074219\" \ndata-ad-slot=\"2087940154\" \ndata-ad-format=\"auto\"><\/ins>\n<script> \n(adsbygoogle = window.adsbygoogle || []).push({}); \n<\/script>\n<\/div>","protected":false},"excerpt":{"rendered":"<p>.\u00ab Le combat ne fait que commencer ! \u00bb. C\u2019est le message fort du d\u00e9fenseur Abdou Diallo. Il \u00e9tait sorti su blessure lors de la d\u00e9faite de l\u2019\u00e9quipe du S\u00e9n\u00e9gal face aux Pays Bas. Abdou Diallo quia \u00e9t\u00e9 l\u2019auteur d\u2019un match assez correct. Sa blessure ainsi que celle de Cheikhou Kouyat\u00e9 ont fait basculer le match selon certains sp\u00e9cialistes. Abdou Diallo donne rendez vous aux supporters ce Vendredi contre le Qatar, pays organisateur. Les deux pays ont forc\u00e9ment besoin d\u2019une victoire pour esp\u00e9rer poursuivre l\u2019aventure. Samba SY.<\/p>\n","protected":false},"author":7,"featured_media":9744,"comment_status":"open","ping_status":"open","sticky":false,"template":"","format":"standard","meta":{"_jetpack_memberships_contains_paid_content":false,"footnotes":""},"categories":[375,1,7],"tags":[431,3240,1419],"class_list":["post-9742","post","type-post","status-publish","format-standard","has-post-thumbnail","hentry","category-actualites","category-non-classe","category-sport","tag-abdou-diallo","tag-nouvelle","tag-qatar","entry","has-media","owp-thumbs-layout-horizontal","owp-btn-normal","owp-tabs-layout-horizontal","has-no-thumbnails","has-product-nav"],"yoast_head":"<!-- This site is optimized with the Yoast SEO plugin v25.5 - https:\/\/yoast.com\/wordpress\/plugins\/seo\/ -->\n<title>Abdou Diallo donne de ses nouvelles. - LE PUBLIC<\/title>\n<meta name=\"robots\" content=\"index, follow, max-snippet:-1, max-image-preview:large, max-video-preview:-1\" \/>\n<link rel=\"canonical\" href=\"https:\/\/www.public.sn\/index.php\/2022\/11\/22\/abdou-diallo-donne-de-ses-nouvelles\/\" \/>\n<meta property=\"og:locale\" content=\"fr_FR\" \/>\n<meta property=\"og:type\" content=\"article\" \/>\n<meta property=\"og:title\" content=\"Abdou Diallo donne de ses nouvelles. - LE PUBLIC\" \/>\n<meta property=\"og:description\" content=\".\u00ab Le combat ne fait que commencer ! \u00bb. C\u2019est le message fort du d\u00e9fenseur Abdou Diallo. Il \u00e9tait sorti su blessure lors de la d\u00e9faite de l\u2019\u00e9quipe du S\u00e9n\u00e9gal face aux Pays Bas. Abdou Diallo quia \u00e9t\u00e9 l\u2019auteur d\u2019un match assez correct. Sa blessure ainsi que celle de Cheikhou Kouyat\u00e9 ont fait basculer le match selon certains sp\u00e9cialistes. Abdou Diallo donne rendez vous aux supporters ce Vendredi contre le Qatar, pays organisateur. Les deux pays ont forc\u00e9ment besoin d\u2019une victoire pour esp\u00e9rer poursuivre l\u2019aventure. Samba SY.\" \/>\n<meta property=\"og:url\" content=\"https:\/\/www.public.sn\/index.php\/2022\/11\/22\/abdou-diallo-donne-de-ses-nouvelles\/\" \/>\n<meta property=\"og:site_name\" content=\"LE PUBLIC\" \/>\n<meta property=\"article:published_time\" content=\"2022-11-22T13:32:14+00:00\" \/>\n<meta property=\"article:modified_time\" content=\"2022-11-22T13:32:32+00:00\" \/>\n<meta property=\"og:image\" content=\"https:\/\/www.public.sn\/wp-content\/uploads\/2022\/11\/abdou-diallo-2.jpg\" \/>\n\t<meta property=\"og:image:width\" content=\"1200\" \/>\n\t<meta property=\"og:image:height\" content=\"640\" \/>\n\t<meta property=\"og:image:type\" content=\"image\/jpeg\" \/>\n<meta name=\"author\" content=\"LA REDACTION\" \/>\n<meta name=\"twitter:card\" content=\"summary_large_image\" \/>\n<meta name=\"twitter:label1\" content=\"\u00c9crit par\" \/>\n\t<meta name=\"twitter:data1\" content=\"LA REDACTION\" \/>\n\t<meta name=\"twitter:label2\" content=\"Dur\u00e9e de lecture estim\u00e9e\" \/>\n\t<meta name=\"twitter:data2\" content=\"1 minute\" \/>\n<script type=\"application\/ld+json\" class=\"yoast-schema-graph\">{\"@context\":\"https:\/\/schema.org\",\"@graph\":[{\"@type\":\"Article\",\"@id\":\"https:\/\/www.public.sn\/index.php\/2022\/11\/22\/abdou-diallo-donne-de-ses-nouvelles\/#article\",\"isPartOf\":{\"@id\":\"https:\/\/www.public.sn\/index.php\/2022\/11\/22\/abdou-diallo-donne-de-ses-nouvelles\/\"},\"author\":{\"name\":\"LA REDACTION\",\"@id\":\"https:\/\/www.public.sn\/#\/schema\/person\/cb76c8e1b8becc6be61fb5e92d6d0224\"},\"headline\":\"Abdou Diallo donne de ses nouvelles.\",\"datePublished\":\"2022-11-22T13:32:14+00:00\",\"dateModified\":\"2022-11-22T13:32:32+00:00\",\"mainEntityOfPage\":{\"@id\":\"https:\/\/www.public.sn\/index.php\/2022\/11\/22\/abdou-diallo-donne-de-ses-nouvelles\/\"},\"wordCount\":103,\"commentCount\":0,\"publisher\":{\"@id\":\"https:\/\/www.public.sn\/#organization\"},\"image\":{\"@id\":\"https:\/\/www.public.sn\/index.php\/2022\/11\/22\/abdou-diallo-donne-de-ses-nouvelles\/#primaryimage\"},\"thumbnailUrl\":\"https:\/\/www.public.sn\/wp-content\/uploads\/2022\/11\/abdou-diallo-2.jpg\",\"keywords\":[\"Abdou Diallo\",\"nouvelle\",\"qatar\"],\"articleSection\":[\"ACTUALIT\u00c9S\",\"S\u00c9N\u00c9GAL\",\"SPORTS\"],\"inLanguage\":\"fr-FR\",\"potentialAction\":[{\"@type\":\"CommentAction\",\"name\":\"Comment\",\"target\":[\"https:\/\/www.public.sn\/index.php\/2022\/11\/22\/abdou-diallo-donne-de-ses-nouvelles\/#respond\"]}]},{\"@type\":\"WebPage\",\"@id\":\"https:\/\/www.public.sn\/index.php\/2022\/11\/22\/abdou-diallo-donne-de-ses-nouvelles\/\",\"url\":\"https:\/\/www.public.sn\/index.php\/2022\/11\/22\/abdou-diallo-donne-de-ses-nouvelles\/\",\"name\":\"Abdou Diallo donne de ses nouvelles. - LE PUBLIC\",\"isPartOf\":{\"@id\":\"https:\/\/www.public.sn\/#website\"},\"primaryImageOfPage\":{\"@id\":\"https:\/\/www.public.sn\/index.php\/2022\/11\/22\/abdou-diallo-donne-de-ses-nouvelles\/#primaryimage\"},\"image\":{\"@id\":\"https:\/\/www.public.sn\/index.php\/2022\/11\/22\/abdou-diallo-donne-de-ses-nouvelles\/#primaryimage\"},\"thumbnailUrl\":\"https:\/\/www.public.sn\/wp-content\/uploads\/2022\/11\/abdou-diallo-2.jpg\",\"datePublished\":\"2022-11-22T13:32:14+00:00\",\"dateModified\":\"2022-11-22T13:32:32+00:00\",\"breadcrumb\":{\"@id\":\"https:\/\/www.public.sn\/index.php\/2022\/11\/22\/abdou-diallo-donne-de-ses-nouvelles\/#breadcrumb\"},\"inLanguage\":\"fr-FR\",\"potentialAction\":[{\"@type\":\"ReadAction\",\"target\":[\"https:\/\/www.public.sn\/index.php\/2022\/11\/22\/abdou-diallo-donne-de-ses-nouvelles\/\"]}]},{\"@type\":\"ImageObject\",\"inLanguage\":\"fr-FR\",\"@id\":\"https:\/\/www.public.sn\/index.php\/2022\/11\/22\/abdou-diallo-donne-de-ses-nouvelles\/#primaryimage\",\"url\":\"https:\/\/www.public.sn\/wp-content\/uploads\/2022\/11\/abdou-diallo-2.jpg\",\"contentUrl\":\"https:\/\/www.public.sn\/wp-content\/uploads\/2022\/11\/abdou-diallo-2.jpg\",\"width\":1200,\"height\":640,\"caption\":\"publicsn\"},{\"@type\":\"BreadcrumbList\",\"@id\":\"https:\/\/www.public.sn\/index.php\/2022\/11\/22\/abdou-diallo-donne-de-ses-nouvelles\/#breadcrumb\",\"itemListElement\":[{\"@type\":\"ListItem\",\"position\":1,\"name\":\"Accueil\",\"item\":\"https:\/\/www.public.sn\/\"},{\"@type\":\"ListItem\",\"position\":2,\"name\":\"Abdou Diallo donne de ses nouvelles.\"}]},{\"@type\":\"WebSite\",\"@id\":\"https:\/\/www.public.sn\/#website\",\"url\":\"https:\/\/www.public.sn\/\",\"name\":\"LE PUBLIC\",\"description\":\"\",\"publisher\":{\"@id\":\"https:\/\/www.public.sn\/#organization\"},\"potentialAction\":[{\"@type\":\"SearchAction\",\"target\":{\"@type\":\"EntryPoint\",\"urlTemplate\":\"https:\/\/www.public.sn\/?s={search_term_string}\"},\"query-input\":{\"@type\":\"PropertyValueSpecification\",\"valueRequired\":true,\"valueName\":\"search_term_string\"}}],\"inLanguage\":\"fr-FR\"},{\"@type\":\"Organization\",\"@id\":\"https:\/\/www.public.sn\/#organization\",\"name\":\"LE PUBLIC\",\"url\":\"https:\/\/www.public.sn\/\",\"logo\":{\"@type\":\"ImageObject\",\"inLanguage\":\"fr-FR\",\"@id\":\"https:\/\/www.public.sn\/#\/schema\/logo\/image\/\",\"url\":\"https:\/\/www.public.sn\/wp-content\/uploads\/2024\/05\/cropped-LOGO-PUBLIC.SN_.png\",\"contentUrl\":\"https:\/\/www.public.sn\/wp-content\/uploads\/2024\/05\/cropped-LOGO-PUBLIC.SN_.png\",\"width\":682,\"height\":192,\"caption\":\"LE PUBLIC\"},\"image\":{\"@id\":\"https:\/\/www.public.sn\/#\/schema\/logo\/image\/\"}},{\"@type\":\"Person\",\"@id\":\"https:\/\/www.public.sn\/#\/schema\/person\/cb76c8e1b8becc6be61fb5e92d6d0224\",\"name\":\"LA REDACTION\",\"image\":{\"@type\":\"ImageObject\",\"inLanguage\":\"fr-FR\",\"@id\":\"https:\/\/www.public.sn\/#\/schema\/person\/image\/\",\"url\":\"https:\/\/secure.gravatar.com\/avatar\/2dce5ddd34b8fef0180efe03aa2a9bee7d953856048f9a16b298190a3178407c?s=96&d=mm&r=g\",\"contentUrl\":\"https:\/\/secure.gravatar.com\/avatar\/2dce5ddd34b8fef0180efe03aa2a9bee7d953856048f9a16b298190a3178407c?s=96&d=mm&r=g\",\"caption\":\"LA REDACTION\"},\"url\":\"https:\/\/www.public.sn\/index.php\/author\/editeurpsn\/\"}]}<\/script>\n<!-- \/ Yoast SEO plugin. -->","yoast_head_json":{"title":"Abdou Diallo donne de ses nouvelles. - LE PUBLIC","robots":{"index":"index","follow":"follow","max-snippet":"max-snippet:-1","max-image-preview":"max-image-preview:large","max-video-preview":"max-video-preview:-1"},"canonical":"https:\/\/www.public.sn\/index.php\/2022\/11\/22\/abdou-diallo-donne-de-ses-nouvelles\/","og_locale":"fr_FR","og_type":"article","og_title":"Abdou Diallo donne de ses nouvelles. - LE PUBLIC","og_description":".\u00ab Le combat ne fait que commencer ! \u00bb. C\u2019est le message fort du d\u00e9fenseur Abdou Diallo. Il \u00e9tait sorti su blessure lors de la d\u00e9faite de l\u2019\u00e9quipe du S\u00e9n\u00e9gal face aux Pays Bas. Abdou Diallo quia \u00e9t\u00e9 l\u2019auteur d\u2019un match assez correct. Sa blessure ainsi que celle de Cheikhou Kouyat\u00e9 ont fait basculer le match selon certains sp\u00e9cialistes. Abdou Diallo donne rendez vous aux supporters ce Vendredi contre le Qatar, pays organisateur. Les deux pays ont forc\u00e9ment besoin d\u2019une victoire pour esp\u00e9rer poursuivre l\u2019aventure. Samba SY.","og_url":"https:\/\/www.public.sn\/index.php\/2022\/11\/22\/abdou-diallo-donne-de-ses-nouvelles\/","og_site_name":"LE PUBLIC","article_published_time":"2022-11-22T13:32:14+00:00","article_modified_time":"2022-11-22T13:32:32+00:00","og_image":[{"width":1200,"height":640,"url":"https:\/\/www.public.sn\/wp-content\/uploads\/2022\/11\/abdou-diallo-2.jpg","type":"image\/jpeg"}],"author":"LA REDACTION","twitter_card":"summary_large_image","twitter_misc":{"\u00c9crit par":"LA REDACTION","Dur\u00e9e de lecture estim\u00e9e":"1 minute"},"schema":{"@context":"https:\/\/schema.org","@graph":[{"@type":"Article","@id":"https:\/\/www.public.sn\/index.php\/2022\/11\/22\/abdou-diallo-donne-de-ses-nouvelles\/#article","isPartOf":{"@id":"https:\/\/www.public.sn\/index.php\/2022\/11\/22\/abdou-diallo-donne-de-ses-nouvelles\/"},"author":{"name":"LA REDACTION","@id":"https:\/\/www.public.sn\/#\/schema\/person\/cb76c8e1b8becc6be61fb5e92d6d0224"},"headline":"Abdou Diallo donne de ses nouvelles.","datePublished":"2022-11-22T13:32:14+00:00","dateModified":"2022-11-22T13:32:32+00:00","mainEntityOfPage":{"@id":"https:\/\/www.public.sn\/index.php\/2022\/11\/22\/abdou-diallo-donne-de-ses-nouvelles\/"},"wordCount":103,"commentCount":0,"publisher":{"@id":"https:\/\/www.public.sn\/#organization"},"image":{"@id":"https:\/\/www.public.sn\/index.php\/2022\/11\/22\/abdou-diallo-donne-de-ses-nouvelles\/#primaryimage"},"thumbnailUrl":"https:\/\/www.public.sn\/wp-content\/uploads\/2022\/11\/abdou-diallo-2.jpg","keywords":["Abdou Diallo","nouvelle","qatar"],"articleSection":["ACTUALIT\u00c9S","S\u00c9N\u00c9GAL","SPORTS"],"inLanguage":"fr-FR","potentialAction":[{"@type":"CommentAction","name":"Comment","target":["https:\/\/www.public.sn\/index.php\/2022\/11\/22\/abdou-diallo-donne-de-ses-nouvelles\/#respond"]}]},{"@type":"WebPage","@id":"https:\/\/www.public.sn\/index.php\/2022\/11\/22\/abdou-diallo-donne-de-ses-nouvelles\/","url":"https:\/\/www.public.sn\/index.php\/2022\/11\/22\/abdou-diallo-donne-de-ses-nouvelles\/","name":"Abdou Diallo donne de ses nouvelles. - LE PUBLIC","isPartOf":{"@id":"https:\/\/www.public.sn\/#website"},"primaryImageOfPage":{"@id":"https:\/\/www.public.sn\/index.php\/2022\/11\/22\/abdou-diallo-donne-de-ses-nouvelles\/#primaryimage"},"image":{"@id":"https:\/\/www.public.sn\/index.php\/2022\/11\/22\/abdou-diallo-donne-de-ses-nouvelles\/#primaryimage"},"thumbnailUrl":"https:\/\/www.public.sn\/wp-content\/uploads\/2022\/11\/abdou-diallo-2.jpg","datePublished":"2022-11-22T13:32:14+00:00","dateModified":"2022-11-22T13:32:32+00:00","breadcrumb":{"@id":"https:\/\/www.public.sn\/index.php\/2022\/11\/22\/abdou-diallo-donne-de-ses-nouvelles\/#breadcrumb"},"inLanguage":"fr-FR","potentialAction":[{"@type":"ReadAction","target":["https:\/\/www.public.sn\/index.php\/2022\/11\/22\/abdou-diallo-donne-de-ses-nouvelles\/"]}]},{"@type":"ImageObject","inLanguage":"fr-FR","@id":"https:\/\/www.public.sn\/index.php\/2022\/11\/22\/abdou-diallo-donne-de-ses-nouvelles\/#primaryimage","url":"https:\/\/www.public.sn\/wp-content\/uploads\/2022\/11\/abdou-diallo-2.jpg","contentUrl":"https:\/\/www.public.sn\/wp-content\/uploads\/2022\/11\/abdou-diallo-2.jpg","width":1200,"height":640,"caption":"publicsn"},{"@type":"BreadcrumbList","@id":"https:\/\/www.public.sn\/index.php\/2022\/11\/22\/abdou-diallo-donne-de-ses-nouvelles\/#breadcrumb","itemListElement":[{"@type":"ListItem","position":1,"name":"Accueil","item":"https:\/\/www.public.sn\/"},{"@type":"ListItem","position":2,"name":"Abdou Diallo donne de ses nouvelles."}]},{"@type":"WebSite","@id":"https:\/\/www.public.sn\/#website","url":"https:\/\/www.public.sn\/","name":"LE PUBLIC","description":"","publisher":{"@id":"https:\/\/www.public.sn\/#organization"},"potentialAction":[{"@type":"SearchAction","target":{"@type":"EntryPoint","urlTemplate":"https:\/\/www.public.sn\/?s={search_term_string}"},"query-input":{"@type":"PropertyValueSpecification","valueRequired":true,"valueName":"search_term_string"}}],"inLanguage":"fr-FR"},{"@type":"Organization","@id":"https:\/\/www.public.sn\/#organization","name":"LE PUBLIC","url":"https:\/\/www.public.sn\/","logo":{"@type":"ImageObject","inLanguage":"fr-FR","@id":"https:\/\/www.public.sn\/#\/schema\/logo\/image\/","url":"https:\/\/www.public.sn\/wp-content\/uploads\/2024\/05\/cropped-LOGO-PUBLIC.SN_.png","contentUrl":"https:\/\/www.public.sn\/wp-content\/uploads\/2024\/05\/cropped-LOGO-PUBLIC.SN_.png","width":682,"height":192,"caption":"LE PUBLIC"},"image":{"@id":"https:\/\/www.public.sn\/#\/schema\/logo\/image\/"}},{"@type":"Person","@id":"https:\/\/www.public.sn\/#\/schema\/person\/cb76c8e1b8becc6be61fb5e92d6d0224","name":"LA REDACTION","image":{"@type":"ImageObject","inLanguage":"fr-FR","@id":"https:\/\/www.public.sn\/#\/schema\/person\/image\/","url":"https:\/\/secure.gravatar.com\/avatar\/2dce5ddd34b8fef0180efe03aa2a9bee7d953856048f9a16b298190a3178407c?s=96&d=mm&r=g","contentUrl":"https:\/\/secure.gravatar.com\/avatar\/2dce5ddd34b8fef0180efe03aa2a9bee7d953856048f9a16b298190a3178407c?s=96&d=mm&r=g","caption":"LA REDACTION"},"url":"https:\/\/www.public.sn\/index.php\/author\/editeurpsn\/"}]}},"jetpack_featured_media_url":"https:\/\/www.public.sn\/wp-content\/uploads\/2022\/11\/abdou-diallo-2.jpg","jetpack_sharing_enabled":true,"_links":{"self":[{"href":"https:\/\/www.public.sn\/index.php\/wp-json\/wp\/v2\/posts\/9742","targetHints":{"allow":["GET"]}}],"collection":[{"href":"https:\/\/www.public.sn\/index.php\/wp-json\/wp\/v2\/posts"}],"about":[{"href":"https:\/\/www.public.sn\/index.php\/wp-json\/wp\/v2\/types\/post"}],"author":[{"embeddable":true,"href":"https:\/\/www.public.sn\/index.php\/wp-json\/wp\/v2\/users\/7"}],"replies":[{"embeddable":true,"href":"https:\/\/www.public.sn\/index.php\/wp-json\/wp\/v2\/comments?post=9742"}],"version-history":[{"count":2,"href":"https:\/\/www.public.sn\/index.php\/wp-json\/wp\/v2\/posts\/9742\/revisions"}],"predecessor-version":[{"id":9747,"href":"https:\/\/www.public.sn\/index.php\/wp-json\/wp\/v2\/posts\/9742\/revisions\/9747"}],"wp:featuredmedia":[{"embeddable":true,"href":"https:\/\/www.public.sn\/index.php\/wp-json\/wp\/v2\/media\/9744"}],"wp:attachment":[{"href":"https:\/\/www.public.sn\/index.php\/wp-json\/wp\/v2\/media?parent=9742"}],"wp:term":[{"taxonomy":"category","embeddable":true,"href":"https:\/\/www.public.sn\/index.php\/wp-json\/wp\/v2\/categories?post=9742"},{"taxonomy":"post_tag","embeddable":true,"href":"https:\/\/www.public.sn\/index.php\/wp-json\/wp\/v2\/tags?post=9742"}],"curies":[{"name":"wp","href":"https:\/\/api.w.org\/{rel}","templated":true}]}}