{"id":975,"date":"2022-08-30T16:26:38","date_gmt":"2022-08-30T14:26:38","guid":{"rendered":"https:\/\/www.public.sn\/?p=975"},"modified":"2022-08-30T19:50:55","modified_gmt":"2022-08-30T17:50:55","slug":"presidentielle-2024-quand-les-egos-et-le-choc-des-ambitions-sapent-lunite-de-lopposition","status":"publish","type":"post","link":"https:\/\/www.public.sn\/index.php\/2022\/08\/30\/presidentielle-2024-quand-les-egos-et-le-choc-des-ambitions-sapent-lunite-de-lopposition\/","title":{"rendered":"Pr\u00e9sidentielle 2024: Quand les \u00e9gos et le choc des ambitions sapent l\u2019unit\u00e9 de l\u2019opposition."},"content":{"rendered":"\n<p>En attendant le 12 septembre, jour de l\u2019installation des d\u00e9put\u00e9s de la 14e l\u00e9gislature, la guerre des affiches et des slogans fait rage dans les rangs de l\u2019intercoalition Yewwi-Wallu. D\u00e9j\u00e0, quatre candidatures sont signal\u00e9es au sein m\u00eame de Yewwi Askan Wi contre une pour Wallu.<\/p><div class=\"publi-paragraphe1\" style=\"margin-top: 10px;margin-bottom: 10px;margin-left: auto;margin-right: auto;text-align: center;\" id=\"publi-3361812116\"><div class=\"publi-adlabel\">Publicit\u00e9<\/div><script async src=\"\/\/pagead2.googlesyndication.com\/pagead\/js\/adsbygoogle.js?client=ca-pub-4089586018074219\" crossorigin=\"anonymous\"><\/script><ins class=\"adsbygoogle\" style=\"display:block;\" data-ad-client=\"ca-pub-4089586018074219\" \ndata-ad-slot=\"2087940154\" \ndata-ad-format=\"auto\"><\/ins>\n<script> \n(adsbygoogle = window.adsbygoogle || []).push({}); \n<\/script>\n<\/div>\n\n\n\n<p>Ces affiches sont tr\u00e8s r\u00e9v\u00e9latrices car elles en disent long sur les ambitions des uns et des autres au niveau l\u2019intercoalition Yewwi-Wallu pour la pr\u00e9sidentielle de 2024. Un seul et unique candidat de l\u2019opposition semble \u00eatre utopique .<\/p>\n\n\n\n<p>Sans \u00e9carter totalement une telle \u00e9ventualit\u00e9, un des responsables de l\u2019intercoalition confie \u00e0 \u201cEnQu\u00eate\u201d que la probabilit\u00e9 reste tr\u00e8s faible. \u201c<em>Cela m\u2019\u00e9tonnerait beaucoup, enchaine l\u2019opposant. En fait, il ne faut pas oublier que moins de deux ans nous s\u00e9pare de la prochaine pr\u00e9sidentielle . Et comme chaque entit\u00e9 a des ambitions, il ne faut pas s\u2019attendre \u00e0 ce que les gens se fassent des cadeaux\u201d.&nbsp;<\/em><\/p>\n\n\n\n<p>\u00c0 l\u2019heure actuelle, c\u2019est la guerre des slogans et des affiches lit des chocs d\u2019ambitions d\u2019\u00e9gos souvent surdimensionn\u00e9s. Les diff\u00e9rents groupes WhatsApp de l\u2019inter-coalition,  jouent les prolongations.<\/p>\n\n\n\n<p>Dans cette guerre de positionnement, c\u2019est Yewwi Askan Wi qui risque le plus d\u2019en p\u00e2tir . Son \u00e9clatement donc la fin du compagnonnage politique, une grosse probabilit\u00e9.Pour rappel, quatre (04) candidats au moins ont \u00e9t\u00e9 signal\u00e9s au sein de ce bloc qui est le plus repr\u00e9sentatif de l\u2019opposition. <\/p>\n\n\n\n<p><strong><em>Cap sur la pr\u00e9sidentielle de 2024<\/em><\/strong><\/p>\n\n\n\n<p>Sorti troisi\u00e8me \u00e0 la Pr\u00e9sidentielle de 2019, Ousmane Sonko a \u00e9t\u00e9 l\u2019un des premiers \u00e0 d\u00e9clarer sa candidature. Juste, quelques semaines apr\u00e8s les l\u00e9gislatives, le leader de Pastef a invit\u00e9 ses militants \u00e0 se concentrer sur la pr\u00e9sidentielle de 2024. <\/p>\n\n\n\n<p>Dans la foul\u00e9e, le pr\u00e9sident de Pastef avait annonc\u00e9 une tourn\u00e9e nationale qu\u2019il compte lancer \u00e0 partir de ce mois de septembre avec la cr\u00e9ation de plusieurs cellules. Un jeu d\u2019anticipation qui lui permet de prendre un peu d\u2019avance sur ses probables adversaires de l\u2019opposition comme du pouvoir.&nbsp;<\/p>\n\n\n\n<p>Pour m\u00e9moire, \u00e0 la veille des Locales, l\u2019ancien maire de la ville de Dakar Khalifa Ababacar Sall, avait lui aussi d\u00e9clar\u00e9 sa candidature, suite \u00e0 une interpellation des journalistes de RFI et de France 24. Il disait sans ambages : \u201c<em>Inch\u2019Allah, je serai candidat en 2024.\u201d<\/em> Sans se faire prier, le leader de Taxawu S\u00e9n\u00e9gal expliquait le deal au sein de la coalition naissante : \u201c<em>Notre coalition Yewwi Askan Wi, qui est la coalition de l\u2019espoir, a d\u00e9cid\u00e9 d\u2019aller ensemble pour les \u00e9lections locales et les l\u00e9gislatives ; nous gouvernerons ensemble\u2026 <\/em>Pour <em> la Pr\u00e9sidentielle par contre , c la pluralit\u00e9 des candidatures sera de mise et au deuxi\u00e8me tour, nous soutiendrons le candidat le mieux plac\u00e9.\u201d&nbsp;<\/em><\/p>\n\n\n\n<p> Candidat recal\u00e9 \u00e0 la Pr\u00e9sidentielle de 2019, le patron du Grand parti, Malick Gakou, n\u2019a pas tard\u00e9 \u00e0 emboiter le pas \u00e0 Ousmane Sonko.&nbsp;<\/p>\n\n\n\n<p>Lors d\u2019une rencontre organis\u00e9e par les femmes de son parti, il s\u2019est dit \u201cpr\u00eat\u201d pour la bataille de 2024. Dans la foul\u00e9e, des partisans de D\u00e9thi\u00e9 Fall sont mont\u00e9s eux aussi au cr\u00e9neau pour vendre la candidature de leur leader. \u201cD\u00e9thi\u00e9 Fall, 2024 Yaw la (D\u00e9thi\u00e9 Fall, 2024 c\u2019est vous)\u201d, scandent-ils.&nbsp;<\/p>\n\n\n\n<p>Last but not least, le Parti de l\u2019unit\u00e9 et du rassemblement qui a particip\u00e9 \u00e0 toutes les \u00e9lections depuis 2017. Il ne serait donc pas surprenant qu\u2019eux aussi viennent allonger la liste d\u00e9j\u00e0 assez longue de pr\u00e9tendants.&nbsp;<\/p>\n\n\n\n<p><strong>Vers une dislocation des forces de Yewwi Askan Wi <\/strong><\/p>\n\n\n\n<p>Cette dislocation des forces de Yewwi Askan Wi, si elle se r\u00e9alise, pourrait constituer un lourd handicap pour ladite coalition. Elle pourrait profiter, en revanche, \u00e0 Wallu qui reste malgr\u00e9 tout un bloc plus ou moins homog\u00e8ne, avec un seul candidat d\u00e9clar\u00e9 pour la prochaine Pr\u00e9sidentielle.&nbsp;<\/p>\n\n\n\n<p>Sur les diff\u00e9rentes affiches des partisans de Wallu, on peut lire : \u201c<em>Cap sur Karim 2024\u201d ou bien \u201cKarim, le candidat du peuple\u201d.<\/em> Une candidature qui est loin d\u2019\u00eatre une surprise, mais qui fait face \u00e0 un obstacle juridique, \u00e0 l\u2019instar de celle de Khalifa Sall. En effet contrairement \u00e0 Yewwi qui compte en son sein plusieurs fortes personnalit\u00e9s, au niveau de Wallu, il n\u2019y a que le Parti d\u00e9mocratique s\u00e9n\u00e9galais avec comme principal alli\u00e9 Mamadou Lamine Diallo.&nbsp;<\/p>\n\n\n\n<p>C\u2019est dans ce contexte de guerre de positionnement que se feral\u2019installation des d\u00e9put\u00e9s de la 14e l\u00e9gislature, avec comme point d\u2019orgue le choix du futur pr\u00e9sident de l\u2019Assembl\u00e9e nationale. <br><strong><em>Qui va accepter de s\u2019effacer pour mettre le \u201crival\u201d sous le feu des projecteurs ?&nbsp;<\/em><\/strong><\/p>\n\n\n\n<p>Voil\u00e0 toute la difficult\u00e9 pour l\u2019intercoalition d\u2019avoir un seul candidat. C\u2019est d\u2019autant moins \u00e9vident que celui qui sera choisi va diriger l\u2019Assembl\u00e9e pour toute la dur\u00e9e de la l\u00e9gislature. Un butin de guerre non n\u00e9gligeable en direction de la prochaine Pr\u00e9sidentielle.&nbsp;<\/p>\n\n\n\n<p>Pour raplel le pr\u00e9sident de l\u2019Assembl\u00e9e nationale, est non seulement la deuxi\u00e8me personnalit\u00e9 de l\u2019\u00c9tat, maos  c\u2019est aussi et surtout celui qui remplace le pr\u00e9sident de la R\u00e9publique en cas d\u2019emp\u00eachement. Des comp\u00e9tences diplomatiques qui le mettent en selle sur la sc\u00e8ne internationale. Il a \u00e9galement le contr\u00f4le effectif sur une manne financi\u00e8re de plus de 17 milliards F CFA.<br><em>R\u00e9dactions Public SN<\/em><\/p>\n<div class=\"publi-apres-le-contenu\" style=\"margin-top: 10px;margin-bottom: 10px;margin-left: auto;margin-right: auto;text-align: center;\" id=\"publi-3825670656\"><div class=\"publi-adlabel\">Publicit\u00e9<\/div><script async src=\"\/\/pagead2.googlesyndication.com\/pagead\/js\/adsbygoogle.js?client=ca-pub-4089586018074219\" crossorigin=\"anonymous\"><\/script><ins class=\"adsbygoogle\" style=\"display:block;\" data-ad-client=\"ca-pub-4089586018074219\" \ndata-ad-slot=\"2087940154\" \ndata-ad-format=\"auto\"><\/ins>\n<script> \n(adsbygoogle = window.adsbygoogle || []).push({}); \n<\/script>\n<\/div>","protected":false},"excerpt":{"rendered":"<p>En attendant le 12 septembre, jour de l\u2019installation des d\u00e9put\u00e9s de la 14e l\u00e9gislature, la guerre des affiches et des slogans fait rage dans les rangs de l\u2019intercoalition Yewwi-Wallu. D\u00e9j\u00e0, quatre candidatures sont signal\u00e9es au sein m\u00eame de Yewwi Askan Wi contre une pour Wallu. Ces affiches sont tr\u00e8s r\u00e9v\u00e9latrices car elles en disent long sur les ambitions des uns et des autres au niveau l\u2019intercoalition Yewwi-Wallu pour la pr\u00e9sidentielle de 2024. Un seul et unique candidat de l\u2019opposition semble \u00eatre utopique . Sans \u00e9carter totalement une telle \u00e9ventualit\u00e9, un des responsables de l\u2019intercoalition confie \u00e0 \u201cEnQu\u00eate\u201d que la probabilit\u00e9 reste tr\u00e8s faible. \u201cCela m\u2019\u00e9tonnerait beaucoup, enchaine l\u2019opposant. En fait, il ne faut pas oublier que moins de deux ans nous s\u00e9pare de la prochaine pr\u00e9sidentielle . Et comme chaque entit\u00e9 a des ambitions, il ne faut pas s\u2019attendre \u00e0 ce que les gens se fassent des cadeaux\u201d.&nbsp; \u00c0 l\u2019heure actuelle, c\u2019est la guerre des slogans et des affiches lit des chocs d\u2019ambitions d\u2019\u00e9gos souvent surdimensionn\u00e9s. Les diff\u00e9rents groupes WhatsApp de l\u2019inter-coalition, jouent les prolongations. Dans cette guerre de positionnement, c\u2019est Yewwi Askan Wi qui risque le plus d\u2019en p\u00e2tir . Son \u00e9clatement donc la fin du compagnonnage politique, une grosse probabilit\u00e9.Pour rappel, quatre (04) candidats au moins ont \u00e9t\u00e9 signal\u00e9s au sein de ce bloc qui est le plus repr\u00e9sentatif de l\u2019opposition. Cap sur la pr\u00e9sidentielle de 2024 Sorti troisi\u00e8me \u00e0 la Pr\u00e9sidentielle de 2019, Ousmane Sonko a \u00e9t\u00e9 l\u2019un des premiers \u00e0 d\u00e9clarer sa candidature. Juste, quelques semaines apr\u00e8s les l\u00e9gislatives, le leader de Pastef a invit\u00e9 ses militants \u00e0 se concentrer sur la pr\u00e9sidentielle de 2024. Dans la foul\u00e9e, le pr\u00e9sident de Pastef avait annonc\u00e9 une tourn\u00e9e nationale qu\u2019il compte lancer \u00e0 partir de ce mois de septembre avec la cr\u00e9ation de plusieurs cellules. Un jeu d\u2019anticipation qui lui permet de prendre un peu d\u2019avance sur ses probables adversaires de l\u2019opposition comme du pouvoir.&nbsp; Pour m\u00e9moire, \u00e0 la veille des Locales, l\u2019ancien maire de la ville de Dakar Khalifa Ababacar Sall, avait lui aussi d\u00e9clar\u00e9 sa candidature, suite \u00e0 une interpellation des journalistes de RFI et de France 24. Il disait sans ambages : \u201cInch\u2019Allah, je serai candidat en 2024.\u201d Sans se faire prier, le leader de Taxawu S\u00e9n\u00e9gal expliquait le deal au sein de la coalition naissante : \u201cNotre coalition Yewwi Askan Wi, qui est la coalition de l\u2019espoir, a d\u00e9cid\u00e9 d\u2019aller ensemble pour les \u00e9lections locales et les l\u00e9gislatives ; nous gouvernerons ensemble\u2026 Pour la Pr\u00e9sidentielle par contre , c la pluralit\u00e9 des candidatures sera de mise et au deuxi\u00e8me tour, nous soutiendrons le candidat le mieux plac\u00e9.\u201d&nbsp; Candidat recal\u00e9 \u00e0 la Pr\u00e9sidentielle de 2019, le patron du Grand parti, Malick Gakou, n\u2019a pas tard\u00e9 \u00e0 emboiter le pas \u00e0 Ousmane Sonko.&nbsp; Lors d\u2019une rencontre organis\u00e9e par les femmes de son parti, il s\u2019est dit \u201cpr\u00eat\u201d pour la bataille de 2024. Dans la foul\u00e9e, des partisans de D\u00e9thi\u00e9 Fall sont mont\u00e9s eux aussi au cr\u00e9neau pour vendre la candidature de leur leader. \u201cD\u00e9thi\u00e9 Fall, 2024 Yaw la (D\u00e9thi\u00e9 Fall, 2024 c\u2019est vous)\u201d, scandent-ils.&nbsp; Last but not least, le Parti de l\u2019unit\u00e9 et du rassemblement qui a particip\u00e9 \u00e0 toutes les \u00e9lections depuis 2017. Il ne serait donc pas surprenant qu\u2019eux aussi viennent allonger la liste d\u00e9j\u00e0 assez longue de pr\u00e9tendants.&nbsp; Vers une dislocation des forces de Yewwi Askan Wi Cette dislocation des forces de Yewwi Askan Wi, si elle se r\u00e9alise, pourrait constituer un lourd handicap pour ladite coalition. Elle pourrait profiter, en revanche, \u00e0 Wallu qui reste malgr\u00e9 tout un bloc plus ou moins homog\u00e8ne, avec un seul candidat d\u00e9clar\u00e9 pour la prochaine Pr\u00e9sidentielle.&nbsp; Sur les diff\u00e9rentes affiches des partisans de Wallu, on peut lire : \u201cCap sur Karim 2024\u201d ou bien \u201cKarim, le candidat du peuple\u201d. Une candidature qui est loin d\u2019\u00eatre une surprise, mais qui fait face \u00e0 un obstacle juridique, \u00e0 l\u2019instar de celle de Khalifa Sall. En effet contrairement \u00e0 Yewwi qui compte en son sein plusieurs fortes personnalit\u00e9s, au niveau de Wallu, il n\u2019y a que le Parti d\u00e9mocratique s\u00e9n\u00e9galais avec comme principal alli\u00e9 Mamadou Lamine Diallo.&nbsp; C\u2019est dans ce contexte de guerre de positionnement que se feral\u2019installation des d\u00e9put\u00e9s de la 14e l\u00e9gislature, avec comme point d\u2019orgue le choix du futur pr\u00e9sident de l\u2019Assembl\u00e9e nationale. Qui va accepter de s\u2019effacer pour mettre le \u201crival\u201d sous le feu des projecteurs ?&nbsp; Voil\u00e0 toute la difficult\u00e9 pour l\u2019intercoalition d\u2019avoir un seul candidat. C\u2019est d\u2019autant moins \u00e9vident que celui qui sera choisi va diriger l\u2019Assembl\u00e9e pour toute la dur\u00e9e de la l\u00e9gislature. Un butin de guerre non n\u00e9gligeable en direction de la prochaine Pr\u00e9sidentielle.&nbsp; Pour raplel le pr\u00e9sident de l\u2019Assembl\u00e9e nationale, est non seulement la deuxi\u00e8me personnalit\u00e9 de l\u2019\u00c9tat, maos c\u2019est aussi et surtout celui qui remplace le pr\u00e9sident de la R\u00e9publique en cas d\u2019emp\u00eachement. Des comp\u00e9tences diplomatiques qui le mettent en selle sur la sc\u00e8ne internationale. Il a \u00e9galement le contr\u00f4le effectif sur une manne financi\u00e8re de plus de 17 milliards F CFA.R\u00e9dactions Public SN<\/p>\n","protected":false},"author":1,"featured_media":976,"comment_status":"open","ping_status":"open","sticky":false,"template":"","format":"standard","meta":{"_jetpack_memberships_contains_paid_content":false,"footnotes":""},"categories":[3],"tags":[12,16,352],"class_list":["post-975","post","type-post","status-publish","format-standard","has-post-thumbnail","hentry","category-politique","tag-assemblee-nationale","tag-ousmane-sonko","tag-presidence","entry","has-media","owp-thumbs-layout-horizontal","owp-btn-normal","owp-tabs-layout-horizontal","has-no-thumbnails","has-product-nav"],"yoast_head":"<!-- This site is optimized with the Yoast SEO plugin v25.5 - https:\/\/yoast.com\/wordpress\/plugins\/seo\/ -->\n<title>Pr\u00e9sidentielle 2024: Quand les \u00e9gos et le choc des ambitions sapent l\u2019unit\u00e9 de l\u2019opposition. - LE PUBLIC<\/title>\n<meta name=\"robots\" content=\"index, follow, max-snippet:-1, max-image-preview:large, max-video-preview:-1\" \/>\n<link rel=\"canonical\" href=\"https:\/\/www.public.sn\/index.php\/2022\/08\/30\/presidentielle-2024-quand-les-egos-et-le-choc-des-ambitions-sapent-lunite-de-lopposition\/\" \/>\n<meta property=\"og:locale\" content=\"fr_FR\" \/>\n<meta property=\"og:type\" content=\"article\" \/>\n<meta property=\"og:title\" content=\"Pr\u00e9sidentielle 2024: Quand les \u00e9gos et le choc des ambitions sapent l\u2019unit\u00e9 de l\u2019opposition. - LE PUBLIC\" \/>\n<meta property=\"og:description\" content=\"En attendant le 12 septembre, jour de l\u2019installation des d\u00e9put\u00e9s de la 14e l\u00e9gislature, la guerre des affiches et des slogans fait rage dans les rangs de l\u2019intercoalition Yewwi-Wallu. D\u00e9j\u00e0, quatre candidatures sont signal\u00e9es au sein m\u00eame de Yewwi Askan Wi contre une pour Wallu. Ces affiches sont tr\u00e8s r\u00e9v\u00e9latrices car elles en disent long sur les ambitions des uns et des autres au niveau l\u2019intercoalition Yewwi-Wallu pour la pr\u00e9sidentielle de 2024. Un seul et unique candidat de l\u2019opposition semble \u00eatre utopique . Sans \u00e9carter totalement une telle \u00e9ventualit\u00e9, un des responsables de l\u2019intercoalition confie \u00e0 \u201cEnQu\u00eate\u201d que la probabilit\u00e9 reste tr\u00e8s faible. \u201cCela m\u2019\u00e9tonnerait beaucoup, enchaine l\u2019opposant. En fait, il ne faut pas oublier que moins de deux ans nous s\u00e9pare de la prochaine pr\u00e9sidentielle . Et comme chaque entit\u00e9 a des ambitions, il ne faut pas s\u2019attendre \u00e0 ce que les gens se fassent des cadeaux\u201d.&nbsp; \u00c0 l\u2019heure actuelle, c\u2019est la guerre des slogans et des affiches lit des chocs d\u2019ambitions d\u2019\u00e9gos souvent surdimensionn\u00e9s. Les diff\u00e9rents groupes WhatsApp de l\u2019inter-coalition, jouent les prolongations. Dans cette guerre de positionnement, c\u2019est Yewwi Askan Wi qui risque le plus d\u2019en p\u00e2tir . Son \u00e9clatement donc la fin du compagnonnage politique, une grosse probabilit\u00e9.Pour rappel, quatre (04) candidats au moins ont \u00e9t\u00e9 signal\u00e9s au sein de ce bloc qui est le plus repr\u00e9sentatif de l\u2019opposition. Cap sur la pr\u00e9sidentielle de 2024 Sorti troisi\u00e8me \u00e0 la Pr\u00e9sidentielle de 2019, Ousmane Sonko a \u00e9t\u00e9 l\u2019un des premiers \u00e0 d\u00e9clarer sa candidature. Juste, quelques semaines apr\u00e8s les l\u00e9gislatives, le leader de Pastef a invit\u00e9 ses militants \u00e0 se concentrer sur la pr\u00e9sidentielle de 2024. Dans la foul\u00e9e, le pr\u00e9sident de Pastef avait annonc\u00e9 une tourn\u00e9e nationale qu\u2019il compte lancer \u00e0 partir de ce mois de septembre avec la cr\u00e9ation de plusieurs cellules. Un jeu d\u2019anticipation qui lui permet de prendre un peu d\u2019avance sur ses probables adversaires de l\u2019opposition comme du pouvoir.&nbsp; Pour m\u00e9moire, \u00e0 la veille des Locales, l\u2019ancien maire de la ville de Dakar Khalifa Ababacar Sall, avait lui aussi d\u00e9clar\u00e9 sa candidature, suite \u00e0 une interpellation des journalistes de RFI et de France 24. Il disait sans ambages : \u201cInch\u2019Allah, je serai candidat en 2024.\u201d Sans se faire prier, le leader de Taxawu S\u00e9n\u00e9gal expliquait le deal au sein de la coalition naissante : \u201cNotre coalition Yewwi Askan Wi, qui est la coalition de l\u2019espoir, a d\u00e9cid\u00e9 d\u2019aller ensemble pour les \u00e9lections locales et les l\u00e9gislatives ; nous gouvernerons ensemble\u2026 Pour la Pr\u00e9sidentielle par contre , c la pluralit\u00e9 des candidatures sera de mise et au deuxi\u00e8me tour, nous soutiendrons le candidat le mieux plac\u00e9.\u201d&nbsp; Candidat recal\u00e9 \u00e0 la Pr\u00e9sidentielle de 2019, le patron du Grand parti, Malick Gakou, n\u2019a pas tard\u00e9 \u00e0 emboiter le pas \u00e0 Ousmane Sonko.&nbsp; Lors d\u2019une rencontre organis\u00e9e par les femmes de son parti, il s\u2019est dit \u201cpr\u00eat\u201d pour la bataille de 2024. Dans la foul\u00e9e, des partisans de D\u00e9thi\u00e9 Fall sont mont\u00e9s eux aussi au cr\u00e9neau pour vendre la candidature de leur leader. \u201cD\u00e9thi\u00e9 Fall, 2024 Yaw la (D\u00e9thi\u00e9 Fall, 2024 c\u2019est vous)\u201d, scandent-ils.&nbsp; Last but not least, le Parti de l\u2019unit\u00e9 et du rassemblement qui a particip\u00e9 \u00e0 toutes les \u00e9lections depuis 2017. Il ne serait donc pas surprenant qu\u2019eux aussi viennent allonger la liste d\u00e9j\u00e0 assez longue de pr\u00e9tendants.&nbsp; Vers une dislocation des forces de Yewwi Askan Wi Cette dislocation des forces de Yewwi Askan Wi, si elle se r\u00e9alise, pourrait constituer un lourd handicap pour ladite coalition. Elle pourrait profiter, en revanche, \u00e0 Wallu qui reste malgr\u00e9 tout un bloc plus ou moins homog\u00e8ne, avec un seul candidat d\u00e9clar\u00e9 pour la prochaine Pr\u00e9sidentielle.&nbsp; Sur les diff\u00e9rentes affiches des partisans de Wallu, on peut lire : \u201cCap sur Karim 2024\u201d ou bien \u201cKarim, le candidat du peuple\u201d. Une candidature qui est loin d\u2019\u00eatre une surprise, mais qui fait face \u00e0 un obstacle juridique, \u00e0 l\u2019instar de celle de Khalifa Sall. En effet contrairement \u00e0 Yewwi qui compte en son sein plusieurs fortes personnalit\u00e9s, au niveau de Wallu, il n\u2019y a que le Parti d\u00e9mocratique s\u00e9n\u00e9galais avec comme principal alli\u00e9 Mamadou Lamine Diallo.&nbsp; C\u2019est dans ce contexte de guerre de positionnement que se feral\u2019installation des d\u00e9put\u00e9s de la 14e l\u00e9gislature, avec comme point d\u2019orgue le choix du futur pr\u00e9sident de l\u2019Assembl\u00e9e nationale. Qui va accepter de s\u2019effacer pour mettre le \u201crival\u201d sous le feu des projecteurs ?&nbsp; Voil\u00e0 toute la difficult\u00e9 pour l\u2019intercoalition d\u2019avoir un seul candidat. C\u2019est d\u2019autant moins \u00e9vident que celui qui sera choisi va diriger l\u2019Assembl\u00e9e pour toute la dur\u00e9e de la l\u00e9gislature. Un butin de guerre non n\u00e9gligeable en direction de la prochaine Pr\u00e9sidentielle.&nbsp; Pour raplel le pr\u00e9sident de l\u2019Assembl\u00e9e nationale, est non seulement la deuxi\u00e8me personnalit\u00e9 de l\u2019\u00c9tat, maos c\u2019est aussi et surtout celui qui remplace le pr\u00e9sident de la R\u00e9publique en cas d\u2019emp\u00eachement. Des comp\u00e9tences diplomatiques qui le mettent en selle sur la sc\u00e8ne internationale. Il a \u00e9galement le contr\u00f4le effectif sur une manne financi\u00e8re de plus de 17 milliards F CFA.R\u00e9dactions Public SN\" \/>\n<meta property=\"og:url\" content=\"https:\/\/www.public.sn\/index.php\/2022\/08\/30\/presidentielle-2024-quand-les-egos-et-le-choc-des-ambitions-sapent-lunite-de-lopposition\/\" \/>\n<meta property=\"og:site_name\" content=\"LE PUBLIC\" \/>\n<meta property=\"article:published_time\" content=\"2022-08-30T14:26:38+00:00\" \/>\n<meta property=\"article:modified_time\" content=\"2022-08-30T17:50:55+00:00\" \/>\n<meta property=\"og:image\" content=\"https:\/\/www.public.sn\/wp-content\/uploads\/2022\/08\/062CB097-8103-472B-9DF7-307C685665FE.jpeg\" \/>\n\t<meta property=\"og:image:width\" content=\"800\" \/>\n\t<meta property=\"og:image:height\" content=\"480\" \/>\n\t<meta property=\"og:image:type\" content=\"image\/jpeg\" \/>\n<meta name=\"author\" content=\"LA REDACTION\" \/>\n<meta name=\"twitter:card\" content=\"summary_large_image\" \/>\n<meta name=\"twitter:label1\" content=\"\u00c9crit par\" \/>\n\t<meta name=\"twitter:data1\" content=\"LA REDACTION\" \/>\n\t<meta name=\"twitter:label2\" content=\"Dur\u00e9e de lecture estim\u00e9e\" \/>\n\t<meta name=\"twitter:data2\" content=\"5 minutes\" \/>\n<script type=\"application\/ld+json\" class=\"yoast-schema-graph\">{\"@context\":\"https:\/\/schema.org\",\"@graph\":[{\"@type\":\"Article\",\"@id\":\"https:\/\/www.public.sn\/index.php\/2022\/08\/30\/presidentielle-2024-quand-les-egos-et-le-choc-des-ambitions-sapent-lunite-de-lopposition\/#article\",\"isPartOf\":{\"@id\":\"https:\/\/www.public.sn\/index.php\/2022\/08\/30\/presidentielle-2024-quand-les-egos-et-le-choc-des-ambitions-sapent-lunite-de-lopposition\/\"},\"author\":{\"name\":\"LA REDACTION\",\"@id\":\"https:\/\/www.public.sn\/#\/schema\/person\/e3f4a11b037d4203902db148f9bc8d5a\"},\"headline\":\"Pr\u00e9sidentielle 2024: Quand les \u00e9gos et le choc des ambitions sapent l\u2019unit\u00e9 de l\u2019opposition.\",\"datePublished\":\"2022-08-30T14:26:38+00:00\",\"dateModified\":\"2022-08-30T17:50:55+00:00\",\"mainEntityOfPage\":{\"@id\":\"https:\/\/www.public.sn\/index.php\/2022\/08\/30\/presidentielle-2024-quand-les-egos-et-le-choc-des-ambitions-sapent-lunite-de-lopposition\/\"},\"wordCount\":939,\"commentCount\":0,\"publisher\":{\"@id\":\"https:\/\/www.public.sn\/#organization\"},\"image\":{\"@id\":\"https:\/\/www.public.sn\/index.php\/2022\/08\/30\/presidentielle-2024-quand-les-egos-et-le-choc-des-ambitions-sapent-lunite-de-lopposition\/#primaryimage\"},\"thumbnailUrl\":\"https:\/\/www.public.sn\/wp-content\/uploads\/2022\/08\/062CB097-8103-472B-9DF7-307C685665FE.jpeg\",\"keywords\":[\"Assembl\u00e9e Nationale\",\"Ousmane Sonko\",\"Pr\u00e9sidence\"],\"articleSection\":[\"POLITIQUE\"],\"inLanguage\":\"fr-FR\",\"potentialAction\":[{\"@type\":\"CommentAction\",\"name\":\"Comment\",\"target\":[\"https:\/\/www.public.sn\/index.php\/2022\/08\/30\/presidentielle-2024-quand-les-egos-et-le-choc-des-ambitions-sapent-lunite-de-lopposition\/#respond\"]}]},{\"@type\":\"WebPage\",\"@id\":\"https:\/\/www.public.sn\/index.php\/2022\/08\/30\/presidentielle-2024-quand-les-egos-et-le-choc-des-ambitions-sapent-lunite-de-lopposition\/\",\"url\":\"https:\/\/www.public.sn\/index.php\/2022\/08\/30\/presidentielle-2024-quand-les-egos-et-le-choc-des-ambitions-sapent-lunite-de-lopposition\/\",\"name\":\"Pr\u00e9sidentielle 2024: Quand les \u00e9gos et le choc des ambitions sapent l\u2019unit\u00e9 de l\u2019opposition. - LE PUBLIC\",\"isPartOf\":{\"@id\":\"https:\/\/www.public.sn\/#website\"},\"primaryImageOfPage\":{\"@id\":\"https:\/\/www.public.sn\/index.php\/2022\/08\/30\/presidentielle-2024-quand-les-egos-et-le-choc-des-ambitions-sapent-lunite-de-lopposition\/#primaryimage\"},\"image\":{\"@id\":\"https:\/\/www.public.sn\/index.php\/2022\/08\/30\/presidentielle-2024-quand-les-egos-et-le-choc-des-ambitions-sapent-lunite-de-lopposition\/#primaryimage\"},\"thumbnailUrl\":\"https:\/\/www.public.sn\/wp-content\/uploads\/2022\/08\/062CB097-8103-472B-9DF7-307C685665FE.jpeg\",\"datePublished\":\"2022-08-30T14:26:38+00:00\",\"dateModified\":\"2022-08-30T17:50:55+00:00\",\"breadcrumb\":{\"@id\":\"https:\/\/www.public.sn\/index.php\/2022\/08\/30\/presidentielle-2024-quand-les-egos-et-le-choc-des-ambitions-sapent-lunite-de-lopposition\/#breadcrumb\"},\"inLanguage\":\"fr-FR\",\"potentialAction\":[{\"@type\":\"ReadAction\",\"target\":[\"https:\/\/www.public.sn\/index.php\/2022\/08\/30\/presidentielle-2024-quand-les-egos-et-le-choc-des-ambitions-sapent-lunite-de-lopposition\/\"]}]},{\"@type\":\"ImageObject\",\"inLanguage\":\"fr-FR\",\"@id\":\"https:\/\/www.public.sn\/index.php\/2022\/08\/30\/presidentielle-2024-quand-les-egos-et-le-choc-des-ambitions-sapent-lunite-de-lopposition\/#primaryimage\",\"url\":\"https:\/\/www.public.sn\/wp-content\/uploads\/2022\/08\/062CB097-8103-472B-9DF7-307C685665FE.jpeg\",\"contentUrl\":\"https:\/\/www.public.sn\/wp-content\/uploads\/2022\/08\/062CB097-8103-472B-9DF7-307C685665FE.jpeg\",\"width\":800,\"height\":480},{\"@type\":\"BreadcrumbList\",\"@id\":\"https:\/\/www.public.sn\/index.php\/2022\/08\/30\/presidentielle-2024-quand-les-egos-et-le-choc-des-ambitions-sapent-lunite-de-lopposition\/#breadcrumb\",\"itemListElement\":[{\"@type\":\"ListItem\",\"position\":1,\"name\":\"Accueil\",\"item\":\"https:\/\/www.public.sn\/\"},{\"@type\":\"ListItem\",\"position\":2,\"name\":\"Pr\u00e9sidentielle 2024: Quand les \u00e9gos et le choc des ambitions sapent l\u2019unit\u00e9 de l\u2019opposition.\"}]},{\"@type\":\"WebSite\",\"@id\":\"https:\/\/www.public.sn\/#website\",\"url\":\"https:\/\/www.public.sn\/\",\"name\":\"LE PUBLIC\",\"description\":\"\",\"publisher\":{\"@id\":\"https:\/\/www.public.sn\/#organization\"},\"potentialAction\":[{\"@type\":\"SearchAction\",\"target\":{\"@type\":\"EntryPoint\",\"urlTemplate\":\"https:\/\/www.public.sn\/?s={search_term_string}\"},\"query-input\":{\"@type\":\"PropertyValueSpecification\",\"valueRequired\":true,\"valueName\":\"search_term_string\"}}],\"inLanguage\":\"fr-FR\"},{\"@type\":\"Organization\",\"@id\":\"https:\/\/www.public.sn\/#organization\",\"name\":\"LE PUBLIC\",\"url\":\"https:\/\/www.public.sn\/\",\"logo\":{\"@type\":\"ImageObject\",\"inLanguage\":\"fr-FR\",\"@id\":\"https:\/\/www.public.sn\/#\/schema\/logo\/image\/\",\"url\":\"https:\/\/www.public.sn\/wp-content\/uploads\/2024\/05\/cropped-LOGO-PUBLIC.SN_.png\",\"contentUrl\":\"https:\/\/www.public.sn\/wp-content\/uploads\/2024\/05\/cropped-LOGO-PUBLIC.SN_.png\",\"width\":682,\"height\":192,\"caption\":\"LE PUBLIC\"},\"image\":{\"@id\":\"https:\/\/www.public.sn\/#\/schema\/logo\/image\/\"}},{\"@type\":\"Person\",\"@id\":\"https:\/\/www.public.sn\/#\/schema\/person\/e3f4a11b037d4203902db148f9bc8d5a\",\"name\":\"LA REDACTION\",\"image\":{\"@type\":\"ImageObject\",\"inLanguage\":\"fr-FR\",\"@id\":\"https:\/\/www.public.sn\/#\/schema\/person\/image\/\",\"url\":\"https:\/\/secure.gravatar.com\/avatar\/d6c030db45db2883c075085c5d6c6258654a801a93766b49af0b82d4f454e2a5?s=96&d=mm&r=g\",\"contentUrl\":\"https:\/\/secure.gravatar.com\/avatar\/d6c030db45db2883c075085c5d6c6258654a801a93766b49af0b82d4f454e2a5?s=96&d=mm&r=g\",\"caption\":\"LA REDACTION\"},\"sameAs\":[\"http:\/\/www.public.sn\"],\"url\":\"https:\/\/www.public.sn\/index.php\/author\/admin7324\/\"}]}<\/script>\n<!-- \/ Yoast SEO plugin. -->","yoast_head_json":{"title":"Pr\u00e9sidentielle 2024: Quand les \u00e9gos et le choc des ambitions sapent l\u2019unit\u00e9 de l\u2019opposition. - LE PUBLIC","robots":{"index":"index","follow":"follow","max-snippet":"max-snippet:-1","max-image-preview":"max-image-preview:large","max-video-preview":"max-video-preview:-1"},"canonical":"https:\/\/www.public.sn\/index.php\/2022\/08\/30\/presidentielle-2024-quand-les-egos-et-le-choc-des-ambitions-sapent-lunite-de-lopposition\/","og_locale":"fr_FR","og_type":"article","og_title":"Pr\u00e9sidentielle 2024: Quand les \u00e9gos et le choc des ambitions sapent l\u2019unit\u00e9 de l\u2019opposition. - LE PUBLIC","og_description":"En attendant le 12 septembre, jour de l\u2019installation des d\u00e9put\u00e9s de la 14e l\u00e9gislature, la guerre des affiches et des slogans fait rage dans les rangs de l\u2019intercoalition Yewwi-Wallu. D\u00e9j\u00e0, quatre candidatures sont signal\u00e9es au sein m\u00eame de Yewwi Askan Wi contre une pour Wallu. Ces affiches sont tr\u00e8s r\u00e9v\u00e9latrices car elles en disent long sur les ambitions des uns et des autres au niveau l\u2019intercoalition Yewwi-Wallu pour la pr\u00e9sidentielle de 2024. Un seul et unique candidat de l\u2019opposition semble \u00eatre utopique . Sans \u00e9carter totalement une telle \u00e9ventualit\u00e9, un des responsables de l\u2019intercoalition confie \u00e0 \u201cEnQu\u00eate\u201d que la probabilit\u00e9 reste tr\u00e8s faible. \u201cCela m\u2019\u00e9tonnerait beaucoup, enchaine l\u2019opposant. En fait, il ne faut pas oublier que moins de deux ans nous s\u00e9pare de la prochaine pr\u00e9sidentielle . Et comme chaque entit\u00e9 a des ambitions, il ne faut pas s\u2019attendre \u00e0 ce que les gens se fassent des cadeaux\u201d.&nbsp; \u00c0 l\u2019heure actuelle, c\u2019est la guerre des slogans et des affiches lit des chocs d\u2019ambitions d\u2019\u00e9gos souvent surdimensionn\u00e9s. Les diff\u00e9rents groupes WhatsApp de l\u2019inter-coalition, jouent les prolongations. Dans cette guerre de positionnement, c\u2019est Yewwi Askan Wi qui risque le plus d\u2019en p\u00e2tir . Son \u00e9clatement donc la fin du compagnonnage politique, une grosse probabilit\u00e9.Pour rappel, quatre (04) candidats au moins ont \u00e9t\u00e9 signal\u00e9s au sein de ce bloc qui est le plus repr\u00e9sentatif de l\u2019opposition. Cap sur la pr\u00e9sidentielle de 2024 Sorti troisi\u00e8me \u00e0 la Pr\u00e9sidentielle de 2019, Ousmane Sonko a \u00e9t\u00e9 l\u2019un des premiers \u00e0 d\u00e9clarer sa candidature. Juste, quelques semaines apr\u00e8s les l\u00e9gislatives, le leader de Pastef a invit\u00e9 ses militants \u00e0 se concentrer sur la pr\u00e9sidentielle de 2024. Dans la foul\u00e9e, le pr\u00e9sident de Pastef avait annonc\u00e9 une tourn\u00e9e nationale qu\u2019il compte lancer \u00e0 partir de ce mois de septembre avec la cr\u00e9ation de plusieurs cellules. Un jeu d\u2019anticipation qui lui permet de prendre un peu d\u2019avance sur ses probables adversaires de l\u2019opposition comme du pouvoir.&nbsp; Pour m\u00e9moire, \u00e0 la veille des Locales, l\u2019ancien maire de la ville de Dakar Khalifa Ababacar Sall, avait lui aussi d\u00e9clar\u00e9 sa candidature, suite \u00e0 une interpellation des journalistes de RFI et de France 24. Il disait sans ambages : \u201cInch\u2019Allah, je serai candidat en 2024.\u201d Sans se faire prier, le leader de Taxawu S\u00e9n\u00e9gal expliquait le deal au sein de la coalition naissante : \u201cNotre coalition Yewwi Askan Wi, qui est la coalition de l\u2019espoir, a d\u00e9cid\u00e9 d\u2019aller ensemble pour les \u00e9lections locales et les l\u00e9gislatives ; nous gouvernerons ensemble\u2026 Pour la Pr\u00e9sidentielle par contre , c la pluralit\u00e9 des candidatures sera de mise et au deuxi\u00e8me tour, nous soutiendrons le candidat le mieux plac\u00e9.\u201d&nbsp; Candidat recal\u00e9 \u00e0 la Pr\u00e9sidentielle de 2019, le patron du Grand parti, Malick Gakou, n\u2019a pas tard\u00e9 \u00e0 emboiter le pas \u00e0 Ousmane Sonko.&nbsp; Lors d\u2019une rencontre organis\u00e9e par les femmes de son parti, il s\u2019est dit \u201cpr\u00eat\u201d pour la bataille de 2024. Dans la foul\u00e9e, des partisans de D\u00e9thi\u00e9 Fall sont mont\u00e9s eux aussi au cr\u00e9neau pour vendre la candidature de leur leader. \u201cD\u00e9thi\u00e9 Fall, 2024 Yaw la (D\u00e9thi\u00e9 Fall, 2024 c\u2019est vous)\u201d, scandent-ils.&nbsp; Last but not least, le Parti de l\u2019unit\u00e9 et du rassemblement qui a particip\u00e9 \u00e0 toutes les \u00e9lections depuis 2017. Il ne serait donc pas surprenant qu\u2019eux aussi viennent allonger la liste d\u00e9j\u00e0 assez longue de pr\u00e9tendants.&nbsp; Vers une dislocation des forces de Yewwi Askan Wi Cette dislocation des forces de Yewwi Askan Wi, si elle se r\u00e9alise, pourrait constituer un lourd handicap pour ladite coalition. Elle pourrait profiter, en revanche, \u00e0 Wallu qui reste malgr\u00e9 tout un bloc plus ou moins homog\u00e8ne, avec un seul candidat d\u00e9clar\u00e9 pour la prochaine Pr\u00e9sidentielle.&nbsp; Sur les diff\u00e9rentes affiches des partisans de Wallu, on peut lire : \u201cCap sur Karim 2024\u201d ou bien \u201cKarim, le candidat du peuple\u201d. Une candidature qui est loin d\u2019\u00eatre une surprise, mais qui fait face \u00e0 un obstacle juridique, \u00e0 l\u2019instar de celle de Khalifa Sall. En effet contrairement \u00e0 Yewwi qui compte en son sein plusieurs fortes personnalit\u00e9s, au niveau de Wallu, il n\u2019y a que le Parti d\u00e9mocratique s\u00e9n\u00e9galais avec comme principal alli\u00e9 Mamadou Lamine Diallo.&nbsp; C\u2019est dans ce contexte de guerre de positionnement que se feral\u2019installation des d\u00e9put\u00e9s de la 14e l\u00e9gislature, avec comme point d\u2019orgue le choix du futur pr\u00e9sident de l\u2019Assembl\u00e9e nationale. Qui va accepter de s\u2019effacer pour mettre le \u201crival\u201d sous le feu des projecteurs ?&nbsp; Voil\u00e0 toute la difficult\u00e9 pour l\u2019intercoalition d\u2019avoir un seul candidat. C\u2019est d\u2019autant moins \u00e9vident que celui qui sera choisi va diriger l\u2019Assembl\u00e9e pour toute la dur\u00e9e de la l\u00e9gislature. Un butin de guerre non n\u00e9gligeable en direction de la prochaine Pr\u00e9sidentielle.&nbsp; Pour raplel le pr\u00e9sident de l\u2019Assembl\u00e9e nationale, est non seulement la deuxi\u00e8me personnalit\u00e9 de l\u2019\u00c9tat, maos c\u2019est aussi et surtout celui qui remplace le pr\u00e9sident de la R\u00e9publique en cas d\u2019emp\u00eachement. Des comp\u00e9tences diplomatiques qui le mettent en selle sur la sc\u00e8ne internationale. Il a \u00e9galement le contr\u00f4le effectif sur une manne financi\u00e8re de plus de 17 milliards F CFA.R\u00e9dactions Public SN","og_url":"https:\/\/www.public.sn\/index.php\/2022\/08\/30\/presidentielle-2024-quand-les-egos-et-le-choc-des-ambitions-sapent-lunite-de-lopposition\/","og_site_name":"LE PUBLIC","article_published_time":"2022-08-30T14:26:38+00:00","article_modified_time":"2022-08-30T17:50:55+00:00","og_image":[{"width":800,"height":480,"url":"https:\/\/www.public.sn\/wp-content\/uploads\/2022\/08\/062CB097-8103-472B-9DF7-307C685665FE.jpeg","type":"image\/jpeg"}],"author":"LA REDACTION","twitter_card":"summary_large_image","twitter_misc":{"\u00c9crit par":"LA REDACTION","Dur\u00e9e de lecture estim\u00e9e":"5 minutes"},"schema":{"@context":"https:\/\/schema.org","@graph":[{"@type":"Article","@id":"https:\/\/www.public.sn\/index.php\/2022\/08\/30\/presidentielle-2024-quand-les-egos-et-le-choc-des-ambitions-sapent-lunite-de-lopposition\/#article","isPartOf":{"@id":"https:\/\/www.public.sn\/index.php\/2022\/08\/30\/presidentielle-2024-quand-les-egos-et-le-choc-des-ambitions-sapent-lunite-de-lopposition\/"},"author":{"name":"LA REDACTION","@id":"https:\/\/www.public.sn\/#\/schema\/person\/e3f4a11b037d4203902db148f9bc8d5a"},"headline":"Pr\u00e9sidentielle 2024: Quand les \u00e9gos et le choc des ambitions sapent l\u2019unit\u00e9 de l\u2019opposition.","datePublished":"2022-08-30T14:26:38+00:00","dateModified":"2022-08-30T17:50:55+00:00","mainEntityOfPage":{"@id":"https:\/\/www.public.sn\/index.php\/2022\/08\/30\/presidentielle-2024-quand-les-egos-et-le-choc-des-ambitions-sapent-lunite-de-lopposition\/"},"wordCount":939,"commentCount":0,"publisher":{"@id":"https:\/\/www.public.sn\/#organization"},"image":{"@id":"https:\/\/www.public.sn\/index.php\/2022\/08\/30\/presidentielle-2024-quand-les-egos-et-le-choc-des-ambitions-sapent-lunite-de-lopposition\/#primaryimage"},"thumbnailUrl":"https:\/\/www.public.sn\/wp-content\/uploads\/2022\/08\/062CB097-8103-472B-9DF7-307C685665FE.jpeg","keywords":["Assembl\u00e9e Nationale","Ousmane Sonko","Pr\u00e9sidence"],"articleSection":["POLITIQUE"],"inLanguage":"fr-FR","potentialAction":[{"@type":"CommentAction","name":"Comment","target":["https:\/\/www.public.sn\/index.php\/2022\/08\/30\/presidentielle-2024-quand-les-egos-et-le-choc-des-ambitions-sapent-lunite-de-lopposition\/#respond"]}]},{"@type":"WebPage","@id":"https:\/\/www.public.sn\/index.php\/2022\/08\/30\/presidentielle-2024-quand-les-egos-et-le-choc-des-ambitions-sapent-lunite-de-lopposition\/","url":"https:\/\/www.public.sn\/index.php\/2022\/08\/30\/presidentielle-2024-quand-les-egos-et-le-choc-des-ambitions-sapent-lunite-de-lopposition\/","name":"Pr\u00e9sidentielle 2024: Quand les \u00e9gos et le choc des ambitions sapent l\u2019unit\u00e9 de l\u2019opposition. - LE PUBLIC","isPartOf":{"@id":"https:\/\/www.public.sn\/#website"},"primaryImageOfPage":{"@id":"https:\/\/www.public.sn\/index.php\/2022\/08\/30\/presidentielle-2024-quand-les-egos-et-le-choc-des-ambitions-sapent-lunite-de-lopposition\/#primaryimage"},"image":{"@id":"https:\/\/www.public.sn\/index.php\/2022\/08\/30\/presidentielle-2024-quand-les-egos-et-le-choc-des-ambitions-sapent-lunite-de-lopposition\/#primaryimage"},"thumbnailUrl":"https:\/\/www.public.sn\/wp-content\/uploads\/2022\/08\/062CB097-8103-472B-9DF7-307C685665FE.jpeg","datePublished":"2022-08-30T14:26:38+00:00","dateModified":"2022-08-30T17:50:55+00:00","breadcrumb":{"@id":"https:\/\/www.public.sn\/index.php\/2022\/08\/30\/presidentielle-2024-quand-les-egos-et-le-choc-des-ambitions-sapent-lunite-de-lopposition\/#breadcrumb"},"inLanguage":"fr-FR","potentialAction":[{"@type":"ReadAction","target":["https:\/\/www.public.sn\/index.php\/2022\/08\/30\/presidentielle-2024-quand-les-egos-et-le-choc-des-ambitions-sapent-lunite-de-lopposition\/"]}]},{"@type":"ImageObject","inLanguage":"fr-FR","@id":"https:\/\/www.public.sn\/index.php\/2022\/08\/30\/presidentielle-2024-quand-les-egos-et-le-choc-des-ambitions-sapent-lunite-de-lopposition\/#primaryimage","url":"https:\/\/www.public.sn\/wp-content\/uploads\/2022\/08\/062CB097-8103-472B-9DF7-307C685665FE.jpeg","contentUrl":"https:\/\/www.public.sn\/wp-content\/uploads\/2022\/08\/062CB097-8103-472B-9DF7-307C685665FE.jpeg","width":800,"height":480},{"@type":"BreadcrumbList","@id":"https:\/\/www.public.sn\/index.php\/2022\/08\/30\/presidentielle-2024-quand-les-egos-et-le-choc-des-ambitions-sapent-lunite-de-lopposition\/#breadcrumb","itemListElement":[{"@type":"ListItem","position":1,"name":"Accueil","item":"https:\/\/www.public.sn\/"},{"@type":"ListItem","position":2,"name":"Pr\u00e9sidentielle 2024: Quand les \u00e9gos et le choc des ambitions sapent l\u2019unit\u00e9 de l\u2019opposition."}]},{"@type":"WebSite","@id":"https:\/\/www.public.sn\/#website","url":"https:\/\/www.public.sn\/","name":"LE PUBLIC","description":"","publisher":{"@id":"https:\/\/www.public.sn\/#organization"},"potentialAction":[{"@type":"SearchAction","target":{"@type":"EntryPoint","urlTemplate":"https:\/\/www.public.sn\/?s={search_term_string}"},"query-input":{"@type":"PropertyValueSpecification","valueRequired":true,"valueName":"search_term_string"}}],"inLanguage":"fr-FR"},{"@type":"Organization","@id":"https:\/\/www.public.sn\/#organization","name":"LE PUBLIC","url":"https:\/\/www.public.sn\/","logo":{"@type":"ImageObject","inLanguage":"fr-FR","@id":"https:\/\/www.public.sn\/#\/schema\/logo\/image\/","url":"https:\/\/www.public.sn\/wp-content\/uploads\/2024\/05\/cropped-LOGO-PUBLIC.SN_.png","contentUrl":"https:\/\/www.public.sn\/wp-content\/uploads\/2024\/05\/cropped-LOGO-PUBLIC.SN_.png","width":682,"height":192,"caption":"LE PUBLIC"},"image":{"@id":"https:\/\/www.public.sn\/#\/schema\/logo\/image\/"}},{"@type":"Person","@id":"https:\/\/www.public.sn\/#\/schema\/person\/e3f4a11b037d4203902db148f9bc8d5a","name":"LA REDACTION","image":{"@type":"ImageObject","inLanguage":"fr-FR","@id":"https:\/\/www.public.sn\/#\/schema\/person\/image\/","url":"https:\/\/secure.gravatar.com\/avatar\/d6c030db45db2883c075085c5d6c6258654a801a93766b49af0b82d4f454e2a5?s=96&d=mm&r=g","contentUrl":"https:\/\/secure.gravatar.com\/avatar\/d6c030db45db2883c075085c5d6c6258654a801a93766b49af0b82d4f454e2a5?s=96&d=mm&r=g","caption":"LA REDACTION"},"sameAs":["http:\/\/www.public.sn"],"url":"https:\/\/www.public.sn\/index.php\/author\/admin7324\/"}]}},"jetpack_featured_media_url":"https:\/\/www.public.sn\/wp-content\/uploads\/2022\/08\/062CB097-8103-472B-9DF7-307C685665FE.jpeg","jetpack_sharing_enabled":true,"_links":{"self":[{"href":"https:\/\/www.public.sn\/index.php\/wp-json\/wp\/v2\/posts\/975","targetHints":{"allow":["GET"]}}],"collection":[{"href":"https:\/\/www.public.sn\/index.php\/wp-json\/wp\/v2\/posts"}],"about":[{"href":"https:\/\/www.public.sn\/index.php\/wp-json\/wp\/v2\/types\/post"}],"author":[{"embeddable":true,"href":"https:\/\/www.public.sn\/index.php\/wp-json\/wp\/v2\/users\/1"}],"replies":[{"embeddable":true,"href":"https:\/\/www.public.sn\/index.php\/wp-json\/wp\/v2\/comments?post=975"}],"version-history":[{"count":2,"href":"https:\/\/www.public.sn\/index.php\/wp-json\/wp\/v2\/posts\/975\/revisions"}],"predecessor-version":[{"id":985,"href":"https:\/\/www.public.sn\/index.php\/wp-json\/wp\/v2\/posts\/975\/revisions\/985"}],"wp:featuredmedia":[{"embeddable":true,"href":"https:\/\/www.public.sn\/index.php\/wp-json\/wp\/v2\/media\/976"}],"wp:attachment":[{"href":"https:\/\/www.public.sn\/index.php\/wp-json\/wp\/v2\/media?parent=975"}],"wp:term":[{"taxonomy":"category","embeddable":true,"href":"https:\/\/www.public.sn\/index.php\/wp-json\/wp\/v2\/categories?post=975"},{"taxonomy":"post_tag","embeddable":true,"href":"https:\/\/www.public.sn\/index.php\/wp-json\/wp\/v2\/tags?post=975"}],"curies":[{"name":"wp","href":"https:\/\/api.w.org\/{rel}","templated":true}]}}