{"id":9806,"date":"2022-11-23T08:42:21","date_gmt":"2022-11-23T08:42:21","guid":{"rendered":"https:\/\/www.public.sn\/?p=9806"},"modified":"2022-11-23T08:42:23","modified_gmt":"2022-11-23T08:42:23","slug":"saly-un-espagnol-arrete-pour-proxenetisme","status":"publish","type":"post","link":"https:\/\/www.public.sn\/index.php\/2022\/11\/23\/saly-un-espagnol-arrete-pour-proxenetisme\/","title":{"rendered":"Saly\u00a0: Un espagnol arr\u00eat\u00e9 pour prox\u00e9n\u00e9tisme."},"content":{"rendered":"\n<p><\/p>\n\n\n\n<p>La gendarmerie de Saly a mis hors d\u2019\u00e9tat de nuire des personnes qui s\u2019activaient dans des infractions punies par la loi. Elle a organis\u00e9 des op\u00e9rations de s\u00e9curisation au niveau de la petite cote. <\/p><div class=\"publi-paragraphe1\" style=\"margin-top: 10px;margin-bottom: 10px;margin-left: auto;margin-right: auto;text-align: center;\" id=\"publi-4074717185\"><div class=\"publi-adlabel\">Publicit\u00e9<\/div><script async src=\"\/\/pagead2.googlesyndication.com\/pagead\/js\/adsbygoogle.js?client=ca-pub-4089586018074219\" crossorigin=\"anonymous\"><\/script><ins class=\"adsbygoogle\" style=\"display:block;\" data-ad-client=\"ca-pub-4089586018074219\" \ndata-ad-slot=\"2087940154\" \ndata-ad-format=\"auto\"><\/ins>\n<script> \n(adsbygoogle = window.adsbygoogle || []).push({}); \n<\/script>\n<\/div>\n\n\n\n<p><\/p>\n\n\n\n<p>Au cours de leurs rondes, les gendarmes ont mis la main sur un espagnol. Celui-ci est accus\u00e9 de prox\u00e9n\u00e9tisme et de traite personnes et exploitation de jeux de hasard sans autorisation administrative. Les gendarmes de la Brigade de Recherches ( BR) de Saly ont proc\u00e9d\u00e9 \u00e0 l\u2019arrestation de 29 individus pour divers d\u00e9lits. <\/p>\n\n\n\n<p>18 filles ont \u00e9t\u00e9 \u00e9galement interpell\u00e9es pour racolage alors que 10 autres l\u2019ont \u00e9t\u00e9 pour non inscription au fichier sanitaire selon le Lieutenant-Colonel Ibrahima Ndiaye, Chef de la Division communication et des relations publiques de la gendarmerie nationale.<\/p>\n\n\n\n<p>Samba SY.<\/p>\n<div class=\"publi-apres-le-contenu\" style=\"margin-top: 10px;margin-bottom: 10px;margin-left: auto;margin-right: auto;text-align: center;\" id=\"publi-1257343819\"><div class=\"publi-adlabel\">Publicit\u00e9<\/div><script async src=\"\/\/pagead2.googlesyndication.com\/pagead\/js\/adsbygoogle.js?client=ca-pub-4089586018074219\" crossorigin=\"anonymous\"><\/script><ins class=\"adsbygoogle\" style=\"display:block;\" data-ad-client=\"ca-pub-4089586018074219\" \ndata-ad-slot=\"2087940154\" \ndata-ad-format=\"auto\"><\/ins>\n<script> \n(adsbygoogle = window.adsbygoogle || []).push({}); \n<\/script>\n<\/div>","protected":false},"excerpt":{"rendered":"<p>La gendarmerie de Saly a mis hors d\u2019\u00e9tat de nuire des personnes qui s\u2019activaient dans des infractions punies par la loi. Elle a organis\u00e9 des op\u00e9rations de s\u00e9curisation au niveau de la petite cote. Au cours de leurs rondes, les gendarmes ont mis la main sur un espagnol. Celui-ci est accus\u00e9 de prox\u00e9n\u00e9tisme et de traite personnes et exploitation de jeux de hasard sans autorisation administrative. Les gendarmes de la Brigade de Recherches ( BR) de Saly ont proc\u00e9d\u00e9 \u00e0 l\u2019arrestation de 29 individus pour divers d\u00e9lits. 18 filles ont \u00e9t\u00e9 \u00e9galement interpell\u00e9es pour racolage alors que 10 autres l\u2019ont \u00e9t\u00e9 pour non inscription au fichier sanitaire selon le Lieutenant-Colonel Ibrahima Ndiaye, Chef de la Division communication et des relations publiques de la gendarmerie nationale. Samba SY.<\/p>\n","protected":false},"author":7,"featured_media":9807,"comment_status":"open","ping_status":"open","sticky":false,"template":"","format":"standard","meta":{"_jetpack_memberships_contains_paid_content":false,"footnotes":""},"categories":[375,1,4],"tags":[3259,3260,687],"class_list":["post-9806","post","type-post","status-publish","format-standard","has-post-thumbnail","hentry","category-actualites","category-non-classe","category-societe","tag-arrestation-espagnol","tag-proxenetisme","tag-saly","entry","has-media","owp-thumbs-layout-horizontal","owp-btn-normal","owp-tabs-layout-horizontal","has-no-thumbnails","has-product-nav"],"yoast_head":"<!-- This site is optimized with the Yoast SEO plugin v25.5 - https:\/\/yoast.com\/wordpress\/plugins\/seo\/ -->\n<title>Saly\u00a0: Un espagnol arr\u00eat\u00e9 pour prox\u00e9n\u00e9tisme. - LE PUBLIC<\/title>\n<meta name=\"robots\" content=\"index, follow, max-snippet:-1, max-image-preview:large, max-video-preview:-1\" \/>\n<link rel=\"canonical\" href=\"https:\/\/www.public.sn\/index.php\/2022\/11\/23\/saly-un-espagnol-arrete-pour-proxenetisme\/\" \/>\n<meta property=\"og:locale\" content=\"fr_FR\" \/>\n<meta property=\"og:type\" content=\"article\" \/>\n<meta property=\"og:title\" content=\"Saly\u00a0: Un espagnol arr\u00eat\u00e9 pour prox\u00e9n\u00e9tisme. - LE PUBLIC\" \/>\n<meta property=\"og:description\" content=\"La gendarmerie de Saly a mis hors d\u2019\u00e9tat de nuire des personnes qui s\u2019activaient dans des infractions punies par la loi. Elle a organis\u00e9 des op\u00e9rations de s\u00e9curisation au niveau de la petite cote. Au cours de leurs rondes, les gendarmes ont mis la main sur un espagnol. Celui-ci est accus\u00e9 de prox\u00e9n\u00e9tisme et de traite personnes et exploitation de jeux de hasard sans autorisation administrative. Les gendarmes de la Brigade de Recherches ( BR) de Saly ont proc\u00e9d\u00e9 \u00e0 l\u2019arrestation de 29 individus pour divers d\u00e9lits. 18 filles ont \u00e9t\u00e9 \u00e9galement interpell\u00e9es pour racolage alors que 10 autres l\u2019ont \u00e9t\u00e9 pour non inscription au fichier sanitaire selon le Lieutenant-Colonel Ibrahima Ndiaye, Chef de la Division communication et des relations publiques de la gendarmerie nationale. Samba SY.\" \/>\n<meta property=\"og:url\" content=\"https:\/\/www.public.sn\/index.php\/2022\/11\/23\/saly-un-espagnol-arrete-pour-proxenetisme\/\" \/>\n<meta property=\"og:site_name\" content=\"LE PUBLIC\" \/>\n<meta property=\"article:published_time\" content=\"2022-11-23T08:42:21+00:00\" \/>\n<meta property=\"article:modified_time\" content=\"2022-11-23T08:42:23+00:00\" \/>\n<meta property=\"og:image\" content=\"https:\/\/www.public.sn\/wp-content\/uploads\/2022\/11\/br-de-saly.jpg\" \/>\n\t<meta property=\"og:image:width\" content=\"1000\" \/>\n\t<meta property=\"og:image:height\" content=\"751\" \/>\n\t<meta property=\"og:image:type\" content=\"image\/jpeg\" \/>\n<meta name=\"author\" content=\"LA REDACTION\" \/>\n<meta name=\"twitter:card\" content=\"summary_large_image\" \/>\n<meta name=\"twitter:label1\" content=\"\u00c9crit par\" \/>\n\t<meta name=\"twitter:data1\" content=\"LA REDACTION\" \/>\n\t<meta name=\"twitter:label2\" content=\"Dur\u00e9e de lecture estim\u00e9e\" \/>\n\t<meta name=\"twitter:data2\" content=\"1 minute\" \/>\n<script type=\"application\/ld+json\" class=\"yoast-schema-graph\">{\"@context\":\"https:\/\/schema.org\",\"@graph\":[{\"@type\":\"Article\",\"@id\":\"https:\/\/www.public.sn\/index.php\/2022\/11\/23\/saly-un-espagnol-arrete-pour-proxenetisme\/#article\",\"isPartOf\":{\"@id\":\"https:\/\/www.public.sn\/index.php\/2022\/11\/23\/saly-un-espagnol-arrete-pour-proxenetisme\/\"},\"author\":{\"name\":\"LA REDACTION\",\"@id\":\"https:\/\/www.public.sn\/#\/schema\/person\/cb76c8e1b8becc6be61fb5e92d6d0224\"},\"headline\":\"Saly\u00a0: Un espagnol arr\u00eat\u00e9 pour prox\u00e9n\u00e9tisme.\",\"datePublished\":\"2022-11-23T08:42:21+00:00\",\"dateModified\":\"2022-11-23T08:42:23+00:00\",\"mainEntityOfPage\":{\"@id\":\"https:\/\/www.public.sn\/index.php\/2022\/11\/23\/saly-un-espagnol-arrete-pour-proxenetisme\/\"},\"wordCount\":142,\"commentCount\":0,\"publisher\":{\"@id\":\"https:\/\/www.public.sn\/#organization\"},\"image\":{\"@id\":\"https:\/\/www.public.sn\/index.php\/2022\/11\/23\/saly-un-espagnol-arrete-pour-proxenetisme\/#primaryimage\"},\"thumbnailUrl\":\"https:\/\/www.public.sn\/wp-content\/uploads\/2022\/11\/br-de-saly.jpg\",\"keywords\":[\"arrestation espagnol\",\"prox\u00e9n\u00e9tisme;\",\"Saly\"],\"articleSection\":[\"ACTUALIT\u00c9S\",\"S\u00c9N\u00c9GAL\",\"SOCIETE\"],\"inLanguage\":\"fr-FR\",\"potentialAction\":[{\"@type\":\"CommentAction\",\"name\":\"Comment\",\"target\":[\"https:\/\/www.public.sn\/index.php\/2022\/11\/23\/saly-un-espagnol-arrete-pour-proxenetisme\/#respond\"]}]},{\"@type\":\"WebPage\",\"@id\":\"https:\/\/www.public.sn\/index.php\/2022\/11\/23\/saly-un-espagnol-arrete-pour-proxenetisme\/\",\"url\":\"https:\/\/www.public.sn\/index.php\/2022\/11\/23\/saly-un-espagnol-arrete-pour-proxenetisme\/\",\"name\":\"Saly\u00a0: Un espagnol arr\u00eat\u00e9 pour prox\u00e9n\u00e9tisme. - LE PUBLIC\",\"isPartOf\":{\"@id\":\"https:\/\/www.public.sn\/#website\"},\"primaryImageOfPage\":{\"@id\":\"https:\/\/www.public.sn\/index.php\/2022\/11\/23\/saly-un-espagnol-arrete-pour-proxenetisme\/#primaryimage\"},\"image\":{\"@id\":\"https:\/\/www.public.sn\/index.php\/2022\/11\/23\/saly-un-espagnol-arrete-pour-proxenetisme\/#primaryimage\"},\"thumbnailUrl\":\"https:\/\/www.public.sn\/wp-content\/uploads\/2022\/11\/br-de-saly.jpg\",\"datePublished\":\"2022-11-23T08:42:21+00:00\",\"dateModified\":\"2022-11-23T08:42:23+00:00\",\"breadcrumb\":{\"@id\":\"https:\/\/www.public.sn\/index.php\/2022\/11\/23\/saly-un-espagnol-arrete-pour-proxenetisme\/#breadcrumb\"},\"inLanguage\":\"fr-FR\",\"potentialAction\":[{\"@type\":\"ReadAction\",\"target\":[\"https:\/\/www.public.sn\/index.php\/2022\/11\/23\/saly-un-espagnol-arrete-pour-proxenetisme\/\"]}]},{\"@type\":\"ImageObject\",\"inLanguage\":\"fr-FR\",\"@id\":\"https:\/\/www.public.sn\/index.php\/2022\/11\/23\/saly-un-espagnol-arrete-pour-proxenetisme\/#primaryimage\",\"url\":\"https:\/\/www.public.sn\/wp-content\/uploads\/2022\/11\/br-de-saly.jpg\",\"contentUrl\":\"https:\/\/www.public.sn\/wp-content\/uploads\/2022\/11\/br-de-saly.jpg\",\"width\":1000,\"height\":751,\"caption\":\"publicsn\"},{\"@type\":\"BreadcrumbList\",\"@id\":\"https:\/\/www.public.sn\/index.php\/2022\/11\/23\/saly-un-espagnol-arrete-pour-proxenetisme\/#breadcrumb\",\"itemListElement\":[{\"@type\":\"ListItem\",\"position\":1,\"name\":\"Accueil\",\"item\":\"https:\/\/www.public.sn\/\"},{\"@type\":\"ListItem\",\"position\":2,\"name\":\"Saly\u00a0: Un espagnol arr\u00eat\u00e9 pour prox\u00e9n\u00e9tisme.\"}]},{\"@type\":\"WebSite\",\"@id\":\"https:\/\/www.public.sn\/#website\",\"url\":\"https:\/\/www.public.sn\/\",\"name\":\"LE PUBLIC\",\"description\":\"\",\"publisher\":{\"@id\":\"https:\/\/www.public.sn\/#organization\"},\"potentialAction\":[{\"@type\":\"SearchAction\",\"target\":{\"@type\":\"EntryPoint\",\"urlTemplate\":\"https:\/\/www.public.sn\/?s={search_term_string}\"},\"query-input\":{\"@type\":\"PropertyValueSpecification\",\"valueRequired\":true,\"valueName\":\"search_term_string\"}}],\"inLanguage\":\"fr-FR\"},{\"@type\":\"Organization\",\"@id\":\"https:\/\/www.public.sn\/#organization\",\"name\":\"LE PUBLIC\",\"url\":\"https:\/\/www.public.sn\/\",\"logo\":{\"@type\":\"ImageObject\",\"inLanguage\":\"fr-FR\",\"@id\":\"https:\/\/www.public.sn\/#\/schema\/logo\/image\/\",\"url\":\"https:\/\/www.public.sn\/wp-content\/uploads\/2024\/05\/cropped-LOGO-PUBLIC.SN_.png\",\"contentUrl\":\"https:\/\/www.public.sn\/wp-content\/uploads\/2024\/05\/cropped-LOGO-PUBLIC.SN_.png\",\"width\":682,\"height\":192,\"caption\":\"LE PUBLIC\"},\"image\":{\"@id\":\"https:\/\/www.public.sn\/#\/schema\/logo\/image\/\"}},{\"@type\":\"Person\",\"@id\":\"https:\/\/www.public.sn\/#\/schema\/person\/cb76c8e1b8becc6be61fb5e92d6d0224\",\"name\":\"LA REDACTION\",\"image\":{\"@type\":\"ImageObject\",\"inLanguage\":\"fr-FR\",\"@id\":\"https:\/\/www.public.sn\/#\/schema\/person\/image\/\",\"url\":\"https:\/\/secure.gravatar.com\/avatar\/2dce5ddd34b8fef0180efe03aa2a9bee7d953856048f9a16b298190a3178407c?s=96&d=mm&r=g\",\"contentUrl\":\"https:\/\/secure.gravatar.com\/avatar\/2dce5ddd34b8fef0180efe03aa2a9bee7d953856048f9a16b298190a3178407c?s=96&d=mm&r=g\",\"caption\":\"LA REDACTION\"},\"url\":\"https:\/\/www.public.sn\/index.php\/author\/editeurpsn\/\"}]}<\/script>\n<!-- \/ Yoast SEO plugin. -->","yoast_head_json":{"title":"Saly\u00a0: Un espagnol arr\u00eat\u00e9 pour prox\u00e9n\u00e9tisme. - LE PUBLIC","robots":{"index":"index","follow":"follow","max-snippet":"max-snippet:-1","max-image-preview":"max-image-preview:large","max-video-preview":"max-video-preview:-1"},"canonical":"https:\/\/www.public.sn\/index.php\/2022\/11\/23\/saly-un-espagnol-arrete-pour-proxenetisme\/","og_locale":"fr_FR","og_type":"article","og_title":"Saly\u00a0: Un espagnol arr\u00eat\u00e9 pour prox\u00e9n\u00e9tisme. - LE PUBLIC","og_description":"La gendarmerie de Saly a mis hors d\u2019\u00e9tat de nuire des personnes qui s\u2019activaient dans des infractions punies par la loi. Elle a organis\u00e9 des op\u00e9rations de s\u00e9curisation au niveau de la petite cote. Au cours de leurs rondes, les gendarmes ont mis la main sur un espagnol. Celui-ci est accus\u00e9 de prox\u00e9n\u00e9tisme et de traite personnes et exploitation de jeux de hasard sans autorisation administrative. Les gendarmes de la Brigade de Recherches ( BR) de Saly ont proc\u00e9d\u00e9 \u00e0 l\u2019arrestation de 29 individus pour divers d\u00e9lits. 18 filles ont \u00e9t\u00e9 \u00e9galement interpell\u00e9es pour racolage alors que 10 autres l\u2019ont \u00e9t\u00e9 pour non inscription au fichier sanitaire selon le Lieutenant-Colonel Ibrahima Ndiaye, Chef de la Division communication et des relations publiques de la gendarmerie nationale. Samba SY.","og_url":"https:\/\/www.public.sn\/index.php\/2022\/11\/23\/saly-un-espagnol-arrete-pour-proxenetisme\/","og_site_name":"LE PUBLIC","article_published_time":"2022-11-23T08:42:21+00:00","article_modified_time":"2022-11-23T08:42:23+00:00","og_image":[{"width":1000,"height":751,"url":"https:\/\/www.public.sn\/wp-content\/uploads\/2022\/11\/br-de-saly.jpg","type":"image\/jpeg"}],"author":"LA REDACTION","twitter_card":"summary_large_image","twitter_misc":{"\u00c9crit par":"LA REDACTION","Dur\u00e9e de lecture estim\u00e9e":"1 minute"},"schema":{"@context":"https:\/\/schema.org","@graph":[{"@type":"Article","@id":"https:\/\/www.public.sn\/index.php\/2022\/11\/23\/saly-un-espagnol-arrete-pour-proxenetisme\/#article","isPartOf":{"@id":"https:\/\/www.public.sn\/index.php\/2022\/11\/23\/saly-un-espagnol-arrete-pour-proxenetisme\/"},"author":{"name":"LA REDACTION","@id":"https:\/\/www.public.sn\/#\/schema\/person\/cb76c8e1b8becc6be61fb5e92d6d0224"},"headline":"Saly\u00a0: Un espagnol arr\u00eat\u00e9 pour prox\u00e9n\u00e9tisme.","datePublished":"2022-11-23T08:42:21+00:00","dateModified":"2022-11-23T08:42:23+00:00","mainEntityOfPage":{"@id":"https:\/\/www.public.sn\/index.php\/2022\/11\/23\/saly-un-espagnol-arrete-pour-proxenetisme\/"},"wordCount":142,"commentCount":0,"publisher":{"@id":"https:\/\/www.public.sn\/#organization"},"image":{"@id":"https:\/\/www.public.sn\/index.php\/2022\/11\/23\/saly-un-espagnol-arrete-pour-proxenetisme\/#primaryimage"},"thumbnailUrl":"https:\/\/www.public.sn\/wp-content\/uploads\/2022\/11\/br-de-saly.jpg","keywords":["arrestation espagnol","prox\u00e9n\u00e9tisme;","Saly"],"articleSection":["ACTUALIT\u00c9S","S\u00c9N\u00c9GAL","SOCIETE"],"inLanguage":"fr-FR","potentialAction":[{"@type":"CommentAction","name":"Comment","target":["https:\/\/www.public.sn\/index.php\/2022\/11\/23\/saly-un-espagnol-arrete-pour-proxenetisme\/#respond"]}]},{"@type":"WebPage","@id":"https:\/\/www.public.sn\/index.php\/2022\/11\/23\/saly-un-espagnol-arrete-pour-proxenetisme\/","url":"https:\/\/www.public.sn\/index.php\/2022\/11\/23\/saly-un-espagnol-arrete-pour-proxenetisme\/","name":"Saly\u00a0: Un espagnol arr\u00eat\u00e9 pour prox\u00e9n\u00e9tisme. - LE PUBLIC","isPartOf":{"@id":"https:\/\/www.public.sn\/#website"},"primaryImageOfPage":{"@id":"https:\/\/www.public.sn\/index.php\/2022\/11\/23\/saly-un-espagnol-arrete-pour-proxenetisme\/#primaryimage"},"image":{"@id":"https:\/\/www.public.sn\/index.php\/2022\/11\/23\/saly-un-espagnol-arrete-pour-proxenetisme\/#primaryimage"},"thumbnailUrl":"https:\/\/www.public.sn\/wp-content\/uploads\/2022\/11\/br-de-saly.jpg","datePublished":"2022-11-23T08:42:21+00:00","dateModified":"2022-11-23T08:42:23+00:00","breadcrumb":{"@id":"https:\/\/www.public.sn\/index.php\/2022\/11\/23\/saly-un-espagnol-arrete-pour-proxenetisme\/#breadcrumb"},"inLanguage":"fr-FR","potentialAction":[{"@type":"ReadAction","target":["https:\/\/www.public.sn\/index.php\/2022\/11\/23\/saly-un-espagnol-arrete-pour-proxenetisme\/"]}]},{"@type":"ImageObject","inLanguage":"fr-FR","@id":"https:\/\/www.public.sn\/index.php\/2022\/11\/23\/saly-un-espagnol-arrete-pour-proxenetisme\/#primaryimage","url":"https:\/\/www.public.sn\/wp-content\/uploads\/2022\/11\/br-de-saly.jpg","contentUrl":"https:\/\/www.public.sn\/wp-content\/uploads\/2022\/11\/br-de-saly.jpg","width":1000,"height":751,"caption":"publicsn"},{"@type":"BreadcrumbList","@id":"https:\/\/www.public.sn\/index.php\/2022\/11\/23\/saly-un-espagnol-arrete-pour-proxenetisme\/#breadcrumb","itemListElement":[{"@type":"ListItem","position":1,"name":"Accueil","item":"https:\/\/www.public.sn\/"},{"@type":"ListItem","position":2,"name":"Saly\u00a0: Un espagnol arr\u00eat\u00e9 pour prox\u00e9n\u00e9tisme."}]},{"@type":"WebSite","@id":"https:\/\/www.public.sn\/#website","url":"https:\/\/www.public.sn\/","name":"LE PUBLIC","description":"","publisher":{"@id":"https:\/\/www.public.sn\/#organization"},"potentialAction":[{"@type":"SearchAction","target":{"@type":"EntryPoint","urlTemplate":"https:\/\/www.public.sn\/?s={search_term_string}"},"query-input":{"@type":"PropertyValueSpecification","valueRequired":true,"valueName":"search_term_string"}}],"inLanguage":"fr-FR"},{"@type":"Organization","@id":"https:\/\/www.public.sn\/#organization","name":"LE PUBLIC","url":"https:\/\/www.public.sn\/","logo":{"@type":"ImageObject","inLanguage":"fr-FR","@id":"https:\/\/www.public.sn\/#\/schema\/logo\/image\/","url":"https:\/\/www.public.sn\/wp-content\/uploads\/2024\/05\/cropped-LOGO-PUBLIC.SN_.png","contentUrl":"https:\/\/www.public.sn\/wp-content\/uploads\/2024\/05\/cropped-LOGO-PUBLIC.SN_.png","width":682,"height":192,"caption":"LE PUBLIC"},"image":{"@id":"https:\/\/www.public.sn\/#\/schema\/logo\/image\/"}},{"@type":"Person","@id":"https:\/\/www.public.sn\/#\/schema\/person\/cb76c8e1b8becc6be61fb5e92d6d0224","name":"LA REDACTION","image":{"@type":"ImageObject","inLanguage":"fr-FR","@id":"https:\/\/www.public.sn\/#\/schema\/person\/image\/","url":"https:\/\/secure.gravatar.com\/avatar\/2dce5ddd34b8fef0180efe03aa2a9bee7d953856048f9a16b298190a3178407c?s=96&d=mm&r=g","contentUrl":"https:\/\/secure.gravatar.com\/avatar\/2dce5ddd34b8fef0180efe03aa2a9bee7d953856048f9a16b298190a3178407c?s=96&d=mm&r=g","caption":"LA REDACTION"},"url":"https:\/\/www.public.sn\/index.php\/author\/editeurpsn\/"}]}},"jetpack_featured_media_url":"https:\/\/www.public.sn\/wp-content\/uploads\/2022\/11\/br-de-saly.jpg","jetpack_sharing_enabled":true,"_links":{"self":[{"href":"https:\/\/www.public.sn\/index.php\/wp-json\/wp\/v2\/posts\/9806","targetHints":{"allow":["GET"]}}],"collection":[{"href":"https:\/\/www.public.sn\/index.php\/wp-json\/wp\/v2\/posts"}],"about":[{"href":"https:\/\/www.public.sn\/index.php\/wp-json\/wp\/v2\/types\/post"}],"author":[{"embeddable":true,"href":"https:\/\/www.public.sn\/index.php\/wp-json\/wp\/v2\/users\/7"}],"replies":[{"embeddable":true,"href":"https:\/\/www.public.sn\/index.php\/wp-json\/wp\/v2\/comments?post=9806"}],"version-history":[{"count":2,"href":"https:\/\/www.public.sn\/index.php\/wp-json\/wp\/v2\/posts\/9806\/revisions"}],"predecessor-version":[{"id":9809,"href":"https:\/\/www.public.sn\/index.php\/wp-json\/wp\/v2\/posts\/9806\/revisions\/9809"}],"wp:featuredmedia":[{"embeddable":true,"href":"https:\/\/www.public.sn\/index.php\/wp-json\/wp\/v2\/media\/9807"}],"wp:attachment":[{"href":"https:\/\/www.public.sn\/index.php\/wp-json\/wp\/v2\/media?parent=9806"}],"wp:term":[{"taxonomy":"category","embeddable":true,"href":"https:\/\/www.public.sn\/index.php\/wp-json\/wp\/v2\/categories?post=9806"},{"taxonomy":"post_tag","embeddable":true,"href":"https:\/\/www.public.sn\/index.php\/wp-json\/wp\/v2\/tags?post=9806"}],"curies":[{"name":"wp","href":"https:\/\/api.w.org\/{rel}","templated":true}]}}