{"id":9814,"date":"2022-11-23T09:23:12","date_gmt":"2022-11-23T09:23:12","guid":{"rendered":"https:\/\/www.public.sn\/?p=9814"},"modified":"2022-11-23T09:23:14","modified_gmt":"2022-11-23T09:23:14","slug":"qatar-abdou-diallo-operationnel-kouyate-absent","status":"publish","type":"post","link":"https:\/\/www.public.sn\/index.php\/2022\/11\/23\/qatar-abdou-diallo-operationnel-kouyate-absent\/","title":{"rendered":"Qatar: Abdou Diallo op\u00e9rationnel, Kouyat\u00e9 absent."},"content":{"rendered":"\n<p>La f\u00e9d\u00e9ration s\u00e9n\u00e9galaise de football \u00a0informe dans un communiqu\u00e9 que Abdou Diallo reprend les entra\u00eenements, d\u00e8s ce mercredi avec le groupe.<\/p><div class=\"publi-paragraphe1\" style=\"margin-top: 10px;margin-bottom: 10px;margin-left: auto;margin-right: auto;text-align: center;\" id=\"publi-920060942\"><div class=\"publi-adlabel\">Publicit\u00e9<\/div><script async src=\"\/\/pagead2.googlesyndication.com\/pagead\/js\/adsbygoogle.js?client=ca-pub-4089586018074219\" crossorigin=\"anonymous\"><\/script><ins class=\"adsbygoogle\" style=\"display:block;\" data-ad-client=\"ca-pub-4089586018074219\" \ndata-ad-slot=\"2087940154\" \ndata-ad-format=\"auto\"><\/ins>\n<script> \n(adsbygoogle = window.adsbygoogle || []).push({}); \n<\/script>\n<\/div>\n\n\n\n<p><\/p>\n\n\n\n<p>Bless\u00e9 lors du premier match, la f\u00e9d\u00e9ration informe le public que les examens cliniques faits ce jour ont r\u00e9v\u00e9l\u00e9 les r\u00e9sultats suivants : \u00ab\u00a0Le joueur Abdou Diallo est sorti \u00e0 la suite de crampes musculaires. Il a suivi un circuit de r\u00e9cup\u00e9ration ce jour et pourra reprendre les entra\u00eenements d\u00e8s ce mercredi\u00a0\u00bb.<\/p>\n\n\n\n<p><\/p>\n\n\n\n<p>Pour Cheikhou Kouyat\u00e9, l&rsquo;examen IRM a r\u00e9v\u00e9l\u00e9 \u00ab\u00a0une discr\u00e8te inflammation musculaire au niveau de son ischio-jambier droit. Il sera donc probablement indisponible pour le prochain match du S\u00e9n\u00e9gal contre le Qatar\u00a0\u00bb.<\/p>\n\n\n\n<p><\/p>\n\n\n\n<p><\/p>\n\n\n\n<figure class=\"wp-block-image size-large\"><img fetchpriority=\"high\" decoding=\"async\" width=\"976\" height=\"1024\" src=\"https:\/\/www.public.sn\/wp-content\/uploads\/2022\/11\/communique-fsf-976x1024.jpeg\" alt=\"\" class=\"wp-image-9815\" srcset=\"https:\/\/www.public.sn\/wp-content\/uploads\/2022\/11\/communique-fsf-976x1024.jpeg 976w, https:\/\/www.public.sn\/wp-content\/uploads\/2022\/11\/communique-fsf-600x630.jpeg 600w, https:\/\/www.public.sn\/wp-content\/uploads\/2022\/11\/communique-fsf-286x300.jpeg 286w, https:\/\/www.public.sn\/wp-content\/uploads\/2022\/11\/communique-fsf-768x806.jpeg 768w, https:\/\/www.public.sn\/wp-content\/uploads\/2022\/11\/communique-fsf.jpeg 1220w\" sizes=\"(max-width: 976px) 100vw, 976px\" \/><\/figure>\n\n\n\n<p><\/p>\n\n\n\n<p>Samba SY.<\/p>\n<div class=\"publi-apres-le-contenu\" style=\"margin-top: 10px;margin-bottom: 10px;margin-left: auto;margin-right: auto;text-align: center;\" id=\"publi-914256345\"><div class=\"publi-adlabel\">Publicit\u00e9<\/div><script async src=\"\/\/pagead2.googlesyndication.com\/pagead\/js\/adsbygoogle.js?client=ca-pub-4089586018074219\" crossorigin=\"anonymous\"><\/script><ins class=\"adsbygoogle\" style=\"display:block;\" data-ad-client=\"ca-pub-4089586018074219\" \ndata-ad-slot=\"2087940154\" \ndata-ad-format=\"auto\"><\/ins>\n<script> \n(adsbygoogle = window.adsbygoogle || []).push({}); \n<\/script>\n<\/div>","protected":false},"excerpt":{"rendered":"<p>La f\u00e9d\u00e9ration s\u00e9n\u00e9galaise de football \u00a0informe dans un communiqu\u00e9 que Abdou Diallo reprend les entra\u00eenements, d\u00e8s ce mercredi avec le groupe. Bless\u00e9 lors du premier match, la f\u00e9d\u00e9ration informe le public que les examens cliniques faits ce jour ont r\u00e9v\u00e9l\u00e9 les r\u00e9sultats suivants : \u00ab\u00a0Le joueur Abdou Diallo est sorti \u00e0 la suite de crampes musculaires. Il a suivi un circuit de r\u00e9cup\u00e9ration ce jour et pourra reprendre les entra\u00eenements d\u00e8s ce mercredi\u00a0\u00bb. Pour Cheikhou Kouyat\u00e9, l&rsquo;examen IRM a r\u00e9v\u00e9l\u00e9 \u00ab\u00a0une discr\u00e8te inflammation musculaire au niveau de son ischio-jambier droit. Il sera donc probablement indisponible pour le prochain match du S\u00e9n\u00e9gal contre le Qatar\u00a0\u00bb. Samba SY.<\/p>\n","protected":false},"author":7,"featured_media":9816,"comment_status":"open","ping_status":"open","sticky":false,"template":"","format":"standard","meta":{"_jetpack_memberships_contains_paid_content":false,"footnotes":""},"categories":[375,1,7],"tags":[3263,3262,1419],"class_list":["post-9814","post","type-post","status-publish","format-standard","has-post-thumbnail","hentry","category-actualites","category-non-classe","category-sport","tag-abdou-diallo-et-kouyate","tag-communique-fsf","tag-qatar","entry","has-media","owp-thumbs-layout-horizontal","owp-btn-normal","owp-tabs-layout-horizontal","has-no-thumbnails","has-product-nav"],"yoast_head":"<!-- This site is optimized with the Yoast SEO plugin v25.5 - https:\/\/yoast.com\/wordpress\/plugins\/seo\/ -->\n<title>Qatar: Abdou Diallo op\u00e9rationnel, Kouyat\u00e9 absent. - LE PUBLIC<\/title>\n<meta name=\"robots\" content=\"index, follow, max-snippet:-1, max-image-preview:large, max-video-preview:-1\" \/>\n<link rel=\"canonical\" href=\"https:\/\/www.public.sn\/index.php\/2022\/11\/23\/qatar-abdou-diallo-operationnel-kouyate-absent\/\" \/>\n<meta property=\"og:locale\" content=\"fr_FR\" \/>\n<meta property=\"og:type\" content=\"article\" \/>\n<meta property=\"og:title\" content=\"Qatar: Abdou Diallo op\u00e9rationnel, Kouyat\u00e9 absent. - LE PUBLIC\" \/>\n<meta property=\"og:description\" content=\"La f\u00e9d\u00e9ration s\u00e9n\u00e9galaise de football \u00a0informe dans un communiqu\u00e9 que Abdou Diallo reprend les entra\u00eenements, d\u00e8s ce mercredi avec le groupe. Bless\u00e9 lors du premier match, la f\u00e9d\u00e9ration informe le public que les examens cliniques faits ce jour ont r\u00e9v\u00e9l\u00e9 les r\u00e9sultats suivants : \u00ab\u00a0Le joueur Abdou Diallo est sorti \u00e0 la suite de crampes musculaires. Il a suivi un circuit de r\u00e9cup\u00e9ration ce jour et pourra reprendre les entra\u00eenements d\u00e8s ce mercredi\u00a0\u00bb. Pour Cheikhou Kouyat\u00e9, l&rsquo;examen IRM a r\u00e9v\u00e9l\u00e9 \u00ab\u00a0une discr\u00e8te inflammation musculaire au niveau de son ischio-jambier droit. Il sera donc probablement indisponible pour le prochain match du S\u00e9n\u00e9gal contre le Qatar\u00a0\u00bb. Samba SY.\" \/>\n<meta property=\"og:url\" content=\"https:\/\/www.public.sn\/index.php\/2022\/11\/23\/qatar-abdou-diallo-operationnel-kouyate-absent\/\" \/>\n<meta property=\"og:site_name\" content=\"LE PUBLIC\" \/>\n<meta property=\"article:published_time\" content=\"2022-11-23T09:23:12+00:00\" \/>\n<meta property=\"article:modified_time\" content=\"2022-11-23T09:23:14+00:00\" \/>\n<meta property=\"og:image\" content=\"https:\/\/www.public.sn\/wp-content\/uploads\/2022\/11\/FSF.png\" \/>\n\t<meta property=\"og:image:width\" content=\"750\" \/>\n\t<meta property=\"og:image:height\" content=\"386\" \/>\n\t<meta property=\"og:image:type\" content=\"image\/png\" \/>\n<meta name=\"author\" content=\"LA REDACTION\" \/>\n<meta name=\"twitter:card\" content=\"summary_large_image\" \/>\n<meta name=\"twitter:label1\" content=\"\u00c9crit par\" \/>\n\t<meta name=\"twitter:data1\" content=\"LA REDACTION\" \/>\n\t<meta name=\"twitter:label2\" content=\"Dur\u00e9e de lecture estim\u00e9e\" \/>\n\t<meta name=\"twitter:data2\" content=\"1 minute\" \/>\n<script type=\"application\/ld+json\" class=\"yoast-schema-graph\">{\"@context\":\"https:\/\/schema.org\",\"@graph\":[{\"@type\":\"Article\",\"@id\":\"https:\/\/www.public.sn\/index.php\/2022\/11\/23\/qatar-abdou-diallo-operationnel-kouyate-absent\/#article\",\"isPartOf\":{\"@id\":\"https:\/\/www.public.sn\/index.php\/2022\/11\/23\/qatar-abdou-diallo-operationnel-kouyate-absent\/\"},\"author\":{\"name\":\"LA REDACTION\",\"@id\":\"https:\/\/www.public.sn\/#\/schema\/person\/cb76c8e1b8becc6be61fb5e92d6d0224\"},\"headline\":\"Qatar: Abdou Diallo op\u00e9rationnel, Kouyat\u00e9 absent.\",\"datePublished\":\"2022-11-23T09:23:12+00:00\",\"dateModified\":\"2022-11-23T09:23:14+00:00\",\"mainEntityOfPage\":{\"@id\":\"https:\/\/www.public.sn\/index.php\/2022\/11\/23\/qatar-abdou-diallo-operationnel-kouyate-absent\/\"},\"wordCount\":131,\"commentCount\":0,\"publisher\":{\"@id\":\"https:\/\/www.public.sn\/#organization\"},\"image\":{\"@id\":\"https:\/\/www.public.sn\/index.php\/2022\/11\/23\/qatar-abdou-diallo-operationnel-kouyate-absent\/#primaryimage\"},\"thumbnailUrl\":\"https:\/\/www.public.sn\/wp-content\/uploads\/2022\/11\/FSF.png\",\"keywords\":[\"abdou diallo et kouyat\u00e9\",\"communiqu\u00e9 fsf\",\"qatar\"],\"articleSection\":[\"ACTUALIT\u00c9S\",\"S\u00c9N\u00c9GAL\",\"SPORTS\"],\"inLanguage\":\"fr-FR\",\"potentialAction\":[{\"@type\":\"CommentAction\",\"name\":\"Comment\",\"target\":[\"https:\/\/www.public.sn\/index.php\/2022\/11\/23\/qatar-abdou-diallo-operationnel-kouyate-absent\/#respond\"]}]},{\"@type\":\"WebPage\",\"@id\":\"https:\/\/www.public.sn\/index.php\/2022\/11\/23\/qatar-abdou-diallo-operationnel-kouyate-absent\/\",\"url\":\"https:\/\/www.public.sn\/index.php\/2022\/11\/23\/qatar-abdou-diallo-operationnel-kouyate-absent\/\",\"name\":\"Qatar: Abdou Diallo op\u00e9rationnel, Kouyat\u00e9 absent. - LE PUBLIC\",\"isPartOf\":{\"@id\":\"https:\/\/www.public.sn\/#website\"},\"primaryImageOfPage\":{\"@id\":\"https:\/\/www.public.sn\/index.php\/2022\/11\/23\/qatar-abdou-diallo-operationnel-kouyate-absent\/#primaryimage\"},\"image\":{\"@id\":\"https:\/\/www.public.sn\/index.php\/2022\/11\/23\/qatar-abdou-diallo-operationnel-kouyate-absent\/#primaryimage\"},\"thumbnailUrl\":\"https:\/\/www.public.sn\/wp-content\/uploads\/2022\/11\/FSF.png\",\"datePublished\":\"2022-11-23T09:23:12+00:00\",\"dateModified\":\"2022-11-23T09:23:14+00:00\",\"breadcrumb\":{\"@id\":\"https:\/\/www.public.sn\/index.php\/2022\/11\/23\/qatar-abdou-diallo-operationnel-kouyate-absent\/#breadcrumb\"},\"inLanguage\":\"fr-FR\",\"potentialAction\":[{\"@type\":\"ReadAction\",\"target\":[\"https:\/\/www.public.sn\/index.php\/2022\/11\/23\/qatar-abdou-diallo-operationnel-kouyate-absent\/\"]}]},{\"@type\":\"ImageObject\",\"inLanguage\":\"fr-FR\",\"@id\":\"https:\/\/www.public.sn\/index.php\/2022\/11\/23\/qatar-abdou-diallo-operationnel-kouyate-absent\/#primaryimage\",\"url\":\"https:\/\/www.public.sn\/wp-content\/uploads\/2022\/11\/FSF.png\",\"contentUrl\":\"https:\/\/www.public.sn\/wp-content\/uploads\/2022\/11\/FSF.png\",\"width\":750,\"height\":386,\"caption\":\"publicsn\"},{\"@type\":\"BreadcrumbList\",\"@id\":\"https:\/\/www.public.sn\/index.php\/2022\/11\/23\/qatar-abdou-diallo-operationnel-kouyate-absent\/#breadcrumb\",\"itemListElement\":[{\"@type\":\"ListItem\",\"position\":1,\"name\":\"Accueil\",\"item\":\"https:\/\/www.public.sn\/\"},{\"@type\":\"ListItem\",\"position\":2,\"name\":\"Qatar: Abdou Diallo op\u00e9rationnel, Kouyat\u00e9 absent.\"}]},{\"@type\":\"WebSite\",\"@id\":\"https:\/\/www.public.sn\/#website\",\"url\":\"https:\/\/www.public.sn\/\",\"name\":\"LE PUBLIC\",\"description\":\"\",\"publisher\":{\"@id\":\"https:\/\/www.public.sn\/#organization\"},\"potentialAction\":[{\"@type\":\"SearchAction\",\"target\":{\"@type\":\"EntryPoint\",\"urlTemplate\":\"https:\/\/www.public.sn\/?s={search_term_string}\"},\"query-input\":{\"@type\":\"PropertyValueSpecification\",\"valueRequired\":true,\"valueName\":\"search_term_string\"}}],\"inLanguage\":\"fr-FR\"},{\"@type\":\"Organization\",\"@id\":\"https:\/\/www.public.sn\/#organization\",\"name\":\"LE PUBLIC\",\"url\":\"https:\/\/www.public.sn\/\",\"logo\":{\"@type\":\"ImageObject\",\"inLanguage\":\"fr-FR\",\"@id\":\"https:\/\/www.public.sn\/#\/schema\/logo\/image\/\",\"url\":\"https:\/\/www.public.sn\/wp-content\/uploads\/2024\/05\/cropped-LOGO-PUBLIC.SN_.png\",\"contentUrl\":\"https:\/\/www.public.sn\/wp-content\/uploads\/2024\/05\/cropped-LOGO-PUBLIC.SN_.png\",\"width\":682,\"height\":192,\"caption\":\"LE PUBLIC\"},\"image\":{\"@id\":\"https:\/\/www.public.sn\/#\/schema\/logo\/image\/\"}},{\"@type\":\"Person\",\"@id\":\"https:\/\/www.public.sn\/#\/schema\/person\/cb76c8e1b8becc6be61fb5e92d6d0224\",\"name\":\"LA REDACTION\",\"image\":{\"@type\":\"ImageObject\",\"inLanguage\":\"fr-FR\",\"@id\":\"https:\/\/www.public.sn\/#\/schema\/person\/image\/\",\"url\":\"https:\/\/secure.gravatar.com\/avatar\/2dce5ddd34b8fef0180efe03aa2a9bee7d953856048f9a16b298190a3178407c?s=96&d=mm&r=g\",\"contentUrl\":\"https:\/\/secure.gravatar.com\/avatar\/2dce5ddd34b8fef0180efe03aa2a9bee7d953856048f9a16b298190a3178407c?s=96&d=mm&r=g\",\"caption\":\"LA REDACTION\"},\"url\":\"https:\/\/www.public.sn\/index.php\/author\/editeurpsn\/\"}]}<\/script>\n<!-- \/ Yoast SEO plugin. -->","yoast_head_json":{"title":"Qatar: Abdou Diallo op\u00e9rationnel, Kouyat\u00e9 absent. - LE PUBLIC","robots":{"index":"index","follow":"follow","max-snippet":"max-snippet:-1","max-image-preview":"max-image-preview:large","max-video-preview":"max-video-preview:-1"},"canonical":"https:\/\/www.public.sn\/index.php\/2022\/11\/23\/qatar-abdou-diallo-operationnel-kouyate-absent\/","og_locale":"fr_FR","og_type":"article","og_title":"Qatar: Abdou Diallo op\u00e9rationnel, Kouyat\u00e9 absent. - LE PUBLIC","og_description":"La f\u00e9d\u00e9ration s\u00e9n\u00e9galaise de football \u00a0informe dans un communiqu\u00e9 que Abdou Diallo reprend les entra\u00eenements, d\u00e8s ce mercredi avec le groupe. Bless\u00e9 lors du premier match, la f\u00e9d\u00e9ration informe le public que les examens cliniques faits ce jour ont r\u00e9v\u00e9l\u00e9 les r\u00e9sultats suivants : \u00ab\u00a0Le joueur Abdou Diallo est sorti \u00e0 la suite de crampes musculaires. Il a suivi un circuit de r\u00e9cup\u00e9ration ce jour et pourra reprendre les entra\u00eenements d\u00e8s ce mercredi\u00a0\u00bb. Pour Cheikhou Kouyat\u00e9, l&rsquo;examen IRM a r\u00e9v\u00e9l\u00e9 \u00ab\u00a0une discr\u00e8te inflammation musculaire au niveau de son ischio-jambier droit. Il sera donc probablement indisponible pour le prochain match du S\u00e9n\u00e9gal contre le Qatar\u00a0\u00bb. Samba SY.","og_url":"https:\/\/www.public.sn\/index.php\/2022\/11\/23\/qatar-abdou-diallo-operationnel-kouyate-absent\/","og_site_name":"LE PUBLIC","article_published_time":"2022-11-23T09:23:12+00:00","article_modified_time":"2022-11-23T09:23:14+00:00","og_image":[{"width":750,"height":386,"url":"https:\/\/www.public.sn\/wp-content\/uploads\/2022\/11\/FSF.png","type":"image\/png"}],"author":"LA REDACTION","twitter_card":"summary_large_image","twitter_misc":{"\u00c9crit par":"LA REDACTION","Dur\u00e9e de lecture estim\u00e9e":"1 minute"},"schema":{"@context":"https:\/\/schema.org","@graph":[{"@type":"Article","@id":"https:\/\/www.public.sn\/index.php\/2022\/11\/23\/qatar-abdou-diallo-operationnel-kouyate-absent\/#article","isPartOf":{"@id":"https:\/\/www.public.sn\/index.php\/2022\/11\/23\/qatar-abdou-diallo-operationnel-kouyate-absent\/"},"author":{"name":"LA REDACTION","@id":"https:\/\/www.public.sn\/#\/schema\/person\/cb76c8e1b8becc6be61fb5e92d6d0224"},"headline":"Qatar: Abdou Diallo op\u00e9rationnel, Kouyat\u00e9 absent.","datePublished":"2022-11-23T09:23:12+00:00","dateModified":"2022-11-23T09:23:14+00:00","mainEntityOfPage":{"@id":"https:\/\/www.public.sn\/index.php\/2022\/11\/23\/qatar-abdou-diallo-operationnel-kouyate-absent\/"},"wordCount":131,"commentCount":0,"publisher":{"@id":"https:\/\/www.public.sn\/#organization"},"image":{"@id":"https:\/\/www.public.sn\/index.php\/2022\/11\/23\/qatar-abdou-diallo-operationnel-kouyate-absent\/#primaryimage"},"thumbnailUrl":"https:\/\/www.public.sn\/wp-content\/uploads\/2022\/11\/FSF.png","keywords":["abdou diallo et kouyat\u00e9","communiqu\u00e9 fsf","qatar"],"articleSection":["ACTUALIT\u00c9S","S\u00c9N\u00c9GAL","SPORTS"],"inLanguage":"fr-FR","potentialAction":[{"@type":"CommentAction","name":"Comment","target":["https:\/\/www.public.sn\/index.php\/2022\/11\/23\/qatar-abdou-diallo-operationnel-kouyate-absent\/#respond"]}]},{"@type":"WebPage","@id":"https:\/\/www.public.sn\/index.php\/2022\/11\/23\/qatar-abdou-diallo-operationnel-kouyate-absent\/","url":"https:\/\/www.public.sn\/index.php\/2022\/11\/23\/qatar-abdou-diallo-operationnel-kouyate-absent\/","name":"Qatar: Abdou Diallo op\u00e9rationnel, Kouyat\u00e9 absent. - LE PUBLIC","isPartOf":{"@id":"https:\/\/www.public.sn\/#website"},"primaryImageOfPage":{"@id":"https:\/\/www.public.sn\/index.php\/2022\/11\/23\/qatar-abdou-diallo-operationnel-kouyate-absent\/#primaryimage"},"image":{"@id":"https:\/\/www.public.sn\/index.php\/2022\/11\/23\/qatar-abdou-diallo-operationnel-kouyate-absent\/#primaryimage"},"thumbnailUrl":"https:\/\/www.public.sn\/wp-content\/uploads\/2022\/11\/FSF.png","datePublished":"2022-11-23T09:23:12+00:00","dateModified":"2022-11-23T09:23:14+00:00","breadcrumb":{"@id":"https:\/\/www.public.sn\/index.php\/2022\/11\/23\/qatar-abdou-diallo-operationnel-kouyate-absent\/#breadcrumb"},"inLanguage":"fr-FR","potentialAction":[{"@type":"ReadAction","target":["https:\/\/www.public.sn\/index.php\/2022\/11\/23\/qatar-abdou-diallo-operationnel-kouyate-absent\/"]}]},{"@type":"ImageObject","inLanguage":"fr-FR","@id":"https:\/\/www.public.sn\/index.php\/2022\/11\/23\/qatar-abdou-diallo-operationnel-kouyate-absent\/#primaryimage","url":"https:\/\/www.public.sn\/wp-content\/uploads\/2022\/11\/FSF.png","contentUrl":"https:\/\/www.public.sn\/wp-content\/uploads\/2022\/11\/FSF.png","width":750,"height":386,"caption":"publicsn"},{"@type":"BreadcrumbList","@id":"https:\/\/www.public.sn\/index.php\/2022\/11\/23\/qatar-abdou-diallo-operationnel-kouyate-absent\/#breadcrumb","itemListElement":[{"@type":"ListItem","position":1,"name":"Accueil","item":"https:\/\/www.public.sn\/"},{"@type":"ListItem","position":2,"name":"Qatar: Abdou Diallo op\u00e9rationnel, Kouyat\u00e9 absent."}]},{"@type":"WebSite","@id":"https:\/\/www.public.sn\/#website","url":"https:\/\/www.public.sn\/","name":"LE PUBLIC","description":"","publisher":{"@id":"https:\/\/www.public.sn\/#organization"},"potentialAction":[{"@type":"SearchAction","target":{"@type":"EntryPoint","urlTemplate":"https:\/\/www.public.sn\/?s={search_term_string}"},"query-input":{"@type":"PropertyValueSpecification","valueRequired":true,"valueName":"search_term_string"}}],"inLanguage":"fr-FR"},{"@type":"Organization","@id":"https:\/\/www.public.sn\/#organization","name":"LE PUBLIC","url":"https:\/\/www.public.sn\/","logo":{"@type":"ImageObject","inLanguage":"fr-FR","@id":"https:\/\/www.public.sn\/#\/schema\/logo\/image\/","url":"https:\/\/www.public.sn\/wp-content\/uploads\/2024\/05\/cropped-LOGO-PUBLIC.SN_.png","contentUrl":"https:\/\/www.public.sn\/wp-content\/uploads\/2024\/05\/cropped-LOGO-PUBLIC.SN_.png","width":682,"height":192,"caption":"LE PUBLIC"},"image":{"@id":"https:\/\/www.public.sn\/#\/schema\/logo\/image\/"}},{"@type":"Person","@id":"https:\/\/www.public.sn\/#\/schema\/person\/cb76c8e1b8becc6be61fb5e92d6d0224","name":"LA REDACTION","image":{"@type":"ImageObject","inLanguage":"fr-FR","@id":"https:\/\/www.public.sn\/#\/schema\/person\/image\/","url":"https:\/\/secure.gravatar.com\/avatar\/2dce5ddd34b8fef0180efe03aa2a9bee7d953856048f9a16b298190a3178407c?s=96&d=mm&r=g","contentUrl":"https:\/\/secure.gravatar.com\/avatar\/2dce5ddd34b8fef0180efe03aa2a9bee7d953856048f9a16b298190a3178407c?s=96&d=mm&r=g","caption":"LA REDACTION"},"url":"https:\/\/www.public.sn\/index.php\/author\/editeurpsn\/"}]}},"jetpack_featured_media_url":"https:\/\/www.public.sn\/wp-content\/uploads\/2022\/11\/FSF.png","jetpack_sharing_enabled":true,"_links":{"self":[{"href":"https:\/\/www.public.sn\/index.php\/wp-json\/wp\/v2\/posts\/9814","targetHints":{"allow":["GET"]}}],"collection":[{"href":"https:\/\/www.public.sn\/index.php\/wp-json\/wp\/v2\/posts"}],"about":[{"href":"https:\/\/www.public.sn\/index.php\/wp-json\/wp\/v2\/types\/post"}],"author":[{"embeddable":true,"href":"https:\/\/www.public.sn\/index.php\/wp-json\/wp\/v2\/users\/7"}],"replies":[{"embeddable":true,"href":"https:\/\/www.public.sn\/index.php\/wp-json\/wp\/v2\/comments?post=9814"}],"version-history":[{"count":2,"href":"https:\/\/www.public.sn\/index.php\/wp-json\/wp\/v2\/posts\/9814\/revisions"}],"predecessor-version":[{"id":9818,"href":"https:\/\/www.public.sn\/index.php\/wp-json\/wp\/v2\/posts\/9814\/revisions\/9818"}],"wp:featuredmedia":[{"embeddable":true,"href":"https:\/\/www.public.sn\/index.php\/wp-json\/wp\/v2\/media\/9816"}],"wp:attachment":[{"href":"https:\/\/www.public.sn\/index.php\/wp-json\/wp\/v2\/media?parent=9814"}],"wp:term":[{"taxonomy":"category","embeddable":true,"href":"https:\/\/www.public.sn\/index.php\/wp-json\/wp\/v2\/categories?post=9814"},{"taxonomy":"post_tag","embeddable":true,"href":"https:\/\/www.public.sn\/index.php\/wp-json\/wp\/v2\/tags?post=9814"}],"curies":[{"name":"wp","href":"https:\/\/api.w.org\/{rel}","templated":true}]}}