{"id":9839,"date":"2022-11-23T11:35:27","date_gmt":"2022-11-23T11:35:27","guid":{"rendered":"https:\/\/www.public.sn\/?p=9839"},"modified":"2022-11-23T11:35:58","modified_gmt":"2022-11-23T11:35:58","slug":"les-leaders-de-yewwi-askan-wi-felicitent-leurs-deputes","status":"publish","type":"post","link":"https:\/\/www.public.sn\/index.php\/2022\/11\/23\/les-leaders-de-yewwi-askan-wi-felicitent-leurs-deputes\/","title":{"rendered":"Les leaders de Yewwi Askan Wi f\u00e9licitent leurs d\u00e9put\u00e9s."},"content":{"rendered":"<p><strong>En conf\u00e9rence de presse hier, les leaders de la coalition Yewwi Askan Wi sont fiers de la prestation de leurs d\u00e9put\u00e9s qui apr\u00e8s le rejet de la liste des titulaires ont \u00e9t\u00e9 choisis comme suppl\u00e9ant pour d\u00e9fendre l\u2019int\u00e9r\u00eat des S\u00e9n\u00e9galais et celle de ladite coalition.<\/strong><br \/>\n<strong>Selon le leader de PASTEF Ousmane Sonko, les d\u00e9put\u00e9s du groupe parlementaire de Yewwi&nbsp; Askan Wi sont entrain de marquer leurs empreintes sur cette nouvelle l\u00e9gislature vu leurs interventions sur le marathon budg\u00e9taire.<\/strong><\/p><div class=\"publi-paragraphe1\" style=\"margin-top: 10px;margin-bottom: 10px;margin-left: auto;margin-right: auto;text-align: center;\" id=\"publi-3852549737\"><div class=\"publi-adlabel\">Publicit\u00e9<\/div><script async src=\"\/\/pagead2.googlesyndication.com\/pagead\/js\/adsbygoogle.js?client=ca-pub-4089586018074219\" crossorigin=\"anonymous\"><\/script><ins class=\"adsbygoogle\" style=\"display:block;\" data-ad-client=\"ca-pub-4089586018074219\" \ndata-ad-slot=\"2087940154\" \ndata-ad-format=\"auto\"><\/ins>\n<script> \n(adsbygoogle = window.adsbygoogle || []).push({}); \n<\/script>\n<\/div>\n<p>Ces derniers ont d\u00e9cid\u00e9 de ne pas voter le budget du S\u00e9n\u00e9gal de l\u2019ann\u00e9e 2023.Une attitude responsable d\u2019apr\u00e8s Cheikh Oumar Youm du Parti de l\u2019Unit\u00e9 et du Rassemblement (PUR). Par la suite Ousmane Sonko est revenu sur la question de la vie ch\u00e8re et souligne que les S\u00e9n\u00e9galais sont fatigu\u00e9s, il n\u2019y a pas de baisse des prix parce que la courbe est entrain toujours de monter. La lib\u00e9ration de Pape Al\u00e9 Niang est une obligation selon ces derniers et le Pr\u00e9sident Macky Sall est le seul responsable de cette situation.<\/p>\n<p>Maimouna Niang.<\/p>\n<div class=\"publi-apres-le-contenu\" style=\"margin-top: 10px;margin-bottom: 10px;margin-left: auto;margin-right: auto;text-align: center;\" id=\"publi-2500139090\"><div class=\"publi-adlabel\">Publicit\u00e9<\/div><script async src=\"\/\/pagead2.googlesyndication.com\/pagead\/js\/adsbygoogle.js?client=ca-pub-4089586018074219\" crossorigin=\"anonymous\"><\/script><ins class=\"adsbygoogle\" style=\"display:block;\" data-ad-client=\"ca-pub-4089586018074219\" \ndata-ad-slot=\"2087940154\" \ndata-ad-format=\"auto\"><\/ins>\n<script> \n(adsbygoogle = window.adsbygoogle || []).push({}); \n<\/script>\n<\/div>","protected":false},"excerpt":{"rendered":"<p>En conf\u00e9rence de presse hier, les leaders de la coalition Yewwi Askan Wi sont fiers de la prestation de leurs d\u00e9put\u00e9s qui apr\u00e8s le rejet de la liste des titulaires ont \u00e9t\u00e9 choisis comme suppl\u00e9ant pour d\u00e9fendre l\u2019int\u00e9r\u00eat des S\u00e9n\u00e9galais et celle de ladite coalition. Selon le leader de PASTEF Ousmane Sonko, les d\u00e9put\u00e9s du groupe parlementaire de Yewwi&nbsp; Askan Wi sont entrain de marquer leurs empreintes sur cette nouvelle l\u00e9gislature vu leurs interventions sur le marathon budg\u00e9taire. Ces derniers ont d\u00e9cid\u00e9 de ne pas voter le budget du S\u00e9n\u00e9gal de l\u2019ann\u00e9e 2023.Une attitude responsable d\u2019apr\u00e8s Cheikh Oumar Youm du Parti de l\u2019Unit\u00e9 et du Rassemblement (PUR). Par la suite Ousmane Sonko est revenu sur la question de la vie ch\u00e8re et souligne que les S\u00e9n\u00e9galais sont fatigu\u00e9s, il n\u2019y a pas de baisse des prix parce que la courbe est entrain toujours de monter. La lib\u00e9ration de Pape Al\u00e9 Niang est une obligation selon ces derniers et le Pr\u00e9sident Macky Sall est le seul responsable de cette situation. Maimouna Niang.<\/p>\n","protected":false},"author":7,"featured_media":9844,"comment_status":"open","ping_status":"open","sticky":false,"template":"","format":"standard","meta":{"_jetpack_memberships_contains_paid_content":false,"footnotes":""},"categories":[375,3,1,4],"tags":[1817,1014,3271],"class_list":["post-9839","post","type-post","status-publish","format-standard","has-post-thumbnail","hentry","category-actualites","category-politique","category-non-classe","category-societe","tag-conference-de-presse","tag-deputes-2","tag-yewwi-askan-wi","entry","has-media","owp-thumbs-layout-horizontal","owp-btn-normal","owp-tabs-layout-horizontal","has-no-thumbnails","has-product-nav"],"yoast_head":"<!-- This site is optimized with the Yoast SEO plugin v25.5 - https:\/\/yoast.com\/wordpress\/plugins\/seo\/ -->\n<title>Les leaders de Yewwi Askan Wi f\u00e9licitent leurs d\u00e9put\u00e9s. - LE PUBLIC<\/title>\n<meta name=\"robots\" content=\"index, follow, max-snippet:-1, max-image-preview:large, max-video-preview:-1\" \/>\n<link rel=\"canonical\" href=\"https:\/\/www.public.sn\/index.php\/2022\/11\/23\/les-leaders-de-yewwi-askan-wi-felicitent-leurs-deputes\/\" \/>\n<meta property=\"og:locale\" content=\"fr_FR\" \/>\n<meta property=\"og:type\" content=\"article\" \/>\n<meta property=\"og:title\" content=\"Les leaders de Yewwi Askan Wi f\u00e9licitent leurs d\u00e9put\u00e9s. - LE PUBLIC\" \/>\n<meta property=\"og:description\" content=\"En conf\u00e9rence de presse hier, les leaders de la coalition Yewwi Askan Wi sont fiers de la prestation de leurs d\u00e9put\u00e9s qui apr\u00e8s le rejet de la liste des titulaires ont \u00e9t\u00e9 choisis comme suppl\u00e9ant pour d\u00e9fendre l\u2019int\u00e9r\u00eat des S\u00e9n\u00e9galais et celle de ladite coalition. Selon le leader de PASTEF Ousmane Sonko, les d\u00e9put\u00e9s du groupe parlementaire de Yewwi&nbsp; Askan Wi sont entrain de marquer leurs empreintes sur cette nouvelle l\u00e9gislature vu leurs interventions sur le marathon budg\u00e9taire. Ces derniers ont d\u00e9cid\u00e9 de ne pas voter le budget du S\u00e9n\u00e9gal de l\u2019ann\u00e9e 2023.Une attitude responsable d\u2019apr\u00e8s Cheikh Oumar Youm du Parti de l\u2019Unit\u00e9 et du Rassemblement (PUR). Par la suite Ousmane Sonko est revenu sur la question de la vie ch\u00e8re et souligne que les S\u00e9n\u00e9galais sont fatigu\u00e9s, il n\u2019y a pas de baisse des prix parce que la courbe est entrain toujours de monter. La lib\u00e9ration de Pape Al\u00e9 Niang est une obligation selon ces derniers et le Pr\u00e9sident Macky Sall est le seul responsable de cette situation. Maimouna Niang.\" \/>\n<meta property=\"og:url\" content=\"https:\/\/www.public.sn\/index.php\/2022\/11\/23\/les-leaders-de-yewwi-askan-wi-felicitent-leurs-deputes\/\" \/>\n<meta property=\"og:site_name\" content=\"LE PUBLIC\" \/>\n<meta property=\"article:published_time\" content=\"2022-11-23T11:35:27+00:00\" \/>\n<meta property=\"article:modified_time\" content=\"2022-11-23T11:35:58+00:00\" \/>\n<meta property=\"og:image\" content=\"https:\/\/www.public.sn\/wp-content\/uploads\/2022\/11\/telechargement-4.jpg\" \/>\n\t<meta property=\"og:image:width\" content=\"294\" \/>\n\t<meta property=\"og:image:height\" content=\"171\" \/>\n\t<meta property=\"og:image:type\" content=\"image\/jpeg\" \/>\n<meta name=\"author\" content=\"LA REDACTION\" \/>\n<meta name=\"twitter:card\" content=\"summary_large_image\" \/>\n<meta name=\"twitter:label1\" content=\"\u00c9crit par\" \/>\n\t<meta name=\"twitter:data1\" content=\"LA REDACTION\" \/>\n\t<meta name=\"twitter:label2\" content=\"Dur\u00e9e de lecture estim\u00e9e\" \/>\n\t<meta name=\"twitter:data2\" content=\"1 minute\" \/>\n<script type=\"application\/ld+json\" class=\"yoast-schema-graph\">{\"@context\":\"https:\/\/schema.org\",\"@graph\":[{\"@type\":\"Article\",\"@id\":\"https:\/\/www.public.sn\/index.php\/2022\/11\/23\/les-leaders-de-yewwi-askan-wi-felicitent-leurs-deputes\/#article\",\"isPartOf\":{\"@id\":\"https:\/\/www.public.sn\/index.php\/2022\/11\/23\/les-leaders-de-yewwi-askan-wi-felicitent-leurs-deputes\/\"},\"author\":{\"name\":\"LA REDACTION\",\"@id\":\"https:\/\/www.public.sn\/#\/schema\/person\/cb76c8e1b8becc6be61fb5e92d6d0224\"},\"headline\":\"Les leaders de Yewwi Askan Wi f\u00e9licitent leurs d\u00e9put\u00e9s.\",\"datePublished\":\"2022-11-23T11:35:27+00:00\",\"dateModified\":\"2022-11-23T11:35:58+00:00\",\"mainEntityOfPage\":{\"@id\":\"https:\/\/www.public.sn\/index.php\/2022\/11\/23\/les-leaders-de-yewwi-askan-wi-felicitent-leurs-deputes\/\"},\"wordCount\":214,\"commentCount\":0,\"publisher\":{\"@id\":\"https:\/\/www.public.sn\/#organization\"},\"image\":{\"@id\":\"https:\/\/www.public.sn\/index.php\/2022\/11\/23\/les-leaders-de-yewwi-askan-wi-felicitent-leurs-deputes\/#primaryimage\"},\"thumbnailUrl\":\"https:\/\/www.public.sn\/wp-content\/uploads\/2022\/11\/telechargement-4.jpg\",\"keywords\":[\"conference de presse\",\"deputes\",\"yewwi askan wi\"],\"articleSection\":[\"ACTUALIT\u00c9S\",\"POLITIQUE\",\"S\u00c9N\u00c9GAL\",\"SOCIETE\"],\"inLanguage\":\"fr-FR\",\"potentialAction\":[{\"@type\":\"CommentAction\",\"name\":\"Comment\",\"target\":[\"https:\/\/www.public.sn\/index.php\/2022\/11\/23\/les-leaders-de-yewwi-askan-wi-felicitent-leurs-deputes\/#respond\"]}]},{\"@type\":\"WebPage\",\"@id\":\"https:\/\/www.public.sn\/index.php\/2022\/11\/23\/les-leaders-de-yewwi-askan-wi-felicitent-leurs-deputes\/\",\"url\":\"https:\/\/www.public.sn\/index.php\/2022\/11\/23\/les-leaders-de-yewwi-askan-wi-felicitent-leurs-deputes\/\",\"name\":\"Les leaders de Yewwi Askan Wi f\u00e9licitent leurs d\u00e9put\u00e9s. - LE PUBLIC\",\"isPartOf\":{\"@id\":\"https:\/\/www.public.sn\/#website\"},\"primaryImageOfPage\":{\"@id\":\"https:\/\/www.public.sn\/index.php\/2022\/11\/23\/les-leaders-de-yewwi-askan-wi-felicitent-leurs-deputes\/#primaryimage\"},\"image\":{\"@id\":\"https:\/\/www.public.sn\/index.php\/2022\/11\/23\/les-leaders-de-yewwi-askan-wi-felicitent-leurs-deputes\/#primaryimage\"},\"thumbnailUrl\":\"https:\/\/www.public.sn\/wp-content\/uploads\/2022\/11\/telechargement-4.jpg\",\"datePublished\":\"2022-11-23T11:35:27+00:00\",\"dateModified\":\"2022-11-23T11:35:58+00:00\",\"breadcrumb\":{\"@id\":\"https:\/\/www.public.sn\/index.php\/2022\/11\/23\/les-leaders-de-yewwi-askan-wi-felicitent-leurs-deputes\/#breadcrumb\"},\"inLanguage\":\"fr-FR\",\"potentialAction\":[{\"@type\":\"ReadAction\",\"target\":[\"https:\/\/www.public.sn\/index.php\/2022\/11\/23\/les-leaders-de-yewwi-askan-wi-felicitent-leurs-deputes\/\"]}]},{\"@type\":\"ImageObject\",\"inLanguage\":\"fr-FR\",\"@id\":\"https:\/\/www.public.sn\/index.php\/2022\/11\/23\/les-leaders-de-yewwi-askan-wi-felicitent-leurs-deputes\/#primaryimage\",\"url\":\"https:\/\/www.public.sn\/wp-content\/uploads\/2022\/11\/telechargement-4.jpg\",\"contentUrl\":\"https:\/\/www.public.sn\/wp-content\/uploads\/2022\/11\/telechargement-4.jpg\",\"width\":294,\"height\":171,\"caption\":\"publicsn\"},{\"@type\":\"BreadcrumbList\",\"@id\":\"https:\/\/www.public.sn\/index.php\/2022\/11\/23\/les-leaders-de-yewwi-askan-wi-felicitent-leurs-deputes\/#breadcrumb\",\"itemListElement\":[{\"@type\":\"ListItem\",\"position\":1,\"name\":\"Accueil\",\"item\":\"https:\/\/www.public.sn\/\"},{\"@type\":\"ListItem\",\"position\":2,\"name\":\"Les leaders de Yewwi Askan Wi f\u00e9licitent leurs d\u00e9put\u00e9s.\"}]},{\"@type\":\"WebSite\",\"@id\":\"https:\/\/www.public.sn\/#website\",\"url\":\"https:\/\/www.public.sn\/\",\"name\":\"LE PUBLIC\",\"description\":\"\",\"publisher\":{\"@id\":\"https:\/\/www.public.sn\/#organization\"},\"potentialAction\":[{\"@type\":\"SearchAction\",\"target\":{\"@type\":\"EntryPoint\",\"urlTemplate\":\"https:\/\/www.public.sn\/?s={search_term_string}\"},\"query-input\":{\"@type\":\"PropertyValueSpecification\",\"valueRequired\":true,\"valueName\":\"search_term_string\"}}],\"inLanguage\":\"fr-FR\"},{\"@type\":\"Organization\",\"@id\":\"https:\/\/www.public.sn\/#organization\",\"name\":\"LE PUBLIC\",\"url\":\"https:\/\/www.public.sn\/\",\"logo\":{\"@type\":\"ImageObject\",\"inLanguage\":\"fr-FR\",\"@id\":\"https:\/\/www.public.sn\/#\/schema\/logo\/image\/\",\"url\":\"https:\/\/www.public.sn\/wp-content\/uploads\/2024\/05\/cropped-LOGO-PUBLIC.SN_.png\",\"contentUrl\":\"https:\/\/www.public.sn\/wp-content\/uploads\/2024\/05\/cropped-LOGO-PUBLIC.SN_.png\",\"width\":682,\"height\":192,\"caption\":\"LE PUBLIC\"},\"image\":{\"@id\":\"https:\/\/www.public.sn\/#\/schema\/logo\/image\/\"}},{\"@type\":\"Person\",\"@id\":\"https:\/\/www.public.sn\/#\/schema\/person\/cb76c8e1b8becc6be61fb5e92d6d0224\",\"name\":\"LA REDACTION\",\"image\":{\"@type\":\"ImageObject\",\"inLanguage\":\"fr-FR\",\"@id\":\"https:\/\/www.public.sn\/#\/schema\/person\/image\/\",\"url\":\"https:\/\/secure.gravatar.com\/avatar\/2dce5ddd34b8fef0180efe03aa2a9bee7d953856048f9a16b298190a3178407c?s=96&d=mm&r=g\",\"contentUrl\":\"https:\/\/secure.gravatar.com\/avatar\/2dce5ddd34b8fef0180efe03aa2a9bee7d953856048f9a16b298190a3178407c?s=96&d=mm&r=g\",\"caption\":\"LA REDACTION\"},\"url\":\"https:\/\/www.public.sn\/index.php\/author\/editeurpsn\/\"}]}<\/script>\n<!-- \/ Yoast SEO plugin. -->","yoast_head_json":{"title":"Les leaders de Yewwi Askan Wi f\u00e9licitent leurs d\u00e9put\u00e9s. - LE PUBLIC","robots":{"index":"index","follow":"follow","max-snippet":"max-snippet:-1","max-image-preview":"max-image-preview:large","max-video-preview":"max-video-preview:-1"},"canonical":"https:\/\/www.public.sn\/index.php\/2022\/11\/23\/les-leaders-de-yewwi-askan-wi-felicitent-leurs-deputes\/","og_locale":"fr_FR","og_type":"article","og_title":"Les leaders de Yewwi Askan Wi f\u00e9licitent leurs d\u00e9put\u00e9s. - LE PUBLIC","og_description":"En conf\u00e9rence de presse hier, les leaders de la coalition Yewwi Askan Wi sont fiers de la prestation de leurs d\u00e9put\u00e9s qui apr\u00e8s le rejet de la liste des titulaires ont \u00e9t\u00e9 choisis comme suppl\u00e9ant pour d\u00e9fendre l\u2019int\u00e9r\u00eat des S\u00e9n\u00e9galais et celle de ladite coalition. Selon le leader de PASTEF Ousmane Sonko, les d\u00e9put\u00e9s du groupe parlementaire de Yewwi&nbsp; Askan Wi sont entrain de marquer leurs empreintes sur cette nouvelle l\u00e9gislature vu leurs interventions sur le marathon budg\u00e9taire. Ces derniers ont d\u00e9cid\u00e9 de ne pas voter le budget du S\u00e9n\u00e9gal de l\u2019ann\u00e9e 2023.Une attitude responsable d\u2019apr\u00e8s Cheikh Oumar Youm du Parti de l\u2019Unit\u00e9 et du Rassemblement (PUR). Par la suite Ousmane Sonko est revenu sur la question de la vie ch\u00e8re et souligne que les S\u00e9n\u00e9galais sont fatigu\u00e9s, il n\u2019y a pas de baisse des prix parce que la courbe est entrain toujours de monter. La lib\u00e9ration de Pape Al\u00e9 Niang est une obligation selon ces derniers et le Pr\u00e9sident Macky Sall est le seul responsable de cette situation. Maimouna Niang.","og_url":"https:\/\/www.public.sn\/index.php\/2022\/11\/23\/les-leaders-de-yewwi-askan-wi-felicitent-leurs-deputes\/","og_site_name":"LE PUBLIC","article_published_time":"2022-11-23T11:35:27+00:00","article_modified_time":"2022-11-23T11:35:58+00:00","og_image":[{"width":294,"height":171,"url":"https:\/\/www.public.sn\/wp-content\/uploads\/2022\/11\/telechargement-4.jpg","type":"image\/jpeg"}],"author":"LA REDACTION","twitter_card":"summary_large_image","twitter_misc":{"\u00c9crit par":"LA REDACTION","Dur\u00e9e de lecture estim\u00e9e":"1 minute"},"schema":{"@context":"https:\/\/schema.org","@graph":[{"@type":"Article","@id":"https:\/\/www.public.sn\/index.php\/2022\/11\/23\/les-leaders-de-yewwi-askan-wi-felicitent-leurs-deputes\/#article","isPartOf":{"@id":"https:\/\/www.public.sn\/index.php\/2022\/11\/23\/les-leaders-de-yewwi-askan-wi-felicitent-leurs-deputes\/"},"author":{"name":"LA REDACTION","@id":"https:\/\/www.public.sn\/#\/schema\/person\/cb76c8e1b8becc6be61fb5e92d6d0224"},"headline":"Les leaders de Yewwi Askan Wi f\u00e9licitent leurs d\u00e9put\u00e9s.","datePublished":"2022-11-23T11:35:27+00:00","dateModified":"2022-11-23T11:35:58+00:00","mainEntityOfPage":{"@id":"https:\/\/www.public.sn\/index.php\/2022\/11\/23\/les-leaders-de-yewwi-askan-wi-felicitent-leurs-deputes\/"},"wordCount":214,"commentCount":0,"publisher":{"@id":"https:\/\/www.public.sn\/#organization"},"image":{"@id":"https:\/\/www.public.sn\/index.php\/2022\/11\/23\/les-leaders-de-yewwi-askan-wi-felicitent-leurs-deputes\/#primaryimage"},"thumbnailUrl":"https:\/\/www.public.sn\/wp-content\/uploads\/2022\/11\/telechargement-4.jpg","keywords":["conference de presse","deputes","yewwi askan wi"],"articleSection":["ACTUALIT\u00c9S","POLITIQUE","S\u00c9N\u00c9GAL","SOCIETE"],"inLanguage":"fr-FR","potentialAction":[{"@type":"CommentAction","name":"Comment","target":["https:\/\/www.public.sn\/index.php\/2022\/11\/23\/les-leaders-de-yewwi-askan-wi-felicitent-leurs-deputes\/#respond"]}]},{"@type":"WebPage","@id":"https:\/\/www.public.sn\/index.php\/2022\/11\/23\/les-leaders-de-yewwi-askan-wi-felicitent-leurs-deputes\/","url":"https:\/\/www.public.sn\/index.php\/2022\/11\/23\/les-leaders-de-yewwi-askan-wi-felicitent-leurs-deputes\/","name":"Les leaders de Yewwi Askan Wi f\u00e9licitent leurs d\u00e9put\u00e9s. - LE PUBLIC","isPartOf":{"@id":"https:\/\/www.public.sn\/#website"},"primaryImageOfPage":{"@id":"https:\/\/www.public.sn\/index.php\/2022\/11\/23\/les-leaders-de-yewwi-askan-wi-felicitent-leurs-deputes\/#primaryimage"},"image":{"@id":"https:\/\/www.public.sn\/index.php\/2022\/11\/23\/les-leaders-de-yewwi-askan-wi-felicitent-leurs-deputes\/#primaryimage"},"thumbnailUrl":"https:\/\/www.public.sn\/wp-content\/uploads\/2022\/11\/telechargement-4.jpg","datePublished":"2022-11-23T11:35:27+00:00","dateModified":"2022-11-23T11:35:58+00:00","breadcrumb":{"@id":"https:\/\/www.public.sn\/index.php\/2022\/11\/23\/les-leaders-de-yewwi-askan-wi-felicitent-leurs-deputes\/#breadcrumb"},"inLanguage":"fr-FR","potentialAction":[{"@type":"ReadAction","target":["https:\/\/www.public.sn\/index.php\/2022\/11\/23\/les-leaders-de-yewwi-askan-wi-felicitent-leurs-deputes\/"]}]},{"@type":"ImageObject","inLanguage":"fr-FR","@id":"https:\/\/www.public.sn\/index.php\/2022\/11\/23\/les-leaders-de-yewwi-askan-wi-felicitent-leurs-deputes\/#primaryimage","url":"https:\/\/www.public.sn\/wp-content\/uploads\/2022\/11\/telechargement-4.jpg","contentUrl":"https:\/\/www.public.sn\/wp-content\/uploads\/2022\/11\/telechargement-4.jpg","width":294,"height":171,"caption":"publicsn"},{"@type":"BreadcrumbList","@id":"https:\/\/www.public.sn\/index.php\/2022\/11\/23\/les-leaders-de-yewwi-askan-wi-felicitent-leurs-deputes\/#breadcrumb","itemListElement":[{"@type":"ListItem","position":1,"name":"Accueil","item":"https:\/\/www.public.sn\/"},{"@type":"ListItem","position":2,"name":"Les leaders de Yewwi Askan Wi f\u00e9licitent leurs d\u00e9put\u00e9s."}]},{"@type":"WebSite","@id":"https:\/\/www.public.sn\/#website","url":"https:\/\/www.public.sn\/","name":"LE PUBLIC","description":"","publisher":{"@id":"https:\/\/www.public.sn\/#organization"},"potentialAction":[{"@type":"SearchAction","target":{"@type":"EntryPoint","urlTemplate":"https:\/\/www.public.sn\/?s={search_term_string}"},"query-input":{"@type":"PropertyValueSpecification","valueRequired":true,"valueName":"search_term_string"}}],"inLanguage":"fr-FR"},{"@type":"Organization","@id":"https:\/\/www.public.sn\/#organization","name":"LE PUBLIC","url":"https:\/\/www.public.sn\/","logo":{"@type":"ImageObject","inLanguage":"fr-FR","@id":"https:\/\/www.public.sn\/#\/schema\/logo\/image\/","url":"https:\/\/www.public.sn\/wp-content\/uploads\/2024\/05\/cropped-LOGO-PUBLIC.SN_.png","contentUrl":"https:\/\/www.public.sn\/wp-content\/uploads\/2024\/05\/cropped-LOGO-PUBLIC.SN_.png","width":682,"height":192,"caption":"LE PUBLIC"},"image":{"@id":"https:\/\/www.public.sn\/#\/schema\/logo\/image\/"}},{"@type":"Person","@id":"https:\/\/www.public.sn\/#\/schema\/person\/cb76c8e1b8becc6be61fb5e92d6d0224","name":"LA REDACTION","image":{"@type":"ImageObject","inLanguage":"fr-FR","@id":"https:\/\/www.public.sn\/#\/schema\/person\/image\/","url":"https:\/\/secure.gravatar.com\/avatar\/2dce5ddd34b8fef0180efe03aa2a9bee7d953856048f9a16b298190a3178407c?s=96&d=mm&r=g","contentUrl":"https:\/\/secure.gravatar.com\/avatar\/2dce5ddd34b8fef0180efe03aa2a9bee7d953856048f9a16b298190a3178407c?s=96&d=mm&r=g","caption":"LA REDACTION"},"url":"https:\/\/www.public.sn\/index.php\/author\/editeurpsn\/"}]}},"jetpack_featured_media_url":"https:\/\/www.public.sn\/wp-content\/uploads\/2022\/11\/telechargement-4.jpg","jetpack_sharing_enabled":true,"_links":{"self":[{"href":"https:\/\/www.public.sn\/index.php\/wp-json\/wp\/v2\/posts\/9839","targetHints":{"allow":["GET"]}}],"collection":[{"href":"https:\/\/www.public.sn\/index.php\/wp-json\/wp\/v2\/posts"}],"about":[{"href":"https:\/\/www.public.sn\/index.php\/wp-json\/wp\/v2\/types\/post"}],"author":[{"embeddable":true,"href":"https:\/\/www.public.sn\/index.php\/wp-json\/wp\/v2\/users\/7"}],"replies":[{"embeddable":true,"href":"https:\/\/www.public.sn\/index.php\/wp-json\/wp\/v2\/comments?post=9839"}],"version-history":[{"count":2,"href":"https:\/\/www.public.sn\/index.php\/wp-json\/wp\/v2\/posts\/9839\/revisions"}],"predecessor-version":[{"id":9846,"href":"https:\/\/www.public.sn\/index.php\/wp-json\/wp\/v2\/posts\/9839\/revisions\/9846"}],"wp:featuredmedia":[{"embeddable":true,"href":"https:\/\/www.public.sn\/index.php\/wp-json\/wp\/v2\/media\/9844"}],"wp:attachment":[{"href":"https:\/\/www.public.sn\/index.php\/wp-json\/wp\/v2\/media?parent=9839"}],"wp:term":[{"taxonomy":"category","embeddable":true,"href":"https:\/\/www.public.sn\/index.php\/wp-json\/wp\/v2\/categories?post=9839"},{"taxonomy":"post_tag","embeddable":true,"href":"https:\/\/www.public.sn\/index.php\/wp-json\/wp\/v2\/tags?post=9839"}],"curies":[{"name":"wp","href":"https:\/\/api.w.org\/{rel}","templated":true}]}}