{"id":9894,"date":"2022-11-23T14:13:22","date_gmt":"2022-11-23T14:13:22","guid":{"rendered":"https:\/\/www.public.sn\/?p=9894"},"modified":"2022-11-23T14:13:24","modified_gmt":"2022-11-23T14:13:24","slug":"lanalyse-pertinente-de-cheikh-oumar-talla-sur-lequipe-nationale","status":"publish","type":"post","link":"https:\/\/www.public.sn\/index.php\/2022\/11\/23\/lanalyse-pertinente-de-cheikh-oumar-talla-sur-lequipe-nationale\/","title":{"rendered":"L\u2019analyse pertinente de Cheikh Oumar Talla sur l\u2019\u00e9quipe nationale."},"content":{"rendered":"<p>Le chroniqueur de la Sentv et Pr\u00e9sident de Pikine Basket Club s\u2019\u00e9rige en coach. Dans l\u2019\u00e9mission \u00ab Grandes Gueules \u00bb de la Sentv, il revient sur le choix des  rempla\u00e7ants d\u2019Aliou Ciss\u00e9.<br \/>\nRegardez \u2026<iframe width=\"791\" height=\"443\" src=\"https:\/\/www.youtube.com\/embed\/NNCiIQbWQE8\" title=\"? LES GRANDES GUEULES TITRE: DEFAIT HIER PAR LES PAYS-BAS EN COUPE DU MONDE, LE SENEGAL A-T-IL...\" frameborder=\"0\" allow=\"accelerometer; autoplay; clipboard-write; encrypted-media; gyroscope; picture-in-picture\" allowfullscreen=\"\"><\/iframe><br \/>\nMaimouna Niang.<\/p><div class=\"publi-paragraphe1\" style=\"margin-top: 10px;margin-bottom: 10px;margin-left: auto;margin-right: auto;text-align: center;\" id=\"publi-1513477189\"><div class=\"publi-adlabel\">Publicit\u00e9<\/div><script async src=\"\/\/pagead2.googlesyndication.com\/pagead\/js\/adsbygoogle.js?client=ca-pub-4089586018074219\" crossorigin=\"anonymous\"><\/script><ins class=\"adsbygoogle\" style=\"display:block;\" data-ad-client=\"ca-pub-4089586018074219\" \ndata-ad-slot=\"2087940154\" \ndata-ad-format=\"auto\"><\/ins>\n<script> \n(adsbygoogle = window.adsbygoogle || []).push({}); \n<\/script>\n<\/div>\n<div class=\"publi-apres-le-contenu\" style=\"margin-top: 10px;margin-bottom: 10px;margin-left: auto;margin-right: auto;text-align: center;\" id=\"publi-1516992703\"><div class=\"publi-adlabel\">Publicit\u00e9<\/div><script async src=\"\/\/pagead2.googlesyndication.com\/pagead\/js\/adsbygoogle.js?client=ca-pub-4089586018074219\" crossorigin=\"anonymous\"><\/script><ins class=\"adsbygoogle\" style=\"display:block;\" data-ad-client=\"ca-pub-4089586018074219\" \ndata-ad-slot=\"2087940154\" \ndata-ad-format=\"auto\"><\/ins>\n<script> \n(adsbygoogle = window.adsbygoogle || []).push({}); \n<\/script>\n<\/div>","protected":false},"excerpt":{"rendered":"<p>Le chroniqueur de la Sentv et Pr\u00e9sident de Pikine Basket Club s\u2019\u00e9rige en coach. Dans l\u2019\u00e9mission \u00ab Grandes Gueules \u00bb de la Sentv, il revient sur le choix des rempla\u00e7ants d\u2019Aliou Ciss\u00e9. Regardez \u2026 Maimouna Niang.<\/p>\n","protected":false},"author":7,"featured_media":9895,"comment_status":"open","ping_status":"open","sticky":false,"template":"","format":"standard","meta":{"_jetpack_memberships_contains_paid_content":false,"footnotes":""},"categories":[375,961,8,1,4,6],"tags":[3295,2769,3294],"class_list":["post-9894","post","type-post","status-publish","format-standard","has-post-thumbnail","hentry","category-actualites","category-medias","category-public-tv","category-non-classe","category-societe","category-videos","tag-cheikh-oumar-talla","tag-equipe-nationale","tag-remplacant","entry","has-media","owp-thumbs-layout-horizontal","owp-btn-normal","owp-tabs-layout-horizontal","has-no-thumbnails","has-product-nav"],"yoast_head":"<!-- This site is optimized with the Yoast SEO plugin v25.5 - https:\/\/yoast.com\/wordpress\/plugins\/seo\/ -->\n<title>L\u2019analyse pertinente de Cheikh Oumar Talla sur l\u2019\u00e9quipe nationale. - LE PUBLIC<\/title>\n<meta name=\"robots\" content=\"index, follow, max-snippet:-1, max-image-preview:large, max-video-preview:-1\" \/>\n<link rel=\"canonical\" href=\"https:\/\/www.public.sn\/index.php\/2022\/11\/23\/lanalyse-pertinente-de-cheikh-oumar-talla-sur-lequipe-nationale\/\" \/>\n<meta property=\"og:locale\" content=\"fr_FR\" \/>\n<meta property=\"og:type\" content=\"article\" \/>\n<meta property=\"og:title\" content=\"L\u2019analyse pertinente de Cheikh Oumar Talla sur l\u2019\u00e9quipe nationale. - LE PUBLIC\" \/>\n<meta property=\"og:description\" content=\"Le chroniqueur de la Sentv et Pr\u00e9sident de Pikine Basket Club s\u2019\u00e9rige en coach. Dans l\u2019\u00e9mission \u00ab Grandes Gueules \u00bb de la Sentv, il revient sur le choix des rempla\u00e7ants d\u2019Aliou Ciss\u00e9. Regardez \u2026 Maimouna Niang.\" \/>\n<meta property=\"og:url\" content=\"https:\/\/www.public.sn\/index.php\/2022\/11\/23\/lanalyse-pertinente-de-cheikh-oumar-talla-sur-lequipe-nationale\/\" \/>\n<meta property=\"og:site_name\" content=\"LE PUBLIC\" \/>\n<meta property=\"article:published_time\" content=\"2022-11-23T14:13:22+00:00\" \/>\n<meta property=\"article:modified_time\" content=\"2022-11-23T14:13:24+00:00\" \/>\n<meta property=\"og:image\" content=\"https:\/\/www.public.sn\/wp-content\/uploads\/2022\/11\/cheikh-omar-talla-696x484-3.jpg\" \/>\n\t<meta property=\"og:image:width\" content=\"696\" \/>\n\t<meta property=\"og:image:height\" content=\"484\" \/>\n\t<meta property=\"og:image:type\" content=\"image\/jpeg\" \/>\n<meta name=\"author\" content=\"LA REDACTION\" \/>\n<meta name=\"twitter:card\" content=\"summary_large_image\" \/>\n<meta name=\"twitter:label1\" content=\"\u00c9crit par\" \/>\n\t<meta name=\"twitter:data1\" content=\"LA REDACTION\" \/>\n\t<meta name=\"twitter:label2\" content=\"Dur\u00e9e de lecture estim\u00e9e\" \/>\n\t<meta name=\"twitter:data2\" content=\"1 minute\" \/>\n<script type=\"application\/ld+json\" class=\"yoast-schema-graph\">{\"@context\":\"https:\/\/schema.org\",\"@graph\":[{\"@type\":\"Article\",\"@id\":\"https:\/\/www.public.sn\/index.php\/2022\/11\/23\/lanalyse-pertinente-de-cheikh-oumar-talla-sur-lequipe-nationale\/#article\",\"isPartOf\":{\"@id\":\"https:\/\/www.public.sn\/index.php\/2022\/11\/23\/lanalyse-pertinente-de-cheikh-oumar-talla-sur-lequipe-nationale\/\"},\"author\":{\"name\":\"LA REDACTION\",\"@id\":\"https:\/\/www.public.sn\/#\/schema\/person\/cb76c8e1b8becc6be61fb5e92d6d0224\"},\"headline\":\"L\u2019analyse pertinente de Cheikh Oumar Talla sur l\u2019\u00e9quipe nationale.\",\"datePublished\":\"2022-11-23T14:13:22+00:00\",\"dateModified\":\"2022-11-23T14:13:24+00:00\",\"mainEntityOfPage\":{\"@id\":\"https:\/\/www.public.sn\/index.php\/2022\/11\/23\/lanalyse-pertinente-de-cheikh-oumar-talla-sur-lequipe-nationale\/\"},\"wordCount\":49,\"commentCount\":0,\"publisher\":{\"@id\":\"https:\/\/www.public.sn\/#organization\"},\"image\":{\"@id\":\"https:\/\/www.public.sn\/index.php\/2022\/11\/23\/lanalyse-pertinente-de-cheikh-oumar-talla-sur-lequipe-nationale\/#primaryimage\"},\"thumbnailUrl\":\"https:\/\/www.public.sn\/wp-content\/uploads\/2022\/11\/cheikh-omar-talla-696x484-3.jpg\",\"keywords\":[\"CHEIKH OUMAR TALLA\",\"equipe nationale\",\"rempla\u00e7ant\"],\"articleSection\":[\"ACTUALIT\u00c9S\",\"M\u00c9DIAS\",\"PUBLIC TV\",\"S\u00c9N\u00c9GAL\",\"SOCIETE\",\"VIDEOS\"],\"inLanguage\":\"fr-FR\",\"potentialAction\":[{\"@type\":\"CommentAction\",\"name\":\"Comment\",\"target\":[\"https:\/\/www.public.sn\/index.php\/2022\/11\/23\/lanalyse-pertinente-de-cheikh-oumar-talla-sur-lequipe-nationale\/#respond\"]}]},{\"@type\":\"WebPage\",\"@id\":\"https:\/\/www.public.sn\/index.php\/2022\/11\/23\/lanalyse-pertinente-de-cheikh-oumar-talla-sur-lequipe-nationale\/\",\"url\":\"https:\/\/www.public.sn\/index.php\/2022\/11\/23\/lanalyse-pertinente-de-cheikh-oumar-talla-sur-lequipe-nationale\/\",\"name\":\"L\u2019analyse pertinente de Cheikh Oumar Talla sur l\u2019\u00e9quipe nationale. - LE PUBLIC\",\"isPartOf\":{\"@id\":\"https:\/\/www.public.sn\/#website\"},\"primaryImageOfPage\":{\"@id\":\"https:\/\/www.public.sn\/index.php\/2022\/11\/23\/lanalyse-pertinente-de-cheikh-oumar-talla-sur-lequipe-nationale\/#primaryimage\"},\"image\":{\"@id\":\"https:\/\/www.public.sn\/index.php\/2022\/11\/23\/lanalyse-pertinente-de-cheikh-oumar-talla-sur-lequipe-nationale\/#primaryimage\"},\"thumbnailUrl\":\"https:\/\/www.public.sn\/wp-content\/uploads\/2022\/11\/cheikh-omar-talla-696x484-3.jpg\",\"datePublished\":\"2022-11-23T14:13:22+00:00\",\"dateModified\":\"2022-11-23T14:13:24+00:00\",\"breadcrumb\":{\"@id\":\"https:\/\/www.public.sn\/index.php\/2022\/11\/23\/lanalyse-pertinente-de-cheikh-oumar-talla-sur-lequipe-nationale\/#breadcrumb\"},\"inLanguage\":\"fr-FR\",\"potentialAction\":[{\"@type\":\"ReadAction\",\"target\":[\"https:\/\/www.public.sn\/index.php\/2022\/11\/23\/lanalyse-pertinente-de-cheikh-oumar-talla-sur-lequipe-nationale\/\"]}]},{\"@type\":\"ImageObject\",\"inLanguage\":\"fr-FR\",\"@id\":\"https:\/\/www.public.sn\/index.php\/2022\/11\/23\/lanalyse-pertinente-de-cheikh-oumar-talla-sur-lequipe-nationale\/#primaryimage\",\"url\":\"https:\/\/www.public.sn\/wp-content\/uploads\/2022\/11\/cheikh-omar-talla-696x484-3.jpg\",\"contentUrl\":\"https:\/\/www.public.sn\/wp-content\/uploads\/2022\/11\/cheikh-omar-talla-696x484-3.jpg\",\"width\":696,\"height\":484,\"caption\":\"publicsn\"},{\"@type\":\"BreadcrumbList\",\"@id\":\"https:\/\/www.public.sn\/index.php\/2022\/11\/23\/lanalyse-pertinente-de-cheikh-oumar-talla-sur-lequipe-nationale\/#breadcrumb\",\"itemListElement\":[{\"@type\":\"ListItem\",\"position\":1,\"name\":\"Accueil\",\"item\":\"https:\/\/www.public.sn\/\"},{\"@type\":\"ListItem\",\"position\":2,\"name\":\"L\u2019analyse pertinente de Cheikh Oumar Talla sur l\u2019\u00e9quipe nationale.\"}]},{\"@type\":\"WebSite\",\"@id\":\"https:\/\/www.public.sn\/#website\",\"url\":\"https:\/\/www.public.sn\/\",\"name\":\"LE PUBLIC\",\"description\":\"\",\"publisher\":{\"@id\":\"https:\/\/www.public.sn\/#organization\"},\"potentialAction\":[{\"@type\":\"SearchAction\",\"target\":{\"@type\":\"EntryPoint\",\"urlTemplate\":\"https:\/\/www.public.sn\/?s={search_term_string}\"},\"query-input\":{\"@type\":\"PropertyValueSpecification\",\"valueRequired\":true,\"valueName\":\"search_term_string\"}}],\"inLanguage\":\"fr-FR\"},{\"@type\":\"Organization\",\"@id\":\"https:\/\/www.public.sn\/#organization\",\"name\":\"LE PUBLIC\",\"url\":\"https:\/\/www.public.sn\/\",\"logo\":{\"@type\":\"ImageObject\",\"inLanguage\":\"fr-FR\",\"@id\":\"https:\/\/www.public.sn\/#\/schema\/logo\/image\/\",\"url\":\"https:\/\/www.public.sn\/wp-content\/uploads\/2024\/05\/cropped-LOGO-PUBLIC.SN_.png\",\"contentUrl\":\"https:\/\/www.public.sn\/wp-content\/uploads\/2024\/05\/cropped-LOGO-PUBLIC.SN_.png\",\"width\":682,\"height\":192,\"caption\":\"LE PUBLIC\"},\"image\":{\"@id\":\"https:\/\/www.public.sn\/#\/schema\/logo\/image\/\"}},{\"@type\":\"Person\",\"@id\":\"https:\/\/www.public.sn\/#\/schema\/person\/cb76c8e1b8becc6be61fb5e92d6d0224\",\"name\":\"LA REDACTION\",\"image\":{\"@type\":\"ImageObject\",\"inLanguage\":\"fr-FR\",\"@id\":\"https:\/\/www.public.sn\/#\/schema\/person\/image\/\",\"url\":\"https:\/\/secure.gravatar.com\/avatar\/2dce5ddd34b8fef0180efe03aa2a9bee7d953856048f9a16b298190a3178407c?s=96&d=mm&r=g\",\"contentUrl\":\"https:\/\/secure.gravatar.com\/avatar\/2dce5ddd34b8fef0180efe03aa2a9bee7d953856048f9a16b298190a3178407c?s=96&d=mm&r=g\",\"caption\":\"LA REDACTION\"},\"url\":\"https:\/\/www.public.sn\/index.php\/author\/editeurpsn\/\"}]}<\/script>\n<!-- \/ Yoast SEO plugin. -->","yoast_head_json":{"title":"L\u2019analyse pertinente de Cheikh Oumar Talla sur l\u2019\u00e9quipe nationale. - LE PUBLIC","robots":{"index":"index","follow":"follow","max-snippet":"max-snippet:-1","max-image-preview":"max-image-preview:large","max-video-preview":"max-video-preview:-1"},"canonical":"https:\/\/www.public.sn\/index.php\/2022\/11\/23\/lanalyse-pertinente-de-cheikh-oumar-talla-sur-lequipe-nationale\/","og_locale":"fr_FR","og_type":"article","og_title":"L\u2019analyse pertinente de Cheikh Oumar Talla sur l\u2019\u00e9quipe nationale. - LE PUBLIC","og_description":"Le chroniqueur de la Sentv et Pr\u00e9sident de Pikine Basket Club s\u2019\u00e9rige en coach. Dans l\u2019\u00e9mission \u00ab Grandes Gueules \u00bb de la Sentv, il revient sur le choix des rempla\u00e7ants d\u2019Aliou Ciss\u00e9. Regardez \u2026 Maimouna Niang.","og_url":"https:\/\/www.public.sn\/index.php\/2022\/11\/23\/lanalyse-pertinente-de-cheikh-oumar-talla-sur-lequipe-nationale\/","og_site_name":"LE PUBLIC","article_published_time":"2022-11-23T14:13:22+00:00","article_modified_time":"2022-11-23T14:13:24+00:00","og_image":[{"width":696,"height":484,"url":"https:\/\/www.public.sn\/wp-content\/uploads\/2022\/11\/cheikh-omar-talla-696x484-3.jpg","type":"image\/jpeg"}],"author":"LA REDACTION","twitter_card":"summary_large_image","twitter_misc":{"\u00c9crit par":"LA REDACTION","Dur\u00e9e de lecture estim\u00e9e":"1 minute"},"schema":{"@context":"https:\/\/schema.org","@graph":[{"@type":"Article","@id":"https:\/\/www.public.sn\/index.php\/2022\/11\/23\/lanalyse-pertinente-de-cheikh-oumar-talla-sur-lequipe-nationale\/#article","isPartOf":{"@id":"https:\/\/www.public.sn\/index.php\/2022\/11\/23\/lanalyse-pertinente-de-cheikh-oumar-talla-sur-lequipe-nationale\/"},"author":{"name":"LA REDACTION","@id":"https:\/\/www.public.sn\/#\/schema\/person\/cb76c8e1b8becc6be61fb5e92d6d0224"},"headline":"L\u2019analyse pertinente de Cheikh Oumar Talla sur l\u2019\u00e9quipe nationale.","datePublished":"2022-11-23T14:13:22+00:00","dateModified":"2022-11-23T14:13:24+00:00","mainEntityOfPage":{"@id":"https:\/\/www.public.sn\/index.php\/2022\/11\/23\/lanalyse-pertinente-de-cheikh-oumar-talla-sur-lequipe-nationale\/"},"wordCount":49,"commentCount":0,"publisher":{"@id":"https:\/\/www.public.sn\/#organization"},"image":{"@id":"https:\/\/www.public.sn\/index.php\/2022\/11\/23\/lanalyse-pertinente-de-cheikh-oumar-talla-sur-lequipe-nationale\/#primaryimage"},"thumbnailUrl":"https:\/\/www.public.sn\/wp-content\/uploads\/2022\/11\/cheikh-omar-talla-696x484-3.jpg","keywords":["CHEIKH OUMAR TALLA","equipe nationale","rempla\u00e7ant"],"articleSection":["ACTUALIT\u00c9S","M\u00c9DIAS","PUBLIC TV","S\u00c9N\u00c9GAL","SOCIETE","VIDEOS"],"inLanguage":"fr-FR","potentialAction":[{"@type":"CommentAction","name":"Comment","target":["https:\/\/www.public.sn\/index.php\/2022\/11\/23\/lanalyse-pertinente-de-cheikh-oumar-talla-sur-lequipe-nationale\/#respond"]}]},{"@type":"WebPage","@id":"https:\/\/www.public.sn\/index.php\/2022\/11\/23\/lanalyse-pertinente-de-cheikh-oumar-talla-sur-lequipe-nationale\/","url":"https:\/\/www.public.sn\/index.php\/2022\/11\/23\/lanalyse-pertinente-de-cheikh-oumar-talla-sur-lequipe-nationale\/","name":"L\u2019analyse pertinente de Cheikh Oumar Talla sur l\u2019\u00e9quipe nationale. - LE PUBLIC","isPartOf":{"@id":"https:\/\/www.public.sn\/#website"},"primaryImageOfPage":{"@id":"https:\/\/www.public.sn\/index.php\/2022\/11\/23\/lanalyse-pertinente-de-cheikh-oumar-talla-sur-lequipe-nationale\/#primaryimage"},"image":{"@id":"https:\/\/www.public.sn\/index.php\/2022\/11\/23\/lanalyse-pertinente-de-cheikh-oumar-talla-sur-lequipe-nationale\/#primaryimage"},"thumbnailUrl":"https:\/\/www.public.sn\/wp-content\/uploads\/2022\/11\/cheikh-omar-talla-696x484-3.jpg","datePublished":"2022-11-23T14:13:22+00:00","dateModified":"2022-11-23T14:13:24+00:00","breadcrumb":{"@id":"https:\/\/www.public.sn\/index.php\/2022\/11\/23\/lanalyse-pertinente-de-cheikh-oumar-talla-sur-lequipe-nationale\/#breadcrumb"},"inLanguage":"fr-FR","potentialAction":[{"@type":"ReadAction","target":["https:\/\/www.public.sn\/index.php\/2022\/11\/23\/lanalyse-pertinente-de-cheikh-oumar-talla-sur-lequipe-nationale\/"]}]},{"@type":"ImageObject","inLanguage":"fr-FR","@id":"https:\/\/www.public.sn\/index.php\/2022\/11\/23\/lanalyse-pertinente-de-cheikh-oumar-talla-sur-lequipe-nationale\/#primaryimage","url":"https:\/\/www.public.sn\/wp-content\/uploads\/2022\/11\/cheikh-omar-talla-696x484-3.jpg","contentUrl":"https:\/\/www.public.sn\/wp-content\/uploads\/2022\/11\/cheikh-omar-talla-696x484-3.jpg","width":696,"height":484,"caption":"publicsn"},{"@type":"BreadcrumbList","@id":"https:\/\/www.public.sn\/index.php\/2022\/11\/23\/lanalyse-pertinente-de-cheikh-oumar-talla-sur-lequipe-nationale\/#breadcrumb","itemListElement":[{"@type":"ListItem","position":1,"name":"Accueil","item":"https:\/\/www.public.sn\/"},{"@type":"ListItem","position":2,"name":"L\u2019analyse pertinente de Cheikh Oumar Talla sur l\u2019\u00e9quipe nationale."}]},{"@type":"WebSite","@id":"https:\/\/www.public.sn\/#website","url":"https:\/\/www.public.sn\/","name":"LE PUBLIC","description":"","publisher":{"@id":"https:\/\/www.public.sn\/#organization"},"potentialAction":[{"@type":"SearchAction","target":{"@type":"EntryPoint","urlTemplate":"https:\/\/www.public.sn\/?s={search_term_string}"},"query-input":{"@type":"PropertyValueSpecification","valueRequired":true,"valueName":"search_term_string"}}],"inLanguage":"fr-FR"},{"@type":"Organization","@id":"https:\/\/www.public.sn\/#organization","name":"LE PUBLIC","url":"https:\/\/www.public.sn\/","logo":{"@type":"ImageObject","inLanguage":"fr-FR","@id":"https:\/\/www.public.sn\/#\/schema\/logo\/image\/","url":"https:\/\/www.public.sn\/wp-content\/uploads\/2024\/05\/cropped-LOGO-PUBLIC.SN_.png","contentUrl":"https:\/\/www.public.sn\/wp-content\/uploads\/2024\/05\/cropped-LOGO-PUBLIC.SN_.png","width":682,"height":192,"caption":"LE PUBLIC"},"image":{"@id":"https:\/\/www.public.sn\/#\/schema\/logo\/image\/"}},{"@type":"Person","@id":"https:\/\/www.public.sn\/#\/schema\/person\/cb76c8e1b8becc6be61fb5e92d6d0224","name":"LA REDACTION","image":{"@type":"ImageObject","inLanguage":"fr-FR","@id":"https:\/\/www.public.sn\/#\/schema\/person\/image\/","url":"https:\/\/secure.gravatar.com\/avatar\/2dce5ddd34b8fef0180efe03aa2a9bee7d953856048f9a16b298190a3178407c?s=96&d=mm&r=g","contentUrl":"https:\/\/secure.gravatar.com\/avatar\/2dce5ddd34b8fef0180efe03aa2a9bee7d953856048f9a16b298190a3178407c?s=96&d=mm&r=g","caption":"LA REDACTION"},"url":"https:\/\/www.public.sn\/index.php\/author\/editeurpsn\/"}]}},"jetpack_featured_media_url":"https:\/\/www.public.sn\/wp-content\/uploads\/2022\/11\/cheikh-omar-talla-696x484-3.jpg","jetpack_sharing_enabled":true,"_links":{"self":[{"href":"https:\/\/www.public.sn\/index.php\/wp-json\/wp\/v2\/posts\/9894","targetHints":{"allow":["GET"]}}],"collection":[{"href":"https:\/\/www.public.sn\/index.php\/wp-json\/wp\/v2\/posts"}],"about":[{"href":"https:\/\/www.public.sn\/index.php\/wp-json\/wp\/v2\/types\/post"}],"author":[{"embeddable":true,"href":"https:\/\/www.public.sn\/index.php\/wp-json\/wp\/v2\/users\/7"}],"replies":[{"embeddable":true,"href":"https:\/\/www.public.sn\/index.php\/wp-json\/wp\/v2\/comments?post=9894"}],"version-history":[{"count":1,"href":"https:\/\/www.public.sn\/index.php\/wp-json\/wp\/v2\/posts\/9894\/revisions"}],"predecessor-version":[{"id":9896,"href":"https:\/\/www.public.sn\/index.php\/wp-json\/wp\/v2\/posts\/9894\/revisions\/9896"}],"wp:featuredmedia":[{"embeddable":true,"href":"https:\/\/www.public.sn\/index.php\/wp-json\/wp\/v2\/media\/9895"}],"wp:attachment":[{"href":"https:\/\/www.public.sn\/index.php\/wp-json\/wp\/v2\/media?parent=9894"}],"wp:term":[{"taxonomy":"category","embeddable":true,"href":"https:\/\/www.public.sn\/index.php\/wp-json\/wp\/v2\/categories?post=9894"},{"taxonomy":"post_tag","embeddable":true,"href":"https:\/\/www.public.sn\/index.php\/wp-json\/wp\/v2\/tags?post=9894"}],"curies":[{"name":"wp","href":"https:\/\/api.w.org\/{rel}","templated":true}]}}