{"id":9929,"date":"2022-11-23T17:10:30","date_gmt":"2022-11-23T17:10:30","guid":{"rendered":"https:\/\/www.public.sn\/?p=9929"},"modified":"2022-11-23T17:10:32","modified_gmt":"2022-11-23T17:10:32","slug":"manque-de-sucre-vendeurs-et-consommateurs-accusent-letat","status":"publish","type":"post","link":"https:\/\/www.public.sn\/index.php\/2022\/11\/23\/manque-de-sucre-vendeurs-et-consommateurs-accusent-letat\/","title":{"rendered":"Manque de sucre: vendeurs et consommateurs accusent l&rsquo;Etat"},"content":{"rendered":"\n<p>Les vendeurs et les consommateurs accusent l&rsquo;Etat sur le manque de sucre, car les prix que l&rsquo;Etat propose ne les arrange pas. Ce que l&rsquo;Etat doit faire, c&rsquo;est de diminuer le prix du sucre et de n\u00e9gocier avec les grossistes pour que sucre soit plus accessible \u00e0 la population.<\/p><div class=\"publi-paragraphe1\" style=\"margin-top: 10px;margin-bottom: 10px;margin-left: auto;margin-right: auto;text-align: center;\" id=\"publi-216019504\"><div class=\"publi-adlabel\">Publicit\u00e9<\/div><script async src=\"\/\/pagead2.googlesyndication.com\/pagead\/js\/adsbygoogle.js?client=ca-pub-4089586018074219\" crossorigin=\"anonymous\"><\/script><ins class=\"adsbygoogle\" style=\"display:block;\" data-ad-client=\"ca-pub-4089586018074219\" \ndata-ad-slot=\"2087940154\" \ndata-ad-format=\"auto\"><\/ins>\n<script> \n(adsbygoogle = window.adsbygoogle || []).push({}); \n<\/script>\n<\/div>\n\n\n\n<p>C&rsquo;est derniers appellent autorit\u00e9s et grossistes \u00e0 n\u00e9gocier pour le bien-\u00eatre des populations.<\/p>\n\n\n\n<p><\/p>\n\n\n<p><iframe width=\"875\" height=\"492\" src=\"https:\/\/www.youtube.com\/embed\/9JOB-FXoWUg\" title=\"Manque de sucre: Vendeurs et consommateurs accusent \" l'\u00e9tat\"\"=\"\" frameborder=\"0\" allow=\"accelerometer; autoplay; clipboard-write; encrypted-media; gyroscope; picture-in-picture\" allowfullscreen=\"\"><\/iframe><\/p>\n\n\n<p>Leyti GUEYE<\/p>\n<div class=\"publi-apres-le-contenu\" style=\"margin-top: 10px;margin-bottom: 10px;margin-left: auto;margin-right: auto;text-align: center;\" id=\"publi-2008628998\"><div class=\"publi-adlabel\">Publicit\u00e9<\/div><script async src=\"\/\/pagead2.googlesyndication.com\/pagead\/js\/adsbygoogle.js?client=ca-pub-4089586018074219\" crossorigin=\"anonymous\"><\/script><ins class=\"adsbygoogle\" style=\"display:block;\" data-ad-client=\"ca-pub-4089586018074219\" \ndata-ad-slot=\"2087940154\" \ndata-ad-format=\"auto\"><\/ins>\n<script> \n(adsbygoogle = window.adsbygoogle || []).push({}); \n<\/script>\n<\/div>","protected":false},"excerpt":{"rendered":"<p>Les vendeurs et les consommateurs accusent l&rsquo;Etat sur le manque de sucre, car les prix que l&rsquo;Etat propose ne les arrange pas. Ce que l&rsquo;Etat doit faire, c&rsquo;est de diminuer le prix du sucre et de n\u00e9gocier avec les grossistes pour que sucre soit plus accessible \u00e0 la population. C&rsquo;est derniers appellent autorit\u00e9s et grossistes \u00e0 n\u00e9gocier pour le bien-\u00eatre des populations.<\/p>\n","protected":false},"author":7,"featured_media":9933,"comment_status":"open","ping_status":"open","sticky":false,"template":"","format":"standard","meta":{"_jetpack_memberships_contains_paid_content":false,"footnotes":""},"categories":[375,1,4],"tags":[3314,2892,3313],"class_list":["post-9929","post","type-post","status-publish","format-standard","has-post-thumbnail","hentry","category-actualites","category-non-classe","category-societe","tag-consommateurs","tag-etat","tag-sucre","entry","has-media","owp-thumbs-layout-horizontal","owp-btn-normal","owp-tabs-layout-horizontal","has-no-thumbnails","has-product-nav"],"yoast_head":"<!-- This site is optimized with the Yoast SEO plugin v25.5 - https:\/\/yoast.com\/wordpress\/plugins\/seo\/ -->\n<title>Manque de sucre: vendeurs et consommateurs accusent l&#039;Etat - LE PUBLIC<\/title>\n<meta name=\"robots\" content=\"index, follow, max-snippet:-1, max-image-preview:large, max-video-preview:-1\" \/>\n<link rel=\"canonical\" href=\"https:\/\/www.public.sn\/index.php\/2022\/11\/23\/manque-de-sucre-vendeurs-et-consommateurs-accusent-letat\/\" \/>\n<meta property=\"og:locale\" content=\"fr_FR\" \/>\n<meta property=\"og:type\" content=\"article\" \/>\n<meta property=\"og:title\" content=\"Manque de sucre: vendeurs et consommateurs accusent l&#039;Etat - LE PUBLIC\" \/>\n<meta property=\"og:description\" content=\"Les vendeurs et les consommateurs accusent l&rsquo;Etat sur le manque de sucre, car les prix que l&rsquo;Etat propose ne les arrange pas. Ce que l&rsquo;Etat doit faire, c&rsquo;est de diminuer le prix du sucre et de n\u00e9gocier avec les grossistes pour que sucre soit plus accessible \u00e0 la population. C&rsquo;est derniers appellent autorit\u00e9s et grossistes \u00e0 n\u00e9gocier pour le bien-\u00eatre des populations.\" \/>\n<meta property=\"og:url\" content=\"https:\/\/www.public.sn\/index.php\/2022\/11\/23\/manque-de-sucre-vendeurs-et-consommateurs-accusent-letat\/\" \/>\n<meta property=\"og:site_name\" content=\"LE PUBLIC\" \/>\n<meta property=\"article:published_time\" content=\"2022-11-23T17:10:30+00:00\" \/>\n<meta property=\"article:modified_time\" content=\"2022-11-23T17:10:32+00:00\" \/>\n<meta property=\"og:image\" content=\"https:\/\/www.public.sn\/wp-content\/uploads\/2022\/11\/MINIA-1.jpg\" \/>\n\t<meta property=\"og:image:width\" content=\"1920\" \/>\n\t<meta property=\"og:image:height\" content=\"1080\" \/>\n\t<meta property=\"og:image:type\" content=\"image\/jpeg\" \/>\n<meta name=\"author\" content=\"LA REDACTION\" \/>\n<meta name=\"twitter:card\" content=\"summary_large_image\" \/>\n<meta name=\"twitter:label1\" content=\"\u00c9crit par\" \/>\n\t<meta name=\"twitter:data1\" content=\"LA REDACTION\" \/>\n\t<meta name=\"twitter:label2\" content=\"Dur\u00e9e de lecture estim\u00e9e\" \/>\n\t<meta name=\"twitter:data2\" content=\"1 minute\" \/>\n<script type=\"application\/ld+json\" class=\"yoast-schema-graph\">{\"@context\":\"https:\/\/schema.org\",\"@graph\":[{\"@type\":\"Article\",\"@id\":\"https:\/\/www.public.sn\/index.php\/2022\/11\/23\/manque-de-sucre-vendeurs-et-consommateurs-accusent-letat\/#article\",\"isPartOf\":{\"@id\":\"https:\/\/www.public.sn\/index.php\/2022\/11\/23\/manque-de-sucre-vendeurs-et-consommateurs-accusent-letat\/\"},\"author\":{\"name\":\"LA REDACTION\",\"@id\":\"https:\/\/www.public.sn\/#\/schema\/person\/cb76c8e1b8becc6be61fb5e92d6d0224\"},\"headline\":\"Manque de sucre: vendeurs et consommateurs accusent l&rsquo;Etat\",\"datePublished\":\"2022-11-23T17:10:30+00:00\",\"dateModified\":\"2022-11-23T17:10:32+00:00\",\"mainEntityOfPage\":{\"@id\":\"https:\/\/www.public.sn\/index.php\/2022\/11\/23\/manque-de-sucre-vendeurs-et-consommateurs-accusent-letat\/\"},\"wordCount\":72,\"commentCount\":0,\"publisher\":{\"@id\":\"https:\/\/www.public.sn\/#organization\"},\"image\":{\"@id\":\"https:\/\/www.public.sn\/index.php\/2022\/11\/23\/manque-de-sucre-vendeurs-et-consommateurs-accusent-letat\/#primaryimage\"},\"thumbnailUrl\":\"https:\/\/www.public.sn\/wp-content\/uploads\/2022\/11\/MINIA-1.jpg\",\"keywords\":[\"Consommateurs\",\"Etat\",\"Sucre\"],\"articleSection\":[\"ACTUALIT\u00c9S\",\"S\u00c9N\u00c9GAL\",\"SOCIETE\"],\"inLanguage\":\"fr-FR\",\"potentialAction\":[{\"@type\":\"CommentAction\",\"name\":\"Comment\",\"target\":[\"https:\/\/www.public.sn\/index.php\/2022\/11\/23\/manque-de-sucre-vendeurs-et-consommateurs-accusent-letat\/#respond\"]}]},{\"@type\":\"WebPage\",\"@id\":\"https:\/\/www.public.sn\/index.php\/2022\/11\/23\/manque-de-sucre-vendeurs-et-consommateurs-accusent-letat\/\",\"url\":\"https:\/\/www.public.sn\/index.php\/2022\/11\/23\/manque-de-sucre-vendeurs-et-consommateurs-accusent-letat\/\",\"name\":\"Manque de sucre: vendeurs et consommateurs accusent l'Etat - LE PUBLIC\",\"isPartOf\":{\"@id\":\"https:\/\/www.public.sn\/#website\"},\"primaryImageOfPage\":{\"@id\":\"https:\/\/www.public.sn\/index.php\/2022\/11\/23\/manque-de-sucre-vendeurs-et-consommateurs-accusent-letat\/#primaryimage\"},\"image\":{\"@id\":\"https:\/\/www.public.sn\/index.php\/2022\/11\/23\/manque-de-sucre-vendeurs-et-consommateurs-accusent-letat\/#primaryimage\"},\"thumbnailUrl\":\"https:\/\/www.public.sn\/wp-content\/uploads\/2022\/11\/MINIA-1.jpg\",\"datePublished\":\"2022-11-23T17:10:30+00:00\",\"dateModified\":\"2022-11-23T17:10:32+00:00\",\"breadcrumb\":{\"@id\":\"https:\/\/www.public.sn\/index.php\/2022\/11\/23\/manque-de-sucre-vendeurs-et-consommateurs-accusent-letat\/#breadcrumb\"},\"inLanguage\":\"fr-FR\",\"potentialAction\":[{\"@type\":\"ReadAction\",\"target\":[\"https:\/\/www.public.sn\/index.php\/2022\/11\/23\/manque-de-sucre-vendeurs-et-consommateurs-accusent-letat\/\"]}]},{\"@type\":\"ImageObject\",\"inLanguage\":\"fr-FR\",\"@id\":\"https:\/\/www.public.sn\/index.php\/2022\/11\/23\/manque-de-sucre-vendeurs-et-consommateurs-accusent-letat\/#primaryimage\",\"url\":\"https:\/\/www.public.sn\/wp-content\/uploads\/2022\/11\/MINIA-1.jpg\",\"contentUrl\":\"https:\/\/www.public.sn\/wp-content\/uploads\/2022\/11\/MINIA-1.jpg\",\"width\":1920,\"height\":1080,\"caption\":\"Publicsn\"},{\"@type\":\"BreadcrumbList\",\"@id\":\"https:\/\/www.public.sn\/index.php\/2022\/11\/23\/manque-de-sucre-vendeurs-et-consommateurs-accusent-letat\/#breadcrumb\",\"itemListElement\":[{\"@type\":\"ListItem\",\"position\":1,\"name\":\"Accueil\",\"item\":\"https:\/\/www.public.sn\/\"},{\"@type\":\"ListItem\",\"position\":2,\"name\":\"Manque de sucre: vendeurs et consommateurs accusent l&rsquo;Etat\"}]},{\"@type\":\"WebSite\",\"@id\":\"https:\/\/www.public.sn\/#website\",\"url\":\"https:\/\/www.public.sn\/\",\"name\":\"LE PUBLIC\",\"description\":\"\",\"publisher\":{\"@id\":\"https:\/\/www.public.sn\/#organization\"},\"potentialAction\":[{\"@type\":\"SearchAction\",\"target\":{\"@type\":\"EntryPoint\",\"urlTemplate\":\"https:\/\/www.public.sn\/?s={search_term_string}\"},\"query-input\":{\"@type\":\"PropertyValueSpecification\",\"valueRequired\":true,\"valueName\":\"search_term_string\"}}],\"inLanguage\":\"fr-FR\"},{\"@type\":\"Organization\",\"@id\":\"https:\/\/www.public.sn\/#organization\",\"name\":\"LE PUBLIC\",\"url\":\"https:\/\/www.public.sn\/\",\"logo\":{\"@type\":\"ImageObject\",\"inLanguage\":\"fr-FR\",\"@id\":\"https:\/\/www.public.sn\/#\/schema\/logo\/image\/\",\"url\":\"https:\/\/www.public.sn\/wp-content\/uploads\/2024\/05\/cropped-LOGO-PUBLIC.SN_.png\",\"contentUrl\":\"https:\/\/www.public.sn\/wp-content\/uploads\/2024\/05\/cropped-LOGO-PUBLIC.SN_.png\",\"width\":682,\"height\":192,\"caption\":\"LE PUBLIC\"},\"image\":{\"@id\":\"https:\/\/www.public.sn\/#\/schema\/logo\/image\/\"}},{\"@type\":\"Person\",\"@id\":\"https:\/\/www.public.sn\/#\/schema\/person\/cb76c8e1b8becc6be61fb5e92d6d0224\",\"name\":\"LA REDACTION\",\"image\":{\"@type\":\"ImageObject\",\"inLanguage\":\"fr-FR\",\"@id\":\"https:\/\/www.public.sn\/#\/schema\/person\/image\/\",\"url\":\"https:\/\/secure.gravatar.com\/avatar\/2dce5ddd34b8fef0180efe03aa2a9bee7d953856048f9a16b298190a3178407c?s=96&d=mm&r=g\",\"contentUrl\":\"https:\/\/secure.gravatar.com\/avatar\/2dce5ddd34b8fef0180efe03aa2a9bee7d953856048f9a16b298190a3178407c?s=96&d=mm&r=g\",\"caption\":\"LA REDACTION\"},\"url\":\"https:\/\/www.public.sn\/index.php\/author\/editeurpsn\/\"}]}<\/script>\n<!-- \/ Yoast SEO plugin. -->","yoast_head_json":{"title":"Manque de sucre: vendeurs et consommateurs accusent l'Etat - LE PUBLIC","robots":{"index":"index","follow":"follow","max-snippet":"max-snippet:-1","max-image-preview":"max-image-preview:large","max-video-preview":"max-video-preview:-1"},"canonical":"https:\/\/www.public.sn\/index.php\/2022\/11\/23\/manque-de-sucre-vendeurs-et-consommateurs-accusent-letat\/","og_locale":"fr_FR","og_type":"article","og_title":"Manque de sucre: vendeurs et consommateurs accusent l'Etat - LE PUBLIC","og_description":"Les vendeurs et les consommateurs accusent l&rsquo;Etat sur le manque de sucre, car les prix que l&rsquo;Etat propose ne les arrange pas. Ce que l&rsquo;Etat doit faire, c&rsquo;est de diminuer le prix du sucre et de n\u00e9gocier avec les grossistes pour que sucre soit plus accessible \u00e0 la population. C&rsquo;est derniers appellent autorit\u00e9s et grossistes \u00e0 n\u00e9gocier pour le bien-\u00eatre des populations.","og_url":"https:\/\/www.public.sn\/index.php\/2022\/11\/23\/manque-de-sucre-vendeurs-et-consommateurs-accusent-letat\/","og_site_name":"LE PUBLIC","article_published_time":"2022-11-23T17:10:30+00:00","article_modified_time":"2022-11-23T17:10:32+00:00","og_image":[{"width":1920,"height":1080,"url":"https:\/\/www.public.sn\/wp-content\/uploads\/2022\/11\/MINIA-1.jpg","type":"image\/jpeg"}],"author":"LA REDACTION","twitter_card":"summary_large_image","twitter_misc":{"\u00c9crit par":"LA REDACTION","Dur\u00e9e de lecture estim\u00e9e":"1 minute"},"schema":{"@context":"https:\/\/schema.org","@graph":[{"@type":"Article","@id":"https:\/\/www.public.sn\/index.php\/2022\/11\/23\/manque-de-sucre-vendeurs-et-consommateurs-accusent-letat\/#article","isPartOf":{"@id":"https:\/\/www.public.sn\/index.php\/2022\/11\/23\/manque-de-sucre-vendeurs-et-consommateurs-accusent-letat\/"},"author":{"name":"LA REDACTION","@id":"https:\/\/www.public.sn\/#\/schema\/person\/cb76c8e1b8becc6be61fb5e92d6d0224"},"headline":"Manque de sucre: vendeurs et consommateurs accusent l&rsquo;Etat","datePublished":"2022-11-23T17:10:30+00:00","dateModified":"2022-11-23T17:10:32+00:00","mainEntityOfPage":{"@id":"https:\/\/www.public.sn\/index.php\/2022\/11\/23\/manque-de-sucre-vendeurs-et-consommateurs-accusent-letat\/"},"wordCount":72,"commentCount":0,"publisher":{"@id":"https:\/\/www.public.sn\/#organization"},"image":{"@id":"https:\/\/www.public.sn\/index.php\/2022\/11\/23\/manque-de-sucre-vendeurs-et-consommateurs-accusent-letat\/#primaryimage"},"thumbnailUrl":"https:\/\/www.public.sn\/wp-content\/uploads\/2022\/11\/MINIA-1.jpg","keywords":["Consommateurs","Etat","Sucre"],"articleSection":["ACTUALIT\u00c9S","S\u00c9N\u00c9GAL","SOCIETE"],"inLanguage":"fr-FR","potentialAction":[{"@type":"CommentAction","name":"Comment","target":["https:\/\/www.public.sn\/index.php\/2022\/11\/23\/manque-de-sucre-vendeurs-et-consommateurs-accusent-letat\/#respond"]}]},{"@type":"WebPage","@id":"https:\/\/www.public.sn\/index.php\/2022\/11\/23\/manque-de-sucre-vendeurs-et-consommateurs-accusent-letat\/","url":"https:\/\/www.public.sn\/index.php\/2022\/11\/23\/manque-de-sucre-vendeurs-et-consommateurs-accusent-letat\/","name":"Manque de sucre: vendeurs et consommateurs accusent l'Etat - LE PUBLIC","isPartOf":{"@id":"https:\/\/www.public.sn\/#website"},"primaryImageOfPage":{"@id":"https:\/\/www.public.sn\/index.php\/2022\/11\/23\/manque-de-sucre-vendeurs-et-consommateurs-accusent-letat\/#primaryimage"},"image":{"@id":"https:\/\/www.public.sn\/index.php\/2022\/11\/23\/manque-de-sucre-vendeurs-et-consommateurs-accusent-letat\/#primaryimage"},"thumbnailUrl":"https:\/\/www.public.sn\/wp-content\/uploads\/2022\/11\/MINIA-1.jpg","datePublished":"2022-11-23T17:10:30+00:00","dateModified":"2022-11-23T17:10:32+00:00","breadcrumb":{"@id":"https:\/\/www.public.sn\/index.php\/2022\/11\/23\/manque-de-sucre-vendeurs-et-consommateurs-accusent-letat\/#breadcrumb"},"inLanguage":"fr-FR","potentialAction":[{"@type":"ReadAction","target":["https:\/\/www.public.sn\/index.php\/2022\/11\/23\/manque-de-sucre-vendeurs-et-consommateurs-accusent-letat\/"]}]},{"@type":"ImageObject","inLanguage":"fr-FR","@id":"https:\/\/www.public.sn\/index.php\/2022\/11\/23\/manque-de-sucre-vendeurs-et-consommateurs-accusent-letat\/#primaryimage","url":"https:\/\/www.public.sn\/wp-content\/uploads\/2022\/11\/MINIA-1.jpg","contentUrl":"https:\/\/www.public.sn\/wp-content\/uploads\/2022\/11\/MINIA-1.jpg","width":1920,"height":1080,"caption":"Publicsn"},{"@type":"BreadcrumbList","@id":"https:\/\/www.public.sn\/index.php\/2022\/11\/23\/manque-de-sucre-vendeurs-et-consommateurs-accusent-letat\/#breadcrumb","itemListElement":[{"@type":"ListItem","position":1,"name":"Accueil","item":"https:\/\/www.public.sn\/"},{"@type":"ListItem","position":2,"name":"Manque de sucre: vendeurs et consommateurs accusent l&rsquo;Etat"}]},{"@type":"WebSite","@id":"https:\/\/www.public.sn\/#website","url":"https:\/\/www.public.sn\/","name":"LE PUBLIC","description":"","publisher":{"@id":"https:\/\/www.public.sn\/#organization"},"potentialAction":[{"@type":"SearchAction","target":{"@type":"EntryPoint","urlTemplate":"https:\/\/www.public.sn\/?s={search_term_string}"},"query-input":{"@type":"PropertyValueSpecification","valueRequired":true,"valueName":"search_term_string"}}],"inLanguage":"fr-FR"},{"@type":"Organization","@id":"https:\/\/www.public.sn\/#organization","name":"LE PUBLIC","url":"https:\/\/www.public.sn\/","logo":{"@type":"ImageObject","inLanguage":"fr-FR","@id":"https:\/\/www.public.sn\/#\/schema\/logo\/image\/","url":"https:\/\/www.public.sn\/wp-content\/uploads\/2024\/05\/cropped-LOGO-PUBLIC.SN_.png","contentUrl":"https:\/\/www.public.sn\/wp-content\/uploads\/2024\/05\/cropped-LOGO-PUBLIC.SN_.png","width":682,"height":192,"caption":"LE PUBLIC"},"image":{"@id":"https:\/\/www.public.sn\/#\/schema\/logo\/image\/"}},{"@type":"Person","@id":"https:\/\/www.public.sn\/#\/schema\/person\/cb76c8e1b8becc6be61fb5e92d6d0224","name":"LA REDACTION","image":{"@type":"ImageObject","inLanguage":"fr-FR","@id":"https:\/\/www.public.sn\/#\/schema\/person\/image\/","url":"https:\/\/secure.gravatar.com\/avatar\/2dce5ddd34b8fef0180efe03aa2a9bee7d953856048f9a16b298190a3178407c?s=96&d=mm&r=g","contentUrl":"https:\/\/secure.gravatar.com\/avatar\/2dce5ddd34b8fef0180efe03aa2a9bee7d953856048f9a16b298190a3178407c?s=96&d=mm&r=g","caption":"LA REDACTION"},"url":"https:\/\/www.public.sn\/index.php\/author\/editeurpsn\/"}]}},"jetpack_featured_media_url":"https:\/\/www.public.sn\/wp-content\/uploads\/2022\/11\/MINIA-1.jpg","jetpack_sharing_enabled":true,"_links":{"self":[{"href":"https:\/\/www.public.sn\/index.php\/wp-json\/wp\/v2\/posts\/9929","targetHints":{"allow":["GET"]}}],"collection":[{"href":"https:\/\/www.public.sn\/index.php\/wp-json\/wp\/v2\/posts"}],"about":[{"href":"https:\/\/www.public.sn\/index.php\/wp-json\/wp\/v2\/types\/post"}],"author":[{"embeddable":true,"href":"https:\/\/www.public.sn\/index.php\/wp-json\/wp\/v2\/users\/7"}],"replies":[{"embeddable":true,"href":"https:\/\/www.public.sn\/index.php\/wp-json\/wp\/v2\/comments?post=9929"}],"version-history":[{"count":1,"href":"https:\/\/www.public.sn\/index.php\/wp-json\/wp\/v2\/posts\/9929\/revisions"}],"predecessor-version":[{"id":9934,"href":"https:\/\/www.public.sn\/index.php\/wp-json\/wp\/v2\/posts\/9929\/revisions\/9934"}],"wp:featuredmedia":[{"embeddable":true,"href":"https:\/\/www.public.sn\/index.php\/wp-json\/wp\/v2\/media\/9933"}],"wp:attachment":[{"href":"https:\/\/www.public.sn\/index.php\/wp-json\/wp\/v2\/media?parent=9929"}],"wp:term":[{"taxonomy":"category","embeddable":true,"href":"https:\/\/www.public.sn\/index.php\/wp-json\/wp\/v2\/categories?post=9929"},{"taxonomy":"post_tag","embeddable":true,"href":"https:\/\/www.public.sn\/index.php\/wp-json\/wp\/v2\/tags?post=9929"}],"curies":[{"name":"wp","href":"https:\/\/api.w.org\/{rel}","templated":true}]}}