{"id":9996,"date":"2022-11-24T16:57:05","date_gmt":"2022-11-24T16:57:05","guid":{"rendered":"https:\/\/www.public.sn\/?p=9996"},"modified":"2022-11-24T16:57:07","modified_gmt":"2022-11-24T16:57:07","slug":"communique-du-conseil-des-ministres","status":"publish","type":"post","link":"https:\/\/www.public.sn\/index.php\/2022\/11\/24\/communique-du-conseil-des-ministres\/","title":{"rendered":"Communiqu\u00e9 du conseil des ministres."},"content":{"rendered":"\n<p>A l\u2019entame de sa\u00a0communication, le Pr\u00e9sident de la R\u00e9publique a adress\u00e9, au nom de la Nation, ses encouragements aux Lions du Football, qui viennent\u00a0d\u2019entamer les phases finales de la Coupe du Monde de Football, qui se\u00a0d\u00e9roulent actuellement au Qatar.<\/p><div class=\"publi-paragraphe1\" style=\"margin-top: 10px;margin-bottom: 10px;margin-left: auto;margin-right: auto;text-align: center;\" id=\"publi-3880582077\"><div class=\"publi-adlabel\">Publicit\u00e9<\/div><script async src=\"\/\/pagead2.googlesyndication.com\/pagead\/js\/adsbygoogle.js?client=ca-pub-4089586018074219\" crossorigin=\"anonymous\"><\/script><ins class=\"adsbygoogle\" style=\"display:block;\" data-ad-client=\"ca-pub-4089586018074219\" \ndata-ad-slot=\"2087940154\" \ndata-ad-format=\"auto\"><\/ins>\n<script> \n(adsbygoogle = window.adsbygoogle || []).push({}); \n<\/script>\n<\/div>\n\n\n\n<p><br>Abordant les performances du syst\u00e8me d\u2019enseignement\u00a0sup\u00e9rieur et de recherche, le Chef de l\u2019Etat a magnifi\u00e9 les brillants r\u00e9sultats des candidats du S\u00e9n\u00e9gal aux r\u00e9cents concours d\u2019agr\u00e9gation du Conseil Africain et Malgache de l\u2019Enseignement Sup\u00e9rieur (CAMES). Ce qui confirme la qualit\u00e9 des enseignants et du personnel acad\u00e9mique et de recherche de nos universit\u00e9s.<\/p>\n\n\n\n<p><br>Le Pr\u00e9sident de la R\u00e9publique a ainsi f\u00e9licit\u00e9 le Ministre charg\u00e9 de&nbsp;l\u2019Enseignement Sup\u00e9rieur, les&nbsp;nouveaux agr\u00e9g\u00e9s, ainsi que toute la communaut\u00e9 universitaire.<\/p>\n\n\n\n<p><br>Le&nbsp;Chef de l\u2019Etat a demand\u00e9, dans le m\u00eame \u00e9lan, au Ministre de l\u2019Enseignement Sup\u00e9rieur, de la Recherche et de l\u2019Innovation de prendre toutes les dispositions n\u00e9cessaires pour assurer l\u2019ouverture, dans les meilleures conditions, de la&nbsp;nouvelle universit\u00e9 publique Ahmadou Makhtar Mbow de Diamniadio, dont il&nbsp;proc\u00e9dera \u00e0 l\u2019inauguration du Campus le 1er&nbsp;d\u00e9cembre 2022 \u00e0&nbsp;l\u2019occasion d\u2019une c\u00e9r\u00e9monie durant laquelle sera remis le Prix du CAMES pour la recherche.<\/p>\n\n\n\n<p><br>Revenant sur la restructuration et la relance des activit\u00e9s de la Soci\u00e9t\u00e9 nationale La Poste, le Pr\u00e9sident de la R\u00e9publique a rappel\u00e9&nbsp;l\u2019importance strat\u00e9gique et le&nbsp;r\u00f4le fondamental de ce service public dans la vie \u00e9conomique et social du S\u00e9n\u00e9gal.<\/p>\n\n\n\n<p><br>A cet effet, le Chef de l\u2019Etat a demand\u00e9\u00a0au Premier Ministre et aux ministres en charge des Finances et des Postes et T\u00e9l\u00e9communications, de prendre toutes les mesures idoines, en relation avec toutes les parties prenantes, afin\u00a0d\u2019acc\u00e9l\u00e9rer le processus de restructuration de la Soci\u00e9t\u00e9 nationale\u00a0La Poste et la relance durable des activit\u00e9s techniques, \u00e9conomiques et financi\u00e8res de\u00a0l\u2019entit\u00e9.<\/p>\n\n\n\n<p><\/p>\n\n\n\n<p><br>Le Pr\u00e9sident de la R\u00e9publique a, enfin, invit\u00e9 le Premier Ministre \u00e0 finaliser le Plan de Transformation de la Soci\u00e9t\u00e9 nationale La Poste avant fin d\u00e9cembre 2022.<br>Sur le climat social et le suivi des affaires int\u00e9rieures, le Pr\u00e9sident de la R\u00e9publique a insist\u00e9 sur les dossiers suivants :<\/p>\n\n\n\n<p><\/p>\n\n\n\n<ul class=\"wp-block-list\">\n<li>la qualit\u00e9 des constructions et de la pr\u00e9vention des effondrements de b\u00e2timents:en\u00a0demandant au Ministre de l\u2019Urbanisme, du Logement et de l\u2019Hygi\u00e8ne publique d\u2019engager, en relation avec le Ministre de l\u2019Int\u00e9rieur et le Ministre, aupr\u00e8s du Ministre de l\u2019Int\u00e9rieur charg\u00e9 de la S\u00e9curit\u00e9 de Proximit\u00e9 et de la Protection civile, l\u2019ex\u00e9cution d\u2019un Plan\u00a0national de mise aux normes des b\u00e2timents et \u00e9difices, conform\u00e9ment aux Codes de l\u2019Urbanisme et de la Construction, et au dispositif de protection civile.<\/li>\n\n\n\n<li><br>Le Chef de l\u2019Etat a \u00e9galement demand\u00e9 au Ministre de l\u2019Int\u00e9rieur et au&nbsp;Ministre charg\u00e9 des Collectivit\u00e9s territoriales, de veiller, en rapport avec les Autorit\u00e9s administratives d\u00e9concentr\u00e9es et les maires, au recensement consensuel et \u00e0 la d\u00e9molition concert\u00e9e des b\u00e2timents mena\u00e7ant ruine.<\/li>\n\n\n\n<li>&nbsp;<\/li>\n\n\n\n<li>le lancement et le suivi de la campagne de commercialisation agricole\u00a0:\u00a0en invitant le Premier Ministre et le Ministre de l\u2019Agriculture, de l\u2019Equipement rural et de la Souverainet\u00e9 alimentaire \u00e0 engager des\u00a0concertations avec tous les acteurs impliqu\u00e9s\u00a0<em>(CNIA, associations de producteurs, Huiliers, Banques, exportateurs\u2026),\u00a0<\/em>en vue d\u2019assurer, sur la\u00a0base du prix plancher du kilogramme d\u2019arachide fix\u00e9, le bon d\u00e9roulement et le suivi ad\u00e9quat de la campagne de commercialisation arachidi\u00e8re, officiellement lanc\u00e9e le 21 novembre 2022.<\/li>\n\n\n\n<li><\/li>\n\n\n\n<li><br>Le Pr\u00e9sident de la R\u00e9publique a notamment indiqu\u00e9 au Gouvernement la n\u00e9cessit\u00e9 de maitriser les march\u00e9s et les circuits de commercialisation de&nbsp;l\u2019arachide&nbsp;; de faire une revue globale des cr\u00e9dits de campagne allou\u00e9s aux producteurs et de b\u00e2tir des consensus durables entre les huiliers, les producteurs et les op\u00e9rateurs.<\/li>\n\n\n\n<li>&nbsp;<\/li>\n\n\n\n<li>la consolidation des efforts consentis en mati\u00e8re de couverture sanitaire universelle :en demandant au Gouvernement de veiller \u00e0 la&nbsp;mise en \u0153uvre optimale de la phase II du Programme d\u2019appui \u00e0 la couverture sanitaire universelle qui vient de b\u00e9n\u00e9ficier d\u2019un&nbsp;important concours financier du Japon.<\/li>\n\n\n\n<li><br>En outre,&nbsp;le Chef de l\u2019Etat a rappel\u00e9&nbsp;la n\u00e9cessit\u00e9 de finaliser l\u2019\u00e9valuation des missions, de l\u2019organisation, du fonctionnement, des activit\u00e9s et des syst\u00e8mes de financement et de paiement de l\u2019Agence de la Couverture&nbsp;Maladie universelle (ACMU) depuis sa cr\u00e9ation.<\/li>\n\n\n\n<li>&nbsp;<\/li>\n\n\n\n<li>l\u2019accompagnement de l\u2019Etat aux&nbsp;personnes vivant avec un handicap&nbsp;<strong>:&nbsp;<\/strong>en demandant&nbsp;au Gouvernement d\u2019accorder une attention&nbsp;sp\u00e9ciale \u00e0 la situation des personnes vivant avec un handicap dans le&nbsp;cadre des politiques d\u2019inclusion sociale et de solidarit\u00e9 nationale.<br>Le Pr\u00e9sident de la R\u00e9publique a rappel\u00e9&nbsp;la n\u00e9cessit\u00e9 d\u2019une \u00e9valuation de l\u2019application de loi d\u2019orientation sociale&nbsp;et de&nbsp;la mise en \u0153uvre du dispositif de la carte d\u2019\u00e9galit\u00e9 des chances aux ayants droit recens\u00e9s.<\/li>\n\n\n\n<li>&nbsp;<\/li>\n<\/ul>\n\n\n\n<p>Le&nbsp;Chef de l\u2019Etat&nbsp;a, enfin, invit\u00e9 le Premier Ministre \u00e0 veiller \u00e0&nbsp;l\u2019organisation de la Journ\u00e9e internationale des personnes handicap\u00e9es, le 03 d\u00e9cembre, sur l\u2019\u00e9tendue du territoire national.<\/p>\n\n\n\n<p><br>Au chapitre coop\u00e9ration et partenariats, le Chef de l\u2019Etat a demand\u00e9 aux ministres en charge de l\u2019Energie et de l\u2019Eau de faire le point au prochain Conseil\u00a0des ministres sur les projets d\u2019hydro-\u00e9lectricit\u00e9 et de dessalement d\u2019eau\u00a0de mer\u00a0et d\u2019en assurer une ex\u00e9cution diligente.<br>Sur son agenda diplomatique, le Pr\u00e9sident de la R\u00e9publique a inform\u00e9 le Conseil de sa participation les 14 et 15 novembre 2022, \u00e0 Bali en Indon\u00e9sie, au Sommet du G 20 lors duquel, il a r\u00e9it\u00e9r\u00e9 son plaidoyer pour une place de\u00a0l\u2019Afrique dans cette instance internationale majeure.<\/p>\n\n\n\n<p><\/p>\n\n\n\n<p><br>Le Chef de l\u2019Etat a aussi inform\u00e9\u00a0le Conseil de sa participation le 19 novembre 2022, \u00e0 Djerba en Tunisie, au 18\u00e8me\u00a0Sommet de la Francophonie.<\/p>\n\n\n\n<p><\/p>\n\n\n\n<p><br>Dans sa communication, le Premier Ministre a rendu compte :<\/p>\n\n\n\n<ul class=\"wp-block-list\">\n<li>de la r\u00e9union interminist\u00e9rielle sur les infrastructures ;<\/li>\n\n\n\n<li>de la r\u00e9union de suivi des mesures de lutte contre la vie ch\u00e8re ;<\/li>\n\n\n\n<li>de la s\u00e9ance de travail avec la d\u00e9l\u00e9gation du WAPP (Syst\u00e8me d\u2019\u00e9changes<br>d\u2019\u00e9nergies \u00e9lectriques ouest africain).<\/li>\n\n\n\n<li><br><strong>AU TITRE DES COMMUNICATIONS DES MINISTRES<\/strong><\/li>\n\n\n\n<li>Le Ministre de l\u2019Economie, du Plan et de la Coop\u00e9ration a fait une communication sur le Sommet du G20 \u00e0 Bali, en Indon\u00e9sie ;<\/li>\n\n\n\n<li>Le Ministre de la Formation professionnelle, de l\u2019Apprentissage et de l\u2019Insertion a fait une communication sur la situation du fonds de&nbsp;financement de la formation professionnelle et technique (3FPT)&nbsp;et l\u2019\u00e9tat d\u2019avancement du projet de construction des 38 centres de formation professionnelle.<\/li>\n<\/ul>\n<div class=\"publi-apres-le-contenu\" style=\"margin-top: 10px;margin-bottom: 10px;margin-left: auto;margin-right: auto;text-align: center;\" id=\"publi-1639958646\"><div class=\"publi-adlabel\">Publicit\u00e9<\/div><script async src=\"\/\/pagead2.googlesyndication.com\/pagead\/js\/adsbygoogle.js?client=ca-pub-4089586018074219\" crossorigin=\"anonymous\"><\/script><ins class=\"adsbygoogle\" style=\"display:block;\" data-ad-client=\"ca-pub-4089586018074219\" \ndata-ad-slot=\"2087940154\" \ndata-ad-format=\"auto\"><\/ins>\n<script> \n(adsbygoogle = window.adsbygoogle || []).push({}); \n<\/script>\n<\/div>","protected":false},"excerpt":{"rendered":"<p>A l\u2019entame de sa\u00a0communication, le Pr\u00e9sident de la R\u00e9publique a adress\u00e9, au nom de la Nation, ses encouragements aux Lions du Football, qui viennent\u00a0d\u2019entamer les phases finales de la Coupe du Monde de Football, qui se\u00a0d\u00e9roulent actuellement au Qatar. Abordant les performances du syst\u00e8me d\u2019enseignement\u00a0sup\u00e9rieur et de recherche, le Chef de l\u2019Etat a magnifi\u00e9 les brillants r\u00e9sultats des candidats du S\u00e9n\u00e9gal aux r\u00e9cents concours d\u2019agr\u00e9gation du Conseil Africain et Malgache de l\u2019Enseignement Sup\u00e9rieur (CAMES). Ce qui confirme la qualit\u00e9 des enseignants et du personnel acad\u00e9mique et de recherche de nos universit\u00e9s. Le Pr\u00e9sident de la R\u00e9publique a ainsi f\u00e9licit\u00e9 le Ministre charg\u00e9 de&nbsp;l\u2019Enseignement Sup\u00e9rieur, les&nbsp;nouveaux agr\u00e9g\u00e9s, ainsi que toute la communaut\u00e9 universitaire. Le&nbsp;Chef de l\u2019Etat a demand\u00e9, dans le m\u00eame \u00e9lan, au Ministre de l\u2019Enseignement Sup\u00e9rieur, de la Recherche et de l\u2019Innovation de prendre toutes les dispositions n\u00e9cessaires pour assurer l\u2019ouverture, dans les meilleures conditions, de la&nbsp;nouvelle universit\u00e9 publique Ahmadou Makhtar Mbow de Diamniadio, dont il&nbsp;proc\u00e9dera \u00e0 l\u2019inauguration du Campus le 1er&nbsp;d\u00e9cembre 2022 \u00e0&nbsp;l\u2019occasion d\u2019une c\u00e9r\u00e9monie durant laquelle sera remis le Prix du CAMES pour la recherche. Revenant sur la restructuration et la relance des activit\u00e9s de la Soci\u00e9t\u00e9 nationale La Poste, le Pr\u00e9sident de la R\u00e9publique a rappel\u00e9&nbsp;l\u2019importance strat\u00e9gique et le&nbsp;r\u00f4le fondamental de ce service public dans la vie \u00e9conomique et social du S\u00e9n\u00e9gal. A cet effet, le Chef de l\u2019Etat a demand\u00e9\u00a0au Premier Ministre et aux ministres en charge des Finances et des Postes et T\u00e9l\u00e9communications, de prendre toutes les mesures idoines, en relation avec toutes les parties prenantes, afin\u00a0d\u2019acc\u00e9l\u00e9rer le processus de restructuration de la Soci\u00e9t\u00e9 nationale\u00a0La Poste et la relance durable des activit\u00e9s techniques, \u00e9conomiques et financi\u00e8res de\u00a0l\u2019entit\u00e9. Le Pr\u00e9sident de la R\u00e9publique a, enfin, invit\u00e9 le Premier Ministre \u00e0 finaliser le Plan de Transformation de la Soci\u00e9t\u00e9 nationale La Poste avant fin d\u00e9cembre 2022.Sur le climat social et le suivi des affaires int\u00e9rieures, le Pr\u00e9sident de la R\u00e9publique a insist\u00e9 sur les dossiers suivants : Le&nbsp;Chef de l\u2019Etat&nbsp;a, enfin, invit\u00e9 le Premier Ministre \u00e0 veiller \u00e0&nbsp;l\u2019organisation de la Journ\u00e9e internationale des personnes handicap\u00e9es, le 03 d\u00e9cembre, sur l\u2019\u00e9tendue du territoire national. Au chapitre coop\u00e9ration et partenariats, le Chef de l\u2019Etat a demand\u00e9 aux ministres en charge de l\u2019Energie et de l\u2019Eau de faire le point au prochain Conseil\u00a0des ministres sur les projets d\u2019hydro-\u00e9lectricit\u00e9 et de dessalement d\u2019eau\u00a0de mer\u00a0et d\u2019en assurer une ex\u00e9cution diligente.Sur son agenda diplomatique, le Pr\u00e9sident de la R\u00e9publique a inform\u00e9 le Conseil de sa participation les 14 et 15 novembre 2022, \u00e0 Bali en Indon\u00e9sie, au Sommet du G 20 lors duquel, il a r\u00e9it\u00e9r\u00e9 son plaidoyer pour une place de\u00a0l\u2019Afrique dans cette instance internationale majeure. Le Chef de l\u2019Etat a aussi inform\u00e9\u00a0le Conseil de sa participation le 19 novembre 2022, \u00e0 Djerba en Tunisie, au 18\u00e8me\u00a0Sommet de la Francophonie. Dans sa communication, le Premier Ministre a rendu compte :<\/p>\n","protected":false},"author":7,"featured_media":9997,"comment_status":"open","ping_status":"open","sticky":false,"template":"","format":"standard","meta":{"_jetpack_memberships_contains_paid_content":false,"footnotes":""},"categories":[375,1,4],"tags":[1335,457,1119],"class_list":["post-9996","post","type-post","status-publish","format-standard","has-post-thumbnail","hentry","category-actualites","category-non-classe","category-societe","tag-communique-2","tag-nomination","tag-president-2","entry","has-media","owp-thumbs-layout-horizontal","owp-btn-normal","owp-tabs-layout-horizontal","has-no-thumbnails","has-product-nav"],"yoast_head":"<!-- This site is optimized with the Yoast SEO plugin v25.5 - https:\/\/yoast.com\/wordpress\/plugins\/seo\/ -->\n<title>Communiqu\u00e9 du conseil des ministres. - LE PUBLIC<\/title>\n<meta name=\"robots\" content=\"index, follow, max-snippet:-1, max-image-preview:large, max-video-preview:-1\" \/>\n<link rel=\"canonical\" href=\"https:\/\/www.public.sn\/index.php\/2022\/11\/24\/communique-du-conseil-des-ministres\/\" \/>\n<meta property=\"og:locale\" content=\"fr_FR\" \/>\n<meta property=\"og:type\" content=\"article\" \/>\n<meta property=\"og:title\" content=\"Communiqu\u00e9 du conseil des ministres. - LE PUBLIC\" \/>\n<meta property=\"og:description\" content=\"A l\u2019entame de sa\u00a0communication, le Pr\u00e9sident de la R\u00e9publique a adress\u00e9, au nom de la Nation, ses encouragements aux Lions du Football, qui viennent\u00a0d\u2019entamer les phases finales de la Coupe du Monde de Football, qui se\u00a0d\u00e9roulent actuellement au Qatar. Abordant les performances du syst\u00e8me d\u2019enseignement\u00a0sup\u00e9rieur et de recherche, le Chef de l\u2019Etat a magnifi\u00e9 les brillants r\u00e9sultats des candidats du S\u00e9n\u00e9gal aux r\u00e9cents concours d\u2019agr\u00e9gation du Conseil Africain et Malgache de l\u2019Enseignement Sup\u00e9rieur (CAMES). Ce qui confirme la qualit\u00e9 des enseignants et du personnel acad\u00e9mique et de recherche de nos universit\u00e9s. Le Pr\u00e9sident de la R\u00e9publique a ainsi f\u00e9licit\u00e9 le Ministre charg\u00e9 de&nbsp;l\u2019Enseignement Sup\u00e9rieur, les&nbsp;nouveaux agr\u00e9g\u00e9s, ainsi que toute la communaut\u00e9 universitaire. Le&nbsp;Chef de l\u2019Etat a demand\u00e9, dans le m\u00eame \u00e9lan, au Ministre de l\u2019Enseignement Sup\u00e9rieur, de la Recherche et de l\u2019Innovation de prendre toutes les dispositions n\u00e9cessaires pour assurer l\u2019ouverture, dans les meilleures conditions, de la&nbsp;nouvelle universit\u00e9 publique Ahmadou Makhtar Mbow de Diamniadio, dont il&nbsp;proc\u00e9dera \u00e0 l\u2019inauguration du Campus le 1er&nbsp;d\u00e9cembre 2022 \u00e0&nbsp;l\u2019occasion d\u2019une c\u00e9r\u00e9monie durant laquelle sera remis le Prix du CAMES pour la recherche. Revenant sur la restructuration et la relance des activit\u00e9s de la Soci\u00e9t\u00e9 nationale La Poste, le Pr\u00e9sident de la R\u00e9publique a rappel\u00e9&nbsp;l\u2019importance strat\u00e9gique et le&nbsp;r\u00f4le fondamental de ce service public dans la vie \u00e9conomique et social du S\u00e9n\u00e9gal. A cet effet, le Chef de l\u2019Etat a demand\u00e9\u00a0au Premier Ministre et aux ministres en charge des Finances et des Postes et T\u00e9l\u00e9communications, de prendre toutes les mesures idoines, en relation avec toutes les parties prenantes, afin\u00a0d\u2019acc\u00e9l\u00e9rer le processus de restructuration de la Soci\u00e9t\u00e9 nationale\u00a0La Poste et la relance durable des activit\u00e9s techniques, \u00e9conomiques et financi\u00e8res de\u00a0l\u2019entit\u00e9. Le Pr\u00e9sident de la R\u00e9publique a, enfin, invit\u00e9 le Premier Ministre \u00e0 finaliser le Plan de Transformation de la Soci\u00e9t\u00e9 nationale La Poste avant fin d\u00e9cembre 2022.Sur le climat social et le suivi des affaires int\u00e9rieures, le Pr\u00e9sident de la R\u00e9publique a insist\u00e9 sur les dossiers suivants : Le&nbsp;Chef de l\u2019Etat&nbsp;a, enfin, invit\u00e9 le Premier Ministre \u00e0 veiller \u00e0&nbsp;l\u2019organisation de la Journ\u00e9e internationale des personnes handicap\u00e9es, le 03 d\u00e9cembre, sur l\u2019\u00e9tendue du territoire national. Au chapitre coop\u00e9ration et partenariats, le Chef de l\u2019Etat a demand\u00e9 aux ministres en charge de l\u2019Energie et de l\u2019Eau de faire le point au prochain Conseil\u00a0des ministres sur les projets d\u2019hydro-\u00e9lectricit\u00e9 et de dessalement d\u2019eau\u00a0de mer\u00a0et d\u2019en assurer une ex\u00e9cution diligente.Sur son agenda diplomatique, le Pr\u00e9sident de la R\u00e9publique a inform\u00e9 le Conseil de sa participation les 14 et 15 novembre 2022, \u00e0 Bali en Indon\u00e9sie, au Sommet du G 20 lors duquel, il a r\u00e9it\u00e9r\u00e9 son plaidoyer pour une place de\u00a0l\u2019Afrique dans cette instance internationale majeure. Le Chef de l\u2019Etat a aussi inform\u00e9\u00a0le Conseil de sa participation le 19 novembre 2022, \u00e0 Djerba en Tunisie, au 18\u00e8me\u00a0Sommet de la Francophonie. Dans sa communication, le Premier Ministre a rendu compte :\" \/>\n<meta property=\"og:url\" content=\"https:\/\/www.public.sn\/index.php\/2022\/11\/24\/communique-du-conseil-des-ministres\/\" \/>\n<meta property=\"og:site_name\" content=\"LE PUBLIC\" \/>\n<meta property=\"article:published_time\" content=\"2022-11-24T16:57:05+00:00\" \/>\n<meta property=\"article:modified_time\" content=\"2022-11-24T16:57:07+00:00\" \/>\n<meta property=\"og:image\" content=\"https:\/\/www.public.sn\/wp-content\/uploads\/2022\/11\/gouvernement-du-senegal.webp\" \/>\n\t<meta property=\"og:image:width\" content=\"696\" \/>\n\t<meta property=\"og:image:height\" content=\"447\" \/>\n\t<meta property=\"og:image:type\" content=\"image\/webp\" \/>\n<meta name=\"author\" content=\"LA REDACTION\" \/>\n<meta name=\"twitter:card\" content=\"summary_large_image\" \/>\n<meta name=\"twitter:label1\" content=\"\u00c9crit par\" \/>\n\t<meta name=\"twitter:data1\" content=\"LA REDACTION\" \/>\n\t<meta name=\"twitter:label2\" content=\"Dur\u00e9e de lecture estim\u00e9e\" \/>\n\t<meta name=\"twitter:data2\" content=\"6 minutes\" \/>\n<script type=\"application\/ld+json\" class=\"yoast-schema-graph\">{\"@context\":\"https:\/\/schema.org\",\"@graph\":[{\"@type\":\"Article\",\"@id\":\"https:\/\/www.public.sn\/index.php\/2022\/11\/24\/communique-du-conseil-des-ministres\/#article\",\"isPartOf\":{\"@id\":\"https:\/\/www.public.sn\/index.php\/2022\/11\/24\/communique-du-conseil-des-ministres\/\"},\"author\":{\"name\":\"LA REDACTION\",\"@id\":\"https:\/\/www.public.sn\/#\/schema\/person\/cb76c8e1b8becc6be61fb5e92d6d0224\"},\"headline\":\"Communiqu\u00e9 du conseil des ministres.\",\"datePublished\":\"2022-11-24T16:57:05+00:00\",\"dateModified\":\"2022-11-24T16:57:07+00:00\",\"mainEntityOfPage\":{\"@id\":\"https:\/\/www.public.sn\/index.php\/2022\/11\/24\/communique-du-conseil-des-ministres\/\"},\"wordCount\":1196,\"commentCount\":0,\"publisher\":{\"@id\":\"https:\/\/www.public.sn\/#organization\"},\"image\":{\"@id\":\"https:\/\/www.public.sn\/index.php\/2022\/11\/24\/communique-du-conseil-des-ministres\/#primaryimage\"},\"thumbnailUrl\":\"https:\/\/www.public.sn\/wp-content\/uploads\/2022\/11\/gouvernement-du-senegal.webp\",\"keywords\":[\"communique\",\"Nomination\",\"President\"],\"articleSection\":[\"ACTUALIT\u00c9S\",\"S\u00c9N\u00c9GAL\",\"SOCIETE\"],\"inLanguage\":\"fr-FR\",\"potentialAction\":[{\"@type\":\"CommentAction\",\"name\":\"Comment\",\"target\":[\"https:\/\/www.public.sn\/index.php\/2022\/11\/24\/communique-du-conseil-des-ministres\/#respond\"]}]},{\"@type\":\"WebPage\",\"@id\":\"https:\/\/www.public.sn\/index.php\/2022\/11\/24\/communique-du-conseil-des-ministres\/\",\"url\":\"https:\/\/www.public.sn\/index.php\/2022\/11\/24\/communique-du-conseil-des-ministres\/\",\"name\":\"Communiqu\u00e9 du conseil des ministres. - LE PUBLIC\",\"isPartOf\":{\"@id\":\"https:\/\/www.public.sn\/#website\"},\"primaryImageOfPage\":{\"@id\":\"https:\/\/www.public.sn\/index.php\/2022\/11\/24\/communique-du-conseil-des-ministres\/#primaryimage\"},\"image\":{\"@id\":\"https:\/\/www.public.sn\/index.php\/2022\/11\/24\/communique-du-conseil-des-ministres\/#primaryimage\"},\"thumbnailUrl\":\"https:\/\/www.public.sn\/wp-content\/uploads\/2022\/11\/gouvernement-du-senegal.webp\",\"datePublished\":\"2022-11-24T16:57:05+00:00\",\"dateModified\":\"2022-11-24T16:57:07+00:00\",\"breadcrumb\":{\"@id\":\"https:\/\/www.public.sn\/index.php\/2022\/11\/24\/communique-du-conseil-des-ministres\/#breadcrumb\"},\"inLanguage\":\"fr-FR\",\"potentialAction\":[{\"@type\":\"ReadAction\",\"target\":[\"https:\/\/www.public.sn\/index.php\/2022\/11\/24\/communique-du-conseil-des-ministres\/\"]}]},{\"@type\":\"ImageObject\",\"inLanguage\":\"fr-FR\",\"@id\":\"https:\/\/www.public.sn\/index.php\/2022\/11\/24\/communique-du-conseil-des-ministres\/#primaryimage\",\"url\":\"https:\/\/www.public.sn\/wp-content\/uploads\/2022\/11\/gouvernement-du-senegal.webp\",\"contentUrl\":\"https:\/\/www.public.sn\/wp-content\/uploads\/2022\/11\/gouvernement-du-senegal.webp\",\"width\":696,\"height\":447,\"caption\":\"publicsn\"},{\"@type\":\"BreadcrumbList\",\"@id\":\"https:\/\/www.public.sn\/index.php\/2022\/11\/24\/communique-du-conseil-des-ministres\/#breadcrumb\",\"itemListElement\":[{\"@type\":\"ListItem\",\"position\":1,\"name\":\"Accueil\",\"item\":\"https:\/\/www.public.sn\/\"},{\"@type\":\"ListItem\",\"position\":2,\"name\":\"Communiqu\u00e9 du conseil des ministres.\"}]},{\"@type\":\"WebSite\",\"@id\":\"https:\/\/www.public.sn\/#website\",\"url\":\"https:\/\/www.public.sn\/\",\"name\":\"LE PUBLIC\",\"description\":\"\",\"publisher\":{\"@id\":\"https:\/\/www.public.sn\/#organization\"},\"potentialAction\":[{\"@type\":\"SearchAction\",\"target\":{\"@type\":\"EntryPoint\",\"urlTemplate\":\"https:\/\/www.public.sn\/?s={search_term_string}\"},\"query-input\":{\"@type\":\"PropertyValueSpecification\",\"valueRequired\":true,\"valueName\":\"search_term_string\"}}],\"inLanguage\":\"fr-FR\"},{\"@type\":\"Organization\",\"@id\":\"https:\/\/www.public.sn\/#organization\",\"name\":\"LE PUBLIC\",\"url\":\"https:\/\/www.public.sn\/\",\"logo\":{\"@type\":\"ImageObject\",\"inLanguage\":\"fr-FR\",\"@id\":\"https:\/\/www.public.sn\/#\/schema\/logo\/image\/\",\"url\":\"https:\/\/www.public.sn\/wp-content\/uploads\/2024\/05\/cropped-LOGO-PUBLIC.SN_.png\",\"contentUrl\":\"https:\/\/www.public.sn\/wp-content\/uploads\/2024\/05\/cropped-LOGO-PUBLIC.SN_.png\",\"width\":682,\"height\":192,\"caption\":\"LE PUBLIC\"},\"image\":{\"@id\":\"https:\/\/www.public.sn\/#\/schema\/logo\/image\/\"}},{\"@type\":\"Person\",\"@id\":\"https:\/\/www.public.sn\/#\/schema\/person\/cb76c8e1b8becc6be61fb5e92d6d0224\",\"name\":\"LA REDACTION\",\"image\":{\"@type\":\"ImageObject\",\"inLanguage\":\"fr-FR\",\"@id\":\"https:\/\/www.public.sn\/#\/schema\/person\/image\/\",\"url\":\"https:\/\/secure.gravatar.com\/avatar\/2dce5ddd34b8fef0180efe03aa2a9bee7d953856048f9a16b298190a3178407c?s=96&d=mm&r=g\",\"contentUrl\":\"https:\/\/secure.gravatar.com\/avatar\/2dce5ddd34b8fef0180efe03aa2a9bee7d953856048f9a16b298190a3178407c?s=96&d=mm&r=g\",\"caption\":\"LA REDACTION\"},\"url\":\"https:\/\/www.public.sn\/index.php\/author\/editeurpsn\/\"}]}<\/script>\n<!-- \/ Yoast SEO plugin. -->","yoast_head_json":{"title":"Communiqu\u00e9 du conseil des ministres. - LE PUBLIC","robots":{"index":"index","follow":"follow","max-snippet":"max-snippet:-1","max-image-preview":"max-image-preview:large","max-video-preview":"max-video-preview:-1"},"canonical":"https:\/\/www.public.sn\/index.php\/2022\/11\/24\/communique-du-conseil-des-ministres\/","og_locale":"fr_FR","og_type":"article","og_title":"Communiqu\u00e9 du conseil des ministres. - LE PUBLIC","og_description":"A l\u2019entame de sa\u00a0communication, le Pr\u00e9sident de la R\u00e9publique a adress\u00e9, au nom de la Nation, ses encouragements aux Lions du Football, qui viennent\u00a0d\u2019entamer les phases finales de la Coupe du Monde de Football, qui se\u00a0d\u00e9roulent actuellement au Qatar. Abordant les performances du syst\u00e8me d\u2019enseignement\u00a0sup\u00e9rieur et de recherche, le Chef de l\u2019Etat a magnifi\u00e9 les brillants r\u00e9sultats des candidats du S\u00e9n\u00e9gal aux r\u00e9cents concours d\u2019agr\u00e9gation du Conseil Africain et Malgache de l\u2019Enseignement Sup\u00e9rieur (CAMES). Ce qui confirme la qualit\u00e9 des enseignants et du personnel acad\u00e9mique et de recherche de nos universit\u00e9s. Le Pr\u00e9sident de la R\u00e9publique a ainsi f\u00e9licit\u00e9 le Ministre charg\u00e9 de&nbsp;l\u2019Enseignement Sup\u00e9rieur, les&nbsp;nouveaux agr\u00e9g\u00e9s, ainsi que toute la communaut\u00e9 universitaire. Le&nbsp;Chef de l\u2019Etat a demand\u00e9, dans le m\u00eame \u00e9lan, au Ministre de l\u2019Enseignement Sup\u00e9rieur, de la Recherche et de l\u2019Innovation de prendre toutes les dispositions n\u00e9cessaires pour assurer l\u2019ouverture, dans les meilleures conditions, de la&nbsp;nouvelle universit\u00e9 publique Ahmadou Makhtar Mbow de Diamniadio, dont il&nbsp;proc\u00e9dera \u00e0 l\u2019inauguration du Campus le 1er&nbsp;d\u00e9cembre 2022 \u00e0&nbsp;l\u2019occasion d\u2019une c\u00e9r\u00e9monie durant laquelle sera remis le Prix du CAMES pour la recherche. Revenant sur la restructuration et la relance des activit\u00e9s de la Soci\u00e9t\u00e9 nationale La Poste, le Pr\u00e9sident de la R\u00e9publique a rappel\u00e9&nbsp;l\u2019importance strat\u00e9gique et le&nbsp;r\u00f4le fondamental de ce service public dans la vie \u00e9conomique et social du S\u00e9n\u00e9gal. A cet effet, le Chef de l\u2019Etat a demand\u00e9\u00a0au Premier Ministre et aux ministres en charge des Finances et des Postes et T\u00e9l\u00e9communications, de prendre toutes les mesures idoines, en relation avec toutes les parties prenantes, afin\u00a0d\u2019acc\u00e9l\u00e9rer le processus de restructuration de la Soci\u00e9t\u00e9 nationale\u00a0La Poste et la relance durable des activit\u00e9s techniques, \u00e9conomiques et financi\u00e8res de\u00a0l\u2019entit\u00e9. Le Pr\u00e9sident de la R\u00e9publique a, enfin, invit\u00e9 le Premier Ministre \u00e0 finaliser le Plan de Transformation de la Soci\u00e9t\u00e9 nationale La Poste avant fin d\u00e9cembre 2022.Sur le climat social et le suivi des affaires int\u00e9rieures, le Pr\u00e9sident de la R\u00e9publique a insist\u00e9 sur les dossiers suivants : Le&nbsp;Chef de l\u2019Etat&nbsp;a, enfin, invit\u00e9 le Premier Ministre \u00e0 veiller \u00e0&nbsp;l\u2019organisation de la Journ\u00e9e internationale des personnes handicap\u00e9es, le 03 d\u00e9cembre, sur l\u2019\u00e9tendue du territoire national. Au chapitre coop\u00e9ration et partenariats, le Chef de l\u2019Etat a demand\u00e9 aux ministres en charge de l\u2019Energie et de l\u2019Eau de faire le point au prochain Conseil\u00a0des ministres sur les projets d\u2019hydro-\u00e9lectricit\u00e9 et de dessalement d\u2019eau\u00a0de mer\u00a0et d\u2019en assurer une ex\u00e9cution diligente.Sur son agenda diplomatique, le Pr\u00e9sident de la R\u00e9publique a inform\u00e9 le Conseil de sa participation les 14 et 15 novembre 2022, \u00e0 Bali en Indon\u00e9sie, au Sommet du G 20 lors duquel, il a r\u00e9it\u00e9r\u00e9 son plaidoyer pour une place de\u00a0l\u2019Afrique dans cette instance internationale majeure. Le Chef de l\u2019Etat a aussi inform\u00e9\u00a0le Conseil de sa participation le 19 novembre 2022, \u00e0 Djerba en Tunisie, au 18\u00e8me\u00a0Sommet de la Francophonie. Dans sa communication, le Premier Ministre a rendu compte :","og_url":"https:\/\/www.public.sn\/index.php\/2022\/11\/24\/communique-du-conseil-des-ministres\/","og_site_name":"LE PUBLIC","article_published_time":"2022-11-24T16:57:05+00:00","article_modified_time":"2022-11-24T16:57:07+00:00","og_image":[{"width":696,"height":447,"url":"https:\/\/www.public.sn\/wp-content\/uploads\/2022\/11\/gouvernement-du-senegal.webp","type":"image\/webp"}],"author":"LA REDACTION","twitter_card":"summary_large_image","twitter_misc":{"\u00c9crit par":"LA REDACTION","Dur\u00e9e de lecture estim\u00e9e":"6 minutes"},"schema":{"@context":"https:\/\/schema.org","@graph":[{"@type":"Article","@id":"https:\/\/www.public.sn\/index.php\/2022\/11\/24\/communique-du-conseil-des-ministres\/#article","isPartOf":{"@id":"https:\/\/www.public.sn\/index.php\/2022\/11\/24\/communique-du-conseil-des-ministres\/"},"author":{"name":"LA REDACTION","@id":"https:\/\/www.public.sn\/#\/schema\/person\/cb76c8e1b8becc6be61fb5e92d6d0224"},"headline":"Communiqu\u00e9 du conseil des ministres.","datePublished":"2022-11-24T16:57:05+00:00","dateModified":"2022-11-24T16:57:07+00:00","mainEntityOfPage":{"@id":"https:\/\/www.public.sn\/index.php\/2022\/11\/24\/communique-du-conseil-des-ministres\/"},"wordCount":1196,"commentCount":0,"publisher":{"@id":"https:\/\/www.public.sn\/#organization"},"image":{"@id":"https:\/\/www.public.sn\/index.php\/2022\/11\/24\/communique-du-conseil-des-ministres\/#primaryimage"},"thumbnailUrl":"https:\/\/www.public.sn\/wp-content\/uploads\/2022\/11\/gouvernement-du-senegal.webp","keywords":["communique","Nomination","President"],"articleSection":["ACTUALIT\u00c9S","S\u00c9N\u00c9GAL","SOCIETE"],"inLanguage":"fr-FR","potentialAction":[{"@type":"CommentAction","name":"Comment","target":["https:\/\/www.public.sn\/index.php\/2022\/11\/24\/communique-du-conseil-des-ministres\/#respond"]}]},{"@type":"WebPage","@id":"https:\/\/www.public.sn\/index.php\/2022\/11\/24\/communique-du-conseil-des-ministres\/","url":"https:\/\/www.public.sn\/index.php\/2022\/11\/24\/communique-du-conseil-des-ministres\/","name":"Communiqu\u00e9 du conseil des ministres. - LE PUBLIC","isPartOf":{"@id":"https:\/\/www.public.sn\/#website"},"primaryImageOfPage":{"@id":"https:\/\/www.public.sn\/index.php\/2022\/11\/24\/communique-du-conseil-des-ministres\/#primaryimage"},"image":{"@id":"https:\/\/www.public.sn\/index.php\/2022\/11\/24\/communique-du-conseil-des-ministres\/#primaryimage"},"thumbnailUrl":"https:\/\/www.public.sn\/wp-content\/uploads\/2022\/11\/gouvernement-du-senegal.webp","datePublished":"2022-11-24T16:57:05+00:00","dateModified":"2022-11-24T16:57:07+00:00","breadcrumb":{"@id":"https:\/\/www.public.sn\/index.php\/2022\/11\/24\/communique-du-conseil-des-ministres\/#breadcrumb"},"inLanguage":"fr-FR","potentialAction":[{"@type":"ReadAction","target":["https:\/\/www.public.sn\/index.php\/2022\/11\/24\/communique-du-conseil-des-ministres\/"]}]},{"@type":"ImageObject","inLanguage":"fr-FR","@id":"https:\/\/www.public.sn\/index.php\/2022\/11\/24\/communique-du-conseil-des-ministres\/#primaryimage","url":"https:\/\/www.public.sn\/wp-content\/uploads\/2022\/11\/gouvernement-du-senegal.webp","contentUrl":"https:\/\/www.public.sn\/wp-content\/uploads\/2022\/11\/gouvernement-du-senegal.webp","width":696,"height":447,"caption":"publicsn"},{"@type":"BreadcrumbList","@id":"https:\/\/www.public.sn\/index.php\/2022\/11\/24\/communique-du-conseil-des-ministres\/#breadcrumb","itemListElement":[{"@type":"ListItem","position":1,"name":"Accueil","item":"https:\/\/www.public.sn\/"},{"@type":"ListItem","position":2,"name":"Communiqu\u00e9 du conseil des ministres."}]},{"@type":"WebSite","@id":"https:\/\/www.public.sn\/#website","url":"https:\/\/www.public.sn\/","name":"LE PUBLIC","description":"","publisher":{"@id":"https:\/\/www.public.sn\/#organization"},"potentialAction":[{"@type":"SearchAction","target":{"@type":"EntryPoint","urlTemplate":"https:\/\/www.public.sn\/?s={search_term_string}"},"query-input":{"@type":"PropertyValueSpecification","valueRequired":true,"valueName":"search_term_string"}}],"inLanguage":"fr-FR"},{"@type":"Organization","@id":"https:\/\/www.public.sn\/#organization","name":"LE PUBLIC","url":"https:\/\/www.public.sn\/","logo":{"@type":"ImageObject","inLanguage":"fr-FR","@id":"https:\/\/www.public.sn\/#\/schema\/logo\/image\/","url":"https:\/\/www.public.sn\/wp-content\/uploads\/2024\/05\/cropped-LOGO-PUBLIC.SN_.png","contentUrl":"https:\/\/www.public.sn\/wp-content\/uploads\/2024\/05\/cropped-LOGO-PUBLIC.SN_.png","width":682,"height":192,"caption":"LE PUBLIC"},"image":{"@id":"https:\/\/www.public.sn\/#\/schema\/logo\/image\/"}},{"@type":"Person","@id":"https:\/\/www.public.sn\/#\/schema\/person\/cb76c8e1b8becc6be61fb5e92d6d0224","name":"LA REDACTION","image":{"@type":"ImageObject","inLanguage":"fr-FR","@id":"https:\/\/www.public.sn\/#\/schema\/person\/image\/","url":"https:\/\/secure.gravatar.com\/avatar\/2dce5ddd34b8fef0180efe03aa2a9bee7d953856048f9a16b298190a3178407c?s=96&d=mm&r=g","contentUrl":"https:\/\/secure.gravatar.com\/avatar\/2dce5ddd34b8fef0180efe03aa2a9bee7d953856048f9a16b298190a3178407c?s=96&d=mm&r=g","caption":"LA REDACTION"},"url":"https:\/\/www.public.sn\/index.php\/author\/editeurpsn\/"}]}},"jetpack_featured_media_url":"https:\/\/www.public.sn\/wp-content\/uploads\/2022\/11\/gouvernement-du-senegal.webp","jetpack_sharing_enabled":true,"_links":{"self":[{"href":"https:\/\/www.public.sn\/index.php\/wp-json\/wp\/v2\/posts\/9996","targetHints":{"allow":["GET"]}}],"collection":[{"href":"https:\/\/www.public.sn\/index.php\/wp-json\/wp\/v2\/posts"}],"about":[{"href":"https:\/\/www.public.sn\/index.php\/wp-json\/wp\/v2\/types\/post"}],"author":[{"embeddable":true,"href":"https:\/\/www.public.sn\/index.php\/wp-json\/wp\/v2\/users\/7"}],"replies":[{"embeddable":true,"href":"https:\/\/www.public.sn\/index.php\/wp-json\/wp\/v2\/comments?post=9996"}],"version-history":[{"count":2,"href":"https:\/\/www.public.sn\/index.php\/wp-json\/wp\/v2\/posts\/9996\/revisions"}],"predecessor-version":[{"id":9999,"href":"https:\/\/www.public.sn\/index.php\/wp-json\/wp\/v2\/posts\/9996\/revisions\/9999"}],"wp:featuredmedia":[{"embeddable":true,"href":"https:\/\/www.public.sn\/index.php\/wp-json\/wp\/v2\/media\/9997"}],"wp:attachment":[{"href":"https:\/\/www.public.sn\/index.php\/wp-json\/wp\/v2\/media?parent=9996"}],"wp:term":[{"taxonomy":"category","embeddable":true,"href":"https:\/\/www.public.sn\/index.php\/wp-json\/wp\/v2\/categories?post=9996"},{"taxonomy":"post_tag","embeddable":true,"href":"https:\/\/www.public.sn\/index.php\/wp-json\/wp\/v2\/tags?post=9996"}],"curies":[{"name":"wp","href":"https:\/\/api.w.org\/{rel}","templated":true}]}}